{"id":10225,"date":"2022-04-10T02:14:37","date_gmt":"2022-04-10T00:14:37","guid":{"rendered":"https:\/\/www.asajacyl.com\/palencia\/?p=10225"},"modified":"2022-04-10T02:14:38","modified_gmt":"2022-04-10T00:14:38","slug":"asaja-palencia-organiza-una-charla-que-abre-la-posibilidad-a-cobrar-por-descontaminar","status":"publish","type":"post","link":"https:\/\/www.asajacyl.com\/palencia\/asaja-palencia-informa\/asaja-palencia-organiza-una-charla-que-abre-la-posibilidad-a-cobrar-por-descontaminar","title":{"rendered":"ASAJA-Palencia organiza una charla que abre la posibilidad a cobrar por descontaminar"},"content":{"rendered":"\n<p>Es por todos conocido que las plantas realizan una funci\u00f3n de limpieza sobre el aire de la atm\u00f3sfera, concretamente mediante la fotos\u00edntesis, tomando CO<sub>2<\/sub> del aire que se transforma en materia org\u00e1nica, proceso en el que se expulsa ox\u00edgeno a la atm\u00f3sfera que es fundamental para la vida que conocemos.<\/p>\n\n\n\n<p>Si siempre se ha hablado de que <em>quien contamina paga<\/em> no es menos cierto que el sector agrario, como gran descontaminador que es, deber\u00eda beneficiarse de esta descontaminaci\u00f3n que produce.<\/p>\n\n\n\n<p>Expertos de AGORO Carbon Alliance explicar\u00e1n la posibilidad de percibir nuevos ingresos mediante el secuestro del carbono en el suelo, abriendo por fin la posibilidad a cobrar por descontaminar.<\/p>\n\n\n\n<p>Para conocer de primera mano c\u00f3mo funciona este pionero sistema puedes acudir el martes d\u00eda 12 a las 12:00 horas a las Aulas de Formaci\u00f3n de ASAJA-Palencia. Para asistir, y debido a motivos organizativos, llama a nuestras oficinas para inscribirte (979 752 344).<\/p>\n\n\n\n<figure class=\"wp-block-image size-full\"><img loading=\"lazy\" decoding=\"async\" width=\"953\" height=\"716\" src=\"https:\/\/www.asajacyl.com\/palencia\/wp-content\/uploads\/sites\/3\/2022\/04\/CHARLA-AGORO.jpg\" alt=\"\" class=\"wp-image-10226\" srcset=\"https:\/\/www.asajacyl.com\/palencia\/wp-content\/uploads\/sites\/3\/2022\/04\/CHARLA-AGORO.jpg 953w, https:\/\/www.asajacyl.com\/palencia\/wp-content\/uploads\/sites\/3\/2022\/04\/CHARLA-AGORO-300x225.jpg 300w, https:\/\/www.asajacyl.com\/palencia\/wp-content\/uploads\/sites\/3\/2022\/04\/CHARLA-AGORO-768x577.jpg 768w, https:\/\/www.asajacyl.com\/palencia\/wp-content\/uploads\/sites\/3\/2022\/04\/CHARLA-AGORO-696x523.jpg 696w, https:\/\/www.asajacyl.com\/palencia\/wp-content\/uploads\/sites\/3\/2022\/04\/CHARLA-AGORO-559x420.jpg 559w, https:\/\/www.asajacyl.com\/palencia\/wp-content\/uploads\/sites\/3\/2022\/04\/CHARLA-AGORO-80x60.jpg 80w\" sizes=\"(max-width: 953px) 100vw, 953px\" \/><\/figure>\n","protected":false},"excerpt":{"rendered":"<p>Es por todos conocido que las plantas realizan una funci\u00f3n de limpieza sobre el aire de la atm\u00f3sfera, concretamente mediante la fotos\u00edntesis, tomando CO2 del aire que se transforma en materia org\u00e1nica, proceso en el que se expulsa ox\u00edgeno a la atm\u00f3sfera que es fundamental para la vida que conocemos. Si siempre se ha hablado [&hellip;]<\/p>\n","protected":false},"author":9,"featured_media":10226,"comment_status":"open","ping_status":"open","sticky":false,"template":"","format":"standard","meta":{"footnotes":""},"categories":[9,29,28],"tags":[],"yoast_head":"<!-- This site is optimized with the Yoast SEO plugin v24.5 - https:\/\/yoast.com\/wordpress\/plugins\/seo\/ -->\n<title>ASAJA-Palencia organiza una charla que abre la posibilidad a cobrar por descontaminar - ASAJA Palencia<\/title>\n<meta name=\"description\" content=\"Es por todos conocido que las plantas realizan una funci\u00f3n de limpieza sobre el aire de la atm\u00f3sfera, concretamente mediante la fotos\u00edntesis, tomando CO2\" \/>\n<meta name=\"robots\" content=\"index, follow, max-snippet:-1, max-image-preview:large, max-video-preview:-1\" \/>\n<link rel=\"canonical\" href=\"https:\/\/www.asajacyl.com\/palencia\/asaja-palencia-informa\/asaja-palencia-organiza-una-charla-que-abre-la-posibilidad-a-cobrar-por-descontaminar\" \/>\n<meta property=\"og:locale\" content=\"es_ES\" \/>\n<meta property=\"og:type\" content=\"article\" \/>\n<meta property=\"og:title\" content=\"ASAJA-Palencia organiza una charla que abre la posibilidad a cobrar por descontaminar - ASAJA Palencia\" \/>\n<meta property=\"og:description\" content=\"Es por todos conocido que las plantas realizan una funci\u00f3n de limpieza sobre el aire de la atm\u00f3sfera, concretamente mediante la fotos\u00edntesis, tomando CO2\" \/>\n<meta property=\"og:url\" content=\"https:\/\/www.asajacyl.com\/palencia\/asaja-palencia-informa\/asaja-palencia-organiza-una-charla-que-abre-la-posibilidad-a-cobrar-por-descontaminar\" \/>\n<meta property=\"og:site_name\" content=\"ASAJA Palencia\" \/>\n<meta property=\"article:published_time\" content=\"2022-04-10T00:14:37+00:00\" \/>\n<meta property=\"article:modified_time\" content=\"2022-04-10T00:14:38+00:00\" \/>\n<meta property=\"og:image\" content=\"https:\/\/www.asajacyl.com\/palencia\/wp-content\/uploads\/sites\/3\/2022\/04\/CHARLA-AGORO.jpg\" \/>\n\t<meta property=\"og:image:width\" content=\"953\" \/>\n\t<meta property=\"og:image:height\" content=\"716\" \/>\n\t<meta property=\"og:image:type\" content=\"image\/jpeg\" \/>\n<meta name=\"author\" content=\"Administrador\" \/>\n<meta name=\"twitter:card\" content=\"summary_large_image\" \/>\n<meta name=\"twitter:label1\" content=\"Escrito por\" \/>\n\t<meta name=\"twitter:data1\" content=\"Administrador\" \/>\n\t<meta name=\"twitter:label2\" content=\"Tiempo de lectura\" \/>\n\t<meta name=\"twitter:data2\" content=\"1 minuto\" \/>\n<script type=\"application\/ld+json\" class=\"yoast-schema-graph\">{\"@context\":\"https:\/\/schema.org\",\"@graph\":[{\"@type\":\"WebPage\",\"@id\":\"https:\/\/www.asajacyl.com\/palencia\/asaja-palencia-informa\/asaja-palencia-organiza-una-charla-que-abre-la-posibilidad-a-cobrar-por-descontaminar\",\"url\":\"https:\/\/www.asajacyl.com\/palencia\/asaja-palencia-informa\/asaja-palencia-organiza-una-charla-que-abre-la-posibilidad-a-cobrar-por-descontaminar\",\"name\":\"ASAJA-Palencia organiza una charla que abre la posibilidad a cobrar por descontaminar - ASAJA Palencia\",\"isPartOf\":{\"@id\":\"https:\/\/www.asajacyl.com\/palencia\/#website\"},\"primaryImageOfPage\":{\"@id\":\"https:\/\/www.asajacyl.com\/palencia\/asaja-palencia-informa\/asaja-palencia-organiza-una-charla-que-abre-la-posibilidad-a-cobrar-por-descontaminar#primaryimage\"},\"image\":{\"@id\":\"https:\/\/www.asajacyl.com\/palencia\/asaja-palencia-informa\/asaja-palencia-organiza-una-charla-que-abre-la-posibilidad-a-cobrar-por-descontaminar#primaryimage\"},\"thumbnailUrl\":\"https:\/\/www.asajacyl.com\/palencia\/wp-content\/uploads\/sites\/3\/2022\/04\/CHARLA-AGORO.jpg\",\"datePublished\":\"2022-04-10T00:14:37+00:00\",\"dateModified\":\"2022-04-10T00:14:38+00:00\",\"author\":{\"@id\":\"https:\/\/www.asajacyl.com\/palencia\/#\/schema\/person\/3ab17aeb03527485c317557fae64aab1\"},\"description\":\"Es por todos conocido que las plantas realizan una funci\u00f3n de limpieza sobre el aire de la atm\u00f3sfera, concretamente mediante la fotos\u00edntesis, tomando CO2\",\"breadcrumb\":{\"@id\":\"https:\/\/www.asajacyl.com\/palencia\/asaja-palencia-informa\/asaja-palencia-organiza-una-charla-que-abre-la-posibilidad-a-cobrar-por-descontaminar#breadcrumb\"},\"inLanguage\":\"es\",\"potentialAction\":[{\"@type\":\"ReadAction\",\"target\":[\"https:\/\/www.asajacyl.com\/palencia\/asaja-palencia-informa\/asaja-palencia-organiza-una-charla-que-abre-la-posibilidad-a-cobrar-por-descontaminar\"]}]},{\"@type\":\"ImageObject\",\"inLanguage\":\"es\",\"@id\":\"https:\/\/www.asajacyl.com\/palencia\/asaja-palencia-informa\/asaja-palencia-organiza-una-charla-que-abre-la-posibilidad-a-cobrar-por-descontaminar#primaryimage\",\"url\":\"https:\/\/www.asajacyl.com\/palencia\/wp-content\/uploads\/sites\/3\/2022\/04\/CHARLA-AGORO.jpg\",\"contentUrl\":\"https:\/\/www.asajacyl.com\/palencia\/wp-content\/uploads\/sites\/3\/2022\/04\/CHARLA-AGORO.jpg\",\"width\":953,\"height\":716},{\"@type\":\"BreadcrumbList\",\"@id\":\"https:\/\/www.asajacyl.com\/palencia\/asaja-palencia-informa\/asaja-palencia-organiza-una-charla-que-abre-la-posibilidad-a-cobrar-por-descontaminar#breadcrumb\",\"itemListElement\":[{\"@type\":\"ListItem\",\"position\":1,\"name\":\"Portada\",\"item\":\"https:\/\/www.asajacyl.com\/palencia\/\"},{\"@type\":\"ListItem\",\"position\":2,\"name\":\"ASAJA-Palencia organiza una charla que abre la posibilidad a cobrar por descontaminar\"}]},{\"@type\":\"WebSite\",\"@id\":\"https:\/\/www.asajacyl.com\/palencia\/#website\",\"url\":\"https:\/\/www.asajacyl.com\/palencia\/\",\"name\":\"ASAJA Palencia\",\"description\":\"Otro sitio m\u00e1s de Provincias ASAJA Castilla y Le\u00f3n\",\"potentialAction\":[{\"@type\":\"SearchAction\",\"target\":{\"@type\":\"EntryPoint\",\"urlTemplate\":\"https:\/\/www.asajacyl.com\/palencia\/?s={search_term_string}\"},\"query-input\":{\"@type\":\"PropertyValueSpecification\",\"valueRequired\":true,\"valueName\":\"search_term_string\"}}],\"inLanguage\":\"es\"},{\"@type\":\"Person\",\"@id\":\"https:\/\/www.asajacyl.com\/palencia\/#\/schema\/person\/3ab17aeb03527485c317557fae64aab1\",\"name\":\"Administrador\",\"image\":{\"@type\":\"ImageObject\",\"inLanguage\":\"es\",\"@id\":\"https:\/\/www.asajacyl.com\/palencia\/#\/schema\/person\/image\/\",\"url\":\"https:\/\/secure.gravatar.com\/avatar\/517384810d242ca9e38c180f3c9fb973?s=96&d=mm&r=g\",\"contentUrl\":\"https:\/\/secure.gravatar.com\/avatar\/517384810d242ca9e38c180f3c9fb973?s=96&d=mm&r=g\",\"caption\":\"Administrador\"},\"url\":\"https:\/\/www.asajacyl.com\/palencia\/author\/carlosrm\"}]}<\/script>\n<!-- \/ Yoast SEO plugin. -->","yoast_head_json":{"title":"ASAJA-Palencia organiza una charla que abre la posibilidad a cobrar por descontaminar - ASAJA Palencia","description":"Es por todos conocido que las plantas realizan una funci\u00f3n de limpieza sobre el aire de la atm\u00f3sfera, concretamente mediante la fotos\u00edntesis, tomando CO2","robots":{"index":"index","follow":"follow","max-snippet":"max-snippet:-1","max-image-preview":"max-image-preview:large","max-video-preview":"max-video-preview:-1"},"canonical":"https:\/\/www.asajacyl.com\/palencia\/asaja-palencia-informa\/asaja-palencia-organiza-una-charla-que-abre-la-posibilidad-a-cobrar-por-descontaminar","og_locale":"es_ES","og_type":"article","og_title":"ASAJA-Palencia organiza una charla que abre la posibilidad a cobrar por descontaminar - ASAJA Palencia","og_description":"Es por todos conocido que las plantas realizan una funci\u00f3n de limpieza sobre el aire de la atm\u00f3sfera, concretamente mediante la fotos\u00edntesis, tomando CO2","og_url":"https:\/\/www.asajacyl.com\/palencia\/asaja-palencia-informa\/asaja-palencia-organiza-una-charla-que-abre-la-posibilidad-a-cobrar-por-descontaminar","og_site_name":"ASAJA Palencia","article_published_time":"2022-04-10T00:14:37+00:00","article_modified_time":"2022-04-10T00:14:38+00:00","og_image":[{"width":953,"height":716,"url":"https:\/\/www.asajacyl.com\/palencia\/wp-content\/uploads\/sites\/3\/2022\/04\/CHARLA-AGORO.jpg","type":"image\/jpeg"}],"author":"Administrador","twitter_card":"summary_large_image","twitter_misc":{"Escrito por":"Administrador","Tiempo de lectura":"1 minuto"},"schema":{"@context":"https:\/\/schema.org","@graph":[{"@type":"WebPage","@id":"https:\/\/www.asajacyl.com\/palencia\/asaja-palencia-informa\/asaja-palencia-organiza-una-charla-que-abre-la-posibilidad-a-cobrar-por-descontaminar","url":"https:\/\/www.asajacyl.com\/palencia\/asaja-palencia-informa\/asaja-palencia-organiza-una-charla-que-abre-la-posibilidad-a-cobrar-por-descontaminar","name":"ASAJA-Palencia organiza una charla que abre la posibilidad a cobrar por descontaminar - ASAJA Palencia","isPartOf":{"@id":"https:\/\/www.asajacyl.com\/palencia\/#website"},"primaryImageOfPage":{"@id":"https:\/\/www.asajacyl.com\/palencia\/asaja-palencia-informa\/asaja-palencia-organiza-una-charla-que-abre-la-posibilidad-a-cobrar-por-descontaminar#primaryimage"},"image":{"@id":"https:\/\/www.asajacyl.com\/palencia\/asaja-palencia-informa\/asaja-palencia-organiza-una-charla-que-abre-la-posibilidad-a-cobrar-por-descontaminar#primaryimage"},"thumbnailUrl":"https:\/\/www.asajacyl.com\/palencia\/wp-content\/uploads\/sites\/3\/2022\/04\/CHARLA-AGORO.jpg","datePublished":"2022-04-10T00:14:37+00:00","dateModified":"2022-04-10T00:14:38+00:00","author":{"@id":"https:\/\/www.asajacyl.com\/palencia\/#\/schema\/person\/3ab17aeb03527485c317557fae64aab1"},"description":"Es por todos conocido que las plantas realizan una funci\u00f3n de limpieza sobre el aire de la atm\u00f3sfera, concretamente mediante la fotos\u00edntesis, tomando CO2","breadcrumb":{"@id":"https:\/\/www.asajacyl.com\/palencia\/asaja-palencia-informa\/asaja-palencia-organiza-una-charla-que-abre-la-posibilidad-a-cobrar-por-descontaminar#breadcrumb"},"inLanguage":"es","potentialAction":[{"@type":"ReadAction","target":["https:\/\/www.asajacyl.com\/palencia\/asaja-palencia-informa\/asaja-palencia-organiza-una-charla-que-abre-la-posibilidad-a-cobrar-por-descontaminar"]}]},{"@type":"ImageObject","inLanguage":"es","@id":"https:\/\/www.asajacyl.com\/palencia\/asaja-palencia-informa\/asaja-palencia-organiza-una-charla-que-abre-la-posibilidad-a-cobrar-por-descontaminar#primaryimage","url":"https:\/\/www.asajacyl.com\/palencia\/wp-content\/uploads\/sites\/3\/2022\/04\/CHARLA-AGORO.jpg","contentUrl":"https:\/\/www.asajacyl.com\/palencia\/wp-content\/uploads\/sites\/3\/2022\/04\/CHARLA-AGORO.jpg","width":953,"height":716},{"@type":"BreadcrumbList","@id":"https:\/\/www.asajacyl.com\/palencia\/asaja-palencia-informa\/asaja-palencia-organiza-una-charla-que-abre-la-posibilidad-a-cobrar-por-descontaminar#breadcrumb","itemListElement":[{"@type":"ListItem","position":1,"name":"Portada","item":"https:\/\/www.asajacyl.com\/palencia\/"},{"@type":"ListItem","position":2,"name":"ASAJA-Palencia organiza una charla que abre la posibilidad a cobrar por descontaminar"}]},{"@type":"WebSite","@id":"https:\/\/www.asajacyl.com\/palencia\/#website","url":"https:\/\/www.asajacyl.com\/palencia\/","name":"ASAJA Palencia","description":"Otro sitio m\u00e1s de Provincias ASAJA Castilla y Le\u00f3n","potentialAction":[{"@type":"SearchAction","target":{"@type":"EntryPoint","urlTemplate":"https:\/\/www.asajacyl.com\/palencia\/?s={search_term_string}"},"query-input":{"@type":"PropertyValueSpecification","valueRequired":true,"valueName":"search_term_string"}}],"inLanguage":"es"},{"@type":"Person","@id":"https:\/\/www.asajacyl.com\/palencia\/#\/schema\/person\/3ab17aeb03527485c317557fae64aab1","name":"Administrador","image":{"@type":"ImageObject","inLanguage":"es","@id":"https:\/\/www.asajacyl.com\/palencia\/#\/schema\/person\/image\/","url":"https:\/\/secure.gravatar.com\/avatar\/517384810d242ca9e38c180f3c9fb973?s=96&d=mm&r=g","contentUrl":"https:\/\/secure.gravatar.com\/avatar\/517384810d242ca9e38c180f3c9fb973?s=96&d=mm&r=g","caption":"Administrador"},"url":"https:\/\/www.asajacyl.com\/palencia\/author\/carlosrm"}]}},"_links":{"self":[{"href":"https:\/\/www.asajacyl.com\/palencia\/wp-json\/wp\/v2\/posts\/10225"}],"collection":[{"href":"https:\/\/www.asajacyl.com\/palencia\/wp-json\/wp\/v2\/posts"}],"about":[{"href":"https:\/\/www.asajacyl.com\/palencia\/wp-json\/wp\/v2\/types\/post"}],"author":[{"embeddable":true,"href":"https:\/\/www.asajacyl.com\/palencia\/wp-json\/wp\/v2\/users\/9"}],"replies":[{"embeddable":true,"href":"https:\/\/www.asajacyl.com\/palencia\/wp-json\/wp\/v2\/comments?post=10225"}],"version-history":[{"count":1,"href":"https:\/\/www.asajacyl.com\/palencia\/wp-json\/wp\/v2\/posts\/10225\/revisions"}],"predecessor-version":[{"id":10227,"href":"https:\/\/www.asajacyl.com\/palencia\/wp-json\/wp\/v2\/posts\/10225\/revisions\/10227"}],"wp:featuredmedia":[{"embeddable":true,"href":"https:\/\/www.asajacyl.com\/palencia\/wp-json\/wp\/v2\/media\/10226"}],"wp:attachment":[{"href":"https:\/\/www.asajacyl.com\/palencia\/wp-json\/wp\/v2\/media?parent=10225"}],"wp:term":[{"taxonomy":"category","embeddable":true,"href":"https:\/\/www.asajacyl.com\/palencia\/wp-json\/wp\/v2\/categories?post=10225"},{"taxonomy":"post_tag","embeddable":true,"href":"https:\/\/www.asajacyl.com\/palencia\/wp-json\/wp\/v2\/tags?post=10225"}],"curies":[{"name":"wp","href":"https:\/\/api.w.org\/{rel}","templated":true}]}}