{"id":10229,"date":"2022-04-15T13:10:00","date_gmt":"2022-04-15T11:10:00","guid":{"rendered":"https:\/\/www.asajacyl.com\/palencia\/?p=10229"},"modified":"2022-04-13T11:05:33","modified_gmt":"2022-04-13T09:05:33","slug":"la-ganaderia-europea-pagara-cara-la-revision-de-la-directiva-sobre-emisiones-industriales","status":"publish","type":"post","link":"https:\/\/www.asajacyl.com\/palencia\/asaja-palencia-informa\/la-ganaderia-europea-pagara-cara-la-revision-de-la-directiva-sobre-emisiones-industriales","title":{"rendered":"La ganader\u00eda europea pagar\u00e1 cara la revisi\u00f3n de la Directiva sobre emisiones industriales"},"content":{"rendered":"\n<p>La Comisi\u00f3n Europea ha publicado una versi\u00f3n revisada de la Directiva sobre emisiones industriales que data de 2010. Si bien en la \u00faltima d\u00e9cada su \u00e1mbito de aplicaci\u00f3n tan solo abarcaba las instalaciones ganaderas de mayor tama\u00f1o en la UE, con esta revisi\u00f3n se multiplicar\u00eda casi por diez el n\u00famero de explotaciones de vacuno, porcino y aves de corral sujetas a la misma, incluyendo a explotaciones familiares que se equiparar\u00edan ahora a \u00abinstalaciones de ganader\u00eda industrial\u00bb. En su versi\u00f3n actual, esta revisi\u00f3n obligar\u00eda a millares de explotaciones familiares a cumplir con un protocolo de emisiones muy costoso y concebido esencialmente para grandes empresas. Tan solo unos d\u00edas despu\u00e9s de que se publicara la Comunicaci\u00f3n sobre la autonom\u00eda estrat\u00e9gica alimentaria de la Uni\u00f3n Europea, este planteamiento contable, ideol\u00f3gico y desconectado de la realidad ganadera supone un duro golpe para los ganaderos europeos.<\/p>\n\n\n\n<p>Durante el proceso de revisi\u00f3n de la Directiva sobre emisiones industriales, la Comisi\u00f3n Europea decidi\u00f3 ampliar el alcance de la propuesta tambi\u00e9n a las granjas de vacuno, y rebajar los umbrales referentes a los sectores porcino y av\u00edcola, sujetos a la normativa desde 2010. En concreto, la Comisi\u00f3n tiene la intenci\u00f3n de incluir a las explotaciones ganaderas de porcino, aves de corral y vacuno que superen las 150 \u00abunidades de ganado\u00bb. Este argot contable enmascara una realidad muy sencilla: numerosas granjas familiares quedar\u00e1n sujetas a esta directiva y se considerar\u00e1n de facto \u00abinstalaciones de ganader\u00eda industrial\u00bb seg\u00fan la clasificaci\u00f3n de la Comisi\u00f3n. La Comisi\u00f3n defiende que esto solo supondr\u00eda el \u00ab13% de las explotaciones ganaderas m\u00e1s grandes de la UE\u00bb. Sin duda, es una forma inteligente de plantearlo, aunque equ\u00edvoca. He aqu\u00ed otra forma de interpretar el nuevo umbral de \u00ab150 unidades de ganado\u00bb: en Alemania y Finlandia m\u00e1s del 90% de las granjas av\u00edcolas de engorde pasar\u00edan a considerarse \u00abinstalaciones de ganader\u00eda industrial\u00bb, y exactamente lo mismo ocurrir\u00eda en el caso de las explotaciones de porcino y de vacuno de carne y leche en Francia.<\/p>\n\n\n\n<p>Este umbral arbitrario es cuanto menos impactante y refleja el abismo que separa la pol\u00edtica de la realidad agr\u00edcola. Optar por semejante enfoque cuantitativo es la forma m\u00e1s simplista posible de abordar esta cuesti\u00f3n. Pese a la evaluaci\u00f3n de impacto de la Comisi\u00f3n, este umbral obedece a una decisi\u00f3n pol\u00edtica arbitraria, guiada por un planteamiento desequilibrado y sesgado en cuestiones de sostenibilidad. Suponiendo que la Comisi\u00f3n haya fijado deliberadamente unos umbrales tan bajos de cara a las negociaciones institucionales, nos preguntamos si es realmente consciente del funesto mensaje que est\u00e1 enviando a los miles de ganaderos que luchan a diario por mantener a flote sus explotaciones y mejorar sus pr\u00e1cticas.<\/p>\n\n\n\n<p>En reacci\u00f3n a la publicaci\u00f3n de la propuesta, la presidenta del Copa, Christiane Lambert declar\u00f3 lo siguiente: \u00abPese a las diversas crisis que se est\u00e1n acumulando, los ganaderos est\u00e1n haciendo un gran esfuerzo por adaptar sus pr\u00e1cticas y combinar de la mejor manera posible la productividad con el respeto del medio ambiente. El mero hecho de que la Comisi\u00f3n Europea califique hoy en d\u00eda a las explotaciones familiares de \u2018instalaciones agroganaderas industriales\u2019 es una muestra de la gran confusi\u00f3n que rodea a la realidad ganadera. Esta reducci\u00f3n dr\u00e1stica de los umbrales asestar\u00e1 un duro golpe al modelo europeo de agricultura y ganader\u00eda familiar, y crear\u00e1 costes y trabas suplementarios\u00bb.<\/p>\n\n\n\n<p>Desde la entrada en vigor de la Directiva sobre emisiones industriales en el a\u00f1o 2010, la experiencia ha demostrado que su aplicaci\u00f3n conlleva una gran carga econ\u00f3mica y administrativa. El ampliar el alcance de la directiva a la mayor\u00eda de las explotaciones ganaderas acarrear\u00e1 consecuencias insoportables para el sector, las zonas rurales y las familias de agricultores.<\/p>\n\n\n\n<p>Por su parte, el presidente de la Cogeca, Ram\u00f3n Armengol, se preguntaba lo siguiente: \u00ab\u00bfC\u00f3mo van a lidiar las explotaciones ganaderas familiares con la avalancha de requisitos que la Comisi\u00f3n quiere exigir en el marco del Pacto Verde Europeo (y sin ninguna evaluaci\u00f3n de impacto al respecto? \u00bfC\u00f3mo se aplicar\u00e1 todo esto si ninguno de nuestros socios comerciales contempla medidas tan draconianas y sabiendo que los agentes de la distribuci\u00f3n en la UE seguramente se nieguen a repercutir esos costes? La respuesta de la Comisi\u00f3n a todos estos interrogantes en su propuesta de revisi\u00f3n parece bien sencilla: \u2018no sabe\/no contesta\u2019.\u00bb<\/p>\n\n\n\n<p>Al Copa y a la Cogeca tambi\u00e9n les preocupa la intenci\u00f3n de la Comisi\u00f3n de ajustar el alcance de la directiva y los umbrales relativos a los sectores contemplados en ella mediante futuros actos delegados, lo que volver\u00eda la situaci\u00f3n m\u00e1s incomprensible e  imprevisible.<\/p>\n\n\n\n<p>Por \u00faltimo, esta propuesta genera ciertas dudas respecto a la coherencia del enfoque que sigue la Comisi\u00f3n Europea en lo que a la ganader\u00eda se refiere. Si bien en el Plan de Acci\u00f3n \u00abREPowerEU\u00bb se reconoce la labor clave de la ganader\u00eda para desarrollar un sector energ\u00e9tico en la UE resiliente e independiente, esta propuesta acabar\u00e1 afectando tanto a las granjas existentes como a los futuros proyectos.<\/p>\n","protected":false},"excerpt":{"rendered":"<p>La Comisi\u00f3n Europea ha publicado una versi\u00f3n revisada de la Directiva sobre emisiones industriales que data de 2010. Si bien en la \u00faltima d\u00e9cada su \u00e1mbito de aplicaci\u00f3n tan solo abarcaba las instalaciones ganaderas de mayor tama\u00f1o en la UE, con esta revisi\u00f3n se multiplicar\u00eda casi por diez el n\u00famero de explotaciones de vacuno, porcino [&hellip;]<\/p>\n","protected":false},"author":9,"featured_media":8194,"comment_status":"open","ping_status":"open","sticky":false,"template":"","format":"standard","meta":{"footnotes":""},"categories":[9,29,28],"tags":[],"yoast_head":"<!-- This site is optimized with the Yoast SEO plugin v24.5 - https:\/\/yoast.com\/wordpress\/plugins\/seo\/ -->\n<title>La ganader\u00eda europea pagar\u00e1 cara la revisi\u00f3n de la Directiva sobre emisiones industriales - ASAJA Palencia<\/title>\n<meta name=\"description\" content=\"La Comisi\u00f3n Europea ha publicado una versi\u00f3n revisada de la Directiva sobre emisiones industriales que data de 2010. Si bien en la \u00faltima d\u00e9cada su \u00e1mbito\" \/>\n<meta name=\"robots\" content=\"index, follow, max-snippet:-1, max-image-preview:large, max-video-preview:-1\" \/>\n<link rel=\"canonical\" href=\"https:\/\/www.asajacyl.com\/palencia\/asaja-palencia-informa\/la-ganaderia-europea-pagara-cara-la-revision-de-la-directiva-sobre-emisiones-industriales\" \/>\n<meta property=\"og:locale\" content=\"es_ES\" \/>\n<meta property=\"og:type\" content=\"article\" \/>\n<meta property=\"og:title\" content=\"La ganader\u00eda europea pagar\u00e1 cara la revisi\u00f3n de la Directiva sobre emisiones industriales - ASAJA Palencia\" \/>\n<meta property=\"og:description\" content=\"La Comisi\u00f3n Europea ha publicado una versi\u00f3n revisada de la Directiva sobre emisiones industriales que data de 2010. Si bien en la \u00faltima d\u00e9cada su \u00e1mbito\" \/>\n<meta property=\"og:url\" content=\"https:\/\/www.asajacyl.com\/palencia\/asaja-palencia-informa\/la-ganaderia-europea-pagara-cara-la-revision-de-la-directiva-sobre-emisiones-industriales\" \/>\n<meta property=\"og:site_name\" content=\"ASAJA Palencia\" \/>\n<meta property=\"article:published_time\" content=\"2022-04-15T11:10:00+00:00\" \/>\n<meta property=\"og:image\" content=\"https:\/\/www.asajacyl.com\/palencia\/wp-content\/uploads\/sites\/3\/2021\/04\/COPACOGECA.jpg\" \/>\n\t<meta property=\"og:image:width\" content=\"1280\" \/>\n\t<meta property=\"og:image:height\" content=\"693\" \/>\n\t<meta property=\"og:image:type\" content=\"image\/jpeg\" \/>\n<meta name=\"author\" content=\"Administrador\" \/>\n<meta name=\"twitter:card\" content=\"summary_large_image\" \/>\n<meta name=\"twitter:label1\" content=\"Escrito por\" \/>\n\t<meta name=\"twitter:data1\" content=\"Administrador\" \/>\n\t<meta name=\"twitter:label2\" content=\"Tiempo de lectura\" \/>\n\t<meta name=\"twitter:data2\" content=\"4 minutos\" \/>\n<script type=\"application\/ld+json\" class=\"yoast-schema-graph\">{\"@context\":\"https:\/\/schema.org\",\"@graph\":[{\"@type\":\"WebPage\",\"@id\":\"https:\/\/www.asajacyl.com\/palencia\/asaja-palencia-informa\/la-ganaderia-europea-pagara-cara-la-revision-de-la-directiva-sobre-emisiones-industriales\",\"url\":\"https:\/\/www.asajacyl.com\/palencia\/asaja-palencia-informa\/la-ganaderia-europea-pagara-cara-la-revision-de-la-directiva-sobre-emisiones-industriales\",\"name\":\"La ganader\u00eda europea pagar\u00e1 cara la revisi\u00f3n de la Directiva sobre emisiones industriales - ASAJA Palencia\",\"isPartOf\":{\"@id\":\"https:\/\/www.asajacyl.com\/palencia\/#website\"},\"primaryImageOfPage\":{\"@id\":\"https:\/\/www.asajacyl.com\/palencia\/asaja-palencia-informa\/la-ganaderia-europea-pagara-cara-la-revision-de-la-directiva-sobre-emisiones-industriales#primaryimage\"},\"image\":{\"@id\":\"https:\/\/www.asajacyl.com\/palencia\/asaja-palencia-informa\/la-ganaderia-europea-pagara-cara-la-revision-de-la-directiva-sobre-emisiones-industriales#primaryimage\"},\"thumbnailUrl\":\"https:\/\/www.asajacyl.com\/palencia\/wp-content\/uploads\/sites\/3\/2021\/04\/COPACOGECA.jpg\",\"datePublished\":\"2022-04-15T11:10:00+00:00\",\"author\":{\"@id\":\"https:\/\/www.asajacyl.com\/palencia\/#\/schema\/person\/3ab17aeb03527485c317557fae64aab1\"},\"description\":\"La Comisi\u00f3n Europea ha publicado una versi\u00f3n revisada de la Directiva sobre emisiones industriales que data de 2010. Si bien en la \u00faltima d\u00e9cada su \u00e1mbito\",\"breadcrumb\":{\"@id\":\"https:\/\/www.asajacyl.com\/palencia\/asaja-palencia-informa\/la-ganaderia-europea-pagara-cara-la-revision-de-la-directiva-sobre-emisiones-industriales#breadcrumb\"},\"inLanguage\":\"es\",\"potentialAction\":[{\"@type\":\"ReadAction\",\"target\":[\"https:\/\/www.asajacyl.com\/palencia\/asaja-palencia-informa\/la-ganaderia-europea-pagara-cara-la-revision-de-la-directiva-sobre-emisiones-industriales\"]}]},{\"@type\":\"ImageObject\",\"inLanguage\":\"es\",\"@id\":\"https:\/\/www.asajacyl.com\/palencia\/asaja-palencia-informa\/la-ganaderia-europea-pagara-cara-la-revision-de-la-directiva-sobre-emisiones-industriales#primaryimage\",\"url\":\"https:\/\/www.asajacyl.com\/palencia\/wp-content\/uploads\/sites\/3\/2021\/04\/COPACOGECA.jpg\",\"contentUrl\":\"https:\/\/www.asajacyl.com\/palencia\/wp-content\/uploads\/sites\/3\/2021\/04\/COPACOGECA.jpg\",\"width\":1280,\"height\":693},{\"@type\":\"BreadcrumbList\",\"@id\":\"https:\/\/www.asajacyl.com\/palencia\/asaja-palencia-informa\/la-ganaderia-europea-pagara-cara-la-revision-de-la-directiva-sobre-emisiones-industriales#breadcrumb\",\"itemListElement\":[{\"@type\":\"ListItem\",\"position\":1,\"name\":\"Portada\",\"item\":\"https:\/\/www.asajacyl.com\/palencia\/\"},{\"@type\":\"ListItem\",\"position\":2,\"name\":\"La ganader\u00eda europea pagar\u00e1 cara la revisi\u00f3n de la Directiva sobre emisiones industriales\"}]},{\"@type\":\"WebSite\",\"@id\":\"https:\/\/www.asajacyl.com\/palencia\/#website\",\"url\":\"https:\/\/www.asajacyl.com\/palencia\/\",\"name\":\"ASAJA Palencia\",\"description\":\"Otro sitio m\u00e1s de Provincias ASAJA Castilla y Le\u00f3n\",\"potentialAction\":[{\"@type\":\"SearchAction\",\"target\":{\"@type\":\"EntryPoint\",\"urlTemplate\":\"https:\/\/www.asajacyl.com\/palencia\/?s={search_term_string}\"},\"query-input\":{\"@type\":\"PropertyValueSpecification\",\"valueRequired\":true,\"valueName\":\"search_term_string\"}}],\"inLanguage\":\"es\"},{\"@type\":\"Person\",\"@id\":\"https:\/\/www.asajacyl.com\/palencia\/#\/schema\/person\/3ab17aeb03527485c317557fae64aab1\",\"name\":\"Administrador\",\"image\":{\"@type\":\"ImageObject\",\"inLanguage\":\"es\",\"@id\":\"https:\/\/www.asajacyl.com\/palencia\/#\/schema\/person\/image\/\",\"url\":\"https:\/\/secure.gravatar.com\/avatar\/517384810d242ca9e38c180f3c9fb973?s=96&d=mm&r=g\",\"contentUrl\":\"https:\/\/secure.gravatar.com\/avatar\/517384810d242ca9e38c180f3c9fb973?s=96&d=mm&r=g\",\"caption\":\"Administrador\"},\"url\":\"https:\/\/www.asajacyl.com\/palencia\/author\/carlosrm\"}]}<\/script>\n<!-- \/ Yoast SEO plugin. -->","yoast_head_json":{"title":"La ganader\u00eda europea pagar\u00e1 cara la revisi\u00f3n de la Directiva sobre emisiones industriales - ASAJA Palencia","description":"La Comisi\u00f3n Europea ha publicado una versi\u00f3n revisada de la Directiva sobre emisiones industriales que data de 2010. Si bien en la \u00faltima d\u00e9cada su \u00e1mbito","robots":{"index":"index","follow":"follow","max-snippet":"max-snippet:-1","max-image-preview":"max-image-preview:large","max-video-preview":"max-video-preview:-1"},"canonical":"https:\/\/www.asajacyl.com\/palencia\/asaja-palencia-informa\/la-ganaderia-europea-pagara-cara-la-revision-de-la-directiva-sobre-emisiones-industriales","og_locale":"es_ES","og_type":"article","og_title":"La ganader\u00eda europea pagar\u00e1 cara la revisi\u00f3n de la Directiva sobre emisiones industriales - ASAJA Palencia","og_description":"La Comisi\u00f3n Europea ha publicado una versi\u00f3n revisada de la Directiva sobre emisiones industriales que data de 2010. Si bien en la \u00faltima d\u00e9cada su \u00e1mbito","og_url":"https:\/\/www.asajacyl.com\/palencia\/asaja-palencia-informa\/la-ganaderia-europea-pagara-cara-la-revision-de-la-directiva-sobre-emisiones-industriales","og_site_name":"ASAJA Palencia","article_published_time":"2022-04-15T11:10:00+00:00","og_image":[{"width":1280,"height":693,"url":"https:\/\/www.asajacyl.com\/palencia\/wp-content\/uploads\/sites\/3\/2021\/04\/COPACOGECA.jpg","type":"image\/jpeg"}],"author":"Administrador","twitter_card":"summary_large_image","twitter_misc":{"Escrito por":"Administrador","Tiempo de lectura":"4 minutos"},"schema":{"@context":"https:\/\/schema.org","@graph":[{"@type":"WebPage","@id":"https:\/\/www.asajacyl.com\/palencia\/asaja-palencia-informa\/la-ganaderia-europea-pagara-cara-la-revision-de-la-directiva-sobre-emisiones-industriales","url":"https:\/\/www.asajacyl.com\/palencia\/asaja-palencia-informa\/la-ganaderia-europea-pagara-cara-la-revision-de-la-directiva-sobre-emisiones-industriales","name":"La ganader\u00eda europea pagar\u00e1 cara la revisi\u00f3n de la Directiva sobre emisiones industriales - ASAJA Palencia","isPartOf":{"@id":"https:\/\/www.asajacyl.com\/palencia\/#website"},"primaryImageOfPage":{"@id":"https:\/\/www.asajacyl.com\/palencia\/asaja-palencia-informa\/la-ganaderia-europea-pagara-cara-la-revision-de-la-directiva-sobre-emisiones-industriales#primaryimage"},"image":{"@id":"https:\/\/www.asajacyl.com\/palencia\/asaja-palencia-informa\/la-ganaderia-europea-pagara-cara-la-revision-de-la-directiva-sobre-emisiones-industriales#primaryimage"},"thumbnailUrl":"https:\/\/www.asajacyl.com\/palencia\/wp-content\/uploads\/sites\/3\/2021\/04\/COPACOGECA.jpg","datePublished":"2022-04-15T11:10:00+00:00","author":{"@id":"https:\/\/www.asajacyl.com\/palencia\/#\/schema\/person\/3ab17aeb03527485c317557fae64aab1"},"description":"La Comisi\u00f3n Europea ha publicado una versi\u00f3n revisada de la Directiva sobre emisiones industriales que data de 2010. Si bien en la \u00faltima d\u00e9cada su \u00e1mbito","breadcrumb":{"@id":"https:\/\/www.asajacyl.com\/palencia\/asaja-palencia-informa\/la-ganaderia-europea-pagara-cara-la-revision-de-la-directiva-sobre-emisiones-industriales#breadcrumb"},"inLanguage":"es","potentialAction":[{"@type":"ReadAction","target":["https:\/\/www.asajacyl.com\/palencia\/asaja-palencia-informa\/la-ganaderia-europea-pagara-cara-la-revision-de-la-directiva-sobre-emisiones-industriales"]}]},{"@type":"ImageObject","inLanguage":"es","@id":"https:\/\/www.asajacyl.com\/palencia\/asaja-palencia-informa\/la-ganaderia-europea-pagara-cara-la-revision-de-la-directiva-sobre-emisiones-industriales#primaryimage","url":"https:\/\/www.asajacyl.com\/palencia\/wp-content\/uploads\/sites\/3\/2021\/04\/COPACOGECA.jpg","contentUrl":"https:\/\/www.asajacyl.com\/palencia\/wp-content\/uploads\/sites\/3\/2021\/04\/COPACOGECA.jpg","width":1280,"height":693},{"@type":"BreadcrumbList","@id":"https:\/\/www.asajacyl.com\/palencia\/asaja-palencia-informa\/la-ganaderia-europea-pagara-cara-la-revision-de-la-directiva-sobre-emisiones-industriales#breadcrumb","itemListElement":[{"@type":"ListItem","position":1,"name":"Portada","item":"https:\/\/www.asajacyl.com\/palencia\/"},{"@type":"ListItem","position":2,"name":"La ganader\u00eda europea pagar\u00e1 cara la revisi\u00f3n de la Directiva sobre emisiones industriales"}]},{"@type":"WebSite","@id":"https:\/\/www.asajacyl.com\/palencia\/#website","url":"https:\/\/www.asajacyl.com\/palencia\/","name":"ASAJA Palencia","description":"Otro sitio m\u00e1s de Provincias ASAJA Castilla y Le\u00f3n","potentialAction":[{"@type":"SearchAction","target":{"@type":"EntryPoint","urlTemplate":"https:\/\/www.asajacyl.com\/palencia\/?s={search_term_string}"},"query-input":{"@type":"PropertyValueSpecification","valueRequired":true,"valueName":"search_term_string"}}],"inLanguage":"es"},{"@type":"Person","@id":"https:\/\/www.asajacyl.com\/palencia\/#\/schema\/person\/3ab17aeb03527485c317557fae64aab1","name":"Administrador","image":{"@type":"ImageObject","inLanguage":"es","@id":"https:\/\/www.asajacyl.com\/palencia\/#\/schema\/person\/image\/","url":"https:\/\/secure.gravatar.com\/avatar\/517384810d242ca9e38c180f3c9fb973?s=96&d=mm&r=g","contentUrl":"https:\/\/secure.gravatar.com\/avatar\/517384810d242ca9e38c180f3c9fb973?s=96&d=mm&r=g","caption":"Administrador"},"url":"https:\/\/www.asajacyl.com\/palencia\/author\/carlosrm"}]}},"_links":{"self":[{"href":"https:\/\/www.asajacyl.com\/palencia\/wp-json\/wp\/v2\/posts\/10229"}],"collection":[{"href":"https:\/\/www.asajacyl.com\/palencia\/wp-json\/wp\/v2\/posts"}],"about":[{"href":"https:\/\/www.asajacyl.com\/palencia\/wp-json\/wp\/v2\/types\/post"}],"author":[{"embeddable":true,"href":"https:\/\/www.asajacyl.com\/palencia\/wp-json\/wp\/v2\/users\/9"}],"replies":[{"embeddable":true,"href":"https:\/\/www.asajacyl.com\/palencia\/wp-json\/wp\/v2\/comments?post=10229"}],"version-history":[{"count":1,"href":"https:\/\/www.asajacyl.com\/palencia\/wp-json\/wp\/v2\/posts\/10229\/revisions"}],"predecessor-version":[{"id":10230,"href":"https:\/\/www.asajacyl.com\/palencia\/wp-json\/wp\/v2\/posts\/10229\/revisions\/10230"}],"wp:featuredmedia":[{"embeddable":true,"href":"https:\/\/www.asajacyl.com\/palencia\/wp-json\/wp\/v2\/media\/8194"}],"wp:attachment":[{"href":"https:\/\/www.asajacyl.com\/palencia\/wp-json\/wp\/v2\/media?parent=10229"}],"wp:term":[{"taxonomy":"category","embeddable":true,"href":"https:\/\/www.asajacyl.com\/palencia\/wp-json\/wp\/v2\/categories?post=10229"},{"taxonomy":"post_tag","embeddable":true,"href":"https:\/\/www.asajacyl.com\/palencia\/wp-json\/wp\/v2\/tags?post=10229"}],"curies":[{"name":"wp","href":"https:\/\/api.w.org\/{rel}","templated":true}]}}