{"id":10231,"date":"2022-04-17T10:29:00","date_gmt":"2022-04-17T08:29:00","guid":{"rendered":"https:\/\/www.asajacyl.com\/palencia\/?p=10231"},"modified":"2022-04-13T13:44:05","modified_gmt":"2022-04-13T11:44:05","slug":"las-conclusiones-del-consejo-sobre-la-captura-de-carbono-en-suelos-agricolas","status":"publish","type":"post","link":"https:\/\/www.asajacyl.com\/palencia\/asaja-palencia-informa\/las-conclusiones-del-consejo-sobre-la-captura-de-carbono-en-suelos-agricolas","title":{"rendered":"Las conclusiones del Consejo sobre la captura de carbono en suelos agr\u00edcolas"},"content":{"rendered":"\n<p>El Copa y la Cogeca aplauden que el Consejo de Agricultura y Pesca aprobara en su \u00faltima reuni\u00f3n las Conclusiones del Consejo sobre la Comunicaci\u00f3n de la Comisi\u00f3n relativa a los ciclos de carbono sostenibles en la agricultura y la silvicultura.<\/p>\n\n\n\n<p>El Copa y la Cogeca ven con buenos ojos que se ponga de relieve que el objetivo primordial del sector agr\u00edcola debe seguir siendo la producci\u00f3n sostenible de alimentos, y que se destaque la importancia del sector forestal para proporcionar fuentes alternativas en la combinaci\u00f3n energ\u00e9tica, a la luz de la actual crisis alimentaria y energ\u00e9tica. En las Conclusiones tambi\u00e9n se reconoce la funci\u00f3n de la agricultura y la silvicultura en la transici\u00f3n hacia una econom\u00eda m\u00e1s ecol\u00f3gica.<\/p>\n\n\n\n<p>Es de destacar el apoyo que el Consejo brinda a la \u00abagricultura del carbono\u00bb (la captura de di\u00f3xido de carbono en suelos agr\u00edcolas) como un nuevo modelo de negocio ecol\u00f3gico, de car\u00e1cter voluntario, que permitir\u00e1 a los agricultores desarrollar un plan de negocio partiendo de su capacidad econ\u00f3mica y de otros aspectos estrat\u00e9gicos. En concreto, los agricultores y las cooperativas agrarias de la Uni\u00f3n Europea respaldan el llamamiento del Consejo a ampliar la lista de pr\u00e1cticas de la \u00abagricultura del carbono\u00bb, como una forma de reconocer la heterogeneidad de este tipo de pr\u00e1cticas y la necesidad de aplicarlas de forma adaptada. Tambi\u00e9n aplauden que se recuerde que la remuneraci\u00f3n de los gestores de tierras debe suponer un incentivo suficiente para que se apliquen pr\u00e1cticas de captura de carbono en suelos agr\u00edcolas.<\/p>\n\n\n\n<p>Otro aspecto importante es la diferenciaci\u00f3n entre las emisiones de GEI (gases de efecto invernadero) resultantes de las pr\u00e1cticas agr\u00edcolas, y el potencial de las pr\u00e1cticas de la \u00abagricultura del carbono\u00bb para ayudar a reducir tales emisiones. En efecto, un planteamiento centrado exclusivamente en el di\u00f3xido de carbono no refleja la naturaleza ni el car\u00e1cter c\u00edclico de la agricultura y la silvicultura.<\/p>\n\n\n\n<p>En cuanto a la certificaci\u00f3n de la eliminaci\u00f3n del carbono, resulta especialmente importante el llamamiento en pro de un marco sencillo que no genere una carga administrativa desproporcionada ni acarree sanciones para los agricultores por la liberaci\u00f3n de carbono, dado que hoy por hoy ya existen grandes trabas que dificultan la generalizaci\u00f3n de la \u00abagricultura del carbono\u00bb. El Copa y la Cogeca celebran que se inste a concebir un marco de certificaci\u00f3n en la Uni\u00f3n compatible con las iniciativas nacionales existentes que persiguen el mismo objetivo. Algunos agricultores y silvicultores dudan a\u00fan si adherirse o no a los sistemas existentes, porque temen que en alg\u00fan momento dejen de existir o se consideren incompatibles con el pr\u00f3ximo marco a nivel europeo, inclusive los cr\u00e9ditos generados mediante la reducci\u00f3n de las emisiones.<\/p>\n\n\n\n<p>El Copa y la Cogeca tambi\u00e9n ven con buenos ojos que se apoye la r\u00e1pida creaci\u00f3n de un grupo de expertos para tomar en consideraci\u00f3n las mejores pr\u00e1cticas y ayudar a la Comisi\u00f3n a estudiar todos los sistemas existentes, as\u00ed como a evaluar las posibles implicaciones de ampliar el \u00e1mbito de aplicaci\u00f3n del marco reglamentario de la UE relativo a la reducci\u00f3n de las emisiones de GEI de origen agr\u00edcola. De hecho, es algo fundamental para entablar un di\u00e1logo abierto y difundir el conocimiento existente, adem\u00e1s de considerar la inclusi\u00f3n de las emisiones equivalentes al CO2.<\/p>\n\n\n\n<p>Por \u00faltimo, el Copa y la Cogeca consideran importante que el Consejo ponga de relieve la importancia de la inversi\u00f3n y la financiaci\u00f3n p\u00fablico-privada, junto con la innovaci\u00f3n, la investigaci\u00f3n y los servicios de asesoramiento adaptados. Todo ello es imprescindible para generalizar las pr\u00e1cticas de captura de carbono en los suelos agr\u00edcolas.<\/p>\n\n\n\n<figure class=\"wp-block-image size-large\"><img loading=\"lazy\" decoding=\"async\" width=\"1024\" height=\"575\" src=\"https:\/\/www.asajacyl.com\/palencia\/wp-content\/uploads\/sites\/3\/2022\/04\/IMG_20220409_123958-1024x575.jpg\" alt=\"\" class=\"wp-image-10232\" srcset=\"https:\/\/www.asajacyl.com\/palencia\/wp-content\/uploads\/sites\/3\/2022\/04\/IMG_20220409_123958-1024x575.jpg 1024w, https:\/\/www.asajacyl.com\/palencia\/wp-content\/uploads\/sites\/3\/2022\/04\/IMG_20220409_123958-300x169.jpg 300w, https:\/\/www.asajacyl.com\/palencia\/wp-content\/uploads\/sites\/3\/2022\/04\/IMG_20220409_123958-768x432.jpg 768w, https:\/\/www.asajacyl.com\/palencia\/wp-content\/uploads\/sites\/3\/2022\/04\/IMG_20220409_123958-1536x863.jpg 1536w, https:\/\/www.asajacyl.com\/palencia\/wp-content\/uploads\/sites\/3\/2022\/04\/IMG_20220409_123958-2048x1151.jpg 2048w, https:\/\/www.asajacyl.com\/palencia\/wp-content\/uploads\/sites\/3\/2022\/04\/IMG_20220409_123958-696x391.jpg 696w, https:\/\/www.asajacyl.com\/palencia\/wp-content\/uploads\/sites\/3\/2022\/04\/IMG_20220409_123958-1068x600.jpg 1068w, https:\/\/www.asajacyl.com\/palencia\/wp-content\/uploads\/sites\/3\/2022\/04\/IMG_20220409_123958-1920x1079.jpg 1920w, https:\/\/www.asajacyl.com\/palencia\/wp-content\/uploads\/sites\/3\/2022\/04\/IMG_20220409_123958-747x420.jpg 747w\" sizes=\"(max-width: 1024px) 100vw, 1024px\" \/><\/figure>\n","protected":false},"excerpt":{"rendered":"<p>El Copa y la Cogeca aplauden que el Consejo de Agricultura y Pesca aprobara en su \u00faltima reuni\u00f3n las Conclusiones del Consejo sobre la Comunicaci\u00f3n de la Comisi\u00f3n relativa a los ciclos de carbono sostenibles en la agricultura y la silvicultura. El Copa y la Cogeca ven con buenos ojos que se ponga de relieve [&hellip;]<\/p>\n","protected":false},"author":9,"featured_media":10232,"comment_status":"open","ping_status":"open","sticky":false,"template":"","format":"standard","meta":{"footnotes":""},"categories":[9,29,28],"tags":[],"yoast_head":"<!-- This site is optimized with the Yoast SEO plugin v24.5 - https:\/\/yoast.com\/wordpress\/plugins\/seo\/ -->\n<title>Las conclusiones del Consejo sobre la captura de carbono en suelos agr\u00edcolas - ASAJA Palencia<\/title>\n<meta name=\"description\" content=\"El Copa y la Cogeca aplauden que el Consejo de Agricultura y Pesca aprobara en su \u00faltima reuni\u00f3n las Conclusiones del Consejo sobre la Comunicaci\u00f3n de la\" \/>\n<meta name=\"robots\" content=\"index, follow, max-snippet:-1, max-image-preview:large, max-video-preview:-1\" \/>\n<link rel=\"canonical\" href=\"https:\/\/www.asajacyl.com\/palencia\/asaja-palencia-informa\/las-conclusiones-del-consejo-sobre-la-captura-de-carbono-en-suelos-agricolas\" \/>\n<meta property=\"og:locale\" content=\"es_ES\" \/>\n<meta property=\"og:type\" content=\"article\" \/>\n<meta property=\"og:title\" content=\"Las conclusiones del Consejo sobre la captura de carbono en suelos agr\u00edcolas - ASAJA Palencia\" \/>\n<meta property=\"og:description\" content=\"El Copa y la Cogeca aplauden que el Consejo de Agricultura y Pesca aprobara en su \u00faltima reuni\u00f3n las Conclusiones del Consejo sobre la Comunicaci\u00f3n de la\" \/>\n<meta property=\"og:url\" content=\"https:\/\/www.asajacyl.com\/palencia\/asaja-palencia-informa\/las-conclusiones-del-consejo-sobre-la-captura-de-carbono-en-suelos-agricolas\" \/>\n<meta property=\"og:site_name\" content=\"ASAJA Palencia\" \/>\n<meta property=\"article:published_time\" content=\"2022-04-17T08:29:00+00:00\" \/>\n<meta property=\"og:image\" content=\"https:\/\/www.asajacyl.com\/palencia\/wp-content\/uploads\/sites\/3\/2022\/04\/IMG_20220409_123958.jpg\" \/>\n\t<meta property=\"og:image:width\" content=\"2500\" \/>\n\t<meta property=\"og:image:height\" content=\"1405\" \/>\n\t<meta property=\"og:image:type\" content=\"image\/jpeg\" \/>\n<meta name=\"author\" content=\"Administrador\" \/>\n<meta name=\"twitter:card\" content=\"summary_large_image\" \/>\n<meta name=\"twitter:label1\" content=\"Escrito por\" \/>\n\t<meta name=\"twitter:data1\" content=\"Administrador\" \/>\n\t<meta name=\"twitter:label2\" content=\"Tiempo de lectura\" \/>\n\t<meta name=\"twitter:data2\" content=\"3 minutos\" \/>\n<script type=\"application\/ld+json\" class=\"yoast-schema-graph\">{\"@context\":\"https:\/\/schema.org\",\"@graph\":[{\"@type\":\"WebPage\",\"@id\":\"https:\/\/www.asajacyl.com\/palencia\/asaja-palencia-informa\/las-conclusiones-del-consejo-sobre-la-captura-de-carbono-en-suelos-agricolas\",\"url\":\"https:\/\/www.asajacyl.com\/palencia\/asaja-palencia-informa\/las-conclusiones-del-consejo-sobre-la-captura-de-carbono-en-suelos-agricolas\",\"name\":\"Las conclusiones del Consejo sobre la captura de carbono en suelos agr\u00edcolas - ASAJA Palencia\",\"isPartOf\":{\"@id\":\"https:\/\/www.asajacyl.com\/palencia\/#website\"},\"primaryImageOfPage\":{\"@id\":\"https:\/\/www.asajacyl.com\/palencia\/asaja-palencia-informa\/las-conclusiones-del-consejo-sobre-la-captura-de-carbono-en-suelos-agricolas#primaryimage\"},\"image\":{\"@id\":\"https:\/\/www.asajacyl.com\/palencia\/asaja-palencia-informa\/las-conclusiones-del-consejo-sobre-la-captura-de-carbono-en-suelos-agricolas#primaryimage\"},\"thumbnailUrl\":\"https:\/\/www.asajacyl.com\/palencia\/wp-content\/uploads\/sites\/3\/2022\/04\/IMG_20220409_123958.jpg\",\"datePublished\":\"2022-04-17T08:29:00+00:00\",\"author\":{\"@id\":\"https:\/\/www.asajacyl.com\/palencia\/#\/schema\/person\/3ab17aeb03527485c317557fae64aab1\"},\"description\":\"El Copa y la Cogeca aplauden que el Consejo de Agricultura y Pesca aprobara en su \u00faltima reuni\u00f3n las Conclusiones del Consejo sobre la Comunicaci\u00f3n de la\",\"breadcrumb\":{\"@id\":\"https:\/\/www.asajacyl.com\/palencia\/asaja-palencia-informa\/las-conclusiones-del-consejo-sobre-la-captura-de-carbono-en-suelos-agricolas#breadcrumb\"},\"inLanguage\":\"es\",\"potentialAction\":[{\"@type\":\"ReadAction\",\"target\":[\"https:\/\/www.asajacyl.com\/palencia\/asaja-palencia-informa\/las-conclusiones-del-consejo-sobre-la-captura-de-carbono-en-suelos-agricolas\"]}]},{\"@type\":\"ImageObject\",\"inLanguage\":\"es\",\"@id\":\"https:\/\/www.asajacyl.com\/palencia\/asaja-palencia-informa\/las-conclusiones-del-consejo-sobre-la-captura-de-carbono-en-suelos-agricolas#primaryimage\",\"url\":\"https:\/\/www.asajacyl.com\/palencia\/wp-content\/uploads\/sites\/3\/2022\/04\/IMG_20220409_123958.jpg\",\"contentUrl\":\"https:\/\/www.asajacyl.com\/palencia\/wp-content\/uploads\/sites\/3\/2022\/04\/IMG_20220409_123958.jpg\",\"width\":2500,\"height\":1405},{\"@type\":\"BreadcrumbList\",\"@id\":\"https:\/\/www.asajacyl.com\/palencia\/asaja-palencia-informa\/las-conclusiones-del-consejo-sobre-la-captura-de-carbono-en-suelos-agricolas#breadcrumb\",\"itemListElement\":[{\"@type\":\"ListItem\",\"position\":1,\"name\":\"Portada\",\"item\":\"https:\/\/www.asajacyl.com\/palencia\/\"},{\"@type\":\"ListItem\",\"position\":2,\"name\":\"Las conclusiones del Consejo sobre la captura de carbono en suelos agr\u00edcolas\"}]},{\"@type\":\"WebSite\",\"@id\":\"https:\/\/www.asajacyl.com\/palencia\/#website\",\"url\":\"https:\/\/www.asajacyl.com\/palencia\/\",\"name\":\"ASAJA Palencia\",\"description\":\"Otro sitio m\u00e1s de Provincias ASAJA Castilla y Le\u00f3n\",\"potentialAction\":[{\"@type\":\"SearchAction\",\"target\":{\"@type\":\"EntryPoint\",\"urlTemplate\":\"https:\/\/www.asajacyl.com\/palencia\/?s={search_term_string}\"},\"query-input\":{\"@type\":\"PropertyValueSpecification\",\"valueRequired\":true,\"valueName\":\"search_term_string\"}}],\"inLanguage\":\"es\"},{\"@type\":\"Person\",\"@id\":\"https:\/\/www.asajacyl.com\/palencia\/#\/schema\/person\/3ab17aeb03527485c317557fae64aab1\",\"name\":\"Administrador\",\"image\":{\"@type\":\"ImageObject\",\"inLanguage\":\"es\",\"@id\":\"https:\/\/www.asajacyl.com\/palencia\/#\/schema\/person\/image\/\",\"url\":\"https:\/\/secure.gravatar.com\/avatar\/517384810d242ca9e38c180f3c9fb973?s=96&d=mm&r=g\",\"contentUrl\":\"https:\/\/secure.gravatar.com\/avatar\/517384810d242ca9e38c180f3c9fb973?s=96&d=mm&r=g\",\"caption\":\"Administrador\"},\"url\":\"https:\/\/www.asajacyl.com\/palencia\/author\/carlosrm\"}]}<\/script>\n<!-- \/ Yoast SEO plugin. -->","yoast_head_json":{"title":"Las conclusiones del Consejo sobre la captura de carbono en suelos agr\u00edcolas - ASAJA Palencia","description":"El Copa y la Cogeca aplauden que el Consejo de Agricultura y Pesca aprobara en su \u00faltima reuni\u00f3n las Conclusiones del Consejo sobre la Comunicaci\u00f3n de la","robots":{"index":"index","follow":"follow","max-snippet":"max-snippet:-1","max-image-preview":"max-image-preview:large","max-video-preview":"max-video-preview:-1"},"canonical":"https:\/\/www.asajacyl.com\/palencia\/asaja-palencia-informa\/las-conclusiones-del-consejo-sobre-la-captura-de-carbono-en-suelos-agricolas","og_locale":"es_ES","og_type":"article","og_title":"Las conclusiones del Consejo sobre la captura de carbono en suelos agr\u00edcolas - ASAJA Palencia","og_description":"El Copa y la Cogeca aplauden que el Consejo de Agricultura y Pesca aprobara en su \u00faltima reuni\u00f3n las Conclusiones del Consejo sobre la Comunicaci\u00f3n de la","og_url":"https:\/\/www.asajacyl.com\/palencia\/asaja-palencia-informa\/las-conclusiones-del-consejo-sobre-la-captura-de-carbono-en-suelos-agricolas","og_site_name":"ASAJA Palencia","article_published_time":"2022-04-17T08:29:00+00:00","og_image":[{"width":2500,"height":1405,"url":"https:\/\/www.asajacyl.com\/palencia\/wp-content\/uploads\/sites\/3\/2022\/04\/IMG_20220409_123958.jpg","type":"image\/jpeg"}],"author":"Administrador","twitter_card":"summary_large_image","twitter_misc":{"Escrito por":"Administrador","Tiempo de lectura":"3 minutos"},"schema":{"@context":"https:\/\/schema.org","@graph":[{"@type":"WebPage","@id":"https:\/\/www.asajacyl.com\/palencia\/asaja-palencia-informa\/las-conclusiones-del-consejo-sobre-la-captura-de-carbono-en-suelos-agricolas","url":"https:\/\/www.asajacyl.com\/palencia\/asaja-palencia-informa\/las-conclusiones-del-consejo-sobre-la-captura-de-carbono-en-suelos-agricolas","name":"Las conclusiones del Consejo sobre la captura de carbono en suelos agr\u00edcolas - ASAJA Palencia","isPartOf":{"@id":"https:\/\/www.asajacyl.com\/palencia\/#website"},"primaryImageOfPage":{"@id":"https:\/\/www.asajacyl.com\/palencia\/asaja-palencia-informa\/las-conclusiones-del-consejo-sobre-la-captura-de-carbono-en-suelos-agricolas#primaryimage"},"image":{"@id":"https:\/\/www.asajacyl.com\/palencia\/asaja-palencia-informa\/las-conclusiones-del-consejo-sobre-la-captura-de-carbono-en-suelos-agricolas#primaryimage"},"thumbnailUrl":"https:\/\/www.asajacyl.com\/palencia\/wp-content\/uploads\/sites\/3\/2022\/04\/IMG_20220409_123958.jpg","datePublished":"2022-04-17T08:29:00+00:00","author":{"@id":"https:\/\/www.asajacyl.com\/palencia\/#\/schema\/person\/3ab17aeb03527485c317557fae64aab1"},"description":"El Copa y la Cogeca aplauden que el Consejo de Agricultura y Pesca aprobara en su \u00faltima reuni\u00f3n las Conclusiones del Consejo sobre la Comunicaci\u00f3n de la","breadcrumb":{"@id":"https:\/\/www.asajacyl.com\/palencia\/asaja-palencia-informa\/las-conclusiones-del-consejo-sobre-la-captura-de-carbono-en-suelos-agricolas#breadcrumb"},"inLanguage":"es","potentialAction":[{"@type":"ReadAction","target":["https:\/\/www.asajacyl.com\/palencia\/asaja-palencia-informa\/las-conclusiones-del-consejo-sobre-la-captura-de-carbono-en-suelos-agricolas"]}]},{"@type":"ImageObject","inLanguage":"es","@id":"https:\/\/www.asajacyl.com\/palencia\/asaja-palencia-informa\/las-conclusiones-del-consejo-sobre-la-captura-de-carbono-en-suelos-agricolas#primaryimage","url":"https:\/\/www.asajacyl.com\/palencia\/wp-content\/uploads\/sites\/3\/2022\/04\/IMG_20220409_123958.jpg","contentUrl":"https:\/\/www.asajacyl.com\/palencia\/wp-content\/uploads\/sites\/3\/2022\/04\/IMG_20220409_123958.jpg","width":2500,"height":1405},{"@type":"BreadcrumbList","@id":"https:\/\/www.asajacyl.com\/palencia\/asaja-palencia-informa\/las-conclusiones-del-consejo-sobre-la-captura-de-carbono-en-suelos-agricolas#breadcrumb","itemListElement":[{"@type":"ListItem","position":1,"name":"Portada","item":"https:\/\/www.asajacyl.com\/palencia\/"},{"@type":"ListItem","position":2,"name":"Las conclusiones del Consejo sobre la captura de carbono en suelos agr\u00edcolas"}]},{"@type":"WebSite","@id":"https:\/\/www.asajacyl.com\/palencia\/#website","url":"https:\/\/www.asajacyl.com\/palencia\/","name":"ASAJA Palencia","description":"Otro sitio m\u00e1s de Provincias ASAJA Castilla y Le\u00f3n","potentialAction":[{"@type":"SearchAction","target":{"@type":"EntryPoint","urlTemplate":"https:\/\/www.asajacyl.com\/palencia\/?s={search_term_string}"},"query-input":{"@type":"PropertyValueSpecification","valueRequired":true,"valueName":"search_term_string"}}],"inLanguage":"es"},{"@type":"Person","@id":"https:\/\/www.asajacyl.com\/palencia\/#\/schema\/person\/3ab17aeb03527485c317557fae64aab1","name":"Administrador","image":{"@type":"ImageObject","inLanguage":"es","@id":"https:\/\/www.asajacyl.com\/palencia\/#\/schema\/person\/image\/","url":"https:\/\/secure.gravatar.com\/avatar\/517384810d242ca9e38c180f3c9fb973?s=96&d=mm&r=g","contentUrl":"https:\/\/secure.gravatar.com\/avatar\/517384810d242ca9e38c180f3c9fb973?s=96&d=mm&r=g","caption":"Administrador"},"url":"https:\/\/www.asajacyl.com\/palencia\/author\/carlosrm"}]}},"_links":{"self":[{"href":"https:\/\/www.asajacyl.com\/palencia\/wp-json\/wp\/v2\/posts\/10231"}],"collection":[{"href":"https:\/\/www.asajacyl.com\/palencia\/wp-json\/wp\/v2\/posts"}],"about":[{"href":"https:\/\/www.asajacyl.com\/palencia\/wp-json\/wp\/v2\/types\/post"}],"author":[{"embeddable":true,"href":"https:\/\/www.asajacyl.com\/palencia\/wp-json\/wp\/v2\/users\/9"}],"replies":[{"embeddable":true,"href":"https:\/\/www.asajacyl.com\/palencia\/wp-json\/wp\/v2\/comments?post=10231"}],"version-history":[{"count":1,"href":"https:\/\/www.asajacyl.com\/palencia\/wp-json\/wp\/v2\/posts\/10231\/revisions"}],"predecessor-version":[{"id":10233,"href":"https:\/\/www.asajacyl.com\/palencia\/wp-json\/wp\/v2\/posts\/10231\/revisions\/10233"}],"wp:featuredmedia":[{"embeddable":true,"href":"https:\/\/www.asajacyl.com\/palencia\/wp-json\/wp\/v2\/media\/10232"}],"wp:attachment":[{"href":"https:\/\/www.asajacyl.com\/palencia\/wp-json\/wp\/v2\/media?parent=10231"}],"wp:term":[{"taxonomy":"category","embeddable":true,"href":"https:\/\/www.asajacyl.com\/palencia\/wp-json\/wp\/v2\/categories?post=10231"},{"taxonomy":"post_tag","embeddable":true,"href":"https:\/\/www.asajacyl.com\/palencia\/wp-json\/wp\/v2\/tags?post=10231"}],"curies":[{"name":"wp","href":"https:\/\/api.w.org\/{rel}","templated":true}]}}