{"id":10245,"date":"2022-04-16T10:17:00","date_gmt":"2022-04-16T08:17:00","guid":{"rendered":"https:\/\/www.asajacyl.com\/palencia\/?p=10245"},"modified":"2022-04-12T10:34:28","modified_gmt":"2022-04-12T08:34:28","slug":"la-primera-respuesta-de-la-comision-ante-la-crisis-del-mercado-de-los-fertilizantes-carece-de-acciones-concretas-a-corto-plazo","status":"publish","type":"post","link":"https:\/\/www.asajacyl.com\/palencia\/asaja-palencia-informa\/la-primera-respuesta-de-la-comision-ante-la-crisis-del-mercado-de-los-fertilizantes-carece-de-acciones-concretas-a-corto-plazo","title":{"rendered":"La primera respuesta de la Comisi\u00f3n ante la crisis del mercado de los fertilizantes carece de acciones concretas a corto plazo"},"content":{"rendered":"\n<p><strong><em>Tim Cullinan, presidente de la IFA (Irish Farmers Association), primer vicepresidente del Copa y productor de porcino de Tipperary (Irlanda)<\/em><\/strong><\/p>\n\n\n\n<p>La invasi\u00f3n rusa de Ucrania ha perturbado numerosos mercados y cadenas de valor a nivel mundial. Adem\u00e1s de los productos energ\u00e9ticos y agr\u00edcolas que se han analizado y comentado ampliamente, hay otro mercado en el que la guerra est\u00e1 teniendo un gran impacto en la agricultura europea: los fertilizantes.<\/p>\n\n\n\n<p><strong>Las crisis en el mercado de los fertilizantes difieren en su naturaleza, si bien los efectos para los agricultores son acumulativos<\/strong><\/p>\n\n\n\n<p>Los fertilizantes constituyen un insumo importante en la producci\u00f3n de cultivos, especialmente en los cereales, las oleaginosas y las proteaginosas, donde sol\u00edan representar el 17% de la facturaci\u00f3n global y el 42% de los costes espec\u00edficos. Esto fue as\u00ed hasta 2021, cuando se produjo una primera crisis: una crisis de demanda a ra\u00edz de la recuperaci\u00f3n mundial post-pand\u00e9mica. En este sentido, el precio al por mayor de la UE para la soluci\u00f3n de nitr\u00f3geno experiment\u00f3 una subida del 250% entre enero de 2021 y febrero de 2022. A pesar de las dificultades del mercado, los agricultores de la UE han podido abastecerse de la mayor parte de los fertilizantes necesarios para esta campa\u00f1a. Sin embargo, el precio extra que hemos tenido que pagar no se ha visto compensado por el moderado aumento del precio de los cereales que se da desde mediados de 2021. Todos mis colegas europeos est\u00e1n ahora preocupados, ya que es probable que sus ingresos para la campa\u00f1a de 2022 se reduzcan dr\u00e1sticamente.<\/p>\n\n\n\n<figure class=\"wp-block-image size-full is-resized\"><img loading=\"lazy\" decoding=\"async\" src=\"https:\/\/www.asajacyl.com\/palencia\/wp-content\/uploads\/sites\/3\/2022\/04\/image-1.jpg\" alt=\"\" class=\"wp-image-10247\" width=\"1047\" height=\"782\" srcset=\"https:\/\/www.asajacyl.com\/palencia\/wp-content\/uploads\/sites\/3\/2022\/04\/image-1.jpg 1012w, https:\/\/www.asajacyl.com\/palencia\/wp-content\/uploads\/sites\/3\/2022\/04\/image-1-300x224.jpg 300w, https:\/\/www.asajacyl.com\/palencia\/wp-content\/uploads\/sites\/3\/2022\/04\/image-1-768x573.jpg 768w, https:\/\/www.asajacyl.com\/palencia\/wp-content\/uploads\/sites\/3\/2022\/04\/image-1-696x519.jpg 696w, https:\/\/www.asajacyl.com\/palencia\/wp-content\/uploads\/sites\/3\/2022\/04\/image-1-563x420.jpg 563w, https:\/\/www.asajacyl.com\/palencia\/wp-content\/uploads\/sites\/3\/2022\/04\/image-1-80x60.jpg 80w\" sizes=\"(max-width: 1047px) 100vw, 1047px\" \/><\/figure>\n\n\n\n<p>Desde la invasi\u00f3n rusa el 24 de febrero, los mercados de fertilizantes asisten a una nueva crisis, esta vez una crisis de suministro. Han cesado las exportaciones de fertilizantes desde Rusia, Bielorrusia y Ucrania. Como la UE depende de las importaciones de fertilizantes y los tres pa\u00edses juntos representan el 43% de nuestras importaciones de fertilizantes, los precios han dado otro salto a niveles sin precedentes, muy por encima de los ya elevados precios de antes de la guerra. El precio de la soluci\u00f3n nitrogenada est\u00e1 ahora un 370% por encima del nivel de enero de 2021. Y lo peor est\u00e1 por llegar, ya que se espera una escasez de suministro en la pr\u00f3xima temporada que comienza en mayo. Una fertilizaci\u00f3n insuficiente supondr\u00e1 una p\u00e9rdida de rendimiento en la pr\u00f3xima cosecha.<\/p>\n\n\n\n<figure class=\"wp-block-image size-full\"><img loading=\"lazy\" decoding=\"async\" width=\"1004\" height=\"729\" src=\"https:\/\/www.asajacyl.com\/palencia\/wp-content\/uploads\/sites\/3\/2022\/04\/image-1-1.jpg\" alt=\"\" class=\"wp-image-10248\" srcset=\"https:\/\/www.asajacyl.com\/palencia\/wp-content\/uploads\/sites\/3\/2022\/04\/image-1-1.jpg 1004w, https:\/\/www.asajacyl.com\/palencia\/wp-content\/uploads\/sites\/3\/2022\/04\/image-1-1-300x218.jpg 300w, https:\/\/www.asajacyl.com\/palencia\/wp-content\/uploads\/sites\/3\/2022\/04\/image-1-1-768x558.jpg 768w, https:\/\/www.asajacyl.com\/palencia\/wp-content\/uploads\/sites\/3\/2022\/04\/image-1-1-696x505.jpg 696w, https:\/\/www.asajacyl.com\/palencia\/wp-content\/uploads\/sites\/3\/2022\/04\/image-1-1-578x420.jpg 578w, https:\/\/www.asajacyl.com\/palencia\/wp-content\/uploads\/sites\/3\/2022\/04\/image-1-1-324x235.jpg 324w\" sizes=\"(max-width: 1004px) 100vw, 1004px\" \/><\/figure>\n\n\n\n<p><strong>Una respuesta europea que aporta pocas soluciones a corto plazo<\/strong><\/p>\n\n\n\n<p>Desde el 24 de febrero, las autoridades europeas han sido bastante activas en lo que respecta a la crisis que afecta al mercado de la energ\u00eda y los cereales. El 5 de marzo, la Comisi\u00f3n Europea public\u00f3 el plan REPowerEU, que aborda los mercados del petr\u00f3leo, del gas y de la electricidad, y propone medidas a corto y largo plazo. Asimismo, el 23 de marzo, la Comisi\u00f3n public\u00f3 su Comunicaci\u00f3n sobre seguridad alimentaria, que incluye medidas inmediatas y a largo plazo destinadas a aumentar la producci\u00f3n de alimentos de la UE y apoyar a los ganaderos y agricultores afectados por los altos precios de los insumos.<\/p>\n\n\n\n<p>Sin embargo, hasta ahora Europa se ha quedado corta a la hora de abordar el aumento de los precios de los fertilizantes en la UE o el riesgo de escasez de los mismos, que se refiere esencialmente a la urea, las soluciones nitrogenadas, los fosfatos y la potasa. Aparte de los objetivos a largo plazo para reducir la dependencia de la UE del gas y de los fertilizantes importados y de las ayudas directas a los agricultores y a la industria de los fertilizantes a corto plazo, la comunicaci\u00f3n de la Comisi\u00f3n Europea no trata los desequilibrios estructurales que existen en el mercado de los fertilizantes. La comunidad agr\u00edcola de la UE lleva a\u00f1os pidiendo un cambio. Existen soluciones pol\u00edticas inmediatas a nivel comunitario que podr\u00edan ponerse en marcha para aliviar la presi\u00f3n sobre los mercados de fertilizantes de la UE.<\/p>\n\n\n\n<p><strong>Nitr\u00f3geno: <\/strong>Aunque la Uni\u00f3n Europea es autosuficiente en nitrato de amonio, las importaciones en la UE representan el 36% del consumo de urea y el 30% de la soluci\u00f3n nitrogenada. Adem\u00e1s, el 34% de las importaciones de urea proced\u00edan de Rusia, Bielorrusia y Ucrania, mientras que en el caso de la soluci\u00f3n de nitr\u00f3geno el porcentaje era del 45%, lo que supone un alto riesgo de escasez en los pr\u00f3ximos meses. El mercado de nitr\u00f3geno de la Uni\u00f3n est\u00e1 protegido por unos derechos de importaci\u00f3n del 6,5%, lo cual se ve agravado por los impuestos antidumping espec\u00edficos que afectan a la soluci\u00f3n de nitr\u00f3geno de dos de los principales exportadores mundiales: Trinidad y Tobago y Estados Unidos. Como consecuencia, los proveedores tienen un claro incentivo para abastecer otros mercados en lugar de Europa. Para evitar la escasez, la UE debe suspender urgentemente los derechos de importaci\u00f3n y antidumping sobre la urea y las soluciones nitrogenadas. Otras medidas complementarias a corto plazo deber\u00edan incluir la garant\u00eda de los flujos de productos de los exportadores vecinos (especialmente la urea de Egipto y Argelia), la concesi\u00f3n de flexibilidad en los documentos de importaci\u00f3n relacionados con REACH, y la promoci\u00f3n del uso de fertilizantes complementados con inhibidores de la ureasa y la nitrificaci\u00f3n que mejoran la eficiencia, permitiendo a los agricultores utilizar un 15% menos de nitr\u00f3geno por t\u00e9rmino medio.<\/p>\n\n\n\n<p><strong>Fosfatos y potasa:<\/strong> Las importaciones representan la mayor parte del consumo de la UE de roca fosf\u00f3rica y potasa, y el 33% de las importaciones de roca fosf\u00f3rica sol\u00edan proceder de Rusia, Bielorrusia y Ucrania, mientras que el porcentaje era del 54% en el caso de la potasa. Esto tambi\u00e9n conlleva un alto riesgo de escasez de suministro de cara a la campa\u00f1a 2022-2023. Dado que las importaciones de la UE est\u00e1n libres de impuestos, las acciones urgentes incluyen asegurar el suministro de pa\u00edses exportadores alternativos (Marruecos, Argelia, Egipto, Israel, Senegal y Sud\u00e1frica para los fosfatos\u037e Canad\u00e1, Israel y Chile para la potasa), as\u00ed como retrasar la aplicaci\u00f3n del Reglamento Europeo de Comercializaci\u00f3n de Fertilizantes que impedir\u00eda el acceso o generar\u00eda mayores costes para acceder a los fosfatos del norte de \u00c1frica en comparaci\u00f3n con otros usuarios como Brasil.<\/p>\n\n\n\n<p><strong>Abonos org\u00e1nicos:<\/strong> Los agricultores no s\u00f3lo utilizan abonos minerales, sino que tambi\u00e9n producen y utilizan abonos org\u00e1nicos, como paja, esti\u00e9rcol y digestato de plantas de biog\u00e1s. La Directiva sobre los nitratos establece l\u00edmites para el nitr\u00f3geno procedente del esti\u00e9rcol que puede aplicarse anualmente en 170 kg\/ha, lo que conduce a una distinci\u00f3n injustificada entre la materia org\u00e1nica procedente del esti\u00e9rcol del ganado y otras fuentes org\u00e1nicas.<\/p>\n\n\n\n<p><strong>Reducir la dependencia de las importaciones de fertilizantes: un objetivo compartido a medio plazo<\/strong><\/p>\n\n\n\n<p>A medio plazo, Europa deber\u00eda esforzarse para reducir su dependencia de las importaciones de fertilizantes, como se menciona acertadamente en la Comunicaci\u00f3n de la Comisi\u00f3n del 23 de marzo. Existen medidas destinadas tanto a disminuir el consumo como a desarrollar las fuentes europeas de abonos, pero tardar\u00e1n en establecerse. Estamos de acuerdo con la Comisi\u00f3n Europea en que la limitaci\u00f3n de las necesidades de nitr\u00f3geno debe lograrse mediante un amplio desarrollo de la tecnolog\u00eda de la agricultura de precisi\u00f3n, al tiempo que se utilizan variedades de plantas y leguminosas m\u00e1s eficientes (y quiz\u00e1s otros cultivos en el futuro) que puedan realizar la fijaci\u00f3n simbi\u00f3tica del nitr\u00f3geno desde el aire.<\/p>\n\n\n\n<p>En cuanto a la oferta, Europa deber\u00eda acelerar el desarrollo de fertilizantes minerales nitrogenados producidos a partir de hidr\u00f3geno verde local, as\u00ed como mejorar el reciclaje de nutrientes a partir de fuentes org\u00e1nicas locales (esti\u00e9rcol de ganado, biocarb\u00f3n, residuos, etc.).<\/p>\n\n\n\n<p>Por otra parte, algunas regiones tienen excedentes de materia org\u00e1nica, mientras que otras son deficitarias. Es esencial ofrecer m\u00e1s incentivos para apoyar las inversiones en el reciclaje de nutrientes en la materia org\u00e1nica y el esti\u00e9rcol y romper las barreras administrativas para facilitar el suministro de materia org\u00e1nica desde las regiones con excedentes a las deficitarias de la UE. Por ejemplo, cuando los digestatos son alterados de alguna manera, como el compostaje o la separaci\u00f3n l\u00edquido-s\u00f3lido, vuelven a ser considerados como residuos y no como material componente de producto fertilizante que entra en el \u00e1mbito de aplicaci\u00f3n del Reglamento comunitario de Productos Fertilizantes, lo que va en contra de una correcta gesti\u00f3n de este tipo de material y de la econom\u00eda circular.<\/p>\n\n\n\n<p>La elaboraci\u00f3n de una pol\u00edtica europea de fertilizantes a largo plazo es un paso clave para limitar nuestra dependencia de los insumos agr\u00edcolas importados, aumentar la resistencia de la cadena alimentaria y mejorar la seguridad alimentaria mundial. Sin embargo, los responsables de la toma de decisiones tambi\u00e9n deben hacer frente a las amenazas a corto plazo y tomar medidas inmediatas y de emergencia para facilitar las importaciones de fertilizantes y evitar la previsible escasez de este insumo cr\u00edtico en los pr\u00f3ximos meses.<\/p>\n\n\n\n<div class=\"wp-block-image\"><figure class=\"aligncenter\"><img decoding=\"async\" src=\"https:\/\/external-content.duckduckgo.com\/iu\/?u=https%3A%2F%2Fwww.tipperarylive.ie%2Fresizer%2F750%2F563%2Ftrue%2FGN4_DAT_14685001.jpg--ifa_president_tim_cullinan_slams_tiktok_users_recording_pranks_with_farm_machinery.jpg&amp;f=1&amp;nofb=1\" alt=\"IFA president Tim Cullinan slams Tiktok users recording ...\" \/><\/figure><\/div>\n","protected":false},"excerpt":{"rendered":"<p>Tim Cullinan, presidente de la IFA (Irish Farmers Association), primer vicepresidente del Copa y productor de porcino de Tipperary (Irlanda) La invasi\u00f3n rusa de Ucrania ha perturbado numerosos mercados y cadenas de valor a nivel mundial. Adem\u00e1s de los productos energ\u00e9ticos y agr\u00edcolas que se han analizado y comentado ampliamente, hay otro mercado en el [&hellip;]<\/p>\n","protected":false},"author":9,"featured_media":10247,"comment_status":"open","ping_status":"open","sticky":false,"template":"","format":"standard","meta":{"footnotes":""},"categories":[9,29,28],"tags":[],"yoast_head":"<!-- This site is optimized with the Yoast SEO plugin v24.5 - https:\/\/yoast.com\/wordpress\/plugins\/seo\/ -->\n<title>La primera respuesta de la Comisi\u00f3n ante la crisis del mercado de los fertilizantes carece de acciones concretas a corto plazo - ASAJA Palencia<\/title>\n<meta name=\"description\" content=\"Tim Cullinan, presidente de la IFA (Irish Farmers Association), primer vicepresidente del Copa y productor de porcino de Tipperary (Irlanda) La invasi\u00f3n\" \/>\n<meta name=\"robots\" content=\"index, follow, max-snippet:-1, max-image-preview:large, max-video-preview:-1\" \/>\n<link rel=\"canonical\" href=\"https:\/\/www.asajacyl.com\/palencia\/asaja-palencia-informa\/la-primera-respuesta-de-la-comision-ante-la-crisis-del-mercado-de-los-fertilizantes-carece-de-acciones-concretas-a-corto-plazo\" \/>\n<meta property=\"og:locale\" content=\"es_ES\" \/>\n<meta property=\"og:type\" content=\"article\" \/>\n<meta property=\"og:title\" content=\"La primera respuesta de la Comisi\u00f3n ante la crisis del mercado de los fertilizantes carece de acciones concretas a corto plazo - ASAJA Palencia\" \/>\n<meta property=\"og:description\" content=\"Tim Cullinan, presidente de la IFA (Irish Farmers Association), primer vicepresidente del Copa y productor de porcino de Tipperary (Irlanda) La invasi\u00f3n\" \/>\n<meta property=\"og:url\" content=\"https:\/\/www.asajacyl.com\/palencia\/asaja-palencia-informa\/la-primera-respuesta-de-la-comision-ante-la-crisis-del-mercado-de-los-fertilizantes-carece-de-acciones-concretas-a-corto-plazo\" \/>\n<meta property=\"og:site_name\" content=\"ASAJA Palencia\" \/>\n<meta property=\"article:published_time\" content=\"2022-04-16T08:17:00+00:00\" \/>\n<meta property=\"og:image\" content=\"https:\/\/www.asajacyl.com\/palencia\/wp-content\/uploads\/sites\/3\/2022\/04\/image-1.jpg\" \/>\n\t<meta property=\"og:image:width\" content=\"1012\" \/>\n\t<meta property=\"og:image:height\" content=\"755\" \/>\n\t<meta property=\"og:image:type\" content=\"image\/jpeg\" \/>\n<meta name=\"author\" content=\"Administrador\" \/>\n<meta name=\"twitter:card\" content=\"summary_large_image\" \/>\n<meta name=\"twitter:label1\" content=\"Escrito por\" \/>\n\t<meta name=\"twitter:data1\" content=\"Administrador\" \/>\n\t<meta name=\"twitter:label2\" content=\"Tiempo de lectura\" \/>\n\t<meta name=\"twitter:data2\" content=\"8 minutos\" \/>\n<script type=\"application\/ld+json\" class=\"yoast-schema-graph\">{\"@context\":\"https:\/\/schema.org\",\"@graph\":[{\"@type\":\"WebPage\",\"@id\":\"https:\/\/www.asajacyl.com\/palencia\/asaja-palencia-informa\/la-primera-respuesta-de-la-comision-ante-la-crisis-del-mercado-de-los-fertilizantes-carece-de-acciones-concretas-a-corto-plazo\",\"url\":\"https:\/\/www.asajacyl.com\/palencia\/asaja-palencia-informa\/la-primera-respuesta-de-la-comision-ante-la-crisis-del-mercado-de-los-fertilizantes-carece-de-acciones-concretas-a-corto-plazo\",\"name\":\"La primera respuesta de la Comisi\u00f3n ante la crisis del mercado de los fertilizantes carece de acciones concretas a corto plazo - ASAJA Palencia\",\"isPartOf\":{\"@id\":\"https:\/\/www.asajacyl.com\/palencia\/#website\"},\"primaryImageOfPage\":{\"@id\":\"https:\/\/www.asajacyl.com\/palencia\/asaja-palencia-informa\/la-primera-respuesta-de-la-comision-ante-la-crisis-del-mercado-de-los-fertilizantes-carece-de-acciones-concretas-a-corto-plazo#primaryimage\"},\"image\":{\"@id\":\"https:\/\/www.asajacyl.com\/palencia\/asaja-palencia-informa\/la-primera-respuesta-de-la-comision-ante-la-crisis-del-mercado-de-los-fertilizantes-carece-de-acciones-concretas-a-corto-plazo#primaryimage\"},\"thumbnailUrl\":\"https:\/\/www.asajacyl.com\/palencia\/wp-content\/uploads\/sites\/3\/2022\/04\/image-1.jpg\",\"datePublished\":\"2022-04-16T08:17:00+00:00\",\"author\":{\"@id\":\"https:\/\/www.asajacyl.com\/palencia\/#\/schema\/person\/3ab17aeb03527485c317557fae64aab1\"},\"description\":\"Tim Cullinan, presidente de la IFA (Irish Farmers Association), primer vicepresidente del Copa y productor de porcino de Tipperary (Irlanda) La invasi\u00f3n\",\"breadcrumb\":{\"@id\":\"https:\/\/www.asajacyl.com\/palencia\/asaja-palencia-informa\/la-primera-respuesta-de-la-comision-ante-la-crisis-del-mercado-de-los-fertilizantes-carece-de-acciones-concretas-a-corto-plazo#breadcrumb\"},\"inLanguage\":\"es\",\"potentialAction\":[{\"@type\":\"ReadAction\",\"target\":[\"https:\/\/www.asajacyl.com\/palencia\/asaja-palencia-informa\/la-primera-respuesta-de-la-comision-ante-la-crisis-del-mercado-de-los-fertilizantes-carece-de-acciones-concretas-a-corto-plazo\"]}]},{\"@type\":\"ImageObject\",\"inLanguage\":\"es\",\"@id\":\"https:\/\/www.asajacyl.com\/palencia\/asaja-palencia-informa\/la-primera-respuesta-de-la-comision-ante-la-crisis-del-mercado-de-los-fertilizantes-carece-de-acciones-concretas-a-corto-plazo#primaryimage\",\"url\":\"https:\/\/www.asajacyl.com\/palencia\/wp-content\/uploads\/sites\/3\/2022\/04\/image-1.jpg\",\"contentUrl\":\"https:\/\/www.asajacyl.com\/palencia\/wp-content\/uploads\/sites\/3\/2022\/04\/image-1.jpg\",\"width\":1012,\"height\":755},{\"@type\":\"BreadcrumbList\",\"@id\":\"https:\/\/www.asajacyl.com\/palencia\/asaja-palencia-informa\/la-primera-respuesta-de-la-comision-ante-la-crisis-del-mercado-de-los-fertilizantes-carece-de-acciones-concretas-a-corto-plazo#breadcrumb\",\"itemListElement\":[{\"@type\":\"ListItem\",\"position\":1,\"name\":\"Portada\",\"item\":\"https:\/\/www.asajacyl.com\/palencia\/\"},{\"@type\":\"ListItem\",\"position\":2,\"name\":\"La primera respuesta de la Comisi\u00f3n ante la crisis del mercado de los fertilizantes carece de acciones concretas a corto plazo\"}]},{\"@type\":\"WebSite\",\"@id\":\"https:\/\/www.asajacyl.com\/palencia\/#website\",\"url\":\"https:\/\/www.asajacyl.com\/palencia\/\",\"name\":\"ASAJA Palencia\",\"description\":\"Otro sitio m\u00e1s de Provincias ASAJA Castilla y Le\u00f3n\",\"potentialAction\":[{\"@type\":\"SearchAction\",\"target\":{\"@type\":\"EntryPoint\",\"urlTemplate\":\"https:\/\/www.asajacyl.com\/palencia\/?s={search_term_string}\"},\"query-input\":{\"@type\":\"PropertyValueSpecification\",\"valueRequired\":true,\"valueName\":\"search_term_string\"}}],\"inLanguage\":\"es\"},{\"@type\":\"Person\",\"@id\":\"https:\/\/www.asajacyl.com\/palencia\/#\/schema\/person\/3ab17aeb03527485c317557fae64aab1\",\"name\":\"Administrador\",\"image\":{\"@type\":\"ImageObject\",\"inLanguage\":\"es\",\"@id\":\"https:\/\/www.asajacyl.com\/palencia\/#\/schema\/person\/image\/\",\"url\":\"https:\/\/secure.gravatar.com\/avatar\/517384810d242ca9e38c180f3c9fb973?s=96&d=mm&r=g\",\"contentUrl\":\"https:\/\/secure.gravatar.com\/avatar\/517384810d242ca9e38c180f3c9fb973?s=96&d=mm&r=g\",\"caption\":\"Administrador\"},\"url\":\"https:\/\/www.asajacyl.com\/palencia\/author\/carlosrm\"}]}<\/script>\n<!-- \/ Yoast SEO plugin. -->","yoast_head_json":{"title":"La primera respuesta de la Comisi\u00f3n ante la crisis del mercado de los fertilizantes carece de acciones concretas a corto plazo - ASAJA Palencia","description":"Tim Cullinan, presidente de la IFA (Irish Farmers Association), primer vicepresidente del Copa y productor de porcino de Tipperary (Irlanda) La invasi\u00f3n","robots":{"index":"index","follow":"follow","max-snippet":"max-snippet:-1","max-image-preview":"max-image-preview:large","max-video-preview":"max-video-preview:-1"},"canonical":"https:\/\/www.asajacyl.com\/palencia\/asaja-palencia-informa\/la-primera-respuesta-de-la-comision-ante-la-crisis-del-mercado-de-los-fertilizantes-carece-de-acciones-concretas-a-corto-plazo","og_locale":"es_ES","og_type":"article","og_title":"La primera respuesta de la Comisi\u00f3n ante la crisis del mercado de los fertilizantes carece de acciones concretas a corto plazo - ASAJA Palencia","og_description":"Tim Cullinan, presidente de la IFA (Irish Farmers Association), primer vicepresidente del Copa y productor de porcino de Tipperary (Irlanda) La invasi\u00f3n","og_url":"https:\/\/www.asajacyl.com\/palencia\/asaja-palencia-informa\/la-primera-respuesta-de-la-comision-ante-la-crisis-del-mercado-de-los-fertilizantes-carece-de-acciones-concretas-a-corto-plazo","og_site_name":"ASAJA Palencia","article_published_time":"2022-04-16T08:17:00+00:00","og_image":[{"width":1012,"height":755,"url":"https:\/\/www.asajacyl.com\/palencia\/wp-content\/uploads\/sites\/3\/2022\/04\/image-1.jpg","type":"image\/jpeg"}],"author":"Administrador","twitter_card":"summary_large_image","twitter_misc":{"Escrito por":"Administrador","Tiempo de lectura":"8 minutos"},"schema":{"@context":"https:\/\/schema.org","@graph":[{"@type":"WebPage","@id":"https:\/\/www.asajacyl.com\/palencia\/asaja-palencia-informa\/la-primera-respuesta-de-la-comision-ante-la-crisis-del-mercado-de-los-fertilizantes-carece-de-acciones-concretas-a-corto-plazo","url":"https:\/\/www.asajacyl.com\/palencia\/asaja-palencia-informa\/la-primera-respuesta-de-la-comision-ante-la-crisis-del-mercado-de-los-fertilizantes-carece-de-acciones-concretas-a-corto-plazo","name":"La primera respuesta de la Comisi\u00f3n ante la crisis del mercado de los fertilizantes carece de acciones concretas a corto plazo - ASAJA Palencia","isPartOf":{"@id":"https:\/\/www.asajacyl.com\/palencia\/#website"},"primaryImageOfPage":{"@id":"https:\/\/www.asajacyl.com\/palencia\/asaja-palencia-informa\/la-primera-respuesta-de-la-comision-ante-la-crisis-del-mercado-de-los-fertilizantes-carece-de-acciones-concretas-a-corto-plazo#primaryimage"},"image":{"@id":"https:\/\/www.asajacyl.com\/palencia\/asaja-palencia-informa\/la-primera-respuesta-de-la-comision-ante-la-crisis-del-mercado-de-los-fertilizantes-carece-de-acciones-concretas-a-corto-plazo#primaryimage"},"thumbnailUrl":"https:\/\/www.asajacyl.com\/palencia\/wp-content\/uploads\/sites\/3\/2022\/04\/image-1.jpg","datePublished":"2022-04-16T08:17:00+00:00","author":{"@id":"https:\/\/www.asajacyl.com\/palencia\/#\/schema\/person\/3ab17aeb03527485c317557fae64aab1"},"description":"Tim Cullinan, presidente de la IFA (Irish Farmers Association), primer vicepresidente del Copa y productor de porcino de Tipperary (Irlanda) La invasi\u00f3n","breadcrumb":{"@id":"https:\/\/www.asajacyl.com\/palencia\/asaja-palencia-informa\/la-primera-respuesta-de-la-comision-ante-la-crisis-del-mercado-de-los-fertilizantes-carece-de-acciones-concretas-a-corto-plazo#breadcrumb"},"inLanguage":"es","potentialAction":[{"@type":"ReadAction","target":["https:\/\/www.asajacyl.com\/palencia\/asaja-palencia-informa\/la-primera-respuesta-de-la-comision-ante-la-crisis-del-mercado-de-los-fertilizantes-carece-de-acciones-concretas-a-corto-plazo"]}]},{"@type":"ImageObject","inLanguage":"es","@id":"https:\/\/www.asajacyl.com\/palencia\/asaja-palencia-informa\/la-primera-respuesta-de-la-comision-ante-la-crisis-del-mercado-de-los-fertilizantes-carece-de-acciones-concretas-a-corto-plazo#primaryimage","url":"https:\/\/www.asajacyl.com\/palencia\/wp-content\/uploads\/sites\/3\/2022\/04\/image-1.jpg","contentUrl":"https:\/\/www.asajacyl.com\/palencia\/wp-content\/uploads\/sites\/3\/2022\/04\/image-1.jpg","width":1012,"height":755},{"@type":"BreadcrumbList","@id":"https:\/\/www.asajacyl.com\/palencia\/asaja-palencia-informa\/la-primera-respuesta-de-la-comision-ante-la-crisis-del-mercado-de-los-fertilizantes-carece-de-acciones-concretas-a-corto-plazo#breadcrumb","itemListElement":[{"@type":"ListItem","position":1,"name":"Portada","item":"https:\/\/www.asajacyl.com\/palencia\/"},{"@type":"ListItem","position":2,"name":"La primera respuesta de la Comisi\u00f3n ante la crisis del mercado de los fertilizantes carece de acciones concretas a corto plazo"}]},{"@type":"WebSite","@id":"https:\/\/www.asajacyl.com\/palencia\/#website","url":"https:\/\/www.asajacyl.com\/palencia\/","name":"ASAJA Palencia","description":"Otro sitio m\u00e1s de Provincias ASAJA Castilla y Le\u00f3n","potentialAction":[{"@type":"SearchAction","target":{"@type":"EntryPoint","urlTemplate":"https:\/\/www.asajacyl.com\/palencia\/?s={search_term_string}"},"query-input":{"@type":"PropertyValueSpecification","valueRequired":true,"valueName":"search_term_string"}}],"inLanguage":"es"},{"@type":"Person","@id":"https:\/\/www.asajacyl.com\/palencia\/#\/schema\/person\/3ab17aeb03527485c317557fae64aab1","name":"Administrador","image":{"@type":"ImageObject","inLanguage":"es","@id":"https:\/\/www.asajacyl.com\/palencia\/#\/schema\/person\/image\/","url":"https:\/\/secure.gravatar.com\/avatar\/517384810d242ca9e38c180f3c9fb973?s=96&d=mm&r=g","contentUrl":"https:\/\/secure.gravatar.com\/avatar\/517384810d242ca9e38c180f3c9fb973?s=96&d=mm&r=g","caption":"Administrador"},"url":"https:\/\/www.asajacyl.com\/palencia\/author\/carlosrm"}]}},"_links":{"self":[{"href":"https:\/\/www.asajacyl.com\/palencia\/wp-json\/wp\/v2\/posts\/10245"}],"collection":[{"href":"https:\/\/www.asajacyl.com\/palencia\/wp-json\/wp\/v2\/posts"}],"about":[{"href":"https:\/\/www.asajacyl.com\/palencia\/wp-json\/wp\/v2\/types\/post"}],"author":[{"embeddable":true,"href":"https:\/\/www.asajacyl.com\/palencia\/wp-json\/wp\/v2\/users\/9"}],"replies":[{"embeddable":true,"href":"https:\/\/www.asajacyl.com\/palencia\/wp-json\/wp\/v2\/comments?post=10245"}],"version-history":[{"count":1,"href":"https:\/\/www.asajacyl.com\/palencia\/wp-json\/wp\/v2\/posts\/10245\/revisions"}],"predecessor-version":[{"id":10249,"href":"https:\/\/www.asajacyl.com\/palencia\/wp-json\/wp\/v2\/posts\/10245\/revisions\/10249"}],"wp:featuredmedia":[{"embeddable":true,"href":"https:\/\/www.asajacyl.com\/palencia\/wp-json\/wp\/v2\/media\/10247"}],"wp:attachment":[{"href":"https:\/\/www.asajacyl.com\/palencia\/wp-json\/wp\/v2\/media?parent=10245"}],"wp:term":[{"taxonomy":"category","embeddable":true,"href":"https:\/\/www.asajacyl.com\/palencia\/wp-json\/wp\/v2\/categories?post=10245"},{"taxonomy":"post_tag","embeddable":true,"href":"https:\/\/www.asajacyl.com\/palencia\/wp-json\/wp\/v2\/tags?post=10245"}],"curies":[{"name":"wp","href":"https:\/\/api.w.org\/{rel}","templated":true}]}}