{"id":10250,"date":"2022-04-12T14:31:19","date_gmt":"2022-04-12T12:31:19","guid":{"rendered":"https:\/\/www.asajacyl.com\/palencia\/?p=10250"},"modified":"2022-04-12T14:31:21","modified_gmt":"2022-04-12T12:31:21","slug":"asaja-palencia-celebro-una-jornada-sobre-el-cultivo-del-carbono","status":"publish","type":"post","link":"https:\/\/www.asajacyl.com\/palencia\/asaja-palencia-informa\/asaja-palencia-celebro-una-jornada-sobre-el-cultivo-del-carbono","title":{"rendered":"ASAJA-Palencia celebr\u00f3 una jornada sobre el cultivo del carbono"},"content":{"rendered":"\n<p>En la mana\u00f1a de hoy se ha celebrado una jornada sobre el cultivo del carbono conseguido mediante la agricultura de conservaci\u00f3n. En ella, Felipe Cortines, de la empresa AGORO Carbon Alliance, ha detallado el proceso por el que la agricultura de conservaci\u00f3n es capaz de secuestrar carbono en el suelo.<\/p>\n\n\n\n<p>Seg\u00fan ha explicado Cortines, en 2023 se prev\u00e9 que sea publicada una Directiva europea que gestione el mercado de los cr\u00e9ditos de carbono (equivalentes cada uno de ellos a una tonelada de carbono) y en ese momento el mercado comenzar\u00e1 a ser una realidad por lo que ha llegado el momento de empezar con ello para no perder tiempo.<\/p>\n\n\n\n<p>Las empresas certificadoras ser\u00e1n las encargadas de certificar el carbono con que cuentan las parcelas en el momento en que se inicie el cambio a la agricultura de conservaci\u00f3n en las parcelas de las explotaciones y realizar\u00e1n nuevas valoraciones a\u00f1os despu\u00e9s, momento en que se podr\u00e1 certificar el secuestro del carbono en el suelo.<\/p>\n\n\n\n<p>El secuestro del carbono puede suponer un nuevo ingreso para las explotaciones y un incentivo para aquellos que quieran dar el paso hacia la agricultura de conservaci\u00f3n y que tendr\u00e1n un mentor de referencia que les guiar\u00e1 en los inicios de la actividad.<\/p>\n\n\n\n<p>Felipe Cortines finaliz\u00f3 la jornada relatando su experiencia familiar con la agricultura de conservaci\u00f3n, la cual en su caso ha sido muy positiva y le ha permitido un gran ahorro de costes sin reducir la producci\u00f3n.<\/p>\n\n\n\n<figure class=\"wp-block-image size-large\"><img loading=\"lazy\" decoding=\"async\" width=\"1024\" height=\"559\" src=\"https:\/\/www.asajacyl.com\/palencia\/wp-content\/uploads\/sites\/3\/2022\/04\/IMG_7775-1024x559.jpg\" alt=\"\" class=\"wp-image-10251\" srcset=\"https:\/\/www.asajacyl.com\/palencia\/wp-content\/uploads\/sites\/3\/2022\/04\/IMG_7775-1024x559.jpg 1024w, https:\/\/www.asajacyl.com\/palencia\/wp-content\/uploads\/sites\/3\/2022\/04\/IMG_7775-300x164.jpg 300w, https:\/\/www.asajacyl.com\/palencia\/wp-content\/uploads\/sites\/3\/2022\/04\/IMG_7775-768x419.jpg 768w, https:\/\/www.asajacyl.com\/palencia\/wp-content\/uploads\/sites\/3\/2022\/04\/IMG_7775-1536x838.jpg 1536w, https:\/\/www.asajacyl.com\/palencia\/wp-content\/uploads\/sites\/3\/2022\/04\/IMG_7775-2048x1117.jpg 2048w, https:\/\/www.asajacyl.com\/palencia\/wp-content\/uploads\/sites\/3\/2022\/04\/IMG_7775-696x380.jpg 696w, https:\/\/www.asajacyl.com\/palencia\/wp-content\/uploads\/sites\/3\/2022\/04\/IMG_7775-1068x583.jpg 1068w, https:\/\/www.asajacyl.com\/palencia\/wp-content\/uploads\/sites\/3\/2022\/04\/IMG_7775-1920x1048.jpg 1920w, https:\/\/www.asajacyl.com\/palencia\/wp-content\/uploads\/sites\/3\/2022\/04\/IMG_7775-770x420.jpg 770w\" sizes=\"(max-width: 1024px) 100vw, 1024px\" \/><\/figure>\n","protected":false},"excerpt":{"rendered":"<p>En la mana\u00f1a de hoy se ha celebrado una jornada sobre el cultivo del carbono conseguido mediante la agricultura de conservaci\u00f3n. En ella, Felipe Cortines, de la empresa AGORO Carbon Alliance, ha detallado el proceso por el que la agricultura de conservaci\u00f3n es capaz de secuestrar carbono en el suelo. Seg\u00fan ha explicado Cortines, en [&hellip;]<\/p>\n","protected":false},"author":9,"featured_media":10251,"comment_status":"open","ping_status":"open","sticky":false,"template":"","format":"standard","meta":{"footnotes":""},"categories":[9,29,28],"tags":[],"yoast_head":"<!-- This site is optimized with the Yoast SEO plugin v24.5 - https:\/\/yoast.com\/wordpress\/plugins\/seo\/ -->\n<title>ASAJA-Palencia celebr\u00f3 una jornada sobre el cultivo del carbono - ASAJA Palencia<\/title>\n<meta name=\"description\" content=\"En la mana\u00f1a de hoy se ha celebrado una jornada sobre el cultivo del carbono conseguido mediante la agricultura de conservaci\u00f3n. En ella, Felipe Cortines,\" \/>\n<meta name=\"robots\" content=\"index, follow, max-snippet:-1, max-image-preview:large, max-video-preview:-1\" \/>\n<link rel=\"canonical\" href=\"https:\/\/www.asajacyl.com\/palencia\/asaja-palencia-informa\/asaja-palencia-celebro-una-jornada-sobre-el-cultivo-del-carbono\" \/>\n<meta property=\"og:locale\" content=\"es_ES\" \/>\n<meta property=\"og:type\" content=\"article\" \/>\n<meta property=\"og:title\" content=\"ASAJA-Palencia celebr\u00f3 una jornada sobre el cultivo del carbono - ASAJA Palencia\" \/>\n<meta property=\"og:description\" content=\"En la mana\u00f1a de hoy se ha celebrado una jornada sobre el cultivo del carbono conseguido mediante la agricultura de conservaci\u00f3n. En ella, Felipe Cortines,\" \/>\n<meta property=\"og:url\" content=\"https:\/\/www.asajacyl.com\/palencia\/asaja-palencia-informa\/asaja-palencia-celebro-una-jornada-sobre-el-cultivo-del-carbono\" \/>\n<meta property=\"og:site_name\" content=\"ASAJA Palencia\" \/>\n<meta property=\"article:published_time\" content=\"2022-04-12T12:31:19+00:00\" \/>\n<meta property=\"article:modified_time\" content=\"2022-04-12T12:31:21+00:00\" \/>\n<meta property=\"og:image\" content=\"https:\/\/www.asajacyl.com\/palencia\/wp-content\/uploads\/sites\/3\/2022\/04\/IMG_7775.jpg\" \/>\n\t<meta property=\"og:image:width\" content=\"2500\" \/>\n\t<meta property=\"og:image:height\" content=\"1364\" \/>\n\t<meta property=\"og:image:type\" content=\"image\/jpeg\" \/>\n<meta name=\"author\" content=\"Administrador\" \/>\n<meta name=\"twitter:card\" content=\"summary_large_image\" \/>\n<meta name=\"twitter:label1\" content=\"Escrito por\" \/>\n\t<meta name=\"twitter:data1\" content=\"Administrador\" \/>\n\t<meta name=\"twitter:label2\" content=\"Tiempo de lectura\" \/>\n\t<meta name=\"twitter:data2\" content=\"2 minutos\" \/>\n<script type=\"application\/ld+json\" class=\"yoast-schema-graph\">{\"@context\":\"https:\/\/schema.org\",\"@graph\":[{\"@type\":\"WebPage\",\"@id\":\"https:\/\/www.asajacyl.com\/palencia\/asaja-palencia-informa\/asaja-palencia-celebro-una-jornada-sobre-el-cultivo-del-carbono\",\"url\":\"https:\/\/www.asajacyl.com\/palencia\/asaja-palencia-informa\/asaja-palencia-celebro-una-jornada-sobre-el-cultivo-del-carbono\",\"name\":\"ASAJA-Palencia celebr\u00f3 una jornada sobre el cultivo del carbono - ASAJA Palencia\",\"isPartOf\":{\"@id\":\"https:\/\/www.asajacyl.com\/palencia\/#website\"},\"primaryImageOfPage\":{\"@id\":\"https:\/\/www.asajacyl.com\/palencia\/asaja-palencia-informa\/asaja-palencia-celebro-una-jornada-sobre-el-cultivo-del-carbono#primaryimage\"},\"image\":{\"@id\":\"https:\/\/www.asajacyl.com\/palencia\/asaja-palencia-informa\/asaja-palencia-celebro-una-jornada-sobre-el-cultivo-del-carbono#primaryimage\"},\"thumbnailUrl\":\"https:\/\/www.asajacyl.com\/palencia\/wp-content\/uploads\/sites\/3\/2022\/04\/IMG_7775.jpg\",\"datePublished\":\"2022-04-12T12:31:19+00:00\",\"dateModified\":\"2022-04-12T12:31:21+00:00\",\"author\":{\"@id\":\"https:\/\/www.asajacyl.com\/palencia\/#\/schema\/person\/3ab17aeb03527485c317557fae64aab1\"},\"description\":\"En la mana\u00f1a de hoy se ha celebrado una jornada sobre el cultivo del carbono conseguido mediante la agricultura de conservaci\u00f3n. En ella, Felipe Cortines,\",\"breadcrumb\":{\"@id\":\"https:\/\/www.asajacyl.com\/palencia\/asaja-palencia-informa\/asaja-palencia-celebro-una-jornada-sobre-el-cultivo-del-carbono#breadcrumb\"},\"inLanguage\":\"es\",\"potentialAction\":[{\"@type\":\"ReadAction\",\"target\":[\"https:\/\/www.asajacyl.com\/palencia\/asaja-palencia-informa\/asaja-palencia-celebro-una-jornada-sobre-el-cultivo-del-carbono\"]}]},{\"@type\":\"ImageObject\",\"inLanguage\":\"es\",\"@id\":\"https:\/\/www.asajacyl.com\/palencia\/asaja-palencia-informa\/asaja-palencia-celebro-una-jornada-sobre-el-cultivo-del-carbono#primaryimage\",\"url\":\"https:\/\/www.asajacyl.com\/palencia\/wp-content\/uploads\/sites\/3\/2022\/04\/IMG_7775.jpg\",\"contentUrl\":\"https:\/\/www.asajacyl.com\/palencia\/wp-content\/uploads\/sites\/3\/2022\/04\/IMG_7775.jpg\",\"width\":2500,\"height\":1364},{\"@type\":\"BreadcrumbList\",\"@id\":\"https:\/\/www.asajacyl.com\/palencia\/asaja-palencia-informa\/asaja-palencia-celebro-una-jornada-sobre-el-cultivo-del-carbono#breadcrumb\",\"itemListElement\":[{\"@type\":\"ListItem\",\"position\":1,\"name\":\"Portada\",\"item\":\"https:\/\/www.asajacyl.com\/palencia\/\"},{\"@type\":\"ListItem\",\"position\":2,\"name\":\"ASAJA-Palencia celebr\u00f3 una jornada sobre el cultivo del carbono\"}]},{\"@type\":\"WebSite\",\"@id\":\"https:\/\/www.asajacyl.com\/palencia\/#website\",\"url\":\"https:\/\/www.asajacyl.com\/palencia\/\",\"name\":\"ASAJA Palencia\",\"description\":\"Otro sitio m\u00e1s de Provincias ASAJA Castilla y Le\u00f3n\",\"potentialAction\":[{\"@type\":\"SearchAction\",\"target\":{\"@type\":\"EntryPoint\",\"urlTemplate\":\"https:\/\/www.asajacyl.com\/palencia\/?s={search_term_string}\"},\"query-input\":{\"@type\":\"PropertyValueSpecification\",\"valueRequired\":true,\"valueName\":\"search_term_string\"}}],\"inLanguage\":\"es\"},{\"@type\":\"Person\",\"@id\":\"https:\/\/www.asajacyl.com\/palencia\/#\/schema\/person\/3ab17aeb03527485c317557fae64aab1\",\"name\":\"Administrador\",\"image\":{\"@type\":\"ImageObject\",\"inLanguage\":\"es\",\"@id\":\"https:\/\/www.asajacyl.com\/palencia\/#\/schema\/person\/image\/\",\"url\":\"https:\/\/secure.gravatar.com\/avatar\/517384810d242ca9e38c180f3c9fb973?s=96&d=mm&r=g\",\"contentUrl\":\"https:\/\/secure.gravatar.com\/avatar\/517384810d242ca9e38c180f3c9fb973?s=96&d=mm&r=g\",\"caption\":\"Administrador\"},\"url\":\"https:\/\/www.asajacyl.com\/palencia\/author\/carlosrm\"}]}<\/script>\n<!-- \/ Yoast SEO plugin. -->","yoast_head_json":{"title":"ASAJA-Palencia celebr\u00f3 una jornada sobre el cultivo del carbono - ASAJA Palencia","description":"En la mana\u00f1a de hoy se ha celebrado una jornada sobre el cultivo del carbono conseguido mediante la agricultura de conservaci\u00f3n. En ella, Felipe Cortines,","robots":{"index":"index","follow":"follow","max-snippet":"max-snippet:-1","max-image-preview":"max-image-preview:large","max-video-preview":"max-video-preview:-1"},"canonical":"https:\/\/www.asajacyl.com\/palencia\/asaja-palencia-informa\/asaja-palencia-celebro-una-jornada-sobre-el-cultivo-del-carbono","og_locale":"es_ES","og_type":"article","og_title":"ASAJA-Palencia celebr\u00f3 una jornada sobre el cultivo del carbono - ASAJA Palencia","og_description":"En la mana\u00f1a de hoy se ha celebrado una jornada sobre el cultivo del carbono conseguido mediante la agricultura de conservaci\u00f3n. En ella, Felipe Cortines,","og_url":"https:\/\/www.asajacyl.com\/palencia\/asaja-palencia-informa\/asaja-palencia-celebro-una-jornada-sobre-el-cultivo-del-carbono","og_site_name":"ASAJA Palencia","article_published_time":"2022-04-12T12:31:19+00:00","article_modified_time":"2022-04-12T12:31:21+00:00","og_image":[{"width":2500,"height":1364,"url":"https:\/\/www.asajacyl.com\/palencia\/wp-content\/uploads\/sites\/3\/2022\/04\/IMG_7775.jpg","type":"image\/jpeg"}],"author":"Administrador","twitter_card":"summary_large_image","twitter_misc":{"Escrito por":"Administrador","Tiempo de lectura":"2 minutos"},"schema":{"@context":"https:\/\/schema.org","@graph":[{"@type":"WebPage","@id":"https:\/\/www.asajacyl.com\/palencia\/asaja-palencia-informa\/asaja-palencia-celebro-una-jornada-sobre-el-cultivo-del-carbono","url":"https:\/\/www.asajacyl.com\/palencia\/asaja-palencia-informa\/asaja-palencia-celebro-una-jornada-sobre-el-cultivo-del-carbono","name":"ASAJA-Palencia celebr\u00f3 una jornada sobre el cultivo del carbono - ASAJA Palencia","isPartOf":{"@id":"https:\/\/www.asajacyl.com\/palencia\/#website"},"primaryImageOfPage":{"@id":"https:\/\/www.asajacyl.com\/palencia\/asaja-palencia-informa\/asaja-palencia-celebro-una-jornada-sobre-el-cultivo-del-carbono#primaryimage"},"image":{"@id":"https:\/\/www.asajacyl.com\/palencia\/asaja-palencia-informa\/asaja-palencia-celebro-una-jornada-sobre-el-cultivo-del-carbono#primaryimage"},"thumbnailUrl":"https:\/\/www.asajacyl.com\/palencia\/wp-content\/uploads\/sites\/3\/2022\/04\/IMG_7775.jpg","datePublished":"2022-04-12T12:31:19+00:00","dateModified":"2022-04-12T12:31:21+00:00","author":{"@id":"https:\/\/www.asajacyl.com\/palencia\/#\/schema\/person\/3ab17aeb03527485c317557fae64aab1"},"description":"En la mana\u00f1a de hoy se ha celebrado una jornada sobre el cultivo del carbono conseguido mediante la agricultura de conservaci\u00f3n. En ella, Felipe Cortines,","breadcrumb":{"@id":"https:\/\/www.asajacyl.com\/palencia\/asaja-palencia-informa\/asaja-palencia-celebro-una-jornada-sobre-el-cultivo-del-carbono#breadcrumb"},"inLanguage":"es","potentialAction":[{"@type":"ReadAction","target":["https:\/\/www.asajacyl.com\/palencia\/asaja-palencia-informa\/asaja-palencia-celebro-una-jornada-sobre-el-cultivo-del-carbono"]}]},{"@type":"ImageObject","inLanguage":"es","@id":"https:\/\/www.asajacyl.com\/palencia\/asaja-palencia-informa\/asaja-palencia-celebro-una-jornada-sobre-el-cultivo-del-carbono#primaryimage","url":"https:\/\/www.asajacyl.com\/palencia\/wp-content\/uploads\/sites\/3\/2022\/04\/IMG_7775.jpg","contentUrl":"https:\/\/www.asajacyl.com\/palencia\/wp-content\/uploads\/sites\/3\/2022\/04\/IMG_7775.jpg","width":2500,"height":1364},{"@type":"BreadcrumbList","@id":"https:\/\/www.asajacyl.com\/palencia\/asaja-palencia-informa\/asaja-palencia-celebro-una-jornada-sobre-el-cultivo-del-carbono#breadcrumb","itemListElement":[{"@type":"ListItem","position":1,"name":"Portada","item":"https:\/\/www.asajacyl.com\/palencia\/"},{"@type":"ListItem","position":2,"name":"ASAJA-Palencia celebr\u00f3 una jornada sobre el cultivo del carbono"}]},{"@type":"WebSite","@id":"https:\/\/www.asajacyl.com\/palencia\/#website","url":"https:\/\/www.asajacyl.com\/palencia\/","name":"ASAJA Palencia","description":"Otro sitio m\u00e1s de Provincias ASAJA Castilla y Le\u00f3n","potentialAction":[{"@type":"SearchAction","target":{"@type":"EntryPoint","urlTemplate":"https:\/\/www.asajacyl.com\/palencia\/?s={search_term_string}"},"query-input":{"@type":"PropertyValueSpecification","valueRequired":true,"valueName":"search_term_string"}}],"inLanguage":"es"},{"@type":"Person","@id":"https:\/\/www.asajacyl.com\/palencia\/#\/schema\/person\/3ab17aeb03527485c317557fae64aab1","name":"Administrador","image":{"@type":"ImageObject","inLanguage":"es","@id":"https:\/\/www.asajacyl.com\/palencia\/#\/schema\/person\/image\/","url":"https:\/\/secure.gravatar.com\/avatar\/517384810d242ca9e38c180f3c9fb973?s=96&d=mm&r=g","contentUrl":"https:\/\/secure.gravatar.com\/avatar\/517384810d242ca9e38c180f3c9fb973?s=96&d=mm&r=g","caption":"Administrador"},"url":"https:\/\/www.asajacyl.com\/palencia\/author\/carlosrm"}]}},"_links":{"self":[{"href":"https:\/\/www.asajacyl.com\/palencia\/wp-json\/wp\/v2\/posts\/10250"}],"collection":[{"href":"https:\/\/www.asajacyl.com\/palencia\/wp-json\/wp\/v2\/posts"}],"about":[{"href":"https:\/\/www.asajacyl.com\/palencia\/wp-json\/wp\/v2\/types\/post"}],"author":[{"embeddable":true,"href":"https:\/\/www.asajacyl.com\/palencia\/wp-json\/wp\/v2\/users\/9"}],"replies":[{"embeddable":true,"href":"https:\/\/www.asajacyl.com\/palencia\/wp-json\/wp\/v2\/comments?post=10250"}],"version-history":[{"count":1,"href":"https:\/\/www.asajacyl.com\/palencia\/wp-json\/wp\/v2\/posts\/10250\/revisions"}],"predecessor-version":[{"id":10252,"href":"https:\/\/www.asajacyl.com\/palencia\/wp-json\/wp\/v2\/posts\/10250\/revisions\/10252"}],"wp:featuredmedia":[{"embeddable":true,"href":"https:\/\/www.asajacyl.com\/palencia\/wp-json\/wp\/v2\/media\/10251"}],"wp:attachment":[{"href":"https:\/\/www.asajacyl.com\/palencia\/wp-json\/wp\/v2\/media?parent=10250"}],"wp:term":[{"taxonomy":"category","embeddable":true,"href":"https:\/\/www.asajacyl.com\/palencia\/wp-json\/wp\/v2\/categories?post=10250"},{"taxonomy":"post_tag","embeddable":true,"href":"https:\/\/www.asajacyl.com\/palencia\/wp-json\/wp\/v2\/tags?post=10250"}],"curies":[{"name":"wp","href":"https:\/\/api.w.org\/{rel}","templated":true}]}}