{"id":10253,"date":"2022-04-13T11:04:26","date_gmt":"2022-04-13T09:04:26","guid":{"rendered":"https:\/\/www.asajacyl.com\/palencia\/?p=10253"},"modified":"2022-04-13T11:53:25","modified_gmt":"2022-04-13T09:53:25","slug":"se-relaja-la-situacion-en-carrion-y-pisuerga","status":"publish","type":"post","link":"https:\/\/www.asajacyl.com\/palencia\/asaja-palencia-informa\/se-relaja-la-situacion-en-carrion-y-pisuerga","title":{"rendered":"Se relaja la situaci\u00f3n en Carri\u00f3n y Pisuerga"},"content":{"rendered":"\n<p>La Confederaci\u00f3n Hidrogr\u00e1fica del Duero ha publicado el \u00abInforme Mensual de Seguimiento del Plan Especial de Sequ\u00eda\u00bb. Como ya explicamos en un anterior art\u00edculo, la sequ\u00eda prolongada se calcula teniendo en cuenta las aportaciones que recibe cada sistema mediante la toma de datos en distintos puntos. Por su parte, la escasez depende del agua que se encuentra recogida en los embalses existentes.<\/p>\n\n\n\n<p>En cuanto a la sequ\u00eda prolongada, en febrero el sistema Carri\u00f3n se encontraba en \u00abnormalidad\u00bb y el Pisuerga en \u00absequ\u00eda prolongada\u00bb, algo que mantienen ambos sistemas a fecha 31 de marzo. En cuanto a la escasez, en febrero ambos sistemas estaban en situaci\u00f3n de \u00abalerta\u00bb mientras que en marzo han rebajado un escal\u00f3n en lo peligroso de la situaci\u00f3n pasando al estado de \u00abprealerta\u00bb.<\/p>\n\n\n\n<p>A d\u00eda de hoy, el agua contenida en los embalses contin\u00faa aumentando. En el sistema Carri\u00f3n hay un volumen almacenado de 108,1 hm<sup>3<\/sup> de los 165 hm<sup>3<\/sup> de capacidad total existente (65,5%). Esta cifra contin\u00faa siendo baja ya que la media de diez a\u00f1os es de 137,5 hm<sup>3<\/sup>. En el sistema Pisuerga la situaci\u00f3n tambi\u00e9n contin\u00faa siendo preocupante, hay almacenados 152,5 hm<sup>3<\/sup> de los 322 hm<sup>3<\/sup> que se podr\u00edan llegar a almacenar (47,4%). La media a diez a\u00f1os es de 234,3 hm<sup>3<\/sup>, lo que muestra lo dif\u00edcil de la situaci\u00f3n en que se encuentra el sistema.<\/p>\n\n\n\n<p>Hay que tener en cuenta que la Comisi\u00f3n de Desembalse, en una reuni\u00f3n celebrada el d\u00eda 29 de marzo, aprob\u00f3 los vol\u00famenes m\u00ednimos de reserva en los embalses a 30 de septiembre. Este vol\u00famen m\u00ednimo ser\u00e1 para el sistema Carri\u00f3n de 20 hm<sup>3<\/sup> y para el sistema Pisuerga de 40 hm<sup>3<\/sup>, pese a que la Junta de Explotaci\u00f3n del Pisuerga solicit\u00f3 35 hm<sup>3<\/sup>. En a\u00f1os de bonanza estas cifras pueden parecer poco importantes pero en a\u00f1os de escasez se notan mucho estas reservas. El Carri\u00f3n reservar\u00e1 el 12,1% de su capacidad total y el Pisuerga el 12,4%, por lo que el agua realmente disponible en el Carri\u00f3n es de 53,4% y el del Pisuerga del 35,0%, eso sin tener en cuenta el agua que se debe liberar para mantener el caudal ecol\u00f3gico de los cauces.<\/p>\n\n\n\n<p>Afortunadamente las lluvias de marzo y el inicio de abril est\u00e1n haciendo que el consumo de agua para el riego sea muy reducido y la situaci\u00f3n haya mejorado. La estaciones meteorol\u00f3gicas del ITACyL han recogido en ese intervalo de tiempo desde 64 l\/m<sup>2<\/sup> a 110 l\/m<sup>2<\/sup>. Esto ha llevado a que la CHD haya aumentado la dotaci\u00f3n m\u00e1xima asignada a Carri\u00f3n y Pisuerga a 3.000 m<sup>3<\/sup>\/ha, cifra que podr\u00eda variar, esperemos que al alza, en las Juntas de Explotaci\u00f3n que tendr\u00e1n lugar a inicios de mayo.<\/p>\n\n\n\n<p>Cabe recordar que el d\u00eda 8 de abril el Consejo del Agua ha votado por primera vez en contra del Plan Hidrol\u00f3gico del Duero propuesto por la CHD, algo que refleja el descontento general con las propuestas presentadas, mucho m\u00e1s restrictivas que las vigentes en el Plan Hidrol\u00f3gico vigente actualmente. Desafortunadamente, esta votaci\u00f3n contraria a los intereses de la Confederaci\u00f3n seguramente se quede en an\u00e9cdota ya que el Ministerio de Transici\u00f3n Ecol\u00f3gica y para el Reto Demogr\u00e1fico y en \u00faltima instancia el Gobierno son quienes tienen la potestad de aprobarlo.<\/p>\n\n\n\n<figure class=\"wp-block-table aligncenter is-style-stripes\"><table><tbody><tr><td class=\"has-text-align-center\" data-align=\"center\"><strong>ESTACI\u00d3N METEOROL\u00d3GICA<\/strong><\/td><td class=\"has-text-align-center\" data-align=\"center\"><strong>PLUVIOMETR\u00cdA (l\/m<sup>2<\/sup>)<\/strong><\/td><\/tr><tr><td class=\"has-text-align-center\" data-align=\"center\">Villaluenga de la Vega<\/td><td class=\"has-text-align-center\" data-align=\"center\">110<\/td><\/tr><tr><td class=\"has-text-align-center\" data-align=\"center\">Villoldo<\/td><td class=\"has-text-align-center\" data-align=\"center\">95<\/td><\/tr><tr><td class=\"has-text-align-center\" data-align=\"center\">Villaeles<\/td><td class=\"has-text-align-center\" data-align=\"center\">86<\/td><\/tr><tr><td class=\"has-text-align-center\" data-align=\"center\">Herrera de Pisuerga<\/td><td class=\"has-text-align-center\" data-align=\"center\">79<\/td><\/tr><tr><td class=\"has-text-align-center\" data-align=\"center\">Fuentes de Nava<\/td><td class=\"has-text-align-center\" data-align=\"center\">78<\/td><\/tr><tr><td class=\"has-text-align-center\" data-align=\"center\">Torquemada<\/td><td class=\"has-text-align-center\" data-align=\"center\">73<\/td><\/tr><tr><td class=\"has-text-align-center\" data-align=\"center\">Villamuriel de Cerrato<\/td><td class=\"has-text-align-center\" data-align=\"center\">69<\/td><\/tr><tr><td class=\"has-text-align-center\" data-align=\"center\">Lantadilla<\/td><td class=\"has-text-align-center\" data-align=\"center\">64<\/td><\/tr><\/tbody><\/table><figcaption>Fuente: ITACyL<\/figcaption><\/figure>\n","protected":false},"excerpt":{"rendered":"<p>La Confederaci\u00f3n Hidrogr\u00e1fica del Duero ha publicado el \u00abInforme Mensual de Seguimiento del Plan Especial de Sequ\u00eda\u00bb. Como ya explicamos en un anterior art\u00edculo, la sequ\u00eda prolongada se calcula teniendo en cuenta las aportaciones que recibe cada sistema mediante la toma de datos en distintos puntos. Por su parte, la escasez depende del agua que [&hellip;]<\/p>\n","protected":false},"author":9,"featured_media":10182,"comment_status":"open","ping_status":"open","sticky":false,"template":"","format":"standard","meta":{"footnotes":""},"categories":[9,29,28],"tags":[],"yoast_head":"<!-- This site is optimized with the Yoast SEO plugin v24.5 - https:\/\/yoast.com\/wordpress\/plugins\/seo\/ -->\n<title>Se relaja la situaci\u00f3n en Carri\u00f3n y Pisuerga - ASAJA Palencia<\/title>\n<meta name=\"description\" content=\"La Confederaci\u00f3n Hidrogr\u00e1fica del Duero ha publicado el &quot;Informe Mensual de Seguimiento del Plan Especial de Sequ\u00eda&quot;. Como ya explicamos en un anterior\" \/>\n<meta name=\"robots\" content=\"index, follow, max-snippet:-1, max-image-preview:large, max-video-preview:-1\" \/>\n<link rel=\"canonical\" href=\"https:\/\/www.asajacyl.com\/palencia\/asaja-palencia-informa\/se-relaja-la-situacion-en-carrion-y-pisuerga\" \/>\n<meta property=\"og:locale\" content=\"es_ES\" \/>\n<meta property=\"og:type\" content=\"article\" \/>\n<meta property=\"og:title\" content=\"Se relaja la situaci\u00f3n en Carri\u00f3n y Pisuerga - ASAJA Palencia\" \/>\n<meta property=\"og:description\" content=\"La Confederaci\u00f3n Hidrogr\u00e1fica del Duero ha publicado el &quot;Informe Mensual de Seguimiento del Plan Especial de Sequ\u00eda&quot;. Como ya explicamos en un anterior\" \/>\n<meta property=\"og:url\" content=\"https:\/\/www.asajacyl.com\/palencia\/asaja-palencia-informa\/se-relaja-la-situacion-en-carrion-y-pisuerga\" \/>\n<meta property=\"og:site_name\" content=\"ASAJA Palencia\" \/>\n<meta property=\"article:published_time\" content=\"2022-04-13T09:04:26+00:00\" \/>\n<meta property=\"article:modified_time\" content=\"2022-04-13T09:53:25+00:00\" \/>\n<meta property=\"og:image\" content=\"https:\/\/www.asajacyl.com\/palencia\/wp-content\/uploads\/sites\/3\/2022\/04\/REGADIO-TUBOS-TUBERIA-BARBECHO.jpg\" \/>\n\t<meta property=\"og:image:width\" content=\"2500\" \/>\n\t<meta property=\"og:image:height\" content=\"1406\" \/>\n\t<meta property=\"og:image:type\" content=\"image\/jpeg\" \/>\n<meta name=\"author\" content=\"Administrador\" \/>\n<meta name=\"twitter:card\" content=\"summary_large_image\" \/>\n<meta name=\"twitter:label1\" content=\"Escrito por\" \/>\n\t<meta name=\"twitter:data1\" content=\"Administrador\" \/>\n\t<meta name=\"twitter:label2\" content=\"Tiempo de lectura\" \/>\n\t<meta name=\"twitter:data2\" content=\"3 minutos\" \/>\n<script type=\"application\/ld+json\" class=\"yoast-schema-graph\">{\"@context\":\"https:\/\/schema.org\",\"@graph\":[{\"@type\":\"WebPage\",\"@id\":\"https:\/\/www.asajacyl.com\/palencia\/asaja-palencia-informa\/se-relaja-la-situacion-en-carrion-y-pisuerga\",\"url\":\"https:\/\/www.asajacyl.com\/palencia\/asaja-palencia-informa\/se-relaja-la-situacion-en-carrion-y-pisuerga\",\"name\":\"Se relaja la situaci\u00f3n en Carri\u00f3n y Pisuerga - ASAJA Palencia\",\"isPartOf\":{\"@id\":\"https:\/\/www.asajacyl.com\/palencia\/#website\"},\"primaryImageOfPage\":{\"@id\":\"https:\/\/www.asajacyl.com\/palencia\/asaja-palencia-informa\/se-relaja-la-situacion-en-carrion-y-pisuerga#primaryimage\"},\"image\":{\"@id\":\"https:\/\/www.asajacyl.com\/palencia\/asaja-palencia-informa\/se-relaja-la-situacion-en-carrion-y-pisuerga#primaryimage\"},\"thumbnailUrl\":\"https:\/\/www.asajacyl.com\/palencia\/wp-content\/uploads\/sites\/3\/2022\/04\/REGADIO-TUBOS-TUBERIA-BARBECHO.jpg\",\"datePublished\":\"2022-04-13T09:04:26+00:00\",\"dateModified\":\"2022-04-13T09:53:25+00:00\",\"author\":{\"@id\":\"https:\/\/www.asajacyl.com\/palencia\/#\/schema\/person\/3ab17aeb03527485c317557fae64aab1\"},\"description\":\"La Confederaci\u00f3n Hidrogr\u00e1fica del Duero ha publicado el \\\"Informe Mensual de Seguimiento del Plan Especial de Sequ\u00eda\\\". Como ya explicamos en un anterior\",\"breadcrumb\":{\"@id\":\"https:\/\/www.asajacyl.com\/palencia\/asaja-palencia-informa\/se-relaja-la-situacion-en-carrion-y-pisuerga#breadcrumb\"},\"inLanguage\":\"es\",\"potentialAction\":[{\"@type\":\"ReadAction\",\"target\":[\"https:\/\/www.asajacyl.com\/palencia\/asaja-palencia-informa\/se-relaja-la-situacion-en-carrion-y-pisuerga\"]}]},{\"@type\":\"ImageObject\",\"inLanguage\":\"es\",\"@id\":\"https:\/\/www.asajacyl.com\/palencia\/asaja-palencia-informa\/se-relaja-la-situacion-en-carrion-y-pisuerga#primaryimage\",\"url\":\"https:\/\/www.asajacyl.com\/palencia\/wp-content\/uploads\/sites\/3\/2022\/04\/REGADIO-TUBOS-TUBERIA-BARBECHO.jpg\",\"contentUrl\":\"https:\/\/www.asajacyl.com\/palencia\/wp-content\/uploads\/sites\/3\/2022\/04\/REGADIO-TUBOS-TUBERIA-BARBECHO.jpg\",\"width\":2500,\"height\":1406},{\"@type\":\"BreadcrumbList\",\"@id\":\"https:\/\/www.asajacyl.com\/palencia\/asaja-palencia-informa\/se-relaja-la-situacion-en-carrion-y-pisuerga#breadcrumb\",\"itemListElement\":[{\"@type\":\"ListItem\",\"position\":1,\"name\":\"Portada\",\"item\":\"https:\/\/www.asajacyl.com\/palencia\/\"},{\"@type\":\"ListItem\",\"position\":2,\"name\":\"Se relaja la situaci\u00f3n en Carri\u00f3n y Pisuerga\"}]},{\"@type\":\"WebSite\",\"@id\":\"https:\/\/www.asajacyl.com\/palencia\/#website\",\"url\":\"https:\/\/www.asajacyl.com\/palencia\/\",\"name\":\"ASAJA Palencia\",\"description\":\"Otro sitio m\u00e1s de Provincias ASAJA Castilla y Le\u00f3n\",\"potentialAction\":[{\"@type\":\"SearchAction\",\"target\":{\"@type\":\"EntryPoint\",\"urlTemplate\":\"https:\/\/www.asajacyl.com\/palencia\/?s={search_term_string}\"},\"query-input\":{\"@type\":\"PropertyValueSpecification\",\"valueRequired\":true,\"valueName\":\"search_term_string\"}}],\"inLanguage\":\"es\"},{\"@type\":\"Person\",\"@id\":\"https:\/\/www.asajacyl.com\/palencia\/#\/schema\/person\/3ab17aeb03527485c317557fae64aab1\",\"name\":\"Administrador\",\"image\":{\"@type\":\"ImageObject\",\"inLanguage\":\"es\",\"@id\":\"https:\/\/www.asajacyl.com\/palencia\/#\/schema\/person\/image\/\",\"url\":\"https:\/\/secure.gravatar.com\/avatar\/517384810d242ca9e38c180f3c9fb973?s=96&d=mm&r=g\",\"contentUrl\":\"https:\/\/secure.gravatar.com\/avatar\/517384810d242ca9e38c180f3c9fb973?s=96&d=mm&r=g\",\"caption\":\"Administrador\"},\"url\":\"https:\/\/www.asajacyl.com\/palencia\/author\/carlosrm\"}]}<\/script>\n<!-- \/ Yoast SEO plugin. -->","yoast_head_json":{"title":"Se relaja la situaci\u00f3n en Carri\u00f3n y Pisuerga - ASAJA Palencia","description":"La Confederaci\u00f3n Hidrogr\u00e1fica del Duero ha publicado el \"Informe Mensual de Seguimiento del Plan Especial de Sequ\u00eda\". Como ya explicamos en un anterior","robots":{"index":"index","follow":"follow","max-snippet":"max-snippet:-1","max-image-preview":"max-image-preview:large","max-video-preview":"max-video-preview:-1"},"canonical":"https:\/\/www.asajacyl.com\/palencia\/asaja-palencia-informa\/se-relaja-la-situacion-en-carrion-y-pisuerga","og_locale":"es_ES","og_type":"article","og_title":"Se relaja la situaci\u00f3n en Carri\u00f3n y Pisuerga - ASAJA Palencia","og_description":"La Confederaci\u00f3n Hidrogr\u00e1fica del Duero ha publicado el \"Informe Mensual de Seguimiento del Plan Especial de Sequ\u00eda\". Como ya explicamos en un anterior","og_url":"https:\/\/www.asajacyl.com\/palencia\/asaja-palencia-informa\/se-relaja-la-situacion-en-carrion-y-pisuerga","og_site_name":"ASAJA Palencia","article_published_time":"2022-04-13T09:04:26+00:00","article_modified_time":"2022-04-13T09:53:25+00:00","og_image":[{"width":2500,"height":1406,"url":"https:\/\/www.asajacyl.com\/palencia\/wp-content\/uploads\/sites\/3\/2022\/04\/REGADIO-TUBOS-TUBERIA-BARBECHO.jpg","type":"image\/jpeg"}],"author":"Administrador","twitter_card":"summary_large_image","twitter_misc":{"Escrito por":"Administrador","Tiempo de lectura":"3 minutos"},"schema":{"@context":"https:\/\/schema.org","@graph":[{"@type":"WebPage","@id":"https:\/\/www.asajacyl.com\/palencia\/asaja-palencia-informa\/se-relaja-la-situacion-en-carrion-y-pisuerga","url":"https:\/\/www.asajacyl.com\/palencia\/asaja-palencia-informa\/se-relaja-la-situacion-en-carrion-y-pisuerga","name":"Se relaja la situaci\u00f3n en Carri\u00f3n y Pisuerga - ASAJA Palencia","isPartOf":{"@id":"https:\/\/www.asajacyl.com\/palencia\/#website"},"primaryImageOfPage":{"@id":"https:\/\/www.asajacyl.com\/palencia\/asaja-palencia-informa\/se-relaja-la-situacion-en-carrion-y-pisuerga#primaryimage"},"image":{"@id":"https:\/\/www.asajacyl.com\/palencia\/asaja-palencia-informa\/se-relaja-la-situacion-en-carrion-y-pisuerga#primaryimage"},"thumbnailUrl":"https:\/\/www.asajacyl.com\/palencia\/wp-content\/uploads\/sites\/3\/2022\/04\/REGADIO-TUBOS-TUBERIA-BARBECHO.jpg","datePublished":"2022-04-13T09:04:26+00:00","dateModified":"2022-04-13T09:53:25+00:00","author":{"@id":"https:\/\/www.asajacyl.com\/palencia\/#\/schema\/person\/3ab17aeb03527485c317557fae64aab1"},"description":"La Confederaci\u00f3n Hidrogr\u00e1fica del Duero ha publicado el \"Informe Mensual de Seguimiento del Plan Especial de Sequ\u00eda\". Como ya explicamos en un anterior","breadcrumb":{"@id":"https:\/\/www.asajacyl.com\/palencia\/asaja-palencia-informa\/se-relaja-la-situacion-en-carrion-y-pisuerga#breadcrumb"},"inLanguage":"es","potentialAction":[{"@type":"ReadAction","target":["https:\/\/www.asajacyl.com\/palencia\/asaja-palencia-informa\/se-relaja-la-situacion-en-carrion-y-pisuerga"]}]},{"@type":"ImageObject","inLanguage":"es","@id":"https:\/\/www.asajacyl.com\/palencia\/asaja-palencia-informa\/se-relaja-la-situacion-en-carrion-y-pisuerga#primaryimage","url":"https:\/\/www.asajacyl.com\/palencia\/wp-content\/uploads\/sites\/3\/2022\/04\/REGADIO-TUBOS-TUBERIA-BARBECHO.jpg","contentUrl":"https:\/\/www.asajacyl.com\/palencia\/wp-content\/uploads\/sites\/3\/2022\/04\/REGADIO-TUBOS-TUBERIA-BARBECHO.jpg","width":2500,"height":1406},{"@type":"BreadcrumbList","@id":"https:\/\/www.asajacyl.com\/palencia\/asaja-palencia-informa\/se-relaja-la-situacion-en-carrion-y-pisuerga#breadcrumb","itemListElement":[{"@type":"ListItem","position":1,"name":"Portada","item":"https:\/\/www.asajacyl.com\/palencia\/"},{"@type":"ListItem","position":2,"name":"Se relaja la situaci\u00f3n en Carri\u00f3n y Pisuerga"}]},{"@type":"WebSite","@id":"https:\/\/www.asajacyl.com\/palencia\/#website","url":"https:\/\/www.asajacyl.com\/palencia\/","name":"ASAJA Palencia","description":"Otro sitio m\u00e1s de Provincias ASAJA Castilla y Le\u00f3n","potentialAction":[{"@type":"SearchAction","target":{"@type":"EntryPoint","urlTemplate":"https:\/\/www.asajacyl.com\/palencia\/?s={search_term_string}"},"query-input":{"@type":"PropertyValueSpecification","valueRequired":true,"valueName":"search_term_string"}}],"inLanguage":"es"},{"@type":"Person","@id":"https:\/\/www.asajacyl.com\/palencia\/#\/schema\/person\/3ab17aeb03527485c317557fae64aab1","name":"Administrador","image":{"@type":"ImageObject","inLanguage":"es","@id":"https:\/\/www.asajacyl.com\/palencia\/#\/schema\/person\/image\/","url":"https:\/\/secure.gravatar.com\/avatar\/517384810d242ca9e38c180f3c9fb973?s=96&d=mm&r=g","contentUrl":"https:\/\/secure.gravatar.com\/avatar\/517384810d242ca9e38c180f3c9fb973?s=96&d=mm&r=g","caption":"Administrador"},"url":"https:\/\/www.asajacyl.com\/palencia\/author\/carlosrm"}]}},"_links":{"self":[{"href":"https:\/\/www.asajacyl.com\/palencia\/wp-json\/wp\/v2\/posts\/10253"}],"collection":[{"href":"https:\/\/www.asajacyl.com\/palencia\/wp-json\/wp\/v2\/posts"}],"about":[{"href":"https:\/\/www.asajacyl.com\/palencia\/wp-json\/wp\/v2\/types\/post"}],"author":[{"embeddable":true,"href":"https:\/\/www.asajacyl.com\/palencia\/wp-json\/wp\/v2\/users\/9"}],"replies":[{"embeddable":true,"href":"https:\/\/www.asajacyl.com\/palencia\/wp-json\/wp\/v2\/comments?post=10253"}],"version-history":[{"count":2,"href":"https:\/\/www.asajacyl.com\/palencia\/wp-json\/wp\/v2\/posts\/10253\/revisions"}],"predecessor-version":[{"id":10258,"href":"https:\/\/www.asajacyl.com\/palencia\/wp-json\/wp\/v2\/posts\/10253\/revisions\/10258"}],"wp:featuredmedia":[{"embeddable":true,"href":"https:\/\/www.asajacyl.com\/palencia\/wp-json\/wp\/v2\/media\/10182"}],"wp:attachment":[{"href":"https:\/\/www.asajacyl.com\/palencia\/wp-json\/wp\/v2\/media?parent=10253"}],"wp:term":[{"taxonomy":"category","embeddable":true,"href":"https:\/\/www.asajacyl.com\/palencia\/wp-json\/wp\/v2\/categories?post=10253"},{"taxonomy":"post_tag","embeddable":true,"href":"https:\/\/www.asajacyl.com\/palencia\/wp-json\/wp\/v2\/tags?post=10253"}],"curies":[{"name":"wp","href":"https:\/\/api.w.org\/{rel}","templated":true}]}}