{"id":10255,"date":"2022-04-14T11:11:00","date_gmt":"2022-04-14T09:11:00","guid":{"rendered":"https:\/\/www.asajacyl.com\/palencia\/?p=10255"},"modified":"2022-04-13T13:45:04","modified_gmt":"2022-04-13T11:45:04","slug":"el-comite-ejecutivo-de-asaja-palencia-visito-a-las-instituciones","status":"publish","type":"post","link":"https:\/\/www.asajacyl.com\/palencia\/asaja-palencia-informa\/el-comite-ejecutivo-de-asaja-palencia-visito-a-las-instituciones","title":{"rendered":"El Comit\u00e9 Ejecutivo de ASAJA-Palencia fue recibido por las Instituciones"},"content":{"rendered":"\n<p>El 18 de marzo se produjo el relevo en la presidencia de ASAJA-Palencia. Honorato Meneses, anterior presidente de la asociaci\u00f3n, dio el testigo a Jos\u00e9 Luis Marcos, al cual acompa\u00f1ar\u00e1n en el Comit\u00e9 Ejecutivo Lorenzo Garc\u00eda, en el puesto de vicepresidente, Luis Mar\u00eda Santiago, como secretario, Roberto Fern\u00e1ndez, como tesorero, y Carlos Franco, como interventor.<\/p>\n\n\n\n<p>En los d\u00edas que sucedieron a la nueva elecci\u00f3n de presidente se produjo la manifestaci\u00f3n del 20 de marzo, con una amplia representaci\u00f3n palentina reclamando en la capital de Espa\u00f1a el respeto al mundo rural, y la manifestaci\u00f3n de transportistas, del lunes d\u00eda 21 de marzo, en que camiones y tractores mostraron en Palencia su rechazo principalmente a los elevados precios del gas\u00f3leo y a la reticencia del Gobierno a reducir los impuestos del mismo.<\/p>\n\n\n\n<p>Pasados esos d\u00edas se solicitaron reuniones a las instituciones provinciales (Subdelegaci\u00f3n del Gobierno, Delegaci\u00f3n Territorial de la Junta de Castilla y Le\u00f3n y Diputaci\u00f3n de Palencia) y locales (Ayuntamiento de Palencia) las cuales han transcurrido en un ambiente de cordialidad donde en todos los casos se ha animado al nuevo Comit\u00e9 Ejecutivo a continuar con la gran labor que realiza ASAJA en pro de los intereses de los agricultores y ganaderos de la provincia de Palencia. As\u00ed mismo se han ofrecido a escuchar aquellos problemas o inquietudes que puedan surgir durante el mandato de Jos\u00e9 Luis Marcos, que transcurrir\u00e1 hasta el a\u00f1o 2026.<\/p>\n\n\n\n<figure class=\"wp-block-image size-large\"><img loading=\"lazy\" decoding=\"async\" width=\"1024\" height=\"768\" src=\"https:\/\/www.asajacyl.com\/palencia\/wp-content\/uploads\/sites\/3\/2022\/04\/IMG_7563-1024x768.jpg\" alt=\"\" class=\"wp-image-10259\" srcset=\"https:\/\/www.asajacyl.com\/palencia\/wp-content\/uploads\/sites\/3\/2022\/04\/IMG_7563-1024x768.jpg 1024w, https:\/\/www.asajacyl.com\/palencia\/wp-content\/uploads\/sites\/3\/2022\/04\/IMG_7563-300x225.jpg 300w, https:\/\/www.asajacyl.com\/palencia\/wp-content\/uploads\/sites\/3\/2022\/04\/IMG_7563-768x576.jpg 768w, https:\/\/www.asajacyl.com\/palencia\/wp-content\/uploads\/sites\/3\/2022\/04\/IMG_7563-1536x1152.jpg 1536w, https:\/\/www.asajacyl.com\/palencia\/wp-content\/uploads\/sites\/3\/2022\/04\/IMG_7563-2048x1536.jpg 2048w, https:\/\/www.asajacyl.com\/palencia\/wp-content\/uploads\/sites\/3\/2022\/04\/IMG_7563-696x522.jpg 696w, https:\/\/www.asajacyl.com\/palencia\/wp-content\/uploads\/sites\/3\/2022\/04\/IMG_7563-1068x801.jpg 1068w, https:\/\/www.asajacyl.com\/palencia\/wp-content\/uploads\/sites\/3\/2022\/04\/IMG_7563-1920x1440.jpg 1920w, https:\/\/www.asajacyl.com\/palencia\/wp-content\/uploads\/sites\/3\/2022\/04\/IMG_7563-560x420.jpg 560w, https:\/\/www.asajacyl.com\/palencia\/wp-content\/uploads\/sites\/3\/2022\/04\/IMG_7563-80x60.jpg 80w\" sizes=\"(max-width: 1024px) 100vw, 1024px\" \/><figcaption>En el Ayuntamiento de Palencia, el Comit\u00e9 Ejecutivo departi\u00f3 con el Alcalde, Mario Sim\u00f3n, y con el Concejal Delegado del \u00e1rea de Hacienda y Contrataci\u00f3n, Luis Miguel C\u00e1rcel.<\/figcaption><\/figure>\n\n\n\n<figure class=\"wp-block-image size-large\"><img loading=\"lazy\" decoding=\"async\" width=\"1024\" height=\"768\" src=\"https:\/\/www.asajacyl.com\/palencia\/wp-content\/uploads\/sites\/3\/2022\/04\/IMG_7903-1024x768.jpg\" alt=\"\" class=\"wp-image-10260\" srcset=\"https:\/\/www.asajacyl.com\/palencia\/wp-content\/uploads\/sites\/3\/2022\/04\/IMG_7903-1024x768.jpg 1024w, https:\/\/www.asajacyl.com\/palencia\/wp-content\/uploads\/sites\/3\/2022\/04\/IMG_7903-300x225.jpg 300w, https:\/\/www.asajacyl.com\/palencia\/wp-content\/uploads\/sites\/3\/2022\/04\/IMG_7903-768x576.jpg 768w, https:\/\/www.asajacyl.com\/palencia\/wp-content\/uploads\/sites\/3\/2022\/04\/IMG_7903-1536x1152.jpg 1536w, https:\/\/www.asajacyl.com\/palencia\/wp-content\/uploads\/sites\/3\/2022\/04\/IMG_7903-2048x1536.jpg 2048w, https:\/\/www.asajacyl.com\/palencia\/wp-content\/uploads\/sites\/3\/2022\/04\/IMG_7903-696x522.jpg 696w, https:\/\/www.asajacyl.com\/palencia\/wp-content\/uploads\/sites\/3\/2022\/04\/IMG_7903-1068x801.jpg 1068w, https:\/\/www.asajacyl.com\/palencia\/wp-content\/uploads\/sites\/3\/2022\/04\/IMG_7903-1920x1440.jpg 1920w, https:\/\/www.asajacyl.com\/palencia\/wp-content\/uploads\/sites\/3\/2022\/04\/IMG_7903-560x420.jpg 560w, https:\/\/www.asajacyl.com\/palencia\/wp-content\/uploads\/sites\/3\/2022\/04\/IMG_7903-80x60.jpg 80w\" sizes=\"(max-width: 1024px) 100vw, 1024px\" \/><figcaption>El Comit\u00e9 Ejecutivo de ASAJA fue recibido en la Diputaci\u00f3n de Palencia por la Presidenta, \u00c1ngeles Armis\u00e9n, el Vicepresidente, Luis Calder\u00f3n, y un elenco de diputados provinciales.<\/figcaption><\/figure>\n\n\n\n<figure class=\"wp-block-image size-large is-resized\"><img loading=\"lazy\" decoding=\"async\" src=\"https:\/\/www.asajacyl.com\/palencia\/wp-content\/uploads\/sites\/3\/2022\/04\/IMG_7630-1024x768.jpg\" alt=\"\" class=\"wp-image-10261\" width=\"1024\" height=\"768\" srcset=\"https:\/\/www.asajacyl.com\/palencia\/wp-content\/uploads\/sites\/3\/2022\/04\/IMG_7630-1024x768.jpg 1024w, https:\/\/www.asajacyl.com\/palencia\/wp-content\/uploads\/sites\/3\/2022\/04\/IMG_7630-300x225.jpg 300w, https:\/\/www.asajacyl.com\/palencia\/wp-content\/uploads\/sites\/3\/2022\/04\/IMG_7630-768x576.jpg 768w, https:\/\/www.asajacyl.com\/palencia\/wp-content\/uploads\/sites\/3\/2022\/04\/IMG_7630-1536x1152.jpg 1536w, https:\/\/www.asajacyl.com\/palencia\/wp-content\/uploads\/sites\/3\/2022\/04\/IMG_7630-2048x1536.jpg 2048w, https:\/\/www.asajacyl.com\/palencia\/wp-content\/uploads\/sites\/3\/2022\/04\/IMG_7630-696x522.jpg 696w, https:\/\/www.asajacyl.com\/palencia\/wp-content\/uploads\/sites\/3\/2022\/04\/IMG_7630-1068x801.jpg 1068w, https:\/\/www.asajacyl.com\/palencia\/wp-content\/uploads\/sites\/3\/2022\/04\/IMG_7630-1920x1440.jpg 1920w, https:\/\/www.asajacyl.com\/palencia\/wp-content\/uploads\/sites\/3\/2022\/04\/IMG_7630-560x420.jpg 560w, https:\/\/www.asajacyl.com\/palencia\/wp-content\/uploads\/sites\/3\/2022\/04\/IMG_7630-80x60.jpg 80w\" sizes=\"(max-width: 1024px) 100vw, 1024px\" \/><figcaption>El Subdelegado del Gobierno, \u00c1ngel Domingo Miguel, tambi\u00e9n se reuni\u00f3 con el Comit\u00e9 Ejecutivo de ASAJA-Palencia.<\/figcaption><\/figure>\n\n\n\n<figure class=\"wp-block-image size-large\"><img loading=\"lazy\" decoding=\"async\" width=\"1024\" height=\"768\" src=\"https:\/\/www.asajacyl.com\/palencia\/wp-content\/uploads\/sites\/3\/2022\/04\/IMG_7559-1024x768.jpg\" alt=\"\" class=\"wp-image-10262\" srcset=\"https:\/\/www.asajacyl.com\/palencia\/wp-content\/uploads\/sites\/3\/2022\/04\/IMG_7559-1024x768.jpg 1024w, https:\/\/www.asajacyl.com\/palencia\/wp-content\/uploads\/sites\/3\/2022\/04\/IMG_7559-300x225.jpg 300w, https:\/\/www.asajacyl.com\/palencia\/wp-content\/uploads\/sites\/3\/2022\/04\/IMG_7559-768x576.jpg 768w, https:\/\/www.asajacyl.com\/palencia\/wp-content\/uploads\/sites\/3\/2022\/04\/IMG_7559-1536x1152.jpg 1536w, https:\/\/www.asajacyl.com\/palencia\/wp-content\/uploads\/sites\/3\/2022\/04\/IMG_7559-2048x1536.jpg 2048w, https:\/\/www.asajacyl.com\/palencia\/wp-content\/uploads\/sites\/3\/2022\/04\/IMG_7559-696x522.jpg 696w, https:\/\/www.asajacyl.com\/palencia\/wp-content\/uploads\/sites\/3\/2022\/04\/IMG_7559-1068x801.jpg 1068w, https:\/\/www.asajacyl.com\/palencia\/wp-content\/uploads\/sites\/3\/2022\/04\/IMG_7559-1920x1440.jpg 1920w, https:\/\/www.asajacyl.com\/palencia\/wp-content\/uploads\/sites\/3\/2022\/04\/IMG_7559-560x420.jpg 560w, https:\/\/www.asajacyl.com\/palencia\/wp-content\/uploads\/sites\/3\/2022\/04\/IMG_7559-80x60.jpg 80w\" sizes=\"(max-width: 1024px) 100vw, 1024px\" \/><figcaption>En la Delegaci\u00f3n Territorial de la Junta de Castilla y Le\u00f3n fueron el Delegado Territorial, Jos\u00e9 Antonio Rubio, y el Jefe de Servicio de Agricultura, Ganader\u00eda y Desarrollo Rural, Jos\u00e9 F\u00e9lix de la Cruz, quienes recibieron al nuevo Comit\u00e9 Ejecutivo.<\/figcaption><\/figure>\n","protected":false},"excerpt":{"rendered":"<p>El 18 de marzo se produjo el relevo en la presidencia de ASAJA-Palencia. Honorato Meneses, anterior presidente de la asociaci\u00f3n, dio el testigo a Jos\u00e9 Luis Marcos, al cual acompa\u00f1ar\u00e1n en el Comit\u00e9 Ejecutivo Lorenzo Garc\u00eda, en el puesto de vicepresidente, Luis Mar\u00eda Santiago, como secretario, Roberto Fern\u00e1ndez, como tesorero, y Carlos Franco, como interventor. [&hellip;]<\/p>\n","protected":false},"author":9,"featured_media":10262,"comment_status":"open","ping_status":"open","sticky":false,"template":"","format":"standard","meta":{"footnotes":""},"categories":[9,29,28],"tags":[],"yoast_head":"<!-- This site is optimized with the Yoast SEO plugin v24.5 - https:\/\/yoast.com\/wordpress\/plugins\/seo\/ -->\n<title>El Comit\u00e9 Ejecutivo de ASAJA-Palencia fue recibido por las Instituciones - ASAJA Palencia<\/title>\n<meta name=\"description\" content=\"El 18 de marzo se produjo el relevo en la presidencia de ASAJA-Palencia. Honorato Meneses, anterior presidente de la asociaci\u00f3n, dio el testigo a Jos\u00e9\" \/>\n<meta name=\"robots\" content=\"index, follow, max-snippet:-1, max-image-preview:large, max-video-preview:-1\" \/>\n<link rel=\"canonical\" href=\"https:\/\/www.asajacyl.com\/palencia\/asaja-palencia-informa\/el-comite-ejecutivo-de-asaja-palencia-visito-a-las-instituciones\" \/>\n<meta property=\"og:locale\" content=\"es_ES\" \/>\n<meta property=\"og:type\" content=\"article\" \/>\n<meta property=\"og:title\" content=\"El Comit\u00e9 Ejecutivo de ASAJA-Palencia fue recibido por las Instituciones - ASAJA Palencia\" \/>\n<meta property=\"og:description\" content=\"El 18 de marzo se produjo el relevo en la presidencia de ASAJA-Palencia. Honorato Meneses, anterior presidente de la asociaci\u00f3n, dio el testigo a Jos\u00e9\" \/>\n<meta property=\"og:url\" content=\"https:\/\/www.asajacyl.com\/palencia\/asaja-palencia-informa\/el-comite-ejecutivo-de-asaja-palencia-visito-a-las-instituciones\" \/>\n<meta property=\"og:site_name\" content=\"ASAJA Palencia\" \/>\n<meta property=\"article:published_time\" content=\"2022-04-14T09:11:00+00:00\" \/>\n<meta property=\"og:image\" content=\"https:\/\/www.asajacyl.com\/palencia\/wp-content\/uploads\/sites\/3\/2022\/04\/IMG_7559.jpg\" \/>\n\t<meta property=\"og:image:width\" content=\"2500\" \/>\n\t<meta property=\"og:image:height\" content=\"1875\" \/>\n\t<meta property=\"og:image:type\" content=\"image\/jpeg\" \/>\n<meta name=\"author\" content=\"Administrador\" \/>\n<meta name=\"twitter:card\" content=\"summary_large_image\" \/>\n<meta name=\"twitter:label1\" content=\"Escrito por\" \/>\n\t<meta name=\"twitter:data1\" content=\"Administrador\" \/>\n\t<meta name=\"twitter:label2\" content=\"Tiempo de lectura\" \/>\n\t<meta name=\"twitter:data2\" content=\"3 minutos\" \/>\n<script type=\"application\/ld+json\" class=\"yoast-schema-graph\">{\"@context\":\"https:\/\/schema.org\",\"@graph\":[{\"@type\":\"WebPage\",\"@id\":\"https:\/\/www.asajacyl.com\/palencia\/asaja-palencia-informa\/el-comite-ejecutivo-de-asaja-palencia-visito-a-las-instituciones\",\"url\":\"https:\/\/www.asajacyl.com\/palencia\/asaja-palencia-informa\/el-comite-ejecutivo-de-asaja-palencia-visito-a-las-instituciones\",\"name\":\"El Comit\u00e9 Ejecutivo de ASAJA-Palencia fue recibido por las Instituciones - ASAJA Palencia\",\"isPartOf\":{\"@id\":\"https:\/\/www.asajacyl.com\/palencia\/#website\"},\"primaryImageOfPage\":{\"@id\":\"https:\/\/www.asajacyl.com\/palencia\/asaja-palencia-informa\/el-comite-ejecutivo-de-asaja-palencia-visito-a-las-instituciones#primaryimage\"},\"image\":{\"@id\":\"https:\/\/www.asajacyl.com\/palencia\/asaja-palencia-informa\/el-comite-ejecutivo-de-asaja-palencia-visito-a-las-instituciones#primaryimage\"},\"thumbnailUrl\":\"https:\/\/www.asajacyl.com\/palencia\/wp-content\/uploads\/sites\/3\/2022\/04\/IMG_7559.jpg\",\"datePublished\":\"2022-04-14T09:11:00+00:00\",\"author\":{\"@id\":\"https:\/\/www.asajacyl.com\/palencia\/#\/schema\/person\/3ab17aeb03527485c317557fae64aab1\"},\"description\":\"El 18 de marzo se produjo el relevo en la presidencia de ASAJA-Palencia. Honorato Meneses, anterior presidente de la asociaci\u00f3n, dio el testigo a Jos\u00e9\",\"breadcrumb\":{\"@id\":\"https:\/\/www.asajacyl.com\/palencia\/asaja-palencia-informa\/el-comite-ejecutivo-de-asaja-palencia-visito-a-las-instituciones#breadcrumb\"},\"inLanguage\":\"es\",\"potentialAction\":[{\"@type\":\"ReadAction\",\"target\":[\"https:\/\/www.asajacyl.com\/palencia\/asaja-palencia-informa\/el-comite-ejecutivo-de-asaja-palencia-visito-a-las-instituciones\"]}]},{\"@type\":\"ImageObject\",\"inLanguage\":\"es\",\"@id\":\"https:\/\/www.asajacyl.com\/palencia\/asaja-palencia-informa\/el-comite-ejecutivo-de-asaja-palencia-visito-a-las-instituciones#primaryimage\",\"url\":\"https:\/\/www.asajacyl.com\/palencia\/wp-content\/uploads\/sites\/3\/2022\/04\/IMG_7559.jpg\",\"contentUrl\":\"https:\/\/www.asajacyl.com\/palencia\/wp-content\/uploads\/sites\/3\/2022\/04\/IMG_7559.jpg\",\"width\":2500,\"height\":1875},{\"@type\":\"BreadcrumbList\",\"@id\":\"https:\/\/www.asajacyl.com\/palencia\/asaja-palencia-informa\/el-comite-ejecutivo-de-asaja-palencia-visito-a-las-instituciones#breadcrumb\",\"itemListElement\":[{\"@type\":\"ListItem\",\"position\":1,\"name\":\"Portada\",\"item\":\"https:\/\/www.asajacyl.com\/palencia\/\"},{\"@type\":\"ListItem\",\"position\":2,\"name\":\"El Comit\u00e9 Ejecutivo de ASAJA-Palencia fue recibido por las Instituciones\"}]},{\"@type\":\"WebSite\",\"@id\":\"https:\/\/www.asajacyl.com\/palencia\/#website\",\"url\":\"https:\/\/www.asajacyl.com\/palencia\/\",\"name\":\"ASAJA Palencia\",\"description\":\"Otro sitio m\u00e1s de Provincias ASAJA Castilla y Le\u00f3n\",\"potentialAction\":[{\"@type\":\"SearchAction\",\"target\":{\"@type\":\"EntryPoint\",\"urlTemplate\":\"https:\/\/www.asajacyl.com\/palencia\/?s={search_term_string}\"},\"query-input\":{\"@type\":\"PropertyValueSpecification\",\"valueRequired\":true,\"valueName\":\"search_term_string\"}}],\"inLanguage\":\"es\"},{\"@type\":\"Person\",\"@id\":\"https:\/\/www.asajacyl.com\/palencia\/#\/schema\/person\/3ab17aeb03527485c317557fae64aab1\",\"name\":\"Administrador\",\"image\":{\"@type\":\"ImageObject\",\"inLanguage\":\"es\",\"@id\":\"https:\/\/www.asajacyl.com\/palencia\/#\/schema\/person\/image\/\",\"url\":\"https:\/\/secure.gravatar.com\/avatar\/517384810d242ca9e38c180f3c9fb973?s=96&d=mm&r=g\",\"contentUrl\":\"https:\/\/secure.gravatar.com\/avatar\/517384810d242ca9e38c180f3c9fb973?s=96&d=mm&r=g\",\"caption\":\"Administrador\"},\"url\":\"https:\/\/www.asajacyl.com\/palencia\/author\/carlosrm\"}]}<\/script>\n<!-- \/ Yoast SEO plugin. -->","yoast_head_json":{"title":"El Comit\u00e9 Ejecutivo de ASAJA-Palencia fue recibido por las Instituciones - ASAJA Palencia","description":"El 18 de marzo se produjo el relevo en la presidencia de ASAJA-Palencia. Honorato Meneses, anterior presidente de la asociaci\u00f3n, dio el testigo a Jos\u00e9","robots":{"index":"index","follow":"follow","max-snippet":"max-snippet:-1","max-image-preview":"max-image-preview:large","max-video-preview":"max-video-preview:-1"},"canonical":"https:\/\/www.asajacyl.com\/palencia\/asaja-palencia-informa\/el-comite-ejecutivo-de-asaja-palencia-visito-a-las-instituciones","og_locale":"es_ES","og_type":"article","og_title":"El Comit\u00e9 Ejecutivo de ASAJA-Palencia fue recibido por las Instituciones - ASAJA Palencia","og_description":"El 18 de marzo se produjo el relevo en la presidencia de ASAJA-Palencia. Honorato Meneses, anterior presidente de la asociaci\u00f3n, dio el testigo a Jos\u00e9","og_url":"https:\/\/www.asajacyl.com\/palencia\/asaja-palencia-informa\/el-comite-ejecutivo-de-asaja-palencia-visito-a-las-instituciones","og_site_name":"ASAJA Palencia","article_published_time":"2022-04-14T09:11:00+00:00","og_image":[{"width":2500,"height":1875,"url":"https:\/\/www.asajacyl.com\/palencia\/wp-content\/uploads\/sites\/3\/2022\/04\/IMG_7559.jpg","type":"image\/jpeg"}],"author":"Administrador","twitter_card":"summary_large_image","twitter_misc":{"Escrito por":"Administrador","Tiempo de lectura":"3 minutos"},"schema":{"@context":"https:\/\/schema.org","@graph":[{"@type":"WebPage","@id":"https:\/\/www.asajacyl.com\/palencia\/asaja-palencia-informa\/el-comite-ejecutivo-de-asaja-palencia-visito-a-las-instituciones","url":"https:\/\/www.asajacyl.com\/palencia\/asaja-palencia-informa\/el-comite-ejecutivo-de-asaja-palencia-visito-a-las-instituciones","name":"El Comit\u00e9 Ejecutivo de ASAJA-Palencia fue recibido por las Instituciones - ASAJA Palencia","isPartOf":{"@id":"https:\/\/www.asajacyl.com\/palencia\/#website"},"primaryImageOfPage":{"@id":"https:\/\/www.asajacyl.com\/palencia\/asaja-palencia-informa\/el-comite-ejecutivo-de-asaja-palencia-visito-a-las-instituciones#primaryimage"},"image":{"@id":"https:\/\/www.asajacyl.com\/palencia\/asaja-palencia-informa\/el-comite-ejecutivo-de-asaja-palencia-visito-a-las-instituciones#primaryimage"},"thumbnailUrl":"https:\/\/www.asajacyl.com\/palencia\/wp-content\/uploads\/sites\/3\/2022\/04\/IMG_7559.jpg","datePublished":"2022-04-14T09:11:00+00:00","author":{"@id":"https:\/\/www.asajacyl.com\/palencia\/#\/schema\/person\/3ab17aeb03527485c317557fae64aab1"},"description":"El 18 de marzo se produjo el relevo en la presidencia de ASAJA-Palencia. Honorato Meneses, anterior presidente de la asociaci\u00f3n, dio el testigo a Jos\u00e9","breadcrumb":{"@id":"https:\/\/www.asajacyl.com\/palencia\/asaja-palencia-informa\/el-comite-ejecutivo-de-asaja-palencia-visito-a-las-instituciones#breadcrumb"},"inLanguage":"es","potentialAction":[{"@type":"ReadAction","target":["https:\/\/www.asajacyl.com\/palencia\/asaja-palencia-informa\/el-comite-ejecutivo-de-asaja-palencia-visito-a-las-instituciones"]}]},{"@type":"ImageObject","inLanguage":"es","@id":"https:\/\/www.asajacyl.com\/palencia\/asaja-palencia-informa\/el-comite-ejecutivo-de-asaja-palencia-visito-a-las-instituciones#primaryimage","url":"https:\/\/www.asajacyl.com\/palencia\/wp-content\/uploads\/sites\/3\/2022\/04\/IMG_7559.jpg","contentUrl":"https:\/\/www.asajacyl.com\/palencia\/wp-content\/uploads\/sites\/3\/2022\/04\/IMG_7559.jpg","width":2500,"height":1875},{"@type":"BreadcrumbList","@id":"https:\/\/www.asajacyl.com\/palencia\/asaja-palencia-informa\/el-comite-ejecutivo-de-asaja-palencia-visito-a-las-instituciones#breadcrumb","itemListElement":[{"@type":"ListItem","position":1,"name":"Portada","item":"https:\/\/www.asajacyl.com\/palencia\/"},{"@type":"ListItem","position":2,"name":"El Comit\u00e9 Ejecutivo de ASAJA-Palencia fue recibido por las Instituciones"}]},{"@type":"WebSite","@id":"https:\/\/www.asajacyl.com\/palencia\/#website","url":"https:\/\/www.asajacyl.com\/palencia\/","name":"ASAJA Palencia","description":"Otro sitio m\u00e1s de Provincias ASAJA Castilla y Le\u00f3n","potentialAction":[{"@type":"SearchAction","target":{"@type":"EntryPoint","urlTemplate":"https:\/\/www.asajacyl.com\/palencia\/?s={search_term_string}"},"query-input":{"@type":"PropertyValueSpecification","valueRequired":true,"valueName":"search_term_string"}}],"inLanguage":"es"},{"@type":"Person","@id":"https:\/\/www.asajacyl.com\/palencia\/#\/schema\/person\/3ab17aeb03527485c317557fae64aab1","name":"Administrador","image":{"@type":"ImageObject","inLanguage":"es","@id":"https:\/\/www.asajacyl.com\/palencia\/#\/schema\/person\/image\/","url":"https:\/\/secure.gravatar.com\/avatar\/517384810d242ca9e38c180f3c9fb973?s=96&d=mm&r=g","contentUrl":"https:\/\/secure.gravatar.com\/avatar\/517384810d242ca9e38c180f3c9fb973?s=96&d=mm&r=g","caption":"Administrador"},"url":"https:\/\/www.asajacyl.com\/palencia\/author\/carlosrm"}]}},"_links":{"self":[{"href":"https:\/\/www.asajacyl.com\/palencia\/wp-json\/wp\/v2\/posts\/10255"}],"collection":[{"href":"https:\/\/www.asajacyl.com\/palencia\/wp-json\/wp\/v2\/posts"}],"about":[{"href":"https:\/\/www.asajacyl.com\/palencia\/wp-json\/wp\/v2\/types\/post"}],"author":[{"embeddable":true,"href":"https:\/\/www.asajacyl.com\/palencia\/wp-json\/wp\/v2\/users\/9"}],"replies":[{"embeddable":true,"href":"https:\/\/www.asajacyl.com\/palencia\/wp-json\/wp\/v2\/comments?post=10255"}],"version-history":[{"count":2,"href":"https:\/\/www.asajacyl.com\/palencia\/wp-json\/wp\/v2\/posts\/10255\/revisions"}],"predecessor-version":[{"id":10264,"href":"https:\/\/www.asajacyl.com\/palencia\/wp-json\/wp\/v2\/posts\/10255\/revisions\/10264"}],"wp:featuredmedia":[{"embeddable":true,"href":"https:\/\/www.asajacyl.com\/palencia\/wp-json\/wp\/v2\/media\/10262"}],"wp:attachment":[{"href":"https:\/\/www.asajacyl.com\/palencia\/wp-json\/wp\/v2\/media?parent=10255"}],"wp:term":[{"taxonomy":"category","embeddable":true,"href":"https:\/\/www.asajacyl.com\/palencia\/wp-json\/wp\/v2\/categories?post=10255"},{"taxonomy":"post_tag","embeddable":true,"href":"https:\/\/www.asajacyl.com\/palencia\/wp-json\/wp\/v2\/tags?post=10255"}],"curies":[{"name":"wp","href":"https:\/\/api.w.org\/{rel}","templated":true}]}}