{"id":10265,"date":"2022-04-13T14:14:18","date_gmt":"2022-04-13T12:14:18","guid":{"rendered":"https:\/\/www.asajacyl.com\/palencia\/?p=10265"},"modified":"2022-04-13T14:14:19","modified_gmt":"2022-04-13T12:14:19","slug":"el-lobo-tambien-se-ceba-con-el-ganado-equino","status":"publish","type":"post","link":"https:\/\/www.asajacyl.com\/palencia\/asaja-palencia-informa\/el-lobo-tambien-se-ceba-con-el-ganado-equino","title":{"rendered":"El lobo tambi\u00e9n se ceba con el ganado equino"},"content":{"rendered":"\n<p>En los \u00faltimos d\u00edas una de las explotaciones ganaderas que pueblan la Monta\u00f1a Palentina ha sufrido la visita de los lobos, concretamente esta vez ha ocurrido en la localidad de La Lastra, perteneciente al municipio de Triollo, en plena Ruta de los Pantanos. En este caso el ganado afectado es el equino el cual se ha visto indefenso ante el lobo, pese a contar la ganader\u00eda con varios perros mastines, y el ataque se ha producido s\u00f3lo a unos doscientos metros del casco urbano. Los ataques de los lobos son reiterados y los ganaderos temen por el futuro de su ganader\u00eda y de las de la zona.<\/p>\n\n\n\n<p>Si el Tribunal Supremo no lo remedia, la caza del lobo mantendr\u00e1 su prohibici\u00f3n. Pese a que las Directivas europeas permiten la caza al norte del Duero, el MITECO ha introducido a la especie dentro del listado LESPRE (Listado de Especies Silvestres en R\u00e9gimen de Protecci\u00f3n Especial) consiguiendo de facto que se proh\u00edba la caza de este depredador que asola los pastos y campa a sus anchas, cada vez m\u00e1s.<\/p>\n\n\n\n<p>La inclusi\u00f3n en el listado LESPRE se realiza alegando el peligro de extinci\u00f3n de la especie, algo que nadie se cree y es que cualquiera que habite en las zonas loberas sabe que hay m\u00e1s lobos que nunca. La forma de medir la presencia del lobo no es calcular los ataques que produce al ganado dom\u00e9stico porque hay muchos ataques que no se denuncian, ya sea porque los lobos se llevan una o varias cr\u00edas, las cuales desaparecen sin dejar rastro no pudi\u00e9ndose demostrar que haya sido el lobo el culpable, las indemnizaciones s\u00f3lo se pagan a ganaderos que tengan seguro en las zonas externas a la Reserva Regional de Caza de Fuentes Carrionas o simplemente se indemniza tan poco que no merecen la pena las idas, venidas, llamadas, etc. El caso contrario s\u00ed demostrar\u00eda la presencia del lobo y es que si hay numerosos ataques no hay otra opci\u00f3n a que el lobo abunde.<\/p>\n\n\n\n<p>En la provincia de Palencia actualmente miramos de reojo a la provincia de \u00c1vila, que sufre m\u00e1s de mil ataques al a\u00f1o y que, por estar situada al sur del Duero, no ha contado con el control poblacional cineg\u00e9tico que s\u00ed hemos tenido en nuestra provincia -hay que recordar que de los cupos de lobo que se permit\u00edan s\u00f3lo se cazaban algo m\u00e1s de la mitad, por lo elevado de su coste y por lo dif\u00edcil de cazar un animal tan astuto. \u00c1vila marca un camino que no queremos seguir.<\/p>\n\n\n\n<div class=\"wp-block-image\"><figure class=\"aligncenter size-large\"><img loading=\"lazy\" decoding=\"async\" width=\"768\" height=\"1024\" src=\"https:\/\/www.asajacyl.com\/palencia\/wp-content\/uploads\/sites\/3\/2022\/04\/2c10b567-cd04-47ab-a51e-36ef3931a007-768x1024.jpg\" alt=\"\" class=\"wp-image-10266\" srcset=\"https:\/\/www.asajacyl.com\/palencia\/wp-content\/uploads\/sites\/3\/2022\/04\/2c10b567-cd04-47ab-a51e-36ef3931a007-768x1024.jpg 768w, https:\/\/www.asajacyl.com\/palencia\/wp-content\/uploads\/sites\/3\/2022\/04\/2c10b567-cd04-47ab-a51e-36ef3931a007-225x300.jpg 225w, https:\/\/www.asajacyl.com\/palencia\/wp-content\/uploads\/sites\/3\/2022\/04\/2c10b567-cd04-47ab-a51e-36ef3931a007-1152x1536.jpg 1152w, https:\/\/www.asajacyl.com\/palencia\/wp-content\/uploads\/sites\/3\/2022\/04\/2c10b567-cd04-47ab-a51e-36ef3931a007-696x928.jpg 696w, https:\/\/www.asajacyl.com\/palencia\/wp-content\/uploads\/sites\/3\/2022\/04\/2c10b567-cd04-47ab-a51e-36ef3931a007-1068x1424.jpg 1068w, https:\/\/www.asajacyl.com\/palencia\/wp-content\/uploads\/sites\/3\/2022\/04\/2c10b567-cd04-47ab-a51e-36ef3931a007-315x420.jpg 315w, https:\/\/www.asajacyl.com\/palencia\/wp-content\/uploads\/sites\/3\/2022\/04\/2c10b567-cd04-47ab-a51e-36ef3931a007.jpg 1200w\" sizes=\"(max-width: 768px) 100vw, 768px\" \/><figcaption>Potro con una pata mordida por los lobos.<\/figcaption><\/figure><\/div>\n\n\n\n<div class=\"wp-block-image\"><figure class=\"aligncenter size-large\"><img loading=\"lazy\" decoding=\"async\" width=\"768\" height=\"1024\" src=\"https:\/\/www.asajacyl.com\/palencia\/wp-content\/uploads\/sites\/3\/2022\/04\/2ab6f5d6-b552-4d5b-b959-4750d972c958-768x1024.jpg\" alt=\"\" class=\"wp-image-10267\" srcset=\"https:\/\/www.asajacyl.com\/palencia\/wp-content\/uploads\/sites\/3\/2022\/04\/2ab6f5d6-b552-4d5b-b959-4750d972c958-768x1024.jpg 768w, https:\/\/www.asajacyl.com\/palencia\/wp-content\/uploads\/sites\/3\/2022\/04\/2ab6f5d6-b552-4d5b-b959-4750d972c958-225x300.jpg 225w, https:\/\/www.asajacyl.com\/palencia\/wp-content\/uploads\/sites\/3\/2022\/04\/2ab6f5d6-b552-4d5b-b959-4750d972c958-1152x1536.jpg 1152w, https:\/\/www.asajacyl.com\/palencia\/wp-content\/uploads\/sites\/3\/2022\/04\/2ab6f5d6-b552-4d5b-b959-4750d972c958-696x928.jpg 696w, https:\/\/www.asajacyl.com\/palencia\/wp-content\/uploads\/sites\/3\/2022\/04\/2ab6f5d6-b552-4d5b-b959-4750d972c958-1068x1424.jpg 1068w, https:\/\/www.asajacyl.com\/palencia\/wp-content\/uploads\/sites\/3\/2022\/04\/2ab6f5d6-b552-4d5b-b959-4750d972c958-315x420.jpg 315w, https:\/\/www.asajacyl.com\/palencia\/wp-content\/uploads\/sites\/3\/2022\/04\/2ab6f5d6-b552-4d5b-b959-4750d972c958.jpg 1200w\" sizes=\"(max-width: 768px) 100vw, 768px\" \/><figcaption>Es duro de ver pero as\u00ed queda un animal como este potro despu\u00e9s de ser atacado por el lobo.<\/figcaption><\/figure><\/div>\n","protected":false},"excerpt":{"rendered":"<p>En los \u00faltimos d\u00edas una de las explotaciones ganaderas que pueblan la Monta\u00f1a Palentina ha sufrido la visita de los lobos, concretamente esta vez ha ocurrido en la localidad de La Lastra, perteneciente al municipio de Triollo, en plena Ruta de los Pantanos. En este caso el ganado afectado es el equino el cual se [&hellip;]<\/p>\n","protected":false},"author":9,"featured_media":10267,"comment_status":"open","ping_status":"open","sticky":false,"template":"","format":"standard","meta":{"footnotes":""},"categories":[9,29,28],"tags":[],"yoast_head":"<!-- This site is optimized with the Yoast SEO plugin v24.5 - https:\/\/yoast.com\/wordpress\/plugins\/seo\/ -->\n<title>El lobo tambi\u00e9n se ceba con el ganado equino - ASAJA Palencia<\/title>\n<meta name=\"description\" content=\"En los \u00faltimos d\u00edas una de las explotaciones ganaderas que pueblan la Monta\u00f1a Palentina ha sufrido la visita de los lobos, concretamente esta vez ha\" \/>\n<meta name=\"robots\" content=\"index, follow, max-snippet:-1, max-image-preview:large, max-video-preview:-1\" \/>\n<link rel=\"canonical\" href=\"https:\/\/www.asajacyl.com\/palencia\/asaja-palencia-informa\/el-lobo-tambien-se-ceba-con-el-ganado-equino\" \/>\n<meta property=\"og:locale\" content=\"es_ES\" \/>\n<meta property=\"og:type\" content=\"article\" \/>\n<meta property=\"og:title\" content=\"El lobo tambi\u00e9n se ceba con el ganado equino - ASAJA Palencia\" \/>\n<meta property=\"og:description\" content=\"En los \u00faltimos d\u00edas una de las explotaciones ganaderas que pueblan la Monta\u00f1a Palentina ha sufrido la visita de los lobos, concretamente esta vez ha\" \/>\n<meta property=\"og:url\" content=\"https:\/\/www.asajacyl.com\/palencia\/asaja-palencia-informa\/el-lobo-tambien-se-ceba-con-el-ganado-equino\" \/>\n<meta property=\"og:site_name\" content=\"ASAJA Palencia\" \/>\n<meta property=\"article:published_time\" content=\"2022-04-13T12:14:18+00:00\" \/>\n<meta property=\"article:modified_time\" content=\"2022-04-13T12:14:19+00:00\" \/>\n<meta property=\"og:image\" content=\"https:\/\/www.asajacyl.com\/palencia\/wp-content\/uploads\/sites\/3\/2022\/04\/2ab6f5d6-b552-4d5b-b959-4750d972c958.jpg\" \/>\n\t<meta property=\"og:image:width\" content=\"1200\" \/>\n\t<meta property=\"og:image:height\" content=\"1600\" \/>\n\t<meta property=\"og:image:type\" content=\"image\/jpeg\" \/>\n<meta name=\"author\" content=\"Administrador\" \/>\n<meta name=\"twitter:card\" content=\"summary_large_image\" \/>\n<meta name=\"twitter:label1\" content=\"Escrito por\" \/>\n\t<meta name=\"twitter:data1\" content=\"Administrador\" \/>\n\t<meta name=\"twitter:label2\" content=\"Tiempo de lectura\" \/>\n\t<meta name=\"twitter:data2\" content=\"3 minutos\" \/>\n<script type=\"application\/ld+json\" class=\"yoast-schema-graph\">{\"@context\":\"https:\/\/schema.org\",\"@graph\":[{\"@type\":\"WebPage\",\"@id\":\"https:\/\/www.asajacyl.com\/palencia\/asaja-palencia-informa\/el-lobo-tambien-se-ceba-con-el-ganado-equino\",\"url\":\"https:\/\/www.asajacyl.com\/palencia\/asaja-palencia-informa\/el-lobo-tambien-se-ceba-con-el-ganado-equino\",\"name\":\"El lobo tambi\u00e9n se ceba con el ganado equino - ASAJA Palencia\",\"isPartOf\":{\"@id\":\"https:\/\/www.asajacyl.com\/palencia\/#website\"},\"primaryImageOfPage\":{\"@id\":\"https:\/\/www.asajacyl.com\/palencia\/asaja-palencia-informa\/el-lobo-tambien-se-ceba-con-el-ganado-equino#primaryimage\"},\"image\":{\"@id\":\"https:\/\/www.asajacyl.com\/palencia\/asaja-palencia-informa\/el-lobo-tambien-se-ceba-con-el-ganado-equino#primaryimage\"},\"thumbnailUrl\":\"https:\/\/www.asajacyl.com\/palencia\/wp-content\/uploads\/sites\/3\/2022\/04\/2ab6f5d6-b552-4d5b-b959-4750d972c958.jpg\",\"datePublished\":\"2022-04-13T12:14:18+00:00\",\"dateModified\":\"2022-04-13T12:14:19+00:00\",\"author\":{\"@id\":\"https:\/\/www.asajacyl.com\/palencia\/#\/schema\/person\/3ab17aeb03527485c317557fae64aab1\"},\"description\":\"En los \u00faltimos d\u00edas una de las explotaciones ganaderas que pueblan la Monta\u00f1a Palentina ha sufrido la visita de los lobos, concretamente esta vez ha\",\"breadcrumb\":{\"@id\":\"https:\/\/www.asajacyl.com\/palencia\/asaja-palencia-informa\/el-lobo-tambien-se-ceba-con-el-ganado-equino#breadcrumb\"},\"inLanguage\":\"es\",\"potentialAction\":[{\"@type\":\"ReadAction\",\"target\":[\"https:\/\/www.asajacyl.com\/palencia\/asaja-palencia-informa\/el-lobo-tambien-se-ceba-con-el-ganado-equino\"]}]},{\"@type\":\"ImageObject\",\"inLanguage\":\"es\",\"@id\":\"https:\/\/www.asajacyl.com\/palencia\/asaja-palencia-informa\/el-lobo-tambien-se-ceba-con-el-ganado-equino#primaryimage\",\"url\":\"https:\/\/www.asajacyl.com\/palencia\/wp-content\/uploads\/sites\/3\/2022\/04\/2ab6f5d6-b552-4d5b-b959-4750d972c958.jpg\",\"contentUrl\":\"https:\/\/www.asajacyl.com\/palencia\/wp-content\/uploads\/sites\/3\/2022\/04\/2ab6f5d6-b552-4d5b-b959-4750d972c958.jpg\",\"width\":1200,\"height\":1600},{\"@type\":\"BreadcrumbList\",\"@id\":\"https:\/\/www.asajacyl.com\/palencia\/asaja-palencia-informa\/el-lobo-tambien-se-ceba-con-el-ganado-equino#breadcrumb\",\"itemListElement\":[{\"@type\":\"ListItem\",\"position\":1,\"name\":\"Portada\",\"item\":\"https:\/\/www.asajacyl.com\/palencia\/\"},{\"@type\":\"ListItem\",\"position\":2,\"name\":\"El lobo tambi\u00e9n se ceba con el ganado equino\"}]},{\"@type\":\"WebSite\",\"@id\":\"https:\/\/www.asajacyl.com\/palencia\/#website\",\"url\":\"https:\/\/www.asajacyl.com\/palencia\/\",\"name\":\"ASAJA Palencia\",\"description\":\"Otro sitio m\u00e1s de Provincias ASAJA Castilla y Le\u00f3n\",\"potentialAction\":[{\"@type\":\"SearchAction\",\"target\":{\"@type\":\"EntryPoint\",\"urlTemplate\":\"https:\/\/www.asajacyl.com\/palencia\/?s={search_term_string}\"},\"query-input\":{\"@type\":\"PropertyValueSpecification\",\"valueRequired\":true,\"valueName\":\"search_term_string\"}}],\"inLanguage\":\"es\"},{\"@type\":\"Person\",\"@id\":\"https:\/\/www.asajacyl.com\/palencia\/#\/schema\/person\/3ab17aeb03527485c317557fae64aab1\",\"name\":\"Administrador\",\"image\":{\"@type\":\"ImageObject\",\"inLanguage\":\"es\",\"@id\":\"https:\/\/www.asajacyl.com\/palencia\/#\/schema\/person\/image\/\",\"url\":\"https:\/\/secure.gravatar.com\/avatar\/517384810d242ca9e38c180f3c9fb973?s=96&d=mm&r=g\",\"contentUrl\":\"https:\/\/secure.gravatar.com\/avatar\/517384810d242ca9e38c180f3c9fb973?s=96&d=mm&r=g\",\"caption\":\"Administrador\"},\"url\":\"https:\/\/www.asajacyl.com\/palencia\/author\/carlosrm\"}]}<\/script>\n<!-- \/ Yoast SEO plugin. -->","yoast_head_json":{"title":"El lobo tambi\u00e9n se ceba con el ganado equino - ASAJA Palencia","description":"En los \u00faltimos d\u00edas una de las explotaciones ganaderas que pueblan la Monta\u00f1a Palentina ha sufrido la visita de los lobos, concretamente esta vez ha","robots":{"index":"index","follow":"follow","max-snippet":"max-snippet:-1","max-image-preview":"max-image-preview:large","max-video-preview":"max-video-preview:-1"},"canonical":"https:\/\/www.asajacyl.com\/palencia\/asaja-palencia-informa\/el-lobo-tambien-se-ceba-con-el-ganado-equino","og_locale":"es_ES","og_type":"article","og_title":"El lobo tambi\u00e9n se ceba con el ganado equino - ASAJA Palencia","og_description":"En los \u00faltimos d\u00edas una de las explotaciones ganaderas que pueblan la Monta\u00f1a Palentina ha sufrido la visita de los lobos, concretamente esta vez ha","og_url":"https:\/\/www.asajacyl.com\/palencia\/asaja-palencia-informa\/el-lobo-tambien-se-ceba-con-el-ganado-equino","og_site_name":"ASAJA Palencia","article_published_time":"2022-04-13T12:14:18+00:00","article_modified_time":"2022-04-13T12:14:19+00:00","og_image":[{"width":1200,"height":1600,"url":"https:\/\/www.asajacyl.com\/palencia\/wp-content\/uploads\/sites\/3\/2022\/04\/2ab6f5d6-b552-4d5b-b959-4750d972c958.jpg","type":"image\/jpeg"}],"author":"Administrador","twitter_card":"summary_large_image","twitter_misc":{"Escrito por":"Administrador","Tiempo de lectura":"3 minutos"},"schema":{"@context":"https:\/\/schema.org","@graph":[{"@type":"WebPage","@id":"https:\/\/www.asajacyl.com\/palencia\/asaja-palencia-informa\/el-lobo-tambien-se-ceba-con-el-ganado-equino","url":"https:\/\/www.asajacyl.com\/palencia\/asaja-palencia-informa\/el-lobo-tambien-se-ceba-con-el-ganado-equino","name":"El lobo tambi\u00e9n se ceba con el ganado equino - ASAJA Palencia","isPartOf":{"@id":"https:\/\/www.asajacyl.com\/palencia\/#website"},"primaryImageOfPage":{"@id":"https:\/\/www.asajacyl.com\/palencia\/asaja-palencia-informa\/el-lobo-tambien-se-ceba-con-el-ganado-equino#primaryimage"},"image":{"@id":"https:\/\/www.asajacyl.com\/palencia\/asaja-palencia-informa\/el-lobo-tambien-se-ceba-con-el-ganado-equino#primaryimage"},"thumbnailUrl":"https:\/\/www.asajacyl.com\/palencia\/wp-content\/uploads\/sites\/3\/2022\/04\/2ab6f5d6-b552-4d5b-b959-4750d972c958.jpg","datePublished":"2022-04-13T12:14:18+00:00","dateModified":"2022-04-13T12:14:19+00:00","author":{"@id":"https:\/\/www.asajacyl.com\/palencia\/#\/schema\/person\/3ab17aeb03527485c317557fae64aab1"},"description":"En los \u00faltimos d\u00edas una de las explotaciones ganaderas que pueblan la Monta\u00f1a Palentina ha sufrido la visita de los lobos, concretamente esta vez ha","breadcrumb":{"@id":"https:\/\/www.asajacyl.com\/palencia\/asaja-palencia-informa\/el-lobo-tambien-se-ceba-con-el-ganado-equino#breadcrumb"},"inLanguage":"es","potentialAction":[{"@type":"ReadAction","target":["https:\/\/www.asajacyl.com\/palencia\/asaja-palencia-informa\/el-lobo-tambien-se-ceba-con-el-ganado-equino"]}]},{"@type":"ImageObject","inLanguage":"es","@id":"https:\/\/www.asajacyl.com\/palencia\/asaja-palencia-informa\/el-lobo-tambien-se-ceba-con-el-ganado-equino#primaryimage","url":"https:\/\/www.asajacyl.com\/palencia\/wp-content\/uploads\/sites\/3\/2022\/04\/2ab6f5d6-b552-4d5b-b959-4750d972c958.jpg","contentUrl":"https:\/\/www.asajacyl.com\/palencia\/wp-content\/uploads\/sites\/3\/2022\/04\/2ab6f5d6-b552-4d5b-b959-4750d972c958.jpg","width":1200,"height":1600},{"@type":"BreadcrumbList","@id":"https:\/\/www.asajacyl.com\/palencia\/asaja-palencia-informa\/el-lobo-tambien-se-ceba-con-el-ganado-equino#breadcrumb","itemListElement":[{"@type":"ListItem","position":1,"name":"Portada","item":"https:\/\/www.asajacyl.com\/palencia\/"},{"@type":"ListItem","position":2,"name":"El lobo tambi\u00e9n se ceba con el ganado equino"}]},{"@type":"WebSite","@id":"https:\/\/www.asajacyl.com\/palencia\/#website","url":"https:\/\/www.asajacyl.com\/palencia\/","name":"ASAJA Palencia","description":"Otro sitio m\u00e1s de Provincias ASAJA Castilla y Le\u00f3n","potentialAction":[{"@type":"SearchAction","target":{"@type":"EntryPoint","urlTemplate":"https:\/\/www.asajacyl.com\/palencia\/?s={search_term_string}"},"query-input":{"@type":"PropertyValueSpecification","valueRequired":true,"valueName":"search_term_string"}}],"inLanguage":"es"},{"@type":"Person","@id":"https:\/\/www.asajacyl.com\/palencia\/#\/schema\/person\/3ab17aeb03527485c317557fae64aab1","name":"Administrador","image":{"@type":"ImageObject","inLanguage":"es","@id":"https:\/\/www.asajacyl.com\/palencia\/#\/schema\/person\/image\/","url":"https:\/\/secure.gravatar.com\/avatar\/517384810d242ca9e38c180f3c9fb973?s=96&d=mm&r=g","contentUrl":"https:\/\/secure.gravatar.com\/avatar\/517384810d242ca9e38c180f3c9fb973?s=96&d=mm&r=g","caption":"Administrador"},"url":"https:\/\/www.asajacyl.com\/palencia\/author\/carlosrm"}]}},"_links":{"self":[{"href":"https:\/\/www.asajacyl.com\/palencia\/wp-json\/wp\/v2\/posts\/10265"}],"collection":[{"href":"https:\/\/www.asajacyl.com\/palencia\/wp-json\/wp\/v2\/posts"}],"about":[{"href":"https:\/\/www.asajacyl.com\/palencia\/wp-json\/wp\/v2\/types\/post"}],"author":[{"embeddable":true,"href":"https:\/\/www.asajacyl.com\/palencia\/wp-json\/wp\/v2\/users\/9"}],"replies":[{"embeddable":true,"href":"https:\/\/www.asajacyl.com\/palencia\/wp-json\/wp\/v2\/comments?post=10265"}],"version-history":[{"count":2,"href":"https:\/\/www.asajacyl.com\/palencia\/wp-json\/wp\/v2\/posts\/10265\/revisions"}],"predecessor-version":[{"id":10269,"href":"https:\/\/www.asajacyl.com\/palencia\/wp-json\/wp\/v2\/posts\/10265\/revisions\/10269"}],"wp:featuredmedia":[{"embeddable":true,"href":"https:\/\/www.asajacyl.com\/palencia\/wp-json\/wp\/v2\/media\/10267"}],"wp:attachment":[{"href":"https:\/\/www.asajacyl.com\/palencia\/wp-json\/wp\/v2\/media?parent=10265"}],"wp:term":[{"taxonomy":"category","embeddable":true,"href":"https:\/\/www.asajacyl.com\/palencia\/wp-json\/wp\/v2\/categories?post=10265"},{"taxonomy":"post_tag","embeddable":true,"href":"https:\/\/www.asajacyl.com\/palencia\/wp-json\/wp\/v2\/tags?post=10265"}],"curies":[{"name":"wp","href":"https:\/\/api.w.org\/{rel}","templated":true}]}}