{"id":10280,"date":"2022-04-19T08:24:10","date_gmt":"2022-04-19T06:24:10","guid":{"rendered":"https:\/\/www.asajacyl.com\/palencia\/?p=10280"},"modified":"2022-04-19T08:24:11","modified_gmt":"2022-04-19T06:24:11","slug":"la-leche-espanola-59-centimos-litro-por-debajo-de-la-europea","status":"publish","type":"post","link":"https:\/\/www.asajacyl.com\/palencia\/asaja-palencia-informa\/la-leche-espanola-59-centimos-litro-por-debajo-de-la-europea","title":{"rendered":"La leche espa\u00f1ola, 5,9 c\u00e9ntimos\/litro por debajo de la europea"},"content":{"rendered":"\n<p>Con datos referidos al mes de febrero de este a\u00f1o, el precio medio del litro de leche de vaca en la Uni\u00f3n Europea se sit\u00faa en 42,6 c\u00e9ntimos, cuando en Espa\u00f1a los ganaderos perciben de media 36,7 c\u00e9ntimos -5,9 c\u00e9ntimos menos-. Nuestro vecinos franceses, a\u00fan situ\u00e1ndose por debajo de la media europea, est\u00e1 muy por encima del precio espa\u00f1ol, concretamente cobran 41,18 c\u00e9ntimos\/litro.<\/p>\n\n\n\n<p>Los precios m\u00e1s elevados est\u00e1n en Irlanda, con 47,49  c\u00e9ntimos\/litro, seguidos por los ganaderos daneses que perciben 46,23  c\u00e9ntimos\/litro y los alemanes con 44,25 c\u00e9ntimos\/litro.<\/p>\n\n\n\n<p>Frente a las desorbitadas subidas de los precios de los piensos, la electricidad y los carburantes, los ganaderos espa\u00f1oles solamente han visto mejorar mejorar en los \u00faltimos meses el precio de la leche en 3  c\u00e9ntimos\/litro, totalmente insuficientes para compensar todas las subidas experimentadas en los costes de producci\u00f3n y que est\u00e1n llevando al sector al borde de la quiebra econ\u00f3mica.<\/p>\n","protected":false},"excerpt":{"rendered":"<p>Con datos referidos al mes de febrero de este a\u00f1o, el precio medio del litro de leche de vaca en la Uni\u00f3n Europea se sit\u00faa en 42,6 c\u00e9ntimos, cuando en Espa\u00f1a los ganaderos perciben de media 36,7 c\u00e9ntimos -5,9 c\u00e9ntimos menos-. Nuestro vecinos franceses, a\u00fan situ\u00e1ndose por debajo de la media europea, est\u00e1 muy por [&hellip;]<\/p>\n","protected":false},"author":9,"featured_media":10278,"comment_status":"open","ping_status":"open","sticky":false,"template":"","format":"standard","meta":{"footnotes":""},"categories":[9,29,28],"tags":[],"yoast_head":"<!-- This site is optimized with the Yoast SEO plugin v24.5 - https:\/\/yoast.com\/wordpress\/plugins\/seo\/ -->\n<title>La leche espa\u00f1ola, 5,9 c\u00e9ntimos\/litro por debajo de la europea - ASAJA Palencia<\/title>\n<meta name=\"description\" content=\"Con datos referidos al mes de febrero de este a\u00f1o, el precio medio del litro de leche de vaca en la Uni\u00f3n Europea se sit\u00faa en 42,6 c\u00e9ntimos, cuando en\" \/>\n<meta name=\"robots\" content=\"index, follow, max-snippet:-1, max-image-preview:large, max-video-preview:-1\" \/>\n<link rel=\"canonical\" href=\"https:\/\/www.asajacyl.com\/palencia\/asaja-palencia-informa\/la-leche-espanola-59-centimos-litro-por-debajo-de-la-europea\" \/>\n<meta property=\"og:locale\" content=\"es_ES\" \/>\n<meta property=\"og:type\" content=\"article\" \/>\n<meta property=\"og:title\" content=\"La leche espa\u00f1ola, 5,9 c\u00e9ntimos\/litro por debajo de la europea - ASAJA Palencia\" \/>\n<meta property=\"og:description\" content=\"Con datos referidos al mes de febrero de este a\u00f1o, el precio medio del litro de leche de vaca en la Uni\u00f3n Europea se sit\u00faa en 42,6 c\u00e9ntimos, cuando en\" \/>\n<meta property=\"og:url\" content=\"https:\/\/www.asajacyl.com\/palencia\/asaja-palencia-informa\/la-leche-espanola-59-centimos-litro-por-debajo-de-la-europea\" \/>\n<meta property=\"og:site_name\" content=\"ASAJA Palencia\" \/>\n<meta property=\"article:published_time\" content=\"2022-04-19T06:24:10+00:00\" \/>\n<meta property=\"article:modified_time\" content=\"2022-04-19T06:24:11+00:00\" \/>\n<meta property=\"og:image\" content=\"https:\/\/www.asajacyl.com\/palencia\/wp-content\/uploads\/sites\/3\/2022\/04\/VACA-LECHE.jpg\" \/>\n\t<meta property=\"og:image:width\" content=\"1280\" \/>\n\t<meta property=\"og:image:height\" content=\"960\" \/>\n\t<meta property=\"og:image:type\" content=\"image\/jpeg\" \/>\n<meta name=\"author\" content=\"Administrador\" \/>\n<meta name=\"twitter:card\" content=\"summary_large_image\" \/>\n<meta name=\"twitter:label1\" content=\"Escrito por\" \/>\n\t<meta name=\"twitter:data1\" content=\"Administrador\" \/>\n\t<meta name=\"twitter:label2\" content=\"Tiempo de lectura\" \/>\n\t<meta name=\"twitter:data2\" content=\"1 minuto\" \/>\n<script type=\"application\/ld+json\" class=\"yoast-schema-graph\">{\"@context\":\"https:\/\/schema.org\",\"@graph\":[{\"@type\":\"WebPage\",\"@id\":\"https:\/\/www.asajacyl.com\/palencia\/asaja-palencia-informa\/la-leche-espanola-59-centimos-litro-por-debajo-de-la-europea\",\"url\":\"https:\/\/www.asajacyl.com\/palencia\/asaja-palencia-informa\/la-leche-espanola-59-centimos-litro-por-debajo-de-la-europea\",\"name\":\"La leche espa\u00f1ola, 5,9 c\u00e9ntimos\/litro por debajo de la europea - ASAJA Palencia\",\"isPartOf\":{\"@id\":\"https:\/\/www.asajacyl.com\/palencia\/#website\"},\"primaryImageOfPage\":{\"@id\":\"https:\/\/www.asajacyl.com\/palencia\/asaja-palencia-informa\/la-leche-espanola-59-centimos-litro-por-debajo-de-la-europea#primaryimage\"},\"image\":{\"@id\":\"https:\/\/www.asajacyl.com\/palencia\/asaja-palencia-informa\/la-leche-espanola-59-centimos-litro-por-debajo-de-la-europea#primaryimage\"},\"thumbnailUrl\":\"https:\/\/www.asajacyl.com\/palencia\/wp-content\/uploads\/sites\/3\/2022\/04\/VACA-LECHE.jpg\",\"datePublished\":\"2022-04-19T06:24:10+00:00\",\"dateModified\":\"2022-04-19T06:24:11+00:00\",\"author\":{\"@id\":\"https:\/\/www.asajacyl.com\/palencia\/#\/schema\/person\/3ab17aeb03527485c317557fae64aab1\"},\"description\":\"Con datos referidos al mes de febrero de este a\u00f1o, el precio medio del litro de leche de vaca en la Uni\u00f3n Europea se sit\u00faa en 42,6 c\u00e9ntimos, cuando en\",\"breadcrumb\":{\"@id\":\"https:\/\/www.asajacyl.com\/palencia\/asaja-palencia-informa\/la-leche-espanola-59-centimos-litro-por-debajo-de-la-europea#breadcrumb\"},\"inLanguage\":\"es\",\"potentialAction\":[{\"@type\":\"ReadAction\",\"target\":[\"https:\/\/www.asajacyl.com\/palencia\/asaja-palencia-informa\/la-leche-espanola-59-centimos-litro-por-debajo-de-la-europea\"]}]},{\"@type\":\"ImageObject\",\"inLanguage\":\"es\",\"@id\":\"https:\/\/www.asajacyl.com\/palencia\/asaja-palencia-informa\/la-leche-espanola-59-centimos-litro-por-debajo-de-la-europea#primaryimage\",\"url\":\"https:\/\/www.asajacyl.com\/palencia\/wp-content\/uploads\/sites\/3\/2022\/04\/VACA-LECHE.jpg\",\"contentUrl\":\"https:\/\/www.asajacyl.com\/palencia\/wp-content\/uploads\/sites\/3\/2022\/04\/VACA-LECHE.jpg\",\"width\":1280,\"height\":960},{\"@type\":\"BreadcrumbList\",\"@id\":\"https:\/\/www.asajacyl.com\/palencia\/asaja-palencia-informa\/la-leche-espanola-59-centimos-litro-por-debajo-de-la-europea#breadcrumb\",\"itemListElement\":[{\"@type\":\"ListItem\",\"position\":1,\"name\":\"Portada\",\"item\":\"https:\/\/www.asajacyl.com\/palencia\/\"},{\"@type\":\"ListItem\",\"position\":2,\"name\":\"La leche espa\u00f1ola, 5,9 c\u00e9ntimos\/litro por debajo de la europea\"}]},{\"@type\":\"WebSite\",\"@id\":\"https:\/\/www.asajacyl.com\/palencia\/#website\",\"url\":\"https:\/\/www.asajacyl.com\/palencia\/\",\"name\":\"ASAJA Palencia\",\"description\":\"Otro sitio m\u00e1s de Provincias ASAJA Castilla y Le\u00f3n\",\"potentialAction\":[{\"@type\":\"SearchAction\",\"target\":{\"@type\":\"EntryPoint\",\"urlTemplate\":\"https:\/\/www.asajacyl.com\/palencia\/?s={search_term_string}\"},\"query-input\":{\"@type\":\"PropertyValueSpecification\",\"valueRequired\":true,\"valueName\":\"search_term_string\"}}],\"inLanguage\":\"es\"},{\"@type\":\"Person\",\"@id\":\"https:\/\/www.asajacyl.com\/palencia\/#\/schema\/person\/3ab17aeb03527485c317557fae64aab1\",\"name\":\"Administrador\",\"image\":{\"@type\":\"ImageObject\",\"inLanguage\":\"es\",\"@id\":\"https:\/\/www.asajacyl.com\/palencia\/#\/schema\/person\/image\/\",\"url\":\"https:\/\/secure.gravatar.com\/avatar\/517384810d242ca9e38c180f3c9fb973?s=96&d=mm&r=g\",\"contentUrl\":\"https:\/\/secure.gravatar.com\/avatar\/517384810d242ca9e38c180f3c9fb973?s=96&d=mm&r=g\",\"caption\":\"Administrador\"},\"url\":\"https:\/\/www.asajacyl.com\/palencia\/author\/carlosrm\"}]}<\/script>\n<!-- \/ Yoast SEO plugin. -->","yoast_head_json":{"title":"La leche espa\u00f1ola, 5,9 c\u00e9ntimos\/litro por debajo de la europea - ASAJA Palencia","description":"Con datos referidos al mes de febrero de este a\u00f1o, el precio medio del litro de leche de vaca en la Uni\u00f3n Europea se sit\u00faa en 42,6 c\u00e9ntimos, cuando en","robots":{"index":"index","follow":"follow","max-snippet":"max-snippet:-1","max-image-preview":"max-image-preview:large","max-video-preview":"max-video-preview:-1"},"canonical":"https:\/\/www.asajacyl.com\/palencia\/asaja-palencia-informa\/la-leche-espanola-59-centimos-litro-por-debajo-de-la-europea","og_locale":"es_ES","og_type":"article","og_title":"La leche espa\u00f1ola, 5,9 c\u00e9ntimos\/litro por debajo de la europea - ASAJA Palencia","og_description":"Con datos referidos al mes de febrero de este a\u00f1o, el precio medio del litro de leche de vaca en la Uni\u00f3n Europea se sit\u00faa en 42,6 c\u00e9ntimos, cuando en","og_url":"https:\/\/www.asajacyl.com\/palencia\/asaja-palencia-informa\/la-leche-espanola-59-centimos-litro-por-debajo-de-la-europea","og_site_name":"ASAJA Palencia","article_published_time":"2022-04-19T06:24:10+00:00","article_modified_time":"2022-04-19T06:24:11+00:00","og_image":[{"width":1280,"height":960,"url":"https:\/\/www.asajacyl.com\/palencia\/wp-content\/uploads\/sites\/3\/2022\/04\/VACA-LECHE.jpg","type":"image\/jpeg"}],"author":"Administrador","twitter_card":"summary_large_image","twitter_misc":{"Escrito por":"Administrador","Tiempo de lectura":"1 minuto"},"schema":{"@context":"https:\/\/schema.org","@graph":[{"@type":"WebPage","@id":"https:\/\/www.asajacyl.com\/palencia\/asaja-palencia-informa\/la-leche-espanola-59-centimos-litro-por-debajo-de-la-europea","url":"https:\/\/www.asajacyl.com\/palencia\/asaja-palencia-informa\/la-leche-espanola-59-centimos-litro-por-debajo-de-la-europea","name":"La leche espa\u00f1ola, 5,9 c\u00e9ntimos\/litro por debajo de la europea - ASAJA Palencia","isPartOf":{"@id":"https:\/\/www.asajacyl.com\/palencia\/#website"},"primaryImageOfPage":{"@id":"https:\/\/www.asajacyl.com\/palencia\/asaja-palencia-informa\/la-leche-espanola-59-centimos-litro-por-debajo-de-la-europea#primaryimage"},"image":{"@id":"https:\/\/www.asajacyl.com\/palencia\/asaja-palencia-informa\/la-leche-espanola-59-centimos-litro-por-debajo-de-la-europea#primaryimage"},"thumbnailUrl":"https:\/\/www.asajacyl.com\/palencia\/wp-content\/uploads\/sites\/3\/2022\/04\/VACA-LECHE.jpg","datePublished":"2022-04-19T06:24:10+00:00","dateModified":"2022-04-19T06:24:11+00:00","author":{"@id":"https:\/\/www.asajacyl.com\/palencia\/#\/schema\/person\/3ab17aeb03527485c317557fae64aab1"},"description":"Con datos referidos al mes de febrero de este a\u00f1o, el precio medio del litro de leche de vaca en la Uni\u00f3n Europea se sit\u00faa en 42,6 c\u00e9ntimos, cuando en","breadcrumb":{"@id":"https:\/\/www.asajacyl.com\/palencia\/asaja-palencia-informa\/la-leche-espanola-59-centimos-litro-por-debajo-de-la-europea#breadcrumb"},"inLanguage":"es","potentialAction":[{"@type":"ReadAction","target":["https:\/\/www.asajacyl.com\/palencia\/asaja-palencia-informa\/la-leche-espanola-59-centimos-litro-por-debajo-de-la-europea"]}]},{"@type":"ImageObject","inLanguage":"es","@id":"https:\/\/www.asajacyl.com\/palencia\/asaja-palencia-informa\/la-leche-espanola-59-centimos-litro-por-debajo-de-la-europea#primaryimage","url":"https:\/\/www.asajacyl.com\/palencia\/wp-content\/uploads\/sites\/3\/2022\/04\/VACA-LECHE.jpg","contentUrl":"https:\/\/www.asajacyl.com\/palencia\/wp-content\/uploads\/sites\/3\/2022\/04\/VACA-LECHE.jpg","width":1280,"height":960},{"@type":"BreadcrumbList","@id":"https:\/\/www.asajacyl.com\/palencia\/asaja-palencia-informa\/la-leche-espanola-59-centimos-litro-por-debajo-de-la-europea#breadcrumb","itemListElement":[{"@type":"ListItem","position":1,"name":"Portada","item":"https:\/\/www.asajacyl.com\/palencia\/"},{"@type":"ListItem","position":2,"name":"La leche espa\u00f1ola, 5,9 c\u00e9ntimos\/litro por debajo de la europea"}]},{"@type":"WebSite","@id":"https:\/\/www.asajacyl.com\/palencia\/#website","url":"https:\/\/www.asajacyl.com\/palencia\/","name":"ASAJA Palencia","description":"Otro sitio m\u00e1s de Provincias ASAJA Castilla y Le\u00f3n","potentialAction":[{"@type":"SearchAction","target":{"@type":"EntryPoint","urlTemplate":"https:\/\/www.asajacyl.com\/palencia\/?s={search_term_string}"},"query-input":{"@type":"PropertyValueSpecification","valueRequired":true,"valueName":"search_term_string"}}],"inLanguage":"es"},{"@type":"Person","@id":"https:\/\/www.asajacyl.com\/palencia\/#\/schema\/person\/3ab17aeb03527485c317557fae64aab1","name":"Administrador","image":{"@type":"ImageObject","inLanguage":"es","@id":"https:\/\/www.asajacyl.com\/palencia\/#\/schema\/person\/image\/","url":"https:\/\/secure.gravatar.com\/avatar\/517384810d242ca9e38c180f3c9fb973?s=96&d=mm&r=g","contentUrl":"https:\/\/secure.gravatar.com\/avatar\/517384810d242ca9e38c180f3c9fb973?s=96&d=mm&r=g","caption":"Administrador"},"url":"https:\/\/www.asajacyl.com\/palencia\/author\/carlosrm"}]}},"_links":{"self":[{"href":"https:\/\/www.asajacyl.com\/palencia\/wp-json\/wp\/v2\/posts\/10280"}],"collection":[{"href":"https:\/\/www.asajacyl.com\/palencia\/wp-json\/wp\/v2\/posts"}],"about":[{"href":"https:\/\/www.asajacyl.com\/palencia\/wp-json\/wp\/v2\/types\/post"}],"author":[{"embeddable":true,"href":"https:\/\/www.asajacyl.com\/palencia\/wp-json\/wp\/v2\/users\/9"}],"replies":[{"embeddable":true,"href":"https:\/\/www.asajacyl.com\/palencia\/wp-json\/wp\/v2\/comments?post=10280"}],"version-history":[{"count":1,"href":"https:\/\/www.asajacyl.com\/palencia\/wp-json\/wp\/v2\/posts\/10280\/revisions"}],"predecessor-version":[{"id":10281,"href":"https:\/\/www.asajacyl.com\/palencia\/wp-json\/wp\/v2\/posts\/10280\/revisions\/10281"}],"wp:featuredmedia":[{"embeddable":true,"href":"https:\/\/www.asajacyl.com\/palencia\/wp-json\/wp\/v2\/media\/10278"}],"wp:attachment":[{"href":"https:\/\/www.asajacyl.com\/palencia\/wp-json\/wp\/v2\/media?parent=10280"}],"wp:term":[{"taxonomy":"category","embeddable":true,"href":"https:\/\/www.asajacyl.com\/palencia\/wp-json\/wp\/v2\/categories?post=10280"},{"taxonomy":"post_tag","embeddable":true,"href":"https:\/\/www.asajacyl.com\/palencia\/wp-json\/wp\/v2\/tags?post=10280"}],"curies":[{"name":"wp","href":"https:\/\/api.w.org\/{rel}","templated":true}]}}