{"id":10286,"date":"2022-04-21T13:14:00","date_gmt":"2022-04-21T11:14:00","guid":{"rendered":"https:\/\/www.asajacyl.com\/palencia\/?p=10286"},"modified":"2022-04-23T02:33:12","modified_gmt":"2022-04-23T00:33:12","slug":"el-875-de-casos-nacionales-de-tularemia-de-2019-tuvieron-lugar-en-palencia","status":"publish","type":"post","link":"https:\/\/www.asajacyl.com\/palencia\/asaja-palencia-informa\/el-875-de-casos-nacionales-de-tularemia-de-2019-tuvieron-lugar-en-palencia","title":{"rendered":"El 92,9% de casos nacionales de tularemia de 2019 tuvieron su origen en Palencia"},"content":{"rendered":"\n<p class=\"has-cyan-bluish-gray-background-color has-background\"><em>En la anterior noticia indic\u00e1bamos que era el 87,5% pero esos son los casos detectados en centros de salud de la provincia de Palencia. Los casos que tuvieron su origen en los brotes de tularemia ocurridos en Palencia ascendieron a 171, que sobre los 184 totales en Espa\u00f1a hacen el 92,9%.<\/em> <em>Las gr\u00e1ficas indican los datos de lo detectado en centros de salud de Palencia -161 casos-, como as\u00ed indican las tablas publicadas por la Consejer\u00eda de Sanidad y el Instituto Carlos III.<\/em><\/p>\n\n\n\n<p>Por fin se han publicado los datos regionales sobre la incidencia de la tularemia en el a\u00f1o 2019, \u00faltimo a\u00f1o en que los topillos inundaron los campos de la provincia de Palencia y realizaron cuantiosos da\u00f1os, tanto en los cultivos como en las personas. Dos a\u00f1os m\u00e1s tarde de lo l\u00f3gico y usual, la Consejer\u00eda de Sanidad se ha dignado a publicar los datos de las enfermedades de declaraci\u00f3n obligatoria, donde se incluye la tularemia. El Instituto Carlos III publica con diligencia los datos nacionales, que incluyen un desglose auton\u00f3mico, pero desconoc\u00edamos los datos provinciales hasta ahora.<\/p>\n\n\n\n<p>Las investigaciones de la Universidad de Valladolid corroboran lo observado por las personas del sector agrario y es que los topillos son el principal transmisor de la tularemia que hay en Palencia. La tularemia pervive en los topillos, entre otras especies, y en momentos de mucha poblaci\u00f3n la incidencia de la enfermedad tambi\u00e9n aumenta, es decir, cuantos m\u00e1s topillos hay mayor porcentaje de ellos tiene tularemia.<\/p>\n\n\n\n<p>En los a\u00f1os 1997 y 1998 la tularemia se manifest\u00f3 en las liebres y en Palencia existieron 151 casos -589 casos en toda Castilla y Le\u00f3n-. Pasaron diez a\u00f1os y en 2007 hubo la mayor explosi\u00f3n de topillos conocida hasta ahora, que se sald\u00f3 con 320 casos en Palencia, sumando los datos de 2007 y 2008 -660 casos en Castilla y Le\u00f3n-. En 2014 volvi\u00f3 a producirse una elevada incidencia de tularemia asociada a la presencia masiva de topillos y en Palencia se alcanzaron los 67 casos -95 a nivel regional-. Finalmente, acabamos de conocer que en 2019 se han producido en Palencia 161 casos -180 en Castilla y Le\u00f3n y 184 en toda Espa\u00f1a-.<\/p>\n\n\n\n<p>Cuando se estudian los datos de incidencia se calculan en referencia a la poblaci\u00f3n de la provincia pero a d\u00eda de hoy a nadie se le escapa que donde reside el problema es en las zonas m\u00e1s afectadas por topillos, principalmente la comarca de Campos de nuestra provincia y sin tener en cuenta la ciudad de Palencia. Si se realizara dicha acotaci\u00f3n se magnificar\u00eda el dato de incidencia y si adem\u00e1s se tuviera en cuenta el n\u00famero de agricultores y ganaderos infectados en estos a\u00f1os respecto del total de los existentes, se ver\u00eda la realidad de la dimensi\u00f3n del problema y tendr\u00eda todo el sentido que la tularemia fuera declarada enfermedad profesional en el gremio agrario.<\/p>\n\n\n\n<p>Adem\u00e1s, hay que tener en cuenta que hay muchas personas que han pasado la tularemia siendo diagnosticados de otra enfermedad y que tambi\u00e9n hay casos en los que ni siquiera el enfermo ha acudido al m\u00e9dico. Si a esto le a\u00f1adimos que los anticuerpos generados tras la infecci\u00f3n suelen ser muy persistentes, podemos ver que la tularemia tiene una dimensi\u00f3n importante y que no se est\u00e1 valorando suficientemente, m\u00e1xime cuando es una enfermedad que no se cura en un plazo corto, generalmente los infectados tienen reca\u00eddas durante a\u00f1os con fiebre, dolores articulares y falta de fuerza en las extremidades.<\/p>\n\n\n\n<p>La tularemia es motivo m\u00e1s que suficiente para que se dejen de banalizar las sucesivas plagas de topillos, donde la Administraci\u00f3n f\u00eda todo a unas cajas nido notoriamente insuficientes cuando hay una explosi\u00f3n demogr\u00e1fica de estos roedores. Estar\u00eda bien conocer el dinero p\u00fablico que se ha invertido en el estudio de esta especie, en la instalaci\u00f3n de cajas nido y en el perpetuo conteo de ejemplares por parte del ITACyL, al parecer sin fin alguno porque haya el n\u00famero de ejemplares que haya lo m\u00e1s que se hace es pasar con la motoniveladora por algunas cunetas, algo irrisorio para aquellos que conocen de lo que son capaces estos animales. Ya en 2019 ASAJA-Palencia valor\u00f3 las p\u00e9rdidas en 18 millones de euros, dinero que sali\u00f3 de las costillas de los agricultores de la provincia que, adem\u00e1s, siempre son los m\u00e1s afectados por la tularemia.<\/p>\n\n\n\n<figure class=\"wp-block-image size-large\"><img loading=\"lazy\" decoding=\"async\" width=\"1024\" height=\"484\" src=\"https:\/\/www.asajacyl.com\/palencia\/wp-content\/uploads\/sites\/3\/2022\/04\/image-1024x484.png\" alt=\"\" class=\"wp-image-10288\" srcset=\"https:\/\/www.asajacyl.com\/palencia\/wp-content\/uploads\/sites\/3\/2022\/04\/image-1024x484.png 1024w, https:\/\/www.asajacyl.com\/palencia\/wp-content\/uploads\/sites\/3\/2022\/04\/image-300x142.png 300w, https:\/\/www.asajacyl.com\/palencia\/wp-content\/uploads\/sites\/3\/2022\/04\/image-768x363.png 768w, https:\/\/www.asajacyl.com\/palencia\/wp-content\/uploads\/sites\/3\/2022\/04\/image-1536x725.png 1536w, https:\/\/www.asajacyl.com\/palencia\/wp-content\/uploads\/sites\/3\/2022\/04\/image-696x329.png 696w, https:\/\/www.asajacyl.com\/palencia\/wp-content\/uploads\/sites\/3\/2022\/04\/image-1068x504.png 1068w, https:\/\/www.asajacyl.com\/palencia\/wp-content\/uploads\/sites\/3\/2022\/04\/image-889x420.png 889w, https:\/\/www.asajacyl.com\/palencia\/wp-content\/uploads\/sites\/3\/2022\/04\/image.png 1588w\" sizes=\"(max-width: 1024px) 100vw, 1024px\" \/><figcaption>Fuente: Red de Vigilancia Epidemiol\u00f3gica de Castilla y Le\u00f3n. Elaboraci\u00f3n: Propia.<\/figcaption><\/figure>\n\n\n\n<figure class=\"wp-block-image size-large\"><img loading=\"lazy\" decoding=\"async\" width=\"1024\" height=\"503\" src=\"https:\/\/www.asajacyl.com\/palencia\/wp-content\/uploads\/sites\/3\/2022\/04\/image-4-1024x503.png\" alt=\"\" class=\"wp-image-10289\" srcset=\"https:\/\/www.asajacyl.com\/palencia\/wp-content\/uploads\/sites\/3\/2022\/04\/image-4-1024x503.png 1024w, https:\/\/www.asajacyl.com\/palencia\/wp-content\/uploads\/sites\/3\/2022\/04\/image-4-300x147.png 300w, https:\/\/www.asajacyl.com\/palencia\/wp-content\/uploads\/sites\/3\/2022\/04\/image-4-768x377.png 768w, https:\/\/www.asajacyl.com\/palencia\/wp-content\/uploads\/sites\/3\/2022\/04\/image-4-1536x754.png 1536w, https:\/\/www.asajacyl.com\/palencia\/wp-content\/uploads\/sites\/3\/2022\/04\/image-4-696x342.png 696w, https:\/\/www.asajacyl.com\/palencia\/wp-content\/uploads\/sites\/3\/2022\/04\/image-4-1068x524.png 1068w, https:\/\/www.asajacyl.com\/palencia\/wp-content\/uploads\/sites\/3\/2022\/04\/image-4-856x420.png 856w, https:\/\/www.asajacyl.com\/palencia\/wp-content\/uploads\/sites\/3\/2022\/04\/image-4-324x160.png 324w, https:\/\/www.asajacyl.com\/palencia\/wp-content\/uploads\/sites\/3\/2022\/04\/image-4.png 1589w\" sizes=\"(max-width: 1024px) 100vw, 1024px\" \/><figcaption> Fuente: Red de Vigilancia Epidemiol\u00f3gica de Castilla y Le\u00f3n. Elaboraci\u00f3n: Propia. <\/figcaption><\/figure>\n","protected":false},"excerpt":{"rendered":"<p>En la anterior noticia indic\u00e1bamos que era el 87,5% pero esos son los casos detectados en centros de salud de la provincia de Palencia. Los casos que tuvieron su origen en los brotes de tularemia ocurridos en Palencia ascendieron a 171, que sobre los 184 totales en Espa\u00f1a hacen el 92,9%. Las gr\u00e1ficas indican los [&hellip;]<\/p>\n","protected":false},"author":9,"featured_media":10291,"comment_status":"open","ping_status":"open","sticky":false,"template":"","format":"standard","meta":{"footnotes":""},"categories":[9,29,28],"tags":[],"yoast_head":"<!-- This site is optimized with the Yoast SEO plugin v24.5 - https:\/\/yoast.com\/wordpress\/plugins\/seo\/ -->\n<title>El 92,9% de casos nacionales de tularemia de 2019 tuvieron su origen en Palencia - ASAJA Palencia<\/title>\n<meta name=\"description\" content=\"En la anterior noticia indic\u00e1bamos que era el 87,5% pero esos son los casos detectados en centros de salud de la provincia de Palencia. Los casos que\" \/>\n<meta name=\"robots\" content=\"index, follow, max-snippet:-1, max-image-preview:large, max-video-preview:-1\" \/>\n<link rel=\"canonical\" href=\"https:\/\/www.asajacyl.com\/palencia\/asaja-palencia-informa\/el-875-de-casos-nacionales-de-tularemia-de-2019-tuvieron-lugar-en-palencia\" \/>\n<meta property=\"og:locale\" content=\"es_ES\" \/>\n<meta property=\"og:type\" content=\"article\" \/>\n<meta property=\"og:title\" content=\"El 92,9% de casos nacionales de tularemia de 2019 tuvieron su origen en Palencia - ASAJA Palencia\" \/>\n<meta property=\"og:description\" content=\"En la anterior noticia indic\u00e1bamos que era el 87,5% pero esos son los casos detectados en centros de salud de la provincia de Palencia. Los casos que\" \/>\n<meta property=\"og:url\" content=\"https:\/\/www.asajacyl.com\/palencia\/asaja-palencia-informa\/el-875-de-casos-nacionales-de-tularemia-de-2019-tuvieron-lugar-en-palencia\" \/>\n<meta property=\"og:site_name\" content=\"ASAJA Palencia\" \/>\n<meta property=\"article:published_time\" content=\"2022-04-21T11:14:00+00:00\" \/>\n<meta property=\"article:modified_time\" content=\"2022-04-23T00:33:12+00:00\" \/>\n<meta property=\"og:image\" content=\"https:\/\/www.asajacyl.com\/palencia\/wp-content\/uploads\/sites\/3\/2022\/04\/FRANCISELLA-TULARENSIS-TULAREMIA.jpg\" \/>\n\t<meta property=\"og:image:width\" content=\"611\" \/>\n\t<meta property=\"og:image:height\" content=\"640\" \/>\n\t<meta property=\"og:image:type\" content=\"image\/jpeg\" \/>\n<meta name=\"author\" content=\"Administrador\" \/>\n<meta name=\"twitter:card\" content=\"summary_large_image\" \/>\n<meta name=\"twitter:label1\" content=\"Escrito por\" \/>\n\t<meta name=\"twitter:data1\" content=\"Administrador\" \/>\n\t<meta name=\"twitter:label2\" content=\"Tiempo de lectura\" \/>\n\t<meta name=\"twitter:data2\" content=\"4 minutos\" \/>\n<script type=\"application\/ld+json\" class=\"yoast-schema-graph\">{\"@context\":\"https:\/\/schema.org\",\"@graph\":[{\"@type\":\"WebPage\",\"@id\":\"https:\/\/www.asajacyl.com\/palencia\/asaja-palencia-informa\/el-875-de-casos-nacionales-de-tularemia-de-2019-tuvieron-lugar-en-palencia\",\"url\":\"https:\/\/www.asajacyl.com\/palencia\/asaja-palencia-informa\/el-875-de-casos-nacionales-de-tularemia-de-2019-tuvieron-lugar-en-palencia\",\"name\":\"El 92,9% de casos nacionales de tularemia de 2019 tuvieron su origen en Palencia - ASAJA Palencia\",\"isPartOf\":{\"@id\":\"https:\/\/www.asajacyl.com\/palencia\/#website\"},\"primaryImageOfPage\":{\"@id\":\"https:\/\/www.asajacyl.com\/palencia\/asaja-palencia-informa\/el-875-de-casos-nacionales-de-tularemia-de-2019-tuvieron-lugar-en-palencia#primaryimage\"},\"image\":{\"@id\":\"https:\/\/www.asajacyl.com\/palencia\/asaja-palencia-informa\/el-875-de-casos-nacionales-de-tularemia-de-2019-tuvieron-lugar-en-palencia#primaryimage\"},\"thumbnailUrl\":\"https:\/\/www.asajacyl.com\/palencia\/wp-content\/uploads\/sites\/3\/2022\/04\/FRANCISELLA-TULARENSIS-TULAREMIA.jpg\",\"datePublished\":\"2022-04-21T11:14:00+00:00\",\"dateModified\":\"2022-04-23T00:33:12+00:00\",\"author\":{\"@id\":\"https:\/\/www.asajacyl.com\/palencia\/#\/schema\/person\/3ab17aeb03527485c317557fae64aab1\"},\"description\":\"En la anterior noticia indic\u00e1bamos que era el 87,5% pero esos son los casos detectados en centros de salud de la provincia de Palencia. Los casos que\",\"breadcrumb\":{\"@id\":\"https:\/\/www.asajacyl.com\/palencia\/asaja-palencia-informa\/el-875-de-casos-nacionales-de-tularemia-de-2019-tuvieron-lugar-en-palencia#breadcrumb\"},\"inLanguage\":\"es\",\"potentialAction\":[{\"@type\":\"ReadAction\",\"target\":[\"https:\/\/www.asajacyl.com\/palencia\/asaja-palencia-informa\/el-875-de-casos-nacionales-de-tularemia-de-2019-tuvieron-lugar-en-palencia\"]}]},{\"@type\":\"ImageObject\",\"inLanguage\":\"es\",\"@id\":\"https:\/\/www.asajacyl.com\/palencia\/asaja-palencia-informa\/el-875-de-casos-nacionales-de-tularemia-de-2019-tuvieron-lugar-en-palencia#primaryimage\",\"url\":\"https:\/\/www.asajacyl.com\/palencia\/wp-content\/uploads\/sites\/3\/2022\/04\/FRANCISELLA-TULARENSIS-TULAREMIA.jpg\",\"contentUrl\":\"https:\/\/www.asajacyl.com\/palencia\/wp-content\/uploads\/sites\/3\/2022\/04\/FRANCISELLA-TULARENSIS-TULAREMIA.jpg\",\"width\":611,\"height\":640},{\"@type\":\"BreadcrumbList\",\"@id\":\"https:\/\/www.asajacyl.com\/palencia\/asaja-palencia-informa\/el-875-de-casos-nacionales-de-tularemia-de-2019-tuvieron-lugar-en-palencia#breadcrumb\",\"itemListElement\":[{\"@type\":\"ListItem\",\"position\":1,\"name\":\"Portada\",\"item\":\"https:\/\/www.asajacyl.com\/palencia\/\"},{\"@type\":\"ListItem\",\"position\":2,\"name\":\"El 92,9% de casos nacionales de tularemia de 2019 tuvieron su origen en Palencia\"}]},{\"@type\":\"WebSite\",\"@id\":\"https:\/\/www.asajacyl.com\/palencia\/#website\",\"url\":\"https:\/\/www.asajacyl.com\/palencia\/\",\"name\":\"ASAJA Palencia\",\"description\":\"Otro sitio m\u00e1s de Provincias ASAJA Castilla y Le\u00f3n\",\"potentialAction\":[{\"@type\":\"SearchAction\",\"target\":{\"@type\":\"EntryPoint\",\"urlTemplate\":\"https:\/\/www.asajacyl.com\/palencia\/?s={search_term_string}\"},\"query-input\":{\"@type\":\"PropertyValueSpecification\",\"valueRequired\":true,\"valueName\":\"search_term_string\"}}],\"inLanguage\":\"es\"},{\"@type\":\"Person\",\"@id\":\"https:\/\/www.asajacyl.com\/palencia\/#\/schema\/person\/3ab17aeb03527485c317557fae64aab1\",\"name\":\"Administrador\",\"image\":{\"@type\":\"ImageObject\",\"inLanguage\":\"es\",\"@id\":\"https:\/\/www.asajacyl.com\/palencia\/#\/schema\/person\/image\/\",\"url\":\"https:\/\/secure.gravatar.com\/avatar\/517384810d242ca9e38c180f3c9fb973?s=96&d=mm&r=g\",\"contentUrl\":\"https:\/\/secure.gravatar.com\/avatar\/517384810d242ca9e38c180f3c9fb973?s=96&d=mm&r=g\",\"caption\":\"Administrador\"},\"url\":\"https:\/\/www.asajacyl.com\/palencia\/author\/carlosrm\"}]}<\/script>\n<!-- \/ Yoast SEO plugin. -->","yoast_head_json":{"title":"El 92,9% de casos nacionales de tularemia de 2019 tuvieron su origen en Palencia - ASAJA Palencia","description":"En la anterior noticia indic\u00e1bamos que era el 87,5% pero esos son los casos detectados en centros de salud de la provincia de Palencia. Los casos que","robots":{"index":"index","follow":"follow","max-snippet":"max-snippet:-1","max-image-preview":"max-image-preview:large","max-video-preview":"max-video-preview:-1"},"canonical":"https:\/\/www.asajacyl.com\/palencia\/asaja-palencia-informa\/el-875-de-casos-nacionales-de-tularemia-de-2019-tuvieron-lugar-en-palencia","og_locale":"es_ES","og_type":"article","og_title":"El 92,9% de casos nacionales de tularemia de 2019 tuvieron su origen en Palencia - ASAJA Palencia","og_description":"En la anterior noticia indic\u00e1bamos que era el 87,5% pero esos son los casos detectados en centros de salud de la provincia de Palencia. Los casos que","og_url":"https:\/\/www.asajacyl.com\/palencia\/asaja-palencia-informa\/el-875-de-casos-nacionales-de-tularemia-de-2019-tuvieron-lugar-en-palencia","og_site_name":"ASAJA Palencia","article_published_time":"2022-04-21T11:14:00+00:00","article_modified_time":"2022-04-23T00:33:12+00:00","og_image":[{"width":611,"height":640,"url":"https:\/\/www.asajacyl.com\/palencia\/wp-content\/uploads\/sites\/3\/2022\/04\/FRANCISELLA-TULARENSIS-TULAREMIA.jpg","type":"image\/jpeg"}],"author":"Administrador","twitter_card":"summary_large_image","twitter_misc":{"Escrito por":"Administrador","Tiempo de lectura":"4 minutos"},"schema":{"@context":"https:\/\/schema.org","@graph":[{"@type":"WebPage","@id":"https:\/\/www.asajacyl.com\/palencia\/asaja-palencia-informa\/el-875-de-casos-nacionales-de-tularemia-de-2019-tuvieron-lugar-en-palencia","url":"https:\/\/www.asajacyl.com\/palencia\/asaja-palencia-informa\/el-875-de-casos-nacionales-de-tularemia-de-2019-tuvieron-lugar-en-palencia","name":"El 92,9% de casos nacionales de tularemia de 2019 tuvieron su origen en Palencia - ASAJA Palencia","isPartOf":{"@id":"https:\/\/www.asajacyl.com\/palencia\/#website"},"primaryImageOfPage":{"@id":"https:\/\/www.asajacyl.com\/palencia\/asaja-palencia-informa\/el-875-de-casos-nacionales-de-tularemia-de-2019-tuvieron-lugar-en-palencia#primaryimage"},"image":{"@id":"https:\/\/www.asajacyl.com\/palencia\/asaja-palencia-informa\/el-875-de-casos-nacionales-de-tularemia-de-2019-tuvieron-lugar-en-palencia#primaryimage"},"thumbnailUrl":"https:\/\/www.asajacyl.com\/palencia\/wp-content\/uploads\/sites\/3\/2022\/04\/FRANCISELLA-TULARENSIS-TULAREMIA.jpg","datePublished":"2022-04-21T11:14:00+00:00","dateModified":"2022-04-23T00:33:12+00:00","author":{"@id":"https:\/\/www.asajacyl.com\/palencia\/#\/schema\/person\/3ab17aeb03527485c317557fae64aab1"},"description":"En la anterior noticia indic\u00e1bamos que era el 87,5% pero esos son los casos detectados en centros de salud de la provincia de Palencia. Los casos que","breadcrumb":{"@id":"https:\/\/www.asajacyl.com\/palencia\/asaja-palencia-informa\/el-875-de-casos-nacionales-de-tularemia-de-2019-tuvieron-lugar-en-palencia#breadcrumb"},"inLanguage":"es","potentialAction":[{"@type":"ReadAction","target":["https:\/\/www.asajacyl.com\/palencia\/asaja-palencia-informa\/el-875-de-casos-nacionales-de-tularemia-de-2019-tuvieron-lugar-en-palencia"]}]},{"@type":"ImageObject","inLanguage":"es","@id":"https:\/\/www.asajacyl.com\/palencia\/asaja-palencia-informa\/el-875-de-casos-nacionales-de-tularemia-de-2019-tuvieron-lugar-en-palencia#primaryimage","url":"https:\/\/www.asajacyl.com\/palencia\/wp-content\/uploads\/sites\/3\/2022\/04\/FRANCISELLA-TULARENSIS-TULAREMIA.jpg","contentUrl":"https:\/\/www.asajacyl.com\/palencia\/wp-content\/uploads\/sites\/3\/2022\/04\/FRANCISELLA-TULARENSIS-TULAREMIA.jpg","width":611,"height":640},{"@type":"BreadcrumbList","@id":"https:\/\/www.asajacyl.com\/palencia\/asaja-palencia-informa\/el-875-de-casos-nacionales-de-tularemia-de-2019-tuvieron-lugar-en-palencia#breadcrumb","itemListElement":[{"@type":"ListItem","position":1,"name":"Portada","item":"https:\/\/www.asajacyl.com\/palencia\/"},{"@type":"ListItem","position":2,"name":"El 92,9% de casos nacionales de tularemia de 2019 tuvieron su origen en Palencia"}]},{"@type":"WebSite","@id":"https:\/\/www.asajacyl.com\/palencia\/#website","url":"https:\/\/www.asajacyl.com\/palencia\/","name":"ASAJA Palencia","description":"Otro sitio m\u00e1s de Provincias ASAJA Castilla y Le\u00f3n","potentialAction":[{"@type":"SearchAction","target":{"@type":"EntryPoint","urlTemplate":"https:\/\/www.asajacyl.com\/palencia\/?s={search_term_string}"},"query-input":{"@type":"PropertyValueSpecification","valueRequired":true,"valueName":"search_term_string"}}],"inLanguage":"es"},{"@type":"Person","@id":"https:\/\/www.asajacyl.com\/palencia\/#\/schema\/person\/3ab17aeb03527485c317557fae64aab1","name":"Administrador","image":{"@type":"ImageObject","inLanguage":"es","@id":"https:\/\/www.asajacyl.com\/palencia\/#\/schema\/person\/image\/","url":"https:\/\/secure.gravatar.com\/avatar\/517384810d242ca9e38c180f3c9fb973?s=96&d=mm&r=g","contentUrl":"https:\/\/secure.gravatar.com\/avatar\/517384810d242ca9e38c180f3c9fb973?s=96&d=mm&r=g","caption":"Administrador"},"url":"https:\/\/www.asajacyl.com\/palencia\/author\/carlosrm"}]}},"_links":{"self":[{"href":"https:\/\/www.asajacyl.com\/palencia\/wp-json\/wp\/v2\/posts\/10286"}],"collection":[{"href":"https:\/\/www.asajacyl.com\/palencia\/wp-json\/wp\/v2\/posts"}],"about":[{"href":"https:\/\/www.asajacyl.com\/palencia\/wp-json\/wp\/v2\/types\/post"}],"author":[{"embeddable":true,"href":"https:\/\/www.asajacyl.com\/palencia\/wp-json\/wp\/v2\/users\/9"}],"replies":[{"embeddable":true,"href":"https:\/\/www.asajacyl.com\/palencia\/wp-json\/wp\/v2\/comments?post=10286"}],"version-history":[{"count":6,"href":"https:\/\/www.asajacyl.com\/palencia\/wp-json\/wp\/v2\/posts\/10286\/revisions"}],"predecessor-version":[{"id":10323,"href":"https:\/\/www.asajacyl.com\/palencia\/wp-json\/wp\/v2\/posts\/10286\/revisions\/10323"}],"wp:featuredmedia":[{"embeddable":true,"href":"https:\/\/www.asajacyl.com\/palencia\/wp-json\/wp\/v2\/media\/10291"}],"wp:attachment":[{"href":"https:\/\/www.asajacyl.com\/palencia\/wp-json\/wp\/v2\/media?parent=10286"}],"wp:term":[{"taxonomy":"category","embeddable":true,"href":"https:\/\/www.asajacyl.com\/palencia\/wp-json\/wp\/v2\/categories?post=10286"},{"taxonomy":"post_tag","embeddable":true,"href":"https:\/\/www.asajacyl.com\/palencia\/wp-json\/wp\/v2\/tags?post=10286"}],"curies":[{"name":"wp","href":"https:\/\/api.w.org\/{rel}","templated":true}]}}