{"id":10299,"date":"2022-04-24T13:34:00","date_gmt":"2022-04-24T11:34:00","guid":{"rendered":"https:\/\/www.asajacyl.com\/palencia\/?p=10299"},"modified":"2022-04-22T10:27:04","modified_gmt":"2022-04-22T08:27:04","slug":"panico-a-las-tormentas","status":"publish","type":"post","link":"https:\/\/www.asajacyl.com\/palencia\/asaja-palencia-informa\/panico-a-las-tormentas","title":{"rendered":"P\u00e1nico a las tormentas"},"content":{"rendered":"\n<p>Que un agricultor le tenga miedo a las tormentas no es ninguna novedad, pues las tormentas, y sobre todo las m\u00e1s virulentas acompa\u00f1adas de granizo, han sido un enemigo de la agricultura desde que el hombre comenz\u00f3 a labrar la tierra. Ante este fen\u00f3meno meteorol\u00f3gico, que en nuestra zona se da en los meses de primavera y de verano, el mejor remedio que tenemos los agricultores es asegurar las cosechas, aunque cuando ocurre el hecho no siempre es de nuestra satisfacci\u00f3n el trato que nos da la compa\u00f1\u00eda de seguros. Al margen de la cr\u00edtica al sistema de seguros, que en todo caso es leg\u00edtima, los da\u00f1os de las tormentas est\u00e1n amparados por todas las p\u00f3lizas de seguro, son menos dudosos que otros da\u00f1os, y en el peor de los casos han venido garantizando una renta bastante aproximada al valor real de la cosecha si se hubiera podido recolectar y vender en el mercado. De la mano de las compa\u00f1\u00edas aseguradoras, y en este caso al margen de Agroseguro, el sector ha tenido, y sigue teniendo, la posibilidad de asegurar a un mayor valor contra los da\u00f1os de pedrisco, es decir, a cambio de una prima de seguro, la compa\u00f1\u00eda indemniza, en el caso de siniestro, una cantidad por kilo superior a lo que ya indemniza Agroseguro. Esto ha permitido, en a\u00f1os anteriores, percibir ingresos en el caso de siniestro superiores al valor real de la cosecha, o al menos compensar el valor del IVA que no paga el seguro agrario.<\/p>\n\n\n\n<p>Este a\u00f1o la cuesti\u00f3n ha cambiado rotundamente. Los agricultores hemos asegurado los cereales a un precio de 190 euros la tonelada, y el mercado est\u00e1 muy por encima de dicho valor, llegando en algunos momentos a duplicarlo. Aunque suscribamos paralelamente el seguro de m\u00e1s valor, sigue habiendo un gran distanciamiento entre el valor al que aseguramos nuestra cosecha y el valor del mercado si se mantiene como est\u00e1 o no se desploma mucho. Por esto este a\u00f1o, en los pr\u00f3ximos meses, las tormentas ser\u00e1n la principal preocupaci\u00f3n de los agricultores de secano y de regad\u00edo, porque habr\u00e1 da\u00f1os, en algunos t\u00e9rminos da\u00f1os muy cuantiosos, y el seguro indemnizar\u00e1 por cuant\u00edas que ni tan siquiera van a cubrir una parte de los costes de producci\u00f3n.<\/p>\n\n\n\n<p>Mientras que cruzamos los dedos para que las tormentas se alejen lo m\u00e1s posible, mientras aconsejamos a nuestros socios a que aseguren y que adem\u00e1s contraten el seguro de \u201cm\u00e1s valor\u201d, desde esta organizaci\u00f3n agraria estamos alertando a los distintos gobiernos de la escasa cobertura del seguro agrario en este contexto de precios mundiales, y reclamando medidas normativas y econ\u00f3micas para disponer de un seguro agrario realmente eficaz de cara a la pr\u00f3xima campa\u00f1a. Un seguro que tenga en cuenta la realidad del mercado y que disponga de apoyos p\u00fablicos para que su suscripci\u00f3n no sea prohibitiva. Un seguro que nos permita dormir con cierta tranquilidad cuando hay tormentas, cuando hay sequ\u00edas, o cuando hay fen\u00f3menos de la naturaleza, de diversa \u00edndole, que arruinan nuestras cosechas.<\/p>\n","protected":false},"excerpt":{"rendered":"<p>Que un agricultor le tenga miedo a las tormentas no es ninguna novedad, pues las tormentas, y sobre todo las m\u00e1s virulentas acompa\u00f1adas de granizo, han sido un enemigo de la agricultura desde que el hombre comenz\u00f3 a labrar la tierra. Ante este fen\u00f3meno meteorol\u00f3gico, que en nuestra zona se da en los meses de [&hellip;]<\/p>\n","protected":false},"author":9,"featured_media":5827,"comment_status":"open","ping_status":"open","sticky":false,"template":"","format":"standard","meta":{"footnotes":""},"categories":[9,30],"tags":[],"yoast_head":"<!-- This site is optimized with the Yoast SEO plugin v24.5 - https:\/\/yoast.com\/wordpress\/plugins\/seo\/ -->\n<title>P\u00e1nico a las tormentas - ASAJA Palencia<\/title>\n<meta name=\"description\" content=\"Que un agricultor le tenga miedo a las tormentas no es ninguna novedad, pues las tormentas, y sobre todo las m\u00e1s virulentas acompa\u00f1adas de granizo, han\" \/>\n<meta name=\"robots\" content=\"index, follow, max-snippet:-1, max-image-preview:large, max-video-preview:-1\" \/>\n<link rel=\"canonical\" href=\"https:\/\/www.asajacyl.com\/palencia\/asaja-palencia-informa\/panico-a-las-tormentas\" \/>\n<meta property=\"og:locale\" content=\"es_ES\" \/>\n<meta property=\"og:type\" content=\"article\" \/>\n<meta property=\"og:title\" content=\"P\u00e1nico a las tormentas - ASAJA Palencia\" \/>\n<meta property=\"og:description\" content=\"Que un agricultor le tenga miedo a las tormentas no es ninguna novedad, pues las tormentas, y sobre todo las m\u00e1s virulentas acompa\u00f1adas de granizo, han\" \/>\n<meta property=\"og:url\" content=\"https:\/\/www.asajacyl.com\/palencia\/asaja-palencia-informa\/panico-a-las-tormentas\" \/>\n<meta property=\"og:site_name\" content=\"ASAJA Palencia\" \/>\n<meta property=\"article:published_time\" content=\"2022-04-24T11:34:00+00:00\" \/>\n<meta property=\"og:image\" content=\"https:\/\/www.asajacyl.com\/palencia\/wp-content\/uploads\/sites\/3\/2019\/01\/turrado-1.jpg\" \/>\n\t<meta property=\"og:image:width\" content=\"254\" \/>\n\t<meta property=\"og:image:height\" content=\"300\" \/>\n\t<meta property=\"og:image:type\" content=\"image\/jpeg\" \/>\n<meta name=\"author\" content=\"Administrador\" \/>\n<meta name=\"twitter:card\" content=\"summary_large_image\" \/>\n<meta name=\"twitter:label1\" content=\"Escrito por\" \/>\n\t<meta name=\"twitter:data1\" content=\"Administrador\" \/>\n\t<meta name=\"twitter:label2\" content=\"Tiempo de lectura\" \/>\n\t<meta name=\"twitter:data2\" content=\"3 minutos\" \/>\n<script type=\"application\/ld+json\" class=\"yoast-schema-graph\">{\"@context\":\"https:\/\/schema.org\",\"@graph\":[{\"@type\":\"WebPage\",\"@id\":\"https:\/\/www.asajacyl.com\/palencia\/asaja-palencia-informa\/panico-a-las-tormentas\",\"url\":\"https:\/\/www.asajacyl.com\/palencia\/asaja-palencia-informa\/panico-a-las-tormentas\",\"name\":\"P\u00e1nico a las tormentas - ASAJA Palencia\",\"isPartOf\":{\"@id\":\"https:\/\/www.asajacyl.com\/palencia\/#website\"},\"primaryImageOfPage\":{\"@id\":\"https:\/\/www.asajacyl.com\/palencia\/asaja-palencia-informa\/panico-a-las-tormentas#primaryimage\"},\"image\":{\"@id\":\"https:\/\/www.asajacyl.com\/palencia\/asaja-palencia-informa\/panico-a-las-tormentas#primaryimage\"},\"thumbnailUrl\":\"https:\/\/www.asajacyl.com\/palencia\/wp-content\/uploads\/sites\/3\/2019\/01\/turrado-1.jpg\",\"datePublished\":\"2022-04-24T11:34:00+00:00\",\"author\":{\"@id\":\"https:\/\/www.asajacyl.com\/palencia\/#\/schema\/person\/3ab17aeb03527485c317557fae64aab1\"},\"description\":\"Que un agricultor le tenga miedo a las tormentas no es ninguna novedad, pues las tormentas, y sobre todo las m\u00e1s virulentas acompa\u00f1adas de granizo, han\",\"breadcrumb\":{\"@id\":\"https:\/\/www.asajacyl.com\/palencia\/asaja-palencia-informa\/panico-a-las-tormentas#breadcrumb\"},\"inLanguage\":\"es\",\"potentialAction\":[{\"@type\":\"ReadAction\",\"target\":[\"https:\/\/www.asajacyl.com\/palencia\/asaja-palencia-informa\/panico-a-las-tormentas\"]}]},{\"@type\":\"ImageObject\",\"inLanguage\":\"es\",\"@id\":\"https:\/\/www.asajacyl.com\/palencia\/asaja-palencia-informa\/panico-a-las-tormentas#primaryimage\",\"url\":\"https:\/\/www.asajacyl.com\/palencia\/wp-content\/uploads\/sites\/3\/2019\/01\/turrado-1.jpg\",\"contentUrl\":\"https:\/\/www.asajacyl.com\/palencia\/wp-content\/uploads\/sites\/3\/2019\/01\/turrado-1.jpg\",\"width\":254,\"height\":300},{\"@type\":\"BreadcrumbList\",\"@id\":\"https:\/\/www.asajacyl.com\/palencia\/asaja-palencia-informa\/panico-a-las-tormentas#breadcrumb\",\"itemListElement\":[{\"@type\":\"ListItem\",\"position\":1,\"name\":\"Portada\",\"item\":\"https:\/\/www.asajacyl.com\/palencia\/\"},{\"@type\":\"ListItem\",\"position\":2,\"name\":\"P\u00e1nico a las tormentas\"}]},{\"@type\":\"WebSite\",\"@id\":\"https:\/\/www.asajacyl.com\/palencia\/#website\",\"url\":\"https:\/\/www.asajacyl.com\/palencia\/\",\"name\":\"ASAJA Palencia\",\"description\":\"Otro sitio m\u00e1s de Provincias ASAJA Castilla y Le\u00f3n\",\"potentialAction\":[{\"@type\":\"SearchAction\",\"target\":{\"@type\":\"EntryPoint\",\"urlTemplate\":\"https:\/\/www.asajacyl.com\/palencia\/?s={search_term_string}\"},\"query-input\":{\"@type\":\"PropertyValueSpecification\",\"valueRequired\":true,\"valueName\":\"search_term_string\"}}],\"inLanguage\":\"es\"},{\"@type\":\"Person\",\"@id\":\"https:\/\/www.asajacyl.com\/palencia\/#\/schema\/person\/3ab17aeb03527485c317557fae64aab1\",\"name\":\"Administrador\",\"image\":{\"@type\":\"ImageObject\",\"inLanguage\":\"es\",\"@id\":\"https:\/\/www.asajacyl.com\/palencia\/#\/schema\/person\/image\/\",\"url\":\"https:\/\/secure.gravatar.com\/avatar\/517384810d242ca9e38c180f3c9fb973?s=96&d=mm&r=g\",\"contentUrl\":\"https:\/\/secure.gravatar.com\/avatar\/517384810d242ca9e38c180f3c9fb973?s=96&d=mm&r=g\",\"caption\":\"Administrador\"},\"url\":\"https:\/\/www.asajacyl.com\/palencia\/author\/carlosrm\"}]}<\/script>\n<!-- \/ Yoast SEO plugin. -->","yoast_head_json":{"title":"P\u00e1nico a las tormentas - ASAJA Palencia","description":"Que un agricultor le tenga miedo a las tormentas no es ninguna novedad, pues las tormentas, y sobre todo las m\u00e1s virulentas acompa\u00f1adas de granizo, han","robots":{"index":"index","follow":"follow","max-snippet":"max-snippet:-1","max-image-preview":"max-image-preview:large","max-video-preview":"max-video-preview:-1"},"canonical":"https:\/\/www.asajacyl.com\/palencia\/asaja-palencia-informa\/panico-a-las-tormentas","og_locale":"es_ES","og_type":"article","og_title":"P\u00e1nico a las tormentas - ASAJA Palencia","og_description":"Que un agricultor le tenga miedo a las tormentas no es ninguna novedad, pues las tormentas, y sobre todo las m\u00e1s virulentas acompa\u00f1adas de granizo, han","og_url":"https:\/\/www.asajacyl.com\/palencia\/asaja-palencia-informa\/panico-a-las-tormentas","og_site_name":"ASAJA Palencia","article_published_time":"2022-04-24T11:34:00+00:00","og_image":[{"width":254,"height":300,"url":"https:\/\/www.asajacyl.com\/palencia\/wp-content\/uploads\/sites\/3\/2019\/01\/turrado-1.jpg","type":"image\/jpeg"}],"author":"Administrador","twitter_card":"summary_large_image","twitter_misc":{"Escrito por":"Administrador","Tiempo de lectura":"3 minutos"},"schema":{"@context":"https:\/\/schema.org","@graph":[{"@type":"WebPage","@id":"https:\/\/www.asajacyl.com\/palencia\/asaja-palencia-informa\/panico-a-las-tormentas","url":"https:\/\/www.asajacyl.com\/palencia\/asaja-palencia-informa\/panico-a-las-tormentas","name":"P\u00e1nico a las tormentas - ASAJA Palencia","isPartOf":{"@id":"https:\/\/www.asajacyl.com\/palencia\/#website"},"primaryImageOfPage":{"@id":"https:\/\/www.asajacyl.com\/palencia\/asaja-palencia-informa\/panico-a-las-tormentas#primaryimage"},"image":{"@id":"https:\/\/www.asajacyl.com\/palencia\/asaja-palencia-informa\/panico-a-las-tormentas#primaryimage"},"thumbnailUrl":"https:\/\/www.asajacyl.com\/palencia\/wp-content\/uploads\/sites\/3\/2019\/01\/turrado-1.jpg","datePublished":"2022-04-24T11:34:00+00:00","author":{"@id":"https:\/\/www.asajacyl.com\/palencia\/#\/schema\/person\/3ab17aeb03527485c317557fae64aab1"},"description":"Que un agricultor le tenga miedo a las tormentas no es ninguna novedad, pues las tormentas, y sobre todo las m\u00e1s virulentas acompa\u00f1adas de granizo, han","breadcrumb":{"@id":"https:\/\/www.asajacyl.com\/palencia\/asaja-palencia-informa\/panico-a-las-tormentas#breadcrumb"},"inLanguage":"es","potentialAction":[{"@type":"ReadAction","target":["https:\/\/www.asajacyl.com\/palencia\/asaja-palencia-informa\/panico-a-las-tormentas"]}]},{"@type":"ImageObject","inLanguage":"es","@id":"https:\/\/www.asajacyl.com\/palencia\/asaja-palencia-informa\/panico-a-las-tormentas#primaryimage","url":"https:\/\/www.asajacyl.com\/palencia\/wp-content\/uploads\/sites\/3\/2019\/01\/turrado-1.jpg","contentUrl":"https:\/\/www.asajacyl.com\/palencia\/wp-content\/uploads\/sites\/3\/2019\/01\/turrado-1.jpg","width":254,"height":300},{"@type":"BreadcrumbList","@id":"https:\/\/www.asajacyl.com\/palencia\/asaja-palencia-informa\/panico-a-las-tormentas#breadcrumb","itemListElement":[{"@type":"ListItem","position":1,"name":"Portada","item":"https:\/\/www.asajacyl.com\/palencia\/"},{"@type":"ListItem","position":2,"name":"P\u00e1nico a las tormentas"}]},{"@type":"WebSite","@id":"https:\/\/www.asajacyl.com\/palencia\/#website","url":"https:\/\/www.asajacyl.com\/palencia\/","name":"ASAJA Palencia","description":"Otro sitio m\u00e1s de Provincias ASAJA Castilla y Le\u00f3n","potentialAction":[{"@type":"SearchAction","target":{"@type":"EntryPoint","urlTemplate":"https:\/\/www.asajacyl.com\/palencia\/?s={search_term_string}"},"query-input":{"@type":"PropertyValueSpecification","valueRequired":true,"valueName":"search_term_string"}}],"inLanguage":"es"},{"@type":"Person","@id":"https:\/\/www.asajacyl.com\/palencia\/#\/schema\/person\/3ab17aeb03527485c317557fae64aab1","name":"Administrador","image":{"@type":"ImageObject","inLanguage":"es","@id":"https:\/\/www.asajacyl.com\/palencia\/#\/schema\/person\/image\/","url":"https:\/\/secure.gravatar.com\/avatar\/517384810d242ca9e38c180f3c9fb973?s=96&d=mm&r=g","contentUrl":"https:\/\/secure.gravatar.com\/avatar\/517384810d242ca9e38c180f3c9fb973?s=96&d=mm&r=g","caption":"Administrador"},"url":"https:\/\/www.asajacyl.com\/palencia\/author\/carlosrm"}]}},"_links":{"self":[{"href":"https:\/\/www.asajacyl.com\/palencia\/wp-json\/wp\/v2\/posts\/10299"}],"collection":[{"href":"https:\/\/www.asajacyl.com\/palencia\/wp-json\/wp\/v2\/posts"}],"about":[{"href":"https:\/\/www.asajacyl.com\/palencia\/wp-json\/wp\/v2\/types\/post"}],"author":[{"embeddable":true,"href":"https:\/\/www.asajacyl.com\/palencia\/wp-json\/wp\/v2\/users\/9"}],"replies":[{"embeddable":true,"href":"https:\/\/www.asajacyl.com\/palencia\/wp-json\/wp\/v2\/comments?post=10299"}],"version-history":[{"count":1,"href":"https:\/\/www.asajacyl.com\/palencia\/wp-json\/wp\/v2\/posts\/10299\/revisions"}],"predecessor-version":[{"id":10300,"href":"https:\/\/www.asajacyl.com\/palencia\/wp-json\/wp\/v2\/posts\/10299\/revisions\/10300"}],"wp:featuredmedia":[{"embeddable":true,"href":"https:\/\/www.asajacyl.com\/palencia\/wp-json\/wp\/v2\/media\/5827"}],"wp:attachment":[{"href":"https:\/\/www.asajacyl.com\/palencia\/wp-json\/wp\/v2\/media?parent=10299"}],"wp:term":[{"taxonomy":"category","embeddable":true,"href":"https:\/\/www.asajacyl.com\/palencia\/wp-json\/wp\/v2\/categories?post=10299"},{"taxonomy":"post_tag","embeddable":true,"href":"https:\/\/www.asajacyl.com\/palencia\/wp-json\/wp\/v2\/tags?post=10299"}],"curies":[{"name":"wp","href":"https:\/\/api.w.org\/{rel}","templated":true}]}}