{"id":10301,"date":"2022-04-21T09:50:10","date_gmt":"2022-04-21T07:50:10","guid":{"rendered":"https:\/\/www.asajacyl.com\/palencia\/?p=10301"},"modified":"2022-04-21T09:50:11","modified_gmt":"2022-04-21T07:50:11","slug":"ya-tenemos-consejero-de-agricultura-y-ganaderia","status":"publish","type":"post","link":"https:\/\/www.asajacyl.com\/palencia\/asaja-palencia-informa\/ya-tenemos-consejero-de-agricultura-y-ganaderia","title":{"rendered":"Ya tenemos consejero de Agricultura y Ganader\u00eda"},"content":{"rendered":"\n<p>El palentino Gerardo Due\u00f1as, tom\u00f3 posesi\u00f3n ayer de su cargo como consejero de Agricultura, Ganader\u00eda y Desarrollo Rural tras haber designado por el presidente de la Junta de Castilla y Le\u00f3n, el reci\u00e9n investido Alfonso Fern\u00e1ndez Ma\u00f1ueco, el cual ha mantenido la consejer\u00eda tal y como estaba, mismo nombre y mismas atribuciones.<\/p>\n\n\n\n<p>El nuevo consejero es ingeniero agr\u00f3nomo, por la Escuela T\u00e9cnica Superior de Ingenieros Agr\u00f3nomos de Madrid, habiendo realizado sus estudios de ingeniero t\u00e9cnico agr\u00edcola en la Escuela T\u00e9cnica Superior de Ingenier\u00edas Agrarias de Palencia.<\/p>\n\n\n\n<p>Parte de la trayectoria laboral de Due\u00f1as ha transcurrido en ASAJA ya que ha sido t\u00e9cnico en ASAJA-Palencia y gerente de ASAJA Castilla y Le\u00f3n. Tambi\u00e9n ha trabajado en el \u00e1mbito cooperativo siendo director general de CORECCAL y actualmente ostentaba un puesto relevante como director de \u00e1rea en FERTINAGRO.<\/p>\n\n\n\n<p>Al frente de la consejer\u00eda de Medio Ambiente -ahora llamada Medio Ambiente, Vivienda y Ordenaci\u00f3n del Territorio- seguir\u00e1 Juan Carlos Su\u00e1rez-Qui\u00f1ones.<\/p>\n\n\n\n<figure class=\"wp-block-image size-large\"><img loading=\"lazy\" decoding=\"async\" width=\"1024\" height=\"683\" src=\"https:\/\/www.asajacyl.com\/palencia\/wp-content\/uploads\/sites\/3\/2022\/04\/CONSEJERO-AGRICULTURA-1024x683.jpg\" alt=\"\" class=\"wp-image-10302\" srcset=\"https:\/\/www.asajacyl.com\/palencia\/wp-content\/uploads\/sites\/3\/2022\/04\/CONSEJERO-AGRICULTURA-1024x683.jpg 1024w, https:\/\/www.asajacyl.com\/palencia\/wp-content\/uploads\/sites\/3\/2022\/04\/CONSEJERO-AGRICULTURA-300x200.jpg 300w, https:\/\/www.asajacyl.com\/palencia\/wp-content\/uploads\/sites\/3\/2022\/04\/CONSEJERO-AGRICULTURA-768x512.jpg 768w, https:\/\/www.asajacyl.com\/palencia\/wp-content\/uploads\/sites\/3\/2022\/04\/CONSEJERO-AGRICULTURA-1536x1024.jpg 1536w, https:\/\/www.asajacyl.com\/palencia\/wp-content\/uploads\/sites\/3\/2022\/04\/CONSEJERO-AGRICULTURA-2048x1365.jpg 2048w, https:\/\/www.asajacyl.com\/palencia\/wp-content\/uploads\/sites\/3\/2022\/04\/CONSEJERO-AGRICULTURA-696x464.jpg 696w, https:\/\/www.asajacyl.com\/palencia\/wp-content\/uploads\/sites\/3\/2022\/04\/CONSEJERO-AGRICULTURA-1068x712.jpg 1068w, https:\/\/www.asajacyl.com\/palencia\/wp-content\/uploads\/sites\/3\/2022\/04\/CONSEJERO-AGRICULTURA-1920x1280.jpg 1920w, https:\/\/www.asajacyl.com\/palencia\/wp-content\/uploads\/sites\/3\/2022\/04\/CONSEJERO-AGRICULTURA-630x420.jpg 630w\" sizes=\"(max-width: 1024px) 100vw, 1024px\" \/><\/figure>\n","protected":false},"excerpt":{"rendered":"<p>El palentino Gerardo Due\u00f1as, tom\u00f3 posesi\u00f3n ayer de su cargo como consejero de Agricultura, Ganader\u00eda y Desarrollo Rural tras haber designado por el presidente de la Junta de Castilla y Le\u00f3n, el reci\u00e9n investido Alfonso Fern\u00e1ndez Ma\u00f1ueco, el cual ha mantenido la consejer\u00eda tal y como estaba, mismo nombre y mismas atribuciones. El nuevo consejero [&hellip;]<\/p>\n","protected":false},"author":9,"featured_media":10302,"comment_status":"open","ping_status":"open","sticky":false,"template":"","format":"standard","meta":{"footnotes":""},"categories":[9,29,28],"tags":[],"yoast_head":"<!-- This site is optimized with the Yoast SEO plugin v24.5 - https:\/\/yoast.com\/wordpress\/plugins\/seo\/ -->\n<title>Ya tenemos consejero de Agricultura y Ganader\u00eda - ASAJA Palencia<\/title>\n<meta name=\"description\" content=\"El palentino Gerardo Due\u00f1as, tom\u00f3 posesi\u00f3n ayer de su cargo como consejero de Agricultura, Ganader\u00eda y Desarrollo Rural tras haber designado por el\" \/>\n<meta name=\"robots\" content=\"index, follow, max-snippet:-1, max-image-preview:large, max-video-preview:-1\" \/>\n<link rel=\"canonical\" href=\"https:\/\/www.asajacyl.com\/palencia\/asaja-palencia-informa\/ya-tenemos-consejero-de-agricultura-y-ganaderia\" \/>\n<meta property=\"og:locale\" content=\"es_ES\" \/>\n<meta property=\"og:type\" content=\"article\" \/>\n<meta property=\"og:title\" content=\"Ya tenemos consejero de Agricultura y Ganader\u00eda - ASAJA Palencia\" \/>\n<meta property=\"og:description\" content=\"El palentino Gerardo Due\u00f1as, tom\u00f3 posesi\u00f3n ayer de su cargo como consejero de Agricultura, Ganader\u00eda y Desarrollo Rural tras haber designado por el\" \/>\n<meta property=\"og:url\" content=\"https:\/\/www.asajacyl.com\/palencia\/asaja-palencia-informa\/ya-tenemos-consejero-de-agricultura-y-ganaderia\" \/>\n<meta property=\"og:site_name\" content=\"ASAJA Palencia\" \/>\n<meta property=\"article:published_time\" content=\"2022-04-21T07:50:10+00:00\" \/>\n<meta property=\"article:modified_time\" content=\"2022-04-21T07:50:11+00:00\" \/>\n<meta property=\"og:image\" content=\"https:\/\/www.asajacyl.com\/palencia\/wp-content\/uploads\/sites\/3\/2022\/04\/CONSEJERO-AGRICULTURA.jpg\" \/>\n\t<meta property=\"og:image:width\" content=\"2390\" \/>\n\t<meta property=\"og:image:height\" content=\"1593\" \/>\n\t<meta property=\"og:image:type\" content=\"image\/jpeg\" \/>\n<meta name=\"author\" content=\"Administrador\" \/>\n<meta name=\"twitter:card\" content=\"summary_large_image\" \/>\n<meta name=\"twitter:label1\" content=\"Escrito por\" \/>\n\t<meta name=\"twitter:data1\" content=\"Administrador\" \/>\n\t<meta name=\"twitter:label2\" content=\"Tiempo de lectura\" \/>\n\t<meta name=\"twitter:data2\" content=\"1 minuto\" \/>\n<script type=\"application\/ld+json\" class=\"yoast-schema-graph\">{\"@context\":\"https:\/\/schema.org\",\"@graph\":[{\"@type\":\"WebPage\",\"@id\":\"https:\/\/www.asajacyl.com\/palencia\/asaja-palencia-informa\/ya-tenemos-consejero-de-agricultura-y-ganaderia\",\"url\":\"https:\/\/www.asajacyl.com\/palencia\/asaja-palencia-informa\/ya-tenemos-consejero-de-agricultura-y-ganaderia\",\"name\":\"Ya tenemos consejero de Agricultura y Ganader\u00eda - ASAJA Palencia\",\"isPartOf\":{\"@id\":\"https:\/\/www.asajacyl.com\/palencia\/#website\"},\"primaryImageOfPage\":{\"@id\":\"https:\/\/www.asajacyl.com\/palencia\/asaja-palencia-informa\/ya-tenemos-consejero-de-agricultura-y-ganaderia#primaryimage\"},\"image\":{\"@id\":\"https:\/\/www.asajacyl.com\/palencia\/asaja-palencia-informa\/ya-tenemos-consejero-de-agricultura-y-ganaderia#primaryimage\"},\"thumbnailUrl\":\"https:\/\/www.asajacyl.com\/palencia\/wp-content\/uploads\/sites\/3\/2022\/04\/CONSEJERO-AGRICULTURA.jpg\",\"datePublished\":\"2022-04-21T07:50:10+00:00\",\"dateModified\":\"2022-04-21T07:50:11+00:00\",\"author\":{\"@id\":\"https:\/\/www.asajacyl.com\/palencia\/#\/schema\/person\/3ab17aeb03527485c317557fae64aab1\"},\"description\":\"El palentino Gerardo Due\u00f1as, tom\u00f3 posesi\u00f3n ayer de su cargo como consejero de Agricultura, Ganader\u00eda y Desarrollo Rural tras haber designado por el\",\"breadcrumb\":{\"@id\":\"https:\/\/www.asajacyl.com\/palencia\/asaja-palencia-informa\/ya-tenemos-consejero-de-agricultura-y-ganaderia#breadcrumb\"},\"inLanguage\":\"es\",\"potentialAction\":[{\"@type\":\"ReadAction\",\"target\":[\"https:\/\/www.asajacyl.com\/palencia\/asaja-palencia-informa\/ya-tenemos-consejero-de-agricultura-y-ganaderia\"]}]},{\"@type\":\"ImageObject\",\"inLanguage\":\"es\",\"@id\":\"https:\/\/www.asajacyl.com\/palencia\/asaja-palencia-informa\/ya-tenemos-consejero-de-agricultura-y-ganaderia#primaryimage\",\"url\":\"https:\/\/www.asajacyl.com\/palencia\/wp-content\/uploads\/sites\/3\/2022\/04\/CONSEJERO-AGRICULTURA.jpg\",\"contentUrl\":\"https:\/\/www.asajacyl.com\/palencia\/wp-content\/uploads\/sites\/3\/2022\/04\/CONSEJERO-AGRICULTURA.jpg\",\"width\":2390,\"height\":1593},{\"@type\":\"BreadcrumbList\",\"@id\":\"https:\/\/www.asajacyl.com\/palencia\/asaja-palencia-informa\/ya-tenemos-consejero-de-agricultura-y-ganaderia#breadcrumb\",\"itemListElement\":[{\"@type\":\"ListItem\",\"position\":1,\"name\":\"Portada\",\"item\":\"https:\/\/www.asajacyl.com\/palencia\/\"},{\"@type\":\"ListItem\",\"position\":2,\"name\":\"Ya tenemos consejero de Agricultura y Ganader\u00eda\"}]},{\"@type\":\"WebSite\",\"@id\":\"https:\/\/www.asajacyl.com\/palencia\/#website\",\"url\":\"https:\/\/www.asajacyl.com\/palencia\/\",\"name\":\"ASAJA Palencia\",\"description\":\"Otro sitio m\u00e1s de Provincias ASAJA Castilla y Le\u00f3n\",\"potentialAction\":[{\"@type\":\"SearchAction\",\"target\":{\"@type\":\"EntryPoint\",\"urlTemplate\":\"https:\/\/www.asajacyl.com\/palencia\/?s={search_term_string}\"},\"query-input\":{\"@type\":\"PropertyValueSpecification\",\"valueRequired\":true,\"valueName\":\"search_term_string\"}}],\"inLanguage\":\"es\"},{\"@type\":\"Person\",\"@id\":\"https:\/\/www.asajacyl.com\/palencia\/#\/schema\/person\/3ab17aeb03527485c317557fae64aab1\",\"name\":\"Administrador\",\"image\":{\"@type\":\"ImageObject\",\"inLanguage\":\"es\",\"@id\":\"https:\/\/www.asajacyl.com\/palencia\/#\/schema\/person\/image\/\",\"url\":\"https:\/\/secure.gravatar.com\/avatar\/517384810d242ca9e38c180f3c9fb973?s=96&d=mm&r=g\",\"contentUrl\":\"https:\/\/secure.gravatar.com\/avatar\/517384810d242ca9e38c180f3c9fb973?s=96&d=mm&r=g\",\"caption\":\"Administrador\"},\"url\":\"https:\/\/www.asajacyl.com\/palencia\/author\/carlosrm\"}]}<\/script>\n<!-- \/ Yoast SEO plugin. -->","yoast_head_json":{"title":"Ya tenemos consejero de Agricultura y Ganader\u00eda - ASAJA Palencia","description":"El palentino Gerardo Due\u00f1as, tom\u00f3 posesi\u00f3n ayer de su cargo como consejero de Agricultura, Ganader\u00eda y Desarrollo Rural tras haber designado por el","robots":{"index":"index","follow":"follow","max-snippet":"max-snippet:-1","max-image-preview":"max-image-preview:large","max-video-preview":"max-video-preview:-1"},"canonical":"https:\/\/www.asajacyl.com\/palencia\/asaja-palencia-informa\/ya-tenemos-consejero-de-agricultura-y-ganaderia","og_locale":"es_ES","og_type":"article","og_title":"Ya tenemos consejero de Agricultura y Ganader\u00eda - ASAJA Palencia","og_description":"El palentino Gerardo Due\u00f1as, tom\u00f3 posesi\u00f3n ayer de su cargo como consejero de Agricultura, Ganader\u00eda y Desarrollo Rural tras haber designado por el","og_url":"https:\/\/www.asajacyl.com\/palencia\/asaja-palencia-informa\/ya-tenemos-consejero-de-agricultura-y-ganaderia","og_site_name":"ASAJA Palencia","article_published_time":"2022-04-21T07:50:10+00:00","article_modified_time":"2022-04-21T07:50:11+00:00","og_image":[{"width":2390,"height":1593,"url":"https:\/\/www.asajacyl.com\/palencia\/wp-content\/uploads\/sites\/3\/2022\/04\/CONSEJERO-AGRICULTURA.jpg","type":"image\/jpeg"}],"author":"Administrador","twitter_card":"summary_large_image","twitter_misc":{"Escrito por":"Administrador","Tiempo de lectura":"1 minuto"},"schema":{"@context":"https:\/\/schema.org","@graph":[{"@type":"WebPage","@id":"https:\/\/www.asajacyl.com\/palencia\/asaja-palencia-informa\/ya-tenemos-consejero-de-agricultura-y-ganaderia","url":"https:\/\/www.asajacyl.com\/palencia\/asaja-palencia-informa\/ya-tenemos-consejero-de-agricultura-y-ganaderia","name":"Ya tenemos consejero de Agricultura y Ganader\u00eda - ASAJA Palencia","isPartOf":{"@id":"https:\/\/www.asajacyl.com\/palencia\/#website"},"primaryImageOfPage":{"@id":"https:\/\/www.asajacyl.com\/palencia\/asaja-palencia-informa\/ya-tenemos-consejero-de-agricultura-y-ganaderia#primaryimage"},"image":{"@id":"https:\/\/www.asajacyl.com\/palencia\/asaja-palencia-informa\/ya-tenemos-consejero-de-agricultura-y-ganaderia#primaryimage"},"thumbnailUrl":"https:\/\/www.asajacyl.com\/palencia\/wp-content\/uploads\/sites\/3\/2022\/04\/CONSEJERO-AGRICULTURA.jpg","datePublished":"2022-04-21T07:50:10+00:00","dateModified":"2022-04-21T07:50:11+00:00","author":{"@id":"https:\/\/www.asajacyl.com\/palencia\/#\/schema\/person\/3ab17aeb03527485c317557fae64aab1"},"description":"El palentino Gerardo Due\u00f1as, tom\u00f3 posesi\u00f3n ayer de su cargo como consejero de Agricultura, Ganader\u00eda y Desarrollo Rural tras haber designado por el","breadcrumb":{"@id":"https:\/\/www.asajacyl.com\/palencia\/asaja-palencia-informa\/ya-tenemos-consejero-de-agricultura-y-ganaderia#breadcrumb"},"inLanguage":"es","potentialAction":[{"@type":"ReadAction","target":["https:\/\/www.asajacyl.com\/palencia\/asaja-palencia-informa\/ya-tenemos-consejero-de-agricultura-y-ganaderia"]}]},{"@type":"ImageObject","inLanguage":"es","@id":"https:\/\/www.asajacyl.com\/palencia\/asaja-palencia-informa\/ya-tenemos-consejero-de-agricultura-y-ganaderia#primaryimage","url":"https:\/\/www.asajacyl.com\/palencia\/wp-content\/uploads\/sites\/3\/2022\/04\/CONSEJERO-AGRICULTURA.jpg","contentUrl":"https:\/\/www.asajacyl.com\/palencia\/wp-content\/uploads\/sites\/3\/2022\/04\/CONSEJERO-AGRICULTURA.jpg","width":2390,"height":1593},{"@type":"BreadcrumbList","@id":"https:\/\/www.asajacyl.com\/palencia\/asaja-palencia-informa\/ya-tenemos-consejero-de-agricultura-y-ganaderia#breadcrumb","itemListElement":[{"@type":"ListItem","position":1,"name":"Portada","item":"https:\/\/www.asajacyl.com\/palencia\/"},{"@type":"ListItem","position":2,"name":"Ya tenemos consejero de Agricultura y Ganader\u00eda"}]},{"@type":"WebSite","@id":"https:\/\/www.asajacyl.com\/palencia\/#website","url":"https:\/\/www.asajacyl.com\/palencia\/","name":"ASAJA Palencia","description":"Otro sitio m\u00e1s de Provincias ASAJA Castilla y Le\u00f3n","potentialAction":[{"@type":"SearchAction","target":{"@type":"EntryPoint","urlTemplate":"https:\/\/www.asajacyl.com\/palencia\/?s={search_term_string}"},"query-input":{"@type":"PropertyValueSpecification","valueRequired":true,"valueName":"search_term_string"}}],"inLanguage":"es"},{"@type":"Person","@id":"https:\/\/www.asajacyl.com\/palencia\/#\/schema\/person\/3ab17aeb03527485c317557fae64aab1","name":"Administrador","image":{"@type":"ImageObject","inLanguage":"es","@id":"https:\/\/www.asajacyl.com\/palencia\/#\/schema\/person\/image\/","url":"https:\/\/secure.gravatar.com\/avatar\/517384810d242ca9e38c180f3c9fb973?s=96&d=mm&r=g","contentUrl":"https:\/\/secure.gravatar.com\/avatar\/517384810d242ca9e38c180f3c9fb973?s=96&d=mm&r=g","caption":"Administrador"},"url":"https:\/\/www.asajacyl.com\/palencia\/author\/carlosrm"}]}},"_links":{"self":[{"href":"https:\/\/www.asajacyl.com\/palencia\/wp-json\/wp\/v2\/posts\/10301"}],"collection":[{"href":"https:\/\/www.asajacyl.com\/palencia\/wp-json\/wp\/v2\/posts"}],"about":[{"href":"https:\/\/www.asajacyl.com\/palencia\/wp-json\/wp\/v2\/types\/post"}],"author":[{"embeddable":true,"href":"https:\/\/www.asajacyl.com\/palencia\/wp-json\/wp\/v2\/users\/9"}],"replies":[{"embeddable":true,"href":"https:\/\/www.asajacyl.com\/palencia\/wp-json\/wp\/v2\/comments?post=10301"}],"version-history":[{"count":1,"href":"https:\/\/www.asajacyl.com\/palencia\/wp-json\/wp\/v2\/posts\/10301\/revisions"}],"predecessor-version":[{"id":10303,"href":"https:\/\/www.asajacyl.com\/palencia\/wp-json\/wp\/v2\/posts\/10301\/revisions\/10303"}],"wp:featuredmedia":[{"embeddable":true,"href":"https:\/\/www.asajacyl.com\/palencia\/wp-json\/wp\/v2\/media\/10302"}],"wp:attachment":[{"href":"https:\/\/www.asajacyl.com\/palencia\/wp-json\/wp\/v2\/media?parent=10301"}],"wp:term":[{"taxonomy":"category","embeddable":true,"href":"https:\/\/www.asajacyl.com\/palencia\/wp-json\/wp\/v2\/categories?post=10301"},{"taxonomy":"post_tag","embeddable":true,"href":"https:\/\/www.asajacyl.com\/palencia\/wp-json\/wp\/v2\/tags?post=10301"}],"curies":[{"name":"wp","href":"https:\/\/api.w.org\/{rel}","templated":true}]}}