{"id":10315,"date":"2022-04-26T13:56:00","date_gmt":"2022-04-26T11:56:00","guid":{"rendered":"https:\/\/www.asajacyl.com\/palencia\/?p=10315"},"modified":"2022-04-25T10:57:42","modified_gmt":"2022-04-25T08:57:42","slug":"gran-mejora-de-la-tuberculosis-bovina-en-palencia","status":"publish","type":"post","link":"https:\/\/www.asajacyl.com\/palencia\/asaja-palencia-informa\/gran-mejora-de-la-tuberculosis-bovina-en-palencia","title":{"rendered":"Gran mejora de la tuberculosis bovina en Palencia"},"content":{"rendered":"\n<p>Esta semana la Direcci\u00f3n General de Producci\u00f3n Agropecuaria ha comunicado los datos relativos a la campa\u00f1a de saneamiento ganadero realizada durante el a\u00f1o 2021 los cuales han sido muy esperanzadores.<\/p>\n\n\n\n<p>La prevalencia de la tuberculosis bovina en las explotaciones bovinas de Palencia se ha reducido al 0,33% (reducci\u00f3n superior al 60%). Este dato es el mejor del hist\u00f3rico y acerca a nuestra provincia a la erradicaci\u00f3n de la enfermedad, algo ya muy cercano en varias de las provincias que nos rodean (Burgos, Le\u00f3n y Valladolid), que han tenido una prevalencia del 0% y, si no tienen repuntes tendr\u00e1n el estatus de libre de tuberculosis bovina, reconocido por la UE, el a\u00f1o que viene. Por su parte Cantabria tuvo una prevalencia del 0,47% en el a\u00f1o 2020, a\u00fan no se conoce el dato de 2021.<\/p>\n\n\n\n<figure class=\"wp-block-image size-large\"><img loading=\"lazy\" decoding=\"async\" width=\"1024\" height=\"496\" src=\"https:\/\/www.asajacyl.com\/palencia\/wp-content\/uploads\/sites\/3\/2022\/04\/image-6-1024x496.png\" alt=\"\" class=\"wp-image-10319\" srcset=\"https:\/\/www.asajacyl.com\/palencia\/wp-content\/uploads\/sites\/3\/2022\/04\/image-6-1024x496.png 1024w, https:\/\/www.asajacyl.com\/palencia\/wp-content\/uploads\/sites\/3\/2022\/04\/image-6-300x145.png 300w, https:\/\/www.asajacyl.com\/palencia\/wp-content\/uploads\/sites\/3\/2022\/04\/image-6-768x372.png 768w, https:\/\/www.asajacyl.com\/palencia\/wp-content\/uploads\/sites\/3\/2022\/04\/image-6-696x337.png 696w, https:\/\/www.asajacyl.com\/palencia\/wp-content\/uploads\/sites\/3\/2022\/04\/image-6-1068x518.png 1068w, https:\/\/www.asajacyl.com\/palencia\/wp-content\/uploads\/sites\/3\/2022\/04\/image-6-867x420.png 867w, https:\/\/www.asajacyl.com\/palencia\/wp-content\/uploads\/sites\/3\/2022\/04\/image-6.png 1372w\" sizes=\"(max-width: 1024px) 100vw, 1024px\" \/><figcaption>Fuente: Direcci\u00f3n General de Producci\u00f3n Agropecuaria \/ Elaboraci\u00f3n: ASAJA-Palencia<\/figcaption><\/figure>\n\n\n\n<p>Las investigaciones que se realizan sobre fauna salvaje tambi\u00e9n han dado resultados satisfactorios para la Direcci\u00f3n General. En Palencia se han tomado 239 muestras de animales salvajes y han positivizado 7 de ellas (2,39%). <em>Son datos provisionales a la espera de obtener todos los resultados de PCR.<\/em><\/p>\n\n\n\n<p>Al amparo del Real Decreto 138\/2020, de 28 de enero, por el que se establece la normativa b\u00e1sica en materia de actuaciones sanitarias en especies cineg\u00e9ticas que act\u00faan como reservorio de la tuberculosis, las Unidades Veterinarias palentinas se encuentran como de \u00abriesgo bajo\u00bb, salvo la de Guardo, que est\u00e1 calificada como de \u00abriesgo moderado\u00bb -junto con otras siete del resto de la regi\u00f3n-, y la de Cervera de Pisuerga, que se ha calificado como de \u00abespecial riesgo\u00bb -junto con siete m\u00e1s de \u00c1vila, Salamanca y Soria-.  Estos datos corresponden a la reluci\u00f3n que emiti\u00f3 el Ministerio en 2021 y la nueva resoluci\u00f3n est\u00e1 pendiente de ser emitida en breve.<\/p>\n\n\n\n<p>Sobre la campa\u00f1a de saneamiento dirigida a controlar la Rinotraqueitis Infecciosa Bovina (IBR), el sistema est\u00e1 arrancando y por ahora son muy pocas las explotaciones que se han unido voluntariamente al mismo. Palencia s\u00f3lo cuenta con dos explotaciones incluidas, donde hay un total de noventa y cinco a nivel regional.<\/p>\n\n\n\n<p>En cuanto a la tuberculosis caprina, s\u00f3lo ha existido un caso en toda la regi\u00f3n durante 2021 lo que pr\u00e1cticamente es como decir que afortunadamente se ha erradicado la enfermedad del ganado caprino.<\/p>\n\n\n\n<p>Por \u00faltimo, cabe recordar que en cuanto a la brucelosis bovina, ovina y caprina, Castilla y Le\u00f3n, y por tanto Palencia, es oficialmente indemne.<\/p>\n\n\n\n<p>Sabiendo que no se pueden lanzar las campanas al vuelo, porque hay que estar vigilantes para no tener un rev\u00e9s, parece que estamos en el buen camino y vamos a ser capaces lo que hace d\u00e9cadas era impensable, algo que no habr\u00eda sido imposible sin el esfuerzo de los ganaderos, que son los que han sufrido notorias p\u00e9rdidas de animales en sus explotaciones percibiendo unos importes por animal sacrificado m\u00e1s que discutibles y viendo como la carne de esos animales se depreciaba aunque pasaba a la cadena de consumo. Algo l\u00f3gico porque es una carne que se puede consumir sin ning\u00fan problema, como l\u00f3gico ser\u00eda que se pagara por ella el precio que se paga por el resto de animales que no han salido positivas en las pruebas de las sucesivas campa\u00f1as de saneamiento.<\/p>\n","protected":false},"excerpt":{"rendered":"<p>Esta semana la Direcci\u00f3n General de Producci\u00f3n Agropecuaria ha comunicado los datos relativos a la campa\u00f1a de saneamiento ganadero realizada durante el a\u00f1o 2021 los cuales han sido muy esperanzadores. La prevalencia de la tuberculosis bovina en las explotaciones bovinas de Palencia se ha reducido al 0,33% (reducci\u00f3n superior al 60%). Este dato es el [&hellip;]<\/p>\n","protected":false},"author":9,"featured_media":10320,"comment_status":"open","ping_status":"open","sticky":false,"template":"","format":"standard","meta":{"footnotes":""},"categories":[9,29,28],"tags":[],"yoast_head":"<!-- This site is optimized with the Yoast SEO plugin v24.5 - https:\/\/yoast.com\/wordpress\/plugins\/seo\/ -->\n<title>Gran mejora de la tuberculosis bovina en Palencia - ASAJA Palencia<\/title>\n<meta name=\"description\" content=\"Esta semana la Direcci\u00f3n General de Producci\u00f3n Agropecuaria ha comunicado los datos relativos a la campa\u00f1a de saneamiento ganadero realizada durante el\" \/>\n<meta name=\"robots\" content=\"index, follow, max-snippet:-1, max-image-preview:large, max-video-preview:-1\" \/>\n<link rel=\"canonical\" href=\"https:\/\/www.asajacyl.com\/palencia\/asaja-palencia-informa\/gran-mejora-de-la-tuberculosis-bovina-en-palencia\" \/>\n<meta property=\"og:locale\" content=\"es_ES\" \/>\n<meta property=\"og:type\" content=\"article\" \/>\n<meta property=\"og:title\" content=\"Gran mejora de la tuberculosis bovina en Palencia - ASAJA Palencia\" \/>\n<meta property=\"og:description\" content=\"Esta semana la Direcci\u00f3n General de Producci\u00f3n Agropecuaria ha comunicado los datos relativos a la campa\u00f1a de saneamiento ganadero realizada durante el\" \/>\n<meta property=\"og:url\" content=\"https:\/\/www.asajacyl.com\/palencia\/asaja-palencia-informa\/gran-mejora-de-la-tuberculosis-bovina-en-palencia\" \/>\n<meta property=\"og:site_name\" content=\"ASAJA Palencia\" \/>\n<meta property=\"article:published_time\" content=\"2022-04-26T11:56:00+00:00\" \/>\n<meta property=\"og:image\" content=\"https:\/\/www.asajacyl.com\/palencia\/wp-content\/uploads\/sites\/3\/2022\/04\/VACAS-CARNE-MONTE-3.jpg\" \/>\n\t<meta property=\"og:image:width\" content=\"1280\" \/>\n\t<meta property=\"og:image:height\" content=\"960\" \/>\n\t<meta property=\"og:image:type\" content=\"image\/jpeg\" \/>\n<meta name=\"author\" content=\"Administrador\" \/>\n<meta name=\"twitter:card\" content=\"summary_large_image\" \/>\n<meta name=\"twitter:label1\" content=\"Escrito por\" \/>\n\t<meta name=\"twitter:data1\" content=\"Administrador\" \/>\n\t<meta name=\"twitter:label2\" content=\"Tiempo de lectura\" \/>\n\t<meta name=\"twitter:data2\" content=\"3 minutos\" \/>\n<script type=\"application\/ld+json\" class=\"yoast-schema-graph\">{\"@context\":\"https:\/\/schema.org\",\"@graph\":[{\"@type\":\"WebPage\",\"@id\":\"https:\/\/www.asajacyl.com\/palencia\/asaja-palencia-informa\/gran-mejora-de-la-tuberculosis-bovina-en-palencia\",\"url\":\"https:\/\/www.asajacyl.com\/palencia\/asaja-palencia-informa\/gran-mejora-de-la-tuberculosis-bovina-en-palencia\",\"name\":\"Gran mejora de la tuberculosis bovina en Palencia - ASAJA Palencia\",\"isPartOf\":{\"@id\":\"https:\/\/www.asajacyl.com\/palencia\/#website\"},\"primaryImageOfPage\":{\"@id\":\"https:\/\/www.asajacyl.com\/palencia\/asaja-palencia-informa\/gran-mejora-de-la-tuberculosis-bovina-en-palencia#primaryimage\"},\"image\":{\"@id\":\"https:\/\/www.asajacyl.com\/palencia\/asaja-palencia-informa\/gran-mejora-de-la-tuberculosis-bovina-en-palencia#primaryimage\"},\"thumbnailUrl\":\"https:\/\/www.asajacyl.com\/palencia\/wp-content\/uploads\/sites\/3\/2022\/04\/VACAS-CARNE-MONTE-3.jpg\",\"datePublished\":\"2022-04-26T11:56:00+00:00\",\"author\":{\"@id\":\"https:\/\/www.asajacyl.com\/palencia\/#\/schema\/person\/3ab17aeb03527485c317557fae64aab1\"},\"description\":\"Esta semana la Direcci\u00f3n General de Producci\u00f3n Agropecuaria ha comunicado los datos relativos a la campa\u00f1a de saneamiento ganadero realizada durante el\",\"breadcrumb\":{\"@id\":\"https:\/\/www.asajacyl.com\/palencia\/asaja-palencia-informa\/gran-mejora-de-la-tuberculosis-bovina-en-palencia#breadcrumb\"},\"inLanguage\":\"es\",\"potentialAction\":[{\"@type\":\"ReadAction\",\"target\":[\"https:\/\/www.asajacyl.com\/palencia\/asaja-palencia-informa\/gran-mejora-de-la-tuberculosis-bovina-en-palencia\"]}]},{\"@type\":\"ImageObject\",\"inLanguage\":\"es\",\"@id\":\"https:\/\/www.asajacyl.com\/palencia\/asaja-palencia-informa\/gran-mejora-de-la-tuberculosis-bovina-en-palencia#primaryimage\",\"url\":\"https:\/\/www.asajacyl.com\/palencia\/wp-content\/uploads\/sites\/3\/2022\/04\/VACAS-CARNE-MONTE-3.jpg\",\"contentUrl\":\"https:\/\/www.asajacyl.com\/palencia\/wp-content\/uploads\/sites\/3\/2022\/04\/VACAS-CARNE-MONTE-3.jpg\",\"width\":1280,\"height\":960},{\"@type\":\"BreadcrumbList\",\"@id\":\"https:\/\/www.asajacyl.com\/palencia\/asaja-palencia-informa\/gran-mejora-de-la-tuberculosis-bovina-en-palencia#breadcrumb\",\"itemListElement\":[{\"@type\":\"ListItem\",\"position\":1,\"name\":\"Portada\",\"item\":\"https:\/\/www.asajacyl.com\/palencia\/\"},{\"@type\":\"ListItem\",\"position\":2,\"name\":\"Gran mejora de la tuberculosis bovina en Palencia\"}]},{\"@type\":\"WebSite\",\"@id\":\"https:\/\/www.asajacyl.com\/palencia\/#website\",\"url\":\"https:\/\/www.asajacyl.com\/palencia\/\",\"name\":\"ASAJA Palencia\",\"description\":\"Otro sitio m\u00e1s de Provincias ASAJA Castilla y Le\u00f3n\",\"potentialAction\":[{\"@type\":\"SearchAction\",\"target\":{\"@type\":\"EntryPoint\",\"urlTemplate\":\"https:\/\/www.asajacyl.com\/palencia\/?s={search_term_string}\"},\"query-input\":{\"@type\":\"PropertyValueSpecification\",\"valueRequired\":true,\"valueName\":\"search_term_string\"}}],\"inLanguage\":\"es\"},{\"@type\":\"Person\",\"@id\":\"https:\/\/www.asajacyl.com\/palencia\/#\/schema\/person\/3ab17aeb03527485c317557fae64aab1\",\"name\":\"Administrador\",\"image\":{\"@type\":\"ImageObject\",\"inLanguage\":\"es\",\"@id\":\"https:\/\/www.asajacyl.com\/palencia\/#\/schema\/person\/image\/\",\"url\":\"https:\/\/secure.gravatar.com\/avatar\/517384810d242ca9e38c180f3c9fb973?s=96&d=mm&r=g\",\"contentUrl\":\"https:\/\/secure.gravatar.com\/avatar\/517384810d242ca9e38c180f3c9fb973?s=96&d=mm&r=g\",\"caption\":\"Administrador\"},\"url\":\"https:\/\/www.asajacyl.com\/palencia\/author\/carlosrm\"}]}<\/script>\n<!-- \/ Yoast SEO plugin. -->","yoast_head_json":{"title":"Gran mejora de la tuberculosis bovina en Palencia - ASAJA Palencia","description":"Esta semana la Direcci\u00f3n General de Producci\u00f3n Agropecuaria ha comunicado los datos relativos a la campa\u00f1a de saneamiento ganadero realizada durante el","robots":{"index":"index","follow":"follow","max-snippet":"max-snippet:-1","max-image-preview":"max-image-preview:large","max-video-preview":"max-video-preview:-1"},"canonical":"https:\/\/www.asajacyl.com\/palencia\/asaja-palencia-informa\/gran-mejora-de-la-tuberculosis-bovina-en-palencia","og_locale":"es_ES","og_type":"article","og_title":"Gran mejora de la tuberculosis bovina en Palencia - ASAJA Palencia","og_description":"Esta semana la Direcci\u00f3n General de Producci\u00f3n Agropecuaria ha comunicado los datos relativos a la campa\u00f1a de saneamiento ganadero realizada durante el","og_url":"https:\/\/www.asajacyl.com\/palencia\/asaja-palencia-informa\/gran-mejora-de-la-tuberculosis-bovina-en-palencia","og_site_name":"ASAJA Palencia","article_published_time":"2022-04-26T11:56:00+00:00","og_image":[{"width":1280,"height":960,"url":"https:\/\/www.asajacyl.com\/palencia\/wp-content\/uploads\/sites\/3\/2022\/04\/VACAS-CARNE-MONTE-3.jpg","type":"image\/jpeg"}],"author":"Administrador","twitter_card":"summary_large_image","twitter_misc":{"Escrito por":"Administrador","Tiempo de lectura":"3 minutos"},"schema":{"@context":"https:\/\/schema.org","@graph":[{"@type":"WebPage","@id":"https:\/\/www.asajacyl.com\/palencia\/asaja-palencia-informa\/gran-mejora-de-la-tuberculosis-bovina-en-palencia","url":"https:\/\/www.asajacyl.com\/palencia\/asaja-palencia-informa\/gran-mejora-de-la-tuberculosis-bovina-en-palencia","name":"Gran mejora de la tuberculosis bovina en Palencia - ASAJA Palencia","isPartOf":{"@id":"https:\/\/www.asajacyl.com\/palencia\/#website"},"primaryImageOfPage":{"@id":"https:\/\/www.asajacyl.com\/palencia\/asaja-palencia-informa\/gran-mejora-de-la-tuberculosis-bovina-en-palencia#primaryimage"},"image":{"@id":"https:\/\/www.asajacyl.com\/palencia\/asaja-palencia-informa\/gran-mejora-de-la-tuberculosis-bovina-en-palencia#primaryimage"},"thumbnailUrl":"https:\/\/www.asajacyl.com\/palencia\/wp-content\/uploads\/sites\/3\/2022\/04\/VACAS-CARNE-MONTE-3.jpg","datePublished":"2022-04-26T11:56:00+00:00","author":{"@id":"https:\/\/www.asajacyl.com\/palencia\/#\/schema\/person\/3ab17aeb03527485c317557fae64aab1"},"description":"Esta semana la Direcci\u00f3n General de Producci\u00f3n Agropecuaria ha comunicado los datos relativos a la campa\u00f1a de saneamiento ganadero realizada durante el","breadcrumb":{"@id":"https:\/\/www.asajacyl.com\/palencia\/asaja-palencia-informa\/gran-mejora-de-la-tuberculosis-bovina-en-palencia#breadcrumb"},"inLanguage":"es","potentialAction":[{"@type":"ReadAction","target":["https:\/\/www.asajacyl.com\/palencia\/asaja-palencia-informa\/gran-mejora-de-la-tuberculosis-bovina-en-palencia"]}]},{"@type":"ImageObject","inLanguage":"es","@id":"https:\/\/www.asajacyl.com\/palencia\/asaja-palencia-informa\/gran-mejora-de-la-tuberculosis-bovina-en-palencia#primaryimage","url":"https:\/\/www.asajacyl.com\/palencia\/wp-content\/uploads\/sites\/3\/2022\/04\/VACAS-CARNE-MONTE-3.jpg","contentUrl":"https:\/\/www.asajacyl.com\/palencia\/wp-content\/uploads\/sites\/3\/2022\/04\/VACAS-CARNE-MONTE-3.jpg","width":1280,"height":960},{"@type":"BreadcrumbList","@id":"https:\/\/www.asajacyl.com\/palencia\/asaja-palencia-informa\/gran-mejora-de-la-tuberculosis-bovina-en-palencia#breadcrumb","itemListElement":[{"@type":"ListItem","position":1,"name":"Portada","item":"https:\/\/www.asajacyl.com\/palencia\/"},{"@type":"ListItem","position":2,"name":"Gran mejora de la tuberculosis bovina en Palencia"}]},{"@type":"WebSite","@id":"https:\/\/www.asajacyl.com\/palencia\/#website","url":"https:\/\/www.asajacyl.com\/palencia\/","name":"ASAJA Palencia","description":"Otro sitio m\u00e1s de Provincias ASAJA Castilla y Le\u00f3n","potentialAction":[{"@type":"SearchAction","target":{"@type":"EntryPoint","urlTemplate":"https:\/\/www.asajacyl.com\/palencia\/?s={search_term_string}"},"query-input":{"@type":"PropertyValueSpecification","valueRequired":true,"valueName":"search_term_string"}}],"inLanguage":"es"},{"@type":"Person","@id":"https:\/\/www.asajacyl.com\/palencia\/#\/schema\/person\/3ab17aeb03527485c317557fae64aab1","name":"Administrador","image":{"@type":"ImageObject","inLanguage":"es","@id":"https:\/\/www.asajacyl.com\/palencia\/#\/schema\/person\/image\/","url":"https:\/\/secure.gravatar.com\/avatar\/517384810d242ca9e38c180f3c9fb973?s=96&d=mm&r=g","contentUrl":"https:\/\/secure.gravatar.com\/avatar\/517384810d242ca9e38c180f3c9fb973?s=96&d=mm&r=g","caption":"Administrador"},"url":"https:\/\/www.asajacyl.com\/palencia\/author\/carlosrm"}]}},"_links":{"self":[{"href":"https:\/\/www.asajacyl.com\/palencia\/wp-json\/wp\/v2\/posts\/10315"}],"collection":[{"href":"https:\/\/www.asajacyl.com\/palencia\/wp-json\/wp\/v2\/posts"}],"about":[{"href":"https:\/\/www.asajacyl.com\/palencia\/wp-json\/wp\/v2\/types\/post"}],"author":[{"embeddable":true,"href":"https:\/\/www.asajacyl.com\/palencia\/wp-json\/wp\/v2\/users\/9"}],"replies":[{"embeddable":true,"href":"https:\/\/www.asajacyl.com\/palencia\/wp-json\/wp\/v2\/comments?post=10315"}],"version-history":[{"count":3,"href":"https:\/\/www.asajacyl.com\/palencia\/wp-json\/wp\/v2\/posts\/10315\/revisions"}],"predecessor-version":[{"id":10321,"href":"https:\/\/www.asajacyl.com\/palencia\/wp-json\/wp\/v2\/posts\/10315\/revisions\/10321"}],"wp:featuredmedia":[{"embeddable":true,"href":"https:\/\/www.asajacyl.com\/palencia\/wp-json\/wp\/v2\/media\/10320"}],"wp:attachment":[{"href":"https:\/\/www.asajacyl.com\/palencia\/wp-json\/wp\/v2\/media?parent=10315"}],"wp:term":[{"taxonomy":"category","embeddable":true,"href":"https:\/\/www.asajacyl.com\/palencia\/wp-json\/wp\/v2\/categories?post=10315"},{"taxonomy":"post_tag","embeddable":true,"href":"https:\/\/www.asajacyl.com\/palencia\/wp-json\/wp\/v2\/tags?post=10315"}],"curies":[{"name":"wp","href":"https:\/\/api.w.org\/{rel}","templated":true}]}}