{"id":10325,"date":"2022-04-25T13:57:00","date_gmt":"2022-04-25T11:57:00","guid":{"rendered":"https:\/\/www.asajacyl.com\/palencia\/?p=10325"},"modified":"2022-04-25T10:57:51","modified_gmt":"2022-04-25T08:57:51","slug":"un-paso-mas-en-la-modernizacion-del-canal-del-pisuerga","status":"publish","type":"post","link":"https:\/\/www.asajacyl.com\/palencia\/asaja-palencia-informa\/un-paso-mas-en-la-modernizacion-del-canal-del-pisuerga","title":{"rendered":"Un paso m\u00e1s en la modernizaci\u00f3n del Canal del Pisuerga"},"content":{"rendered":"\n<p>El Canal del Pisuerga, tiene una impresionante longitud de 69 kil\u00f3metros y domina una superficie que ronda las 12.000 hect\u00e1reas, con una ampl\u00edsima mayor\u00eda de superficie en Palencia, aunque tambi\u00e9n hay una parte en la provincia de Burgos.<\/p>\n\n\n\n<p>Hasta el d\u00eda 4 de mayo permanecer\u00e1 expuesto a informaci\u00f3n p\u00fablica el \u00abEstudio de Impacto Ambiental y Proyecto de Modernizaci\u00f3n del Regad\u00edo en la Comunidad de Regantes del Canal del Pisuerga\u00bb, en lo concerniente al \u00abSector G\u00bb -con un nada desde\u00f1able presupuesto base de licitaci\u00f3n de 29,3 millones de euros-, en el que se encuentra superficie regable de los municipios de Santoyo (1.759 ha), Boadilla del Camino (491 ha) y Fr\u00f3mista (592 ha), actualmente tambi\u00e9n en proceso de concentraci\u00f3n parcelaria. Por su parte, la balsa de almacenamiento (326.000 m3), la de regulaci\u00f3n (42.000 m3) y la estaci\u00f3n de bombeo se ubicar\u00e1n en el t\u00e9rmino municipal de Melgar de Yuso.<\/p>\n\n\n\n<p>Hace ya veintitr\u00e9s a\u00f1os que las obras de consolidaci\u00f3n y mejora de los regad\u00edos de esta comunidad de regantes fueron declaradas de inter\u00e9s general y, aunque de forma lenta, las modernizaciones sectoriales se van sucediendo y cada vez queda menos para que la comunidad est\u00e9 modernizada al completo.<br>Todo comenz\u00f3 con la firma del convenio con SEIASA y la Junta en 2004 y las obras se han sucedido de la siguiente forma:<\/p>\n\n\n\n<ul><li>2005: Sectores A y B (Astudillo, Villalaco y Villodre).<\/li><li>2006: Sectores C, D y E (Itero de la Vega, Lantadilla, Melgar de Yuso, Herrera de Pisuerga, Ventosa de Pisuerga, Zarzosa de R\u00edo Pisuerga (Burgos), Melgar de Fernamental (Burgos) y San Llorente (Burgos).<\/li><li>2015: Sector F (T\u00e1mara de Campos y Pi\u00f1a de Campos -modernizaci\u00f3n no protegida por el Estado al proyectar la v\u00eda f\u00e9rrea de alta velocidad que te\u00f3ricamente unir\u00e1 Palencia y Santander-).<\/li><\/ul>\n\n\n\n<figure class=\"wp-block-image size-large\"><img loading=\"lazy\" decoding=\"async\" width=\"1024\" height=\"768\" src=\"https:\/\/www.asajacyl.com\/palencia\/wp-content\/uploads\/sites\/3\/2022\/04\/PISUERGA-SECTOR-G-1024x768.jpg\" alt=\"\" class=\"wp-image-10327\" srcset=\"https:\/\/www.asajacyl.com\/palencia\/wp-content\/uploads\/sites\/3\/2022\/04\/PISUERGA-SECTOR-G-1024x768.jpg 1024w, https:\/\/www.asajacyl.com\/palencia\/wp-content\/uploads\/sites\/3\/2022\/04\/PISUERGA-SECTOR-G-300x225.jpg 300w, https:\/\/www.asajacyl.com\/palencia\/wp-content\/uploads\/sites\/3\/2022\/04\/PISUERGA-SECTOR-G-768x576.jpg 768w, https:\/\/www.asajacyl.com\/palencia\/wp-content\/uploads\/sites\/3\/2022\/04\/PISUERGA-SECTOR-G-696x522.jpg 696w, https:\/\/www.asajacyl.com\/palencia\/wp-content\/uploads\/sites\/3\/2022\/04\/PISUERGA-SECTOR-G-1068x801.jpg 1068w, https:\/\/www.asajacyl.com\/palencia\/wp-content\/uploads\/sites\/3\/2022\/04\/PISUERGA-SECTOR-G-560x420.jpg 560w, https:\/\/www.asajacyl.com\/palencia\/wp-content\/uploads\/sites\/3\/2022\/04\/PISUERGA-SECTOR-G-80x60.jpg 80w, https:\/\/www.asajacyl.com\/palencia\/wp-content\/uploads\/sites\/3\/2022\/04\/PISUERGA-SECTOR-G.jpg 1283w\" sizes=\"(max-width: 1024px) 100vw, 1024px\" \/><\/figure>\n","protected":false},"excerpt":{"rendered":"<p>El Canal del Pisuerga, tiene una impresionante longitud de 69 kil\u00f3metros y domina una superficie que ronda las 12.000 hect\u00e1reas, con una ampl\u00edsima mayor\u00eda de superficie en Palencia, aunque tambi\u00e9n hay una parte en la provincia de Burgos. Hasta el d\u00eda 4 de mayo permanecer\u00e1 expuesto a informaci\u00f3n p\u00fablica el \u00abEstudio de Impacto Ambiental y [&hellip;]<\/p>\n","protected":false},"author":9,"featured_media":10327,"comment_status":"open","ping_status":"open","sticky":false,"template":"","format":"standard","meta":{"footnotes":""},"categories":[9,29,28],"tags":[],"yoast_head":"<!-- This site is optimized with the Yoast SEO plugin v24.5 - https:\/\/yoast.com\/wordpress\/plugins\/seo\/ -->\n<title>Un paso m\u00e1s en la modernizaci\u00f3n del Canal del Pisuerga - ASAJA Palencia<\/title>\n<meta name=\"description\" content=\"El Canal del Pisuerga, tiene una impresionante longitud de 69 kil\u00f3metros y domina una superficie que ronda las 12.000 hect\u00e1reas, con una ampl\u00edsima mayor\u00eda\" \/>\n<meta name=\"robots\" content=\"index, follow, max-snippet:-1, max-image-preview:large, max-video-preview:-1\" \/>\n<link rel=\"canonical\" href=\"https:\/\/www.asajacyl.com\/palencia\/asaja-palencia-informa\/un-paso-mas-en-la-modernizacion-del-canal-del-pisuerga\" \/>\n<meta property=\"og:locale\" content=\"es_ES\" \/>\n<meta property=\"og:type\" content=\"article\" \/>\n<meta property=\"og:title\" content=\"Un paso m\u00e1s en la modernizaci\u00f3n del Canal del Pisuerga - ASAJA Palencia\" \/>\n<meta property=\"og:description\" content=\"El Canal del Pisuerga, tiene una impresionante longitud de 69 kil\u00f3metros y domina una superficie que ronda las 12.000 hect\u00e1reas, con una ampl\u00edsima mayor\u00eda\" \/>\n<meta property=\"og:url\" content=\"https:\/\/www.asajacyl.com\/palencia\/asaja-palencia-informa\/un-paso-mas-en-la-modernizacion-del-canal-del-pisuerga\" \/>\n<meta property=\"og:site_name\" content=\"ASAJA Palencia\" \/>\n<meta property=\"article:published_time\" content=\"2022-04-25T11:57:00+00:00\" \/>\n<meta property=\"og:image\" content=\"https:\/\/www.asajacyl.com\/palencia\/wp-content\/uploads\/sites\/3\/2022\/04\/PISUERGA-SECTOR-G.jpg\" \/>\n\t<meta property=\"og:image:width\" content=\"1283\" \/>\n\t<meta property=\"og:image:height\" content=\"962\" \/>\n\t<meta property=\"og:image:type\" content=\"image\/jpeg\" \/>\n<meta name=\"author\" content=\"Administrador\" \/>\n<meta name=\"twitter:card\" content=\"summary_large_image\" \/>\n<meta name=\"twitter:label1\" content=\"Escrito por\" \/>\n\t<meta name=\"twitter:data1\" content=\"Administrador\" \/>\n\t<meta name=\"twitter:label2\" content=\"Tiempo de lectura\" \/>\n\t<meta name=\"twitter:data2\" content=\"2 minutos\" \/>\n<script type=\"application\/ld+json\" class=\"yoast-schema-graph\">{\"@context\":\"https:\/\/schema.org\",\"@graph\":[{\"@type\":\"WebPage\",\"@id\":\"https:\/\/www.asajacyl.com\/palencia\/asaja-palencia-informa\/un-paso-mas-en-la-modernizacion-del-canal-del-pisuerga\",\"url\":\"https:\/\/www.asajacyl.com\/palencia\/asaja-palencia-informa\/un-paso-mas-en-la-modernizacion-del-canal-del-pisuerga\",\"name\":\"Un paso m\u00e1s en la modernizaci\u00f3n del Canal del Pisuerga - ASAJA Palencia\",\"isPartOf\":{\"@id\":\"https:\/\/www.asajacyl.com\/palencia\/#website\"},\"primaryImageOfPage\":{\"@id\":\"https:\/\/www.asajacyl.com\/palencia\/asaja-palencia-informa\/un-paso-mas-en-la-modernizacion-del-canal-del-pisuerga#primaryimage\"},\"image\":{\"@id\":\"https:\/\/www.asajacyl.com\/palencia\/asaja-palencia-informa\/un-paso-mas-en-la-modernizacion-del-canal-del-pisuerga#primaryimage\"},\"thumbnailUrl\":\"https:\/\/www.asajacyl.com\/palencia\/wp-content\/uploads\/sites\/3\/2022\/04\/PISUERGA-SECTOR-G.jpg\",\"datePublished\":\"2022-04-25T11:57:00+00:00\",\"author\":{\"@id\":\"https:\/\/www.asajacyl.com\/palencia\/#\/schema\/person\/3ab17aeb03527485c317557fae64aab1\"},\"description\":\"El Canal del Pisuerga, tiene una impresionante longitud de 69 kil\u00f3metros y domina una superficie que ronda las 12.000 hect\u00e1reas, con una ampl\u00edsima mayor\u00eda\",\"breadcrumb\":{\"@id\":\"https:\/\/www.asajacyl.com\/palencia\/asaja-palencia-informa\/un-paso-mas-en-la-modernizacion-del-canal-del-pisuerga#breadcrumb\"},\"inLanguage\":\"es\",\"potentialAction\":[{\"@type\":\"ReadAction\",\"target\":[\"https:\/\/www.asajacyl.com\/palencia\/asaja-palencia-informa\/un-paso-mas-en-la-modernizacion-del-canal-del-pisuerga\"]}]},{\"@type\":\"ImageObject\",\"inLanguage\":\"es\",\"@id\":\"https:\/\/www.asajacyl.com\/palencia\/asaja-palencia-informa\/un-paso-mas-en-la-modernizacion-del-canal-del-pisuerga#primaryimage\",\"url\":\"https:\/\/www.asajacyl.com\/palencia\/wp-content\/uploads\/sites\/3\/2022\/04\/PISUERGA-SECTOR-G.jpg\",\"contentUrl\":\"https:\/\/www.asajacyl.com\/palencia\/wp-content\/uploads\/sites\/3\/2022\/04\/PISUERGA-SECTOR-G.jpg\",\"width\":1283,\"height\":962},{\"@type\":\"BreadcrumbList\",\"@id\":\"https:\/\/www.asajacyl.com\/palencia\/asaja-palencia-informa\/un-paso-mas-en-la-modernizacion-del-canal-del-pisuerga#breadcrumb\",\"itemListElement\":[{\"@type\":\"ListItem\",\"position\":1,\"name\":\"Portada\",\"item\":\"https:\/\/www.asajacyl.com\/palencia\/\"},{\"@type\":\"ListItem\",\"position\":2,\"name\":\"Un paso m\u00e1s en la modernizaci\u00f3n del Canal del Pisuerga\"}]},{\"@type\":\"WebSite\",\"@id\":\"https:\/\/www.asajacyl.com\/palencia\/#website\",\"url\":\"https:\/\/www.asajacyl.com\/palencia\/\",\"name\":\"ASAJA Palencia\",\"description\":\"Otro sitio m\u00e1s de Provincias ASAJA Castilla y Le\u00f3n\",\"potentialAction\":[{\"@type\":\"SearchAction\",\"target\":{\"@type\":\"EntryPoint\",\"urlTemplate\":\"https:\/\/www.asajacyl.com\/palencia\/?s={search_term_string}\"},\"query-input\":{\"@type\":\"PropertyValueSpecification\",\"valueRequired\":true,\"valueName\":\"search_term_string\"}}],\"inLanguage\":\"es\"},{\"@type\":\"Person\",\"@id\":\"https:\/\/www.asajacyl.com\/palencia\/#\/schema\/person\/3ab17aeb03527485c317557fae64aab1\",\"name\":\"Administrador\",\"image\":{\"@type\":\"ImageObject\",\"inLanguage\":\"es\",\"@id\":\"https:\/\/www.asajacyl.com\/palencia\/#\/schema\/person\/image\/\",\"url\":\"https:\/\/secure.gravatar.com\/avatar\/517384810d242ca9e38c180f3c9fb973?s=96&d=mm&r=g\",\"contentUrl\":\"https:\/\/secure.gravatar.com\/avatar\/517384810d242ca9e38c180f3c9fb973?s=96&d=mm&r=g\",\"caption\":\"Administrador\"},\"url\":\"https:\/\/www.asajacyl.com\/palencia\/author\/carlosrm\"}]}<\/script>\n<!-- \/ Yoast SEO plugin. -->","yoast_head_json":{"title":"Un paso m\u00e1s en la modernizaci\u00f3n del Canal del Pisuerga - ASAJA Palencia","description":"El Canal del Pisuerga, tiene una impresionante longitud de 69 kil\u00f3metros y domina una superficie que ronda las 12.000 hect\u00e1reas, con una ampl\u00edsima mayor\u00eda","robots":{"index":"index","follow":"follow","max-snippet":"max-snippet:-1","max-image-preview":"max-image-preview:large","max-video-preview":"max-video-preview:-1"},"canonical":"https:\/\/www.asajacyl.com\/palencia\/asaja-palencia-informa\/un-paso-mas-en-la-modernizacion-del-canal-del-pisuerga","og_locale":"es_ES","og_type":"article","og_title":"Un paso m\u00e1s en la modernizaci\u00f3n del Canal del Pisuerga - ASAJA Palencia","og_description":"El Canal del Pisuerga, tiene una impresionante longitud de 69 kil\u00f3metros y domina una superficie que ronda las 12.000 hect\u00e1reas, con una ampl\u00edsima mayor\u00eda","og_url":"https:\/\/www.asajacyl.com\/palencia\/asaja-palencia-informa\/un-paso-mas-en-la-modernizacion-del-canal-del-pisuerga","og_site_name":"ASAJA Palencia","article_published_time":"2022-04-25T11:57:00+00:00","og_image":[{"width":1283,"height":962,"url":"https:\/\/www.asajacyl.com\/palencia\/wp-content\/uploads\/sites\/3\/2022\/04\/PISUERGA-SECTOR-G.jpg","type":"image\/jpeg"}],"author":"Administrador","twitter_card":"summary_large_image","twitter_misc":{"Escrito por":"Administrador","Tiempo de lectura":"2 minutos"},"schema":{"@context":"https:\/\/schema.org","@graph":[{"@type":"WebPage","@id":"https:\/\/www.asajacyl.com\/palencia\/asaja-palencia-informa\/un-paso-mas-en-la-modernizacion-del-canal-del-pisuerga","url":"https:\/\/www.asajacyl.com\/palencia\/asaja-palencia-informa\/un-paso-mas-en-la-modernizacion-del-canal-del-pisuerga","name":"Un paso m\u00e1s en la modernizaci\u00f3n del Canal del Pisuerga - ASAJA Palencia","isPartOf":{"@id":"https:\/\/www.asajacyl.com\/palencia\/#website"},"primaryImageOfPage":{"@id":"https:\/\/www.asajacyl.com\/palencia\/asaja-palencia-informa\/un-paso-mas-en-la-modernizacion-del-canal-del-pisuerga#primaryimage"},"image":{"@id":"https:\/\/www.asajacyl.com\/palencia\/asaja-palencia-informa\/un-paso-mas-en-la-modernizacion-del-canal-del-pisuerga#primaryimage"},"thumbnailUrl":"https:\/\/www.asajacyl.com\/palencia\/wp-content\/uploads\/sites\/3\/2022\/04\/PISUERGA-SECTOR-G.jpg","datePublished":"2022-04-25T11:57:00+00:00","author":{"@id":"https:\/\/www.asajacyl.com\/palencia\/#\/schema\/person\/3ab17aeb03527485c317557fae64aab1"},"description":"El Canal del Pisuerga, tiene una impresionante longitud de 69 kil\u00f3metros y domina una superficie que ronda las 12.000 hect\u00e1reas, con una ampl\u00edsima mayor\u00eda","breadcrumb":{"@id":"https:\/\/www.asajacyl.com\/palencia\/asaja-palencia-informa\/un-paso-mas-en-la-modernizacion-del-canal-del-pisuerga#breadcrumb"},"inLanguage":"es","potentialAction":[{"@type":"ReadAction","target":["https:\/\/www.asajacyl.com\/palencia\/asaja-palencia-informa\/un-paso-mas-en-la-modernizacion-del-canal-del-pisuerga"]}]},{"@type":"ImageObject","inLanguage":"es","@id":"https:\/\/www.asajacyl.com\/palencia\/asaja-palencia-informa\/un-paso-mas-en-la-modernizacion-del-canal-del-pisuerga#primaryimage","url":"https:\/\/www.asajacyl.com\/palencia\/wp-content\/uploads\/sites\/3\/2022\/04\/PISUERGA-SECTOR-G.jpg","contentUrl":"https:\/\/www.asajacyl.com\/palencia\/wp-content\/uploads\/sites\/3\/2022\/04\/PISUERGA-SECTOR-G.jpg","width":1283,"height":962},{"@type":"BreadcrumbList","@id":"https:\/\/www.asajacyl.com\/palencia\/asaja-palencia-informa\/un-paso-mas-en-la-modernizacion-del-canal-del-pisuerga#breadcrumb","itemListElement":[{"@type":"ListItem","position":1,"name":"Portada","item":"https:\/\/www.asajacyl.com\/palencia\/"},{"@type":"ListItem","position":2,"name":"Un paso m\u00e1s en la modernizaci\u00f3n del Canal del Pisuerga"}]},{"@type":"WebSite","@id":"https:\/\/www.asajacyl.com\/palencia\/#website","url":"https:\/\/www.asajacyl.com\/palencia\/","name":"ASAJA Palencia","description":"Otro sitio m\u00e1s de Provincias ASAJA Castilla y Le\u00f3n","potentialAction":[{"@type":"SearchAction","target":{"@type":"EntryPoint","urlTemplate":"https:\/\/www.asajacyl.com\/palencia\/?s={search_term_string}"},"query-input":{"@type":"PropertyValueSpecification","valueRequired":true,"valueName":"search_term_string"}}],"inLanguage":"es"},{"@type":"Person","@id":"https:\/\/www.asajacyl.com\/palencia\/#\/schema\/person\/3ab17aeb03527485c317557fae64aab1","name":"Administrador","image":{"@type":"ImageObject","inLanguage":"es","@id":"https:\/\/www.asajacyl.com\/palencia\/#\/schema\/person\/image\/","url":"https:\/\/secure.gravatar.com\/avatar\/517384810d242ca9e38c180f3c9fb973?s=96&d=mm&r=g","contentUrl":"https:\/\/secure.gravatar.com\/avatar\/517384810d242ca9e38c180f3c9fb973?s=96&d=mm&r=g","caption":"Administrador"},"url":"https:\/\/www.asajacyl.com\/palencia\/author\/carlosrm"}]}},"_links":{"self":[{"href":"https:\/\/www.asajacyl.com\/palencia\/wp-json\/wp\/v2\/posts\/10325"}],"collection":[{"href":"https:\/\/www.asajacyl.com\/palencia\/wp-json\/wp\/v2\/posts"}],"about":[{"href":"https:\/\/www.asajacyl.com\/palencia\/wp-json\/wp\/v2\/types\/post"}],"author":[{"embeddable":true,"href":"https:\/\/www.asajacyl.com\/palencia\/wp-json\/wp\/v2\/users\/9"}],"replies":[{"embeddable":true,"href":"https:\/\/www.asajacyl.com\/palencia\/wp-json\/wp\/v2\/comments?post=10325"}],"version-history":[{"count":3,"href":"https:\/\/www.asajacyl.com\/palencia\/wp-json\/wp\/v2\/posts\/10325\/revisions"}],"predecessor-version":[{"id":10330,"href":"https:\/\/www.asajacyl.com\/palencia\/wp-json\/wp\/v2\/posts\/10325\/revisions\/10330"}],"wp:featuredmedia":[{"embeddable":true,"href":"https:\/\/www.asajacyl.com\/palencia\/wp-json\/wp\/v2\/media\/10327"}],"wp:attachment":[{"href":"https:\/\/www.asajacyl.com\/palencia\/wp-json\/wp\/v2\/media?parent=10325"}],"wp:term":[{"taxonomy":"category","embeddable":true,"href":"https:\/\/www.asajacyl.com\/palencia\/wp-json\/wp\/v2\/categories?post=10325"},{"taxonomy":"post_tag","embeddable":true,"href":"https:\/\/www.asajacyl.com\/palencia\/wp-json\/wp\/v2\/tags?post=10325"}],"curies":[{"name":"wp","href":"https:\/\/api.w.org\/{rel}","templated":true}]}}