{"id":10338,"date":"2022-04-30T08:30:00","date_gmt":"2022-04-30T06:30:00","guid":{"rendered":"https:\/\/www.asajacyl.com\/palencia\/?p=10338"},"modified":"2022-04-28T08:32:29","modified_gmt":"2022-04-28T06:32:29","slug":"asaja-coag-y-upa-registran-un-documento-ante-los-ministerios-y-consejerias-de-agricultura-y-medio-ambiente-en-defensa-de-los-terrenos-productivos-de-castilla-y-leon","status":"publish","type":"post","link":"https:\/\/www.asajacyl.com\/palencia\/asaja-palencia-informa\/asaja-coag-y-upa-registran-un-documento-ante-los-ministerios-y-consejerias-de-agricultura-y-medio-ambiente-en-defensa-de-los-terrenos-productivos-de-castilla-y-leon","title":{"rendered":"ASAJA, COAG y UPA registran un documento ante los ministerios y consejer\u00edas de Agricultura y Medio Ambiente en defensa de los terrenos productivos de Castilla y Le\u00f3n"},"content":{"rendered":"\n<p>ASAJA Castilla y Le\u00f3n, COAG Castilla y Le\u00f3n y UPA Castilla y Le\u00f3n han registrado en las \u00faltimas horas ante los ministerios de Agricultura y de Transici\u00f3n Ecol\u00f3gica, as\u00ed como en las consejer\u00edas de Agricultura y la de Medio Ambiente, un documento com\u00fan en el que reclamamos la defensa de los terrenos productivos de la regi\u00f3n para uso agrario, y pedimos que desde las administraciones competentes se detenga el af\u00e1n de determinadas empresas privadas por instalar macroplantas generadoras de electricidad en superficies agr\u00edcolas, ganaderas y de pastos.<\/p>\n\n\n\n<p>Las tres organizaciones agrarias reclamamos una normativa espec\u00edfica que recoja la opci\u00f3n de la implantaci\u00f3n de placas fotovoltaicas o solares, incluidas las infraestructuras de evacuaci\u00f3n de la energ\u00eda solar o e\u00f3lica, exclusivamente en terrenos no aprovechables para la producci\u00f3n agraria.<\/p>\n\n\n\n<p>Al respecto, ASAJA, COAG y UPA en Castilla y Le\u00f3n consideramos que las administraciones competentes en la gesti\u00f3n del territorio no pueden cruzarse de brazos y dejar que intereses econ\u00f3micos, en muchos casos ajenos a nuestra comunidad aut\u00f3noma, prevalezcan sobre la soberan\u00eda alimentaria y busquen en terrenos agr\u00edcolas y ganaderos la superficie ideal, seg\u00fan sus intereses, para instalar placas fotovoltaicas o los destrocen atraves\u00e1ndolos con las l\u00edneas de evacuaci\u00f3n.<\/p>\n\n\n\n<p>En el documento firmado por las tres Opas reclamamos tanto al Gobierno central como a la Junta de Castilla y Le\u00f3n \u201cque sean especialmente contundentes en no permitir que la instalaci\u00f3n de parques de energ\u00eda fotovoltaica se haga de cualquier manera y en cualquier zona. No es razonable que habiendo tanta superficie en nuestra comunidad aut\u00f3noma las administraciones y los empresarios privados se fijen, por ejemplo, en zonas tradicionales de cultivo, en terrenos de transformaci\u00f3n en regad\u00edos, en pujantes tierras productivas o en terrenos muy \u00fatiles desde el punto de vista agron\u00f3mico\u201d.<\/p>\n\n\n\n<p>Apelamos al sentido de la responsabilidad de los dirigentes pol\u00edticos para que tengan en cuenta que el suelo productor de alimentos est\u00e1 limitado, y que debe ser un patrimonio a defender con todas las herramientas al alcance de la sociedad estableciendo incluso medidas legislativas para preservarlo.<\/p>\n","protected":false},"excerpt":{"rendered":"<p>ASAJA Castilla y Le\u00f3n, COAG Castilla y Le\u00f3n y UPA Castilla y Le\u00f3n han registrado en las \u00faltimas horas ante los ministerios de Agricultura y de Transici\u00f3n Ecol\u00f3gica, as\u00ed como en las consejer\u00edas de Agricultura y la de Medio Ambiente, un documento com\u00fan en el que reclamamos la defensa de los terrenos productivos de la [&hellip;]<\/p>\n","protected":false},"author":9,"featured_media":7958,"comment_status":"open","ping_status":"open","sticky":false,"template":"","format":"standard","meta":{"footnotes":""},"categories":[9,29,28],"tags":[],"yoast_head":"<!-- This site is optimized with the Yoast SEO plugin v24.5 - https:\/\/yoast.com\/wordpress\/plugins\/seo\/ -->\n<title>ASAJA, COAG y UPA registran un documento ante los ministerios y consejer\u00edas de Agricultura y Medio Ambiente en defensa de los terrenos productivos de Castilla y Le\u00f3n - ASAJA Palencia<\/title>\n<meta name=\"description\" content=\"ASAJA Castilla y Le\u00f3n, COAG Castilla y Le\u00f3n y UPA Castilla y Le\u00f3n han registrado en las \u00faltimas horas ante los ministerios de Agricultura y de Transici\u00f3n\" \/>\n<meta name=\"robots\" content=\"index, follow, max-snippet:-1, max-image-preview:large, max-video-preview:-1\" \/>\n<link rel=\"canonical\" href=\"https:\/\/www.asajacyl.com\/palencia\/asaja-palencia-informa\/asaja-coag-y-upa-registran-un-documento-ante-los-ministerios-y-consejerias-de-agricultura-y-medio-ambiente-en-defensa-de-los-terrenos-productivos-de-castilla-y-leon\" \/>\n<meta property=\"og:locale\" content=\"es_ES\" \/>\n<meta property=\"og:type\" content=\"article\" \/>\n<meta property=\"og:title\" content=\"ASAJA, COAG y UPA registran un documento ante los ministerios y consejer\u00edas de Agricultura y Medio Ambiente en defensa de los terrenos productivos de Castilla y Le\u00f3n - ASAJA Palencia\" \/>\n<meta property=\"og:description\" content=\"ASAJA Castilla y Le\u00f3n, COAG Castilla y Le\u00f3n y UPA Castilla y Le\u00f3n han registrado en las \u00faltimas horas ante los ministerios de Agricultura y de Transici\u00f3n\" \/>\n<meta property=\"og:url\" content=\"https:\/\/www.asajacyl.com\/palencia\/asaja-palencia-informa\/asaja-coag-y-upa-registran-un-documento-ante-los-ministerios-y-consejerias-de-agricultura-y-medio-ambiente-en-defensa-de-los-terrenos-productivos-de-castilla-y-leon\" \/>\n<meta property=\"og:site_name\" content=\"ASAJA Palencia\" \/>\n<meta property=\"article:published_time\" content=\"2022-04-30T06:30:00+00:00\" \/>\n<meta property=\"og:image\" content=\"https:\/\/www.asajacyl.com\/palencia\/wp-content\/uploads\/sites\/3\/2021\/02\/PANELES_SOLARES.jpg\" \/>\n\t<meta property=\"og:image:width\" content=\"1920\" \/>\n\t<meta property=\"og:image:height\" content=\"960\" \/>\n\t<meta property=\"og:image:type\" content=\"image\/jpeg\" \/>\n<meta name=\"author\" content=\"Administrador\" \/>\n<meta name=\"twitter:card\" content=\"summary_large_image\" \/>\n<meta name=\"twitter:label1\" content=\"Escrito por\" \/>\n\t<meta name=\"twitter:data1\" content=\"Administrador\" \/>\n\t<meta name=\"twitter:label2\" content=\"Tiempo de lectura\" \/>\n\t<meta name=\"twitter:data2\" content=\"2 minutos\" \/>\n<script type=\"application\/ld+json\" class=\"yoast-schema-graph\">{\"@context\":\"https:\/\/schema.org\",\"@graph\":[{\"@type\":\"WebPage\",\"@id\":\"https:\/\/www.asajacyl.com\/palencia\/asaja-palencia-informa\/asaja-coag-y-upa-registran-un-documento-ante-los-ministerios-y-consejerias-de-agricultura-y-medio-ambiente-en-defensa-de-los-terrenos-productivos-de-castilla-y-leon\",\"url\":\"https:\/\/www.asajacyl.com\/palencia\/asaja-palencia-informa\/asaja-coag-y-upa-registran-un-documento-ante-los-ministerios-y-consejerias-de-agricultura-y-medio-ambiente-en-defensa-de-los-terrenos-productivos-de-castilla-y-leon\",\"name\":\"ASAJA, COAG y UPA registran un documento ante los ministerios y consejer\u00edas de Agricultura y Medio Ambiente en defensa de los terrenos productivos de Castilla y Le\u00f3n - ASAJA Palencia\",\"isPartOf\":{\"@id\":\"https:\/\/www.asajacyl.com\/palencia\/#website\"},\"primaryImageOfPage\":{\"@id\":\"https:\/\/www.asajacyl.com\/palencia\/asaja-palencia-informa\/asaja-coag-y-upa-registran-un-documento-ante-los-ministerios-y-consejerias-de-agricultura-y-medio-ambiente-en-defensa-de-los-terrenos-productivos-de-castilla-y-leon#primaryimage\"},\"image\":{\"@id\":\"https:\/\/www.asajacyl.com\/palencia\/asaja-palencia-informa\/asaja-coag-y-upa-registran-un-documento-ante-los-ministerios-y-consejerias-de-agricultura-y-medio-ambiente-en-defensa-de-los-terrenos-productivos-de-castilla-y-leon#primaryimage\"},\"thumbnailUrl\":\"https:\/\/www.asajacyl.com\/palencia\/wp-content\/uploads\/sites\/3\/2021\/02\/PANELES_SOLARES.jpg\",\"datePublished\":\"2022-04-30T06:30:00+00:00\",\"author\":{\"@id\":\"https:\/\/www.asajacyl.com\/palencia\/#\/schema\/person\/3ab17aeb03527485c317557fae64aab1\"},\"description\":\"ASAJA Castilla y Le\u00f3n, COAG Castilla y Le\u00f3n y UPA Castilla y Le\u00f3n han registrado en las \u00faltimas horas ante los ministerios de Agricultura y de Transici\u00f3n\",\"breadcrumb\":{\"@id\":\"https:\/\/www.asajacyl.com\/palencia\/asaja-palencia-informa\/asaja-coag-y-upa-registran-un-documento-ante-los-ministerios-y-consejerias-de-agricultura-y-medio-ambiente-en-defensa-de-los-terrenos-productivos-de-castilla-y-leon#breadcrumb\"},\"inLanguage\":\"es\",\"potentialAction\":[{\"@type\":\"ReadAction\",\"target\":[\"https:\/\/www.asajacyl.com\/palencia\/asaja-palencia-informa\/asaja-coag-y-upa-registran-un-documento-ante-los-ministerios-y-consejerias-de-agricultura-y-medio-ambiente-en-defensa-de-los-terrenos-productivos-de-castilla-y-leon\"]}]},{\"@type\":\"ImageObject\",\"inLanguage\":\"es\",\"@id\":\"https:\/\/www.asajacyl.com\/palencia\/asaja-palencia-informa\/asaja-coag-y-upa-registran-un-documento-ante-los-ministerios-y-consejerias-de-agricultura-y-medio-ambiente-en-defensa-de-los-terrenos-productivos-de-castilla-y-leon#primaryimage\",\"url\":\"https:\/\/www.asajacyl.com\/palencia\/wp-content\/uploads\/sites\/3\/2021\/02\/PANELES_SOLARES.jpg\",\"contentUrl\":\"https:\/\/www.asajacyl.com\/palencia\/wp-content\/uploads\/sites\/3\/2021\/02\/PANELES_SOLARES.jpg\",\"width\":1920,\"height\":960},{\"@type\":\"BreadcrumbList\",\"@id\":\"https:\/\/www.asajacyl.com\/palencia\/asaja-palencia-informa\/asaja-coag-y-upa-registran-un-documento-ante-los-ministerios-y-consejerias-de-agricultura-y-medio-ambiente-en-defensa-de-los-terrenos-productivos-de-castilla-y-leon#breadcrumb\",\"itemListElement\":[{\"@type\":\"ListItem\",\"position\":1,\"name\":\"Portada\",\"item\":\"https:\/\/www.asajacyl.com\/palencia\/\"},{\"@type\":\"ListItem\",\"position\":2,\"name\":\"ASAJA, COAG y UPA registran un documento ante los ministerios y consejer\u00edas de Agricultura y Medio Ambiente en defensa de los terrenos productivos de Castilla y Le\u00f3n\"}]},{\"@type\":\"WebSite\",\"@id\":\"https:\/\/www.asajacyl.com\/palencia\/#website\",\"url\":\"https:\/\/www.asajacyl.com\/palencia\/\",\"name\":\"ASAJA Palencia\",\"description\":\"Otro sitio m\u00e1s de Provincias ASAJA Castilla y Le\u00f3n\",\"potentialAction\":[{\"@type\":\"SearchAction\",\"target\":{\"@type\":\"EntryPoint\",\"urlTemplate\":\"https:\/\/www.asajacyl.com\/palencia\/?s={search_term_string}\"},\"query-input\":{\"@type\":\"PropertyValueSpecification\",\"valueRequired\":true,\"valueName\":\"search_term_string\"}}],\"inLanguage\":\"es\"},{\"@type\":\"Person\",\"@id\":\"https:\/\/www.asajacyl.com\/palencia\/#\/schema\/person\/3ab17aeb03527485c317557fae64aab1\",\"name\":\"Administrador\",\"image\":{\"@type\":\"ImageObject\",\"inLanguage\":\"es\",\"@id\":\"https:\/\/www.asajacyl.com\/palencia\/#\/schema\/person\/image\/\",\"url\":\"https:\/\/secure.gravatar.com\/avatar\/517384810d242ca9e38c180f3c9fb973?s=96&d=mm&r=g\",\"contentUrl\":\"https:\/\/secure.gravatar.com\/avatar\/517384810d242ca9e38c180f3c9fb973?s=96&d=mm&r=g\",\"caption\":\"Administrador\"},\"url\":\"https:\/\/www.asajacyl.com\/palencia\/author\/carlosrm\"}]}<\/script>\n<!-- \/ Yoast SEO plugin. -->","yoast_head_json":{"title":"ASAJA, COAG y UPA registran un documento ante los ministerios y consejer\u00edas de Agricultura y Medio Ambiente en defensa de los terrenos productivos de Castilla y Le\u00f3n - ASAJA Palencia","description":"ASAJA Castilla y Le\u00f3n, COAG Castilla y Le\u00f3n y UPA Castilla y Le\u00f3n han registrado en las \u00faltimas horas ante los ministerios de Agricultura y de Transici\u00f3n","robots":{"index":"index","follow":"follow","max-snippet":"max-snippet:-1","max-image-preview":"max-image-preview:large","max-video-preview":"max-video-preview:-1"},"canonical":"https:\/\/www.asajacyl.com\/palencia\/asaja-palencia-informa\/asaja-coag-y-upa-registran-un-documento-ante-los-ministerios-y-consejerias-de-agricultura-y-medio-ambiente-en-defensa-de-los-terrenos-productivos-de-castilla-y-leon","og_locale":"es_ES","og_type":"article","og_title":"ASAJA, COAG y UPA registran un documento ante los ministerios y consejer\u00edas de Agricultura y Medio Ambiente en defensa de los terrenos productivos de Castilla y Le\u00f3n - ASAJA Palencia","og_description":"ASAJA Castilla y Le\u00f3n, COAG Castilla y Le\u00f3n y UPA Castilla y Le\u00f3n han registrado en las \u00faltimas horas ante los ministerios de Agricultura y de Transici\u00f3n","og_url":"https:\/\/www.asajacyl.com\/palencia\/asaja-palencia-informa\/asaja-coag-y-upa-registran-un-documento-ante-los-ministerios-y-consejerias-de-agricultura-y-medio-ambiente-en-defensa-de-los-terrenos-productivos-de-castilla-y-leon","og_site_name":"ASAJA Palencia","article_published_time":"2022-04-30T06:30:00+00:00","og_image":[{"width":1920,"height":960,"url":"https:\/\/www.asajacyl.com\/palencia\/wp-content\/uploads\/sites\/3\/2021\/02\/PANELES_SOLARES.jpg","type":"image\/jpeg"}],"author":"Administrador","twitter_card":"summary_large_image","twitter_misc":{"Escrito por":"Administrador","Tiempo de lectura":"2 minutos"},"schema":{"@context":"https:\/\/schema.org","@graph":[{"@type":"WebPage","@id":"https:\/\/www.asajacyl.com\/palencia\/asaja-palencia-informa\/asaja-coag-y-upa-registran-un-documento-ante-los-ministerios-y-consejerias-de-agricultura-y-medio-ambiente-en-defensa-de-los-terrenos-productivos-de-castilla-y-leon","url":"https:\/\/www.asajacyl.com\/palencia\/asaja-palencia-informa\/asaja-coag-y-upa-registran-un-documento-ante-los-ministerios-y-consejerias-de-agricultura-y-medio-ambiente-en-defensa-de-los-terrenos-productivos-de-castilla-y-leon","name":"ASAJA, COAG y UPA registran un documento ante los ministerios y consejer\u00edas de Agricultura y Medio Ambiente en defensa de los terrenos productivos de Castilla y Le\u00f3n - ASAJA Palencia","isPartOf":{"@id":"https:\/\/www.asajacyl.com\/palencia\/#website"},"primaryImageOfPage":{"@id":"https:\/\/www.asajacyl.com\/palencia\/asaja-palencia-informa\/asaja-coag-y-upa-registran-un-documento-ante-los-ministerios-y-consejerias-de-agricultura-y-medio-ambiente-en-defensa-de-los-terrenos-productivos-de-castilla-y-leon#primaryimage"},"image":{"@id":"https:\/\/www.asajacyl.com\/palencia\/asaja-palencia-informa\/asaja-coag-y-upa-registran-un-documento-ante-los-ministerios-y-consejerias-de-agricultura-y-medio-ambiente-en-defensa-de-los-terrenos-productivos-de-castilla-y-leon#primaryimage"},"thumbnailUrl":"https:\/\/www.asajacyl.com\/palencia\/wp-content\/uploads\/sites\/3\/2021\/02\/PANELES_SOLARES.jpg","datePublished":"2022-04-30T06:30:00+00:00","author":{"@id":"https:\/\/www.asajacyl.com\/palencia\/#\/schema\/person\/3ab17aeb03527485c317557fae64aab1"},"description":"ASAJA Castilla y Le\u00f3n, COAG Castilla y Le\u00f3n y UPA Castilla y Le\u00f3n han registrado en las \u00faltimas horas ante los ministerios de Agricultura y de Transici\u00f3n","breadcrumb":{"@id":"https:\/\/www.asajacyl.com\/palencia\/asaja-palencia-informa\/asaja-coag-y-upa-registran-un-documento-ante-los-ministerios-y-consejerias-de-agricultura-y-medio-ambiente-en-defensa-de-los-terrenos-productivos-de-castilla-y-leon#breadcrumb"},"inLanguage":"es","potentialAction":[{"@type":"ReadAction","target":["https:\/\/www.asajacyl.com\/palencia\/asaja-palencia-informa\/asaja-coag-y-upa-registran-un-documento-ante-los-ministerios-y-consejerias-de-agricultura-y-medio-ambiente-en-defensa-de-los-terrenos-productivos-de-castilla-y-leon"]}]},{"@type":"ImageObject","inLanguage":"es","@id":"https:\/\/www.asajacyl.com\/palencia\/asaja-palencia-informa\/asaja-coag-y-upa-registran-un-documento-ante-los-ministerios-y-consejerias-de-agricultura-y-medio-ambiente-en-defensa-de-los-terrenos-productivos-de-castilla-y-leon#primaryimage","url":"https:\/\/www.asajacyl.com\/palencia\/wp-content\/uploads\/sites\/3\/2021\/02\/PANELES_SOLARES.jpg","contentUrl":"https:\/\/www.asajacyl.com\/palencia\/wp-content\/uploads\/sites\/3\/2021\/02\/PANELES_SOLARES.jpg","width":1920,"height":960},{"@type":"BreadcrumbList","@id":"https:\/\/www.asajacyl.com\/palencia\/asaja-palencia-informa\/asaja-coag-y-upa-registran-un-documento-ante-los-ministerios-y-consejerias-de-agricultura-y-medio-ambiente-en-defensa-de-los-terrenos-productivos-de-castilla-y-leon#breadcrumb","itemListElement":[{"@type":"ListItem","position":1,"name":"Portada","item":"https:\/\/www.asajacyl.com\/palencia\/"},{"@type":"ListItem","position":2,"name":"ASAJA, COAG y UPA registran un documento ante los ministerios y consejer\u00edas de Agricultura y Medio Ambiente en defensa de los terrenos productivos de Castilla y Le\u00f3n"}]},{"@type":"WebSite","@id":"https:\/\/www.asajacyl.com\/palencia\/#website","url":"https:\/\/www.asajacyl.com\/palencia\/","name":"ASAJA Palencia","description":"Otro sitio m\u00e1s de Provincias ASAJA Castilla y Le\u00f3n","potentialAction":[{"@type":"SearchAction","target":{"@type":"EntryPoint","urlTemplate":"https:\/\/www.asajacyl.com\/palencia\/?s={search_term_string}"},"query-input":{"@type":"PropertyValueSpecification","valueRequired":true,"valueName":"search_term_string"}}],"inLanguage":"es"},{"@type":"Person","@id":"https:\/\/www.asajacyl.com\/palencia\/#\/schema\/person\/3ab17aeb03527485c317557fae64aab1","name":"Administrador","image":{"@type":"ImageObject","inLanguage":"es","@id":"https:\/\/www.asajacyl.com\/palencia\/#\/schema\/person\/image\/","url":"https:\/\/secure.gravatar.com\/avatar\/517384810d242ca9e38c180f3c9fb973?s=96&d=mm&r=g","contentUrl":"https:\/\/secure.gravatar.com\/avatar\/517384810d242ca9e38c180f3c9fb973?s=96&d=mm&r=g","caption":"Administrador"},"url":"https:\/\/www.asajacyl.com\/palencia\/author\/carlosrm"}]}},"_links":{"self":[{"href":"https:\/\/www.asajacyl.com\/palencia\/wp-json\/wp\/v2\/posts\/10338"}],"collection":[{"href":"https:\/\/www.asajacyl.com\/palencia\/wp-json\/wp\/v2\/posts"}],"about":[{"href":"https:\/\/www.asajacyl.com\/palencia\/wp-json\/wp\/v2\/types\/post"}],"author":[{"embeddable":true,"href":"https:\/\/www.asajacyl.com\/palencia\/wp-json\/wp\/v2\/users\/9"}],"replies":[{"embeddable":true,"href":"https:\/\/www.asajacyl.com\/palencia\/wp-json\/wp\/v2\/comments?post=10338"}],"version-history":[{"count":1,"href":"https:\/\/www.asajacyl.com\/palencia\/wp-json\/wp\/v2\/posts\/10338\/revisions"}],"predecessor-version":[{"id":10339,"href":"https:\/\/www.asajacyl.com\/palencia\/wp-json\/wp\/v2\/posts\/10338\/revisions\/10339"}],"wp:featuredmedia":[{"embeddable":true,"href":"https:\/\/www.asajacyl.com\/palencia\/wp-json\/wp\/v2\/media\/7958"}],"wp:attachment":[{"href":"https:\/\/www.asajacyl.com\/palencia\/wp-json\/wp\/v2\/media?parent=10338"}],"wp:term":[{"taxonomy":"category","embeddable":true,"href":"https:\/\/www.asajacyl.com\/palencia\/wp-json\/wp\/v2\/categories?post=10338"},{"taxonomy":"post_tag","embeddable":true,"href":"https:\/\/www.asajacyl.com\/palencia\/wp-json\/wp\/v2\/tags?post=10338"}],"curies":[{"name":"wp","href":"https:\/\/api.w.org\/{rel}","templated":true}]}}