{"id":10344,"date":"2022-04-30T08:24:00","date_gmt":"2022-04-30T06:24:00","guid":{"rendered":"https:\/\/www.asajacyl.com\/palencia\/?p=10344"},"modified":"2022-04-29T08:32:14","modified_gmt":"2022-04-29T06:32:14","slug":"se-estima-una-caida-de-la-produccion-mundial-de-cereales","status":"publish","type":"post","link":"https:\/\/www.asajacyl.com\/palencia\/asaja-palencia-informa\/se-estima-una-caida-de-la-produccion-mundial-de-cereales","title":{"rendered":"Se estima una ca\u00edda de la producci\u00f3n mundial de cereales"},"content":{"rendered":"\n<p>En Consejo Internacional de Granos, ha publicado las primeras estimaciones de producci\u00f3n para la campa\u00f1a 2022-23, donde se refleja una ca\u00edda en la producci\u00f3n mundial de 13 millones de toneladas en el conjunto de todos los cereales.<\/p>\n\n\n\n<p>El ma\u00edz es el cultivo con mayor ca\u00edda en su producci\u00f3n llegando restar 13 millones de toneladas, sorgo con dos millones y trigo con un mill\u00f3n, tambi\u00e9n se sit\u00faan en negativo, y solamente cebada y avena aumentan ligeramente su producci\u00f3n.<\/p>\n\n\n\n<p>La guerra en Ucrania tambi\u00e9n es un factor muy importante, que condiciona los resultados finales de la estimaci\u00f3n de cosecha de cereales a nivel mundial.<\/p>\n\n\n\n<p>Los elevados precios de los mercados, tanto para alimentaci\u00f3n humana como animal, no frenan el consumo, cuya previsi\u00f3n es que siga aumentando, lo que provocar\u00e1 una importante bajada en las reservas mundiales que rondar\u00e1 los 26 millones de toneladas.<\/p>\n","protected":false},"excerpt":{"rendered":"<p>En Consejo Internacional de Granos, ha publicado las primeras estimaciones de producci\u00f3n para la campa\u00f1a 2022-23, donde se refleja una ca\u00edda en la producci\u00f3n mundial de 13 millones de toneladas en el conjunto de todos los cereales. El ma\u00edz es el cultivo con mayor ca\u00edda en su producci\u00f3n llegando restar 13 millones de toneladas, sorgo [&hellip;]<\/p>\n","protected":false},"author":9,"featured_media":10345,"comment_status":"open","ping_status":"open","sticky":false,"template":"","format":"standard","meta":{"footnotes":""},"categories":[9,29,28],"tags":[],"yoast_head":"<!-- This site is optimized with the Yoast SEO plugin v24.5 - https:\/\/yoast.com\/wordpress\/plugins\/seo\/ -->\n<title>Se estima una ca\u00edda de la producci\u00f3n mundial de cereales - ASAJA Palencia<\/title>\n<meta name=\"description\" content=\"En Consejo Internacional de Granos, ha publicado las primeras estimaciones de producci\u00f3n para la campa\u00f1a 2022-23, donde se refleja una ca\u00edda en la\" \/>\n<meta name=\"robots\" content=\"index, follow, max-snippet:-1, max-image-preview:large, max-video-preview:-1\" \/>\n<link rel=\"canonical\" href=\"https:\/\/www.asajacyl.com\/palencia\/asaja-palencia-informa\/se-estima-una-caida-de-la-produccion-mundial-de-cereales\" \/>\n<meta property=\"og:locale\" content=\"es_ES\" \/>\n<meta property=\"og:type\" content=\"article\" \/>\n<meta property=\"og:title\" content=\"Se estima una ca\u00edda de la producci\u00f3n mundial de cereales - ASAJA Palencia\" \/>\n<meta property=\"og:description\" content=\"En Consejo Internacional de Granos, ha publicado las primeras estimaciones de producci\u00f3n para la campa\u00f1a 2022-23, donde se refleja una ca\u00edda en la\" \/>\n<meta property=\"og:url\" content=\"https:\/\/www.asajacyl.com\/palencia\/asaja-palencia-informa\/se-estima-una-caida-de-la-produccion-mundial-de-cereales\" \/>\n<meta property=\"og:site_name\" content=\"ASAJA Palencia\" \/>\n<meta property=\"article:published_time\" content=\"2022-04-30T06:24:00+00:00\" \/>\n<meta property=\"og:image\" content=\"https:\/\/www.asajacyl.com\/palencia\/wp-content\/uploads\/sites\/3\/2022\/04\/TRIGO-1.jpg\" \/>\n\t<meta property=\"og:image:width\" content=\"2500\" \/>\n\t<meta property=\"og:image:height\" content=\"1875\" \/>\n\t<meta property=\"og:image:type\" content=\"image\/jpeg\" \/>\n<meta name=\"author\" content=\"Administrador\" \/>\n<meta name=\"twitter:card\" content=\"summary_large_image\" \/>\n<meta name=\"twitter:label1\" content=\"Escrito por\" \/>\n\t<meta name=\"twitter:data1\" content=\"Administrador\" \/>\n\t<meta name=\"twitter:label2\" content=\"Tiempo de lectura\" \/>\n\t<meta name=\"twitter:data2\" content=\"1 minuto\" \/>\n<script type=\"application\/ld+json\" class=\"yoast-schema-graph\">{\"@context\":\"https:\/\/schema.org\",\"@graph\":[{\"@type\":\"WebPage\",\"@id\":\"https:\/\/www.asajacyl.com\/palencia\/asaja-palencia-informa\/se-estima-una-caida-de-la-produccion-mundial-de-cereales\",\"url\":\"https:\/\/www.asajacyl.com\/palencia\/asaja-palencia-informa\/se-estima-una-caida-de-la-produccion-mundial-de-cereales\",\"name\":\"Se estima una ca\u00edda de la producci\u00f3n mundial de cereales - ASAJA Palencia\",\"isPartOf\":{\"@id\":\"https:\/\/www.asajacyl.com\/palencia\/#website\"},\"primaryImageOfPage\":{\"@id\":\"https:\/\/www.asajacyl.com\/palencia\/asaja-palencia-informa\/se-estima-una-caida-de-la-produccion-mundial-de-cereales#primaryimage\"},\"image\":{\"@id\":\"https:\/\/www.asajacyl.com\/palencia\/asaja-palencia-informa\/se-estima-una-caida-de-la-produccion-mundial-de-cereales#primaryimage\"},\"thumbnailUrl\":\"https:\/\/www.asajacyl.com\/palencia\/wp-content\/uploads\/sites\/3\/2022\/04\/TRIGO-1.jpg\",\"datePublished\":\"2022-04-30T06:24:00+00:00\",\"author\":{\"@id\":\"https:\/\/www.asajacyl.com\/palencia\/#\/schema\/person\/3ab17aeb03527485c317557fae64aab1\"},\"description\":\"En Consejo Internacional de Granos, ha publicado las primeras estimaciones de producci\u00f3n para la campa\u00f1a 2022-23, donde se refleja una ca\u00edda en la\",\"breadcrumb\":{\"@id\":\"https:\/\/www.asajacyl.com\/palencia\/asaja-palencia-informa\/se-estima-una-caida-de-la-produccion-mundial-de-cereales#breadcrumb\"},\"inLanguage\":\"es\",\"potentialAction\":[{\"@type\":\"ReadAction\",\"target\":[\"https:\/\/www.asajacyl.com\/palencia\/asaja-palencia-informa\/se-estima-una-caida-de-la-produccion-mundial-de-cereales\"]}]},{\"@type\":\"ImageObject\",\"inLanguage\":\"es\",\"@id\":\"https:\/\/www.asajacyl.com\/palencia\/asaja-palencia-informa\/se-estima-una-caida-de-la-produccion-mundial-de-cereales#primaryimage\",\"url\":\"https:\/\/www.asajacyl.com\/palencia\/wp-content\/uploads\/sites\/3\/2022\/04\/TRIGO-1.jpg\",\"contentUrl\":\"https:\/\/www.asajacyl.com\/palencia\/wp-content\/uploads\/sites\/3\/2022\/04\/TRIGO-1.jpg\",\"width\":2500,\"height\":1875},{\"@type\":\"BreadcrumbList\",\"@id\":\"https:\/\/www.asajacyl.com\/palencia\/asaja-palencia-informa\/se-estima-una-caida-de-la-produccion-mundial-de-cereales#breadcrumb\",\"itemListElement\":[{\"@type\":\"ListItem\",\"position\":1,\"name\":\"Portada\",\"item\":\"https:\/\/www.asajacyl.com\/palencia\/\"},{\"@type\":\"ListItem\",\"position\":2,\"name\":\"Se estima una ca\u00edda de la producci\u00f3n mundial de cereales\"}]},{\"@type\":\"WebSite\",\"@id\":\"https:\/\/www.asajacyl.com\/palencia\/#website\",\"url\":\"https:\/\/www.asajacyl.com\/palencia\/\",\"name\":\"ASAJA Palencia\",\"description\":\"Otro sitio m\u00e1s de Provincias ASAJA Castilla y Le\u00f3n\",\"potentialAction\":[{\"@type\":\"SearchAction\",\"target\":{\"@type\":\"EntryPoint\",\"urlTemplate\":\"https:\/\/www.asajacyl.com\/palencia\/?s={search_term_string}\"},\"query-input\":{\"@type\":\"PropertyValueSpecification\",\"valueRequired\":true,\"valueName\":\"search_term_string\"}}],\"inLanguage\":\"es\"},{\"@type\":\"Person\",\"@id\":\"https:\/\/www.asajacyl.com\/palencia\/#\/schema\/person\/3ab17aeb03527485c317557fae64aab1\",\"name\":\"Administrador\",\"image\":{\"@type\":\"ImageObject\",\"inLanguage\":\"es\",\"@id\":\"https:\/\/www.asajacyl.com\/palencia\/#\/schema\/person\/image\/\",\"url\":\"https:\/\/secure.gravatar.com\/avatar\/517384810d242ca9e38c180f3c9fb973?s=96&d=mm&r=g\",\"contentUrl\":\"https:\/\/secure.gravatar.com\/avatar\/517384810d242ca9e38c180f3c9fb973?s=96&d=mm&r=g\",\"caption\":\"Administrador\"},\"url\":\"https:\/\/www.asajacyl.com\/palencia\/author\/carlosrm\"}]}<\/script>\n<!-- \/ Yoast SEO plugin. -->","yoast_head_json":{"title":"Se estima una ca\u00edda de la producci\u00f3n mundial de cereales - ASAJA Palencia","description":"En Consejo Internacional de Granos, ha publicado las primeras estimaciones de producci\u00f3n para la campa\u00f1a 2022-23, donde se refleja una ca\u00edda en la","robots":{"index":"index","follow":"follow","max-snippet":"max-snippet:-1","max-image-preview":"max-image-preview:large","max-video-preview":"max-video-preview:-1"},"canonical":"https:\/\/www.asajacyl.com\/palencia\/asaja-palencia-informa\/se-estima-una-caida-de-la-produccion-mundial-de-cereales","og_locale":"es_ES","og_type":"article","og_title":"Se estima una ca\u00edda de la producci\u00f3n mundial de cereales - ASAJA Palencia","og_description":"En Consejo Internacional de Granos, ha publicado las primeras estimaciones de producci\u00f3n para la campa\u00f1a 2022-23, donde se refleja una ca\u00edda en la","og_url":"https:\/\/www.asajacyl.com\/palencia\/asaja-palencia-informa\/se-estima-una-caida-de-la-produccion-mundial-de-cereales","og_site_name":"ASAJA Palencia","article_published_time":"2022-04-30T06:24:00+00:00","og_image":[{"width":2500,"height":1875,"url":"https:\/\/www.asajacyl.com\/palencia\/wp-content\/uploads\/sites\/3\/2022\/04\/TRIGO-1.jpg","type":"image\/jpeg"}],"author":"Administrador","twitter_card":"summary_large_image","twitter_misc":{"Escrito por":"Administrador","Tiempo de lectura":"1 minuto"},"schema":{"@context":"https:\/\/schema.org","@graph":[{"@type":"WebPage","@id":"https:\/\/www.asajacyl.com\/palencia\/asaja-palencia-informa\/se-estima-una-caida-de-la-produccion-mundial-de-cereales","url":"https:\/\/www.asajacyl.com\/palencia\/asaja-palencia-informa\/se-estima-una-caida-de-la-produccion-mundial-de-cereales","name":"Se estima una ca\u00edda de la producci\u00f3n mundial de cereales - ASAJA Palencia","isPartOf":{"@id":"https:\/\/www.asajacyl.com\/palencia\/#website"},"primaryImageOfPage":{"@id":"https:\/\/www.asajacyl.com\/palencia\/asaja-palencia-informa\/se-estima-una-caida-de-la-produccion-mundial-de-cereales#primaryimage"},"image":{"@id":"https:\/\/www.asajacyl.com\/palencia\/asaja-palencia-informa\/se-estima-una-caida-de-la-produccion-mundial-de-cereales#primaryimage"},"thumbnailUrl":"https:\/\/www.asajacyl.com\/palencia\/wp-content\/uploads\/sites\/3\/2022\/04\/TRIGO-1.jpg","datePublished":"2022-04-30T06:24:00+00:00","author":{"@id":"https:\/\/www.asajacyl.com\/palencia\/#\/schema\/person\/3ab17aeb03527485c317557fae64aab1"},"description":"En Consejo Internacional de Granos, ha publicado las primeras estimaciones de producci\u00f3n para la campa\u00f1a 2022-23, donde se refleja una ca\u00edda en la","breadcrumb":{"@id":"https:\/\/www.asajacyl.com\/palencia\/asaja-palencia-informa\/se-estima-una-caida-de-la-produccion-mundial-de-cereales#breadcrumb"},"inLanguage":"es","potentialAction":[{"@type":"ReadAction","target":["https:\/\/www.asajacyl.com\/palencia\/asaja-palencia-informa\/se-estima-una-caida-de-la-produccion-mundial-de-cereales"]}]},{"@type":"ImageObject","inLanguage":"es","@id":"https:\/\/www.asajacyl.com\/palencia\/asaja-palencia-informa\/se-estima-una-caida-de-la-produccion-mundial-de-cereales#primaryimage","url":"https:\/\/www.asajacyl.com\/palencia\/wp-content\/uploads\/sites\/3\/2022\/04\/TRIGO-1.jpg","contentUrl":"https:\/\/www.asajacyl.com\/palencia\/wp-content\/uploads\/sites\/3\/2022\/04\/TRIGO-1.jpg","width":2500,"height":1875},{"@type":"BreadcrumbList","@id":"https:\/\/www.asajacyl.com\/palencia\/asaja-palencia-informa\/se-estima-una-caida-de-la-produccion-mundial-de-cereales#breadcrumb","itemListElement":[{"@type":"ListItem","position":1,"name":"Portada","item":"https:\/\/www.asajacyl.com\/palencia\/"},{"@type":"ListItem","position":2,"name":"Se estima una ca\u00edda de la producci\u00f3n mundial de cereales"}]},{"@type":"WebSite","@id":"https:\/\/www.asajacyl.com\/palencia\/#website","url":"https:\/\/www.asajacyl.com\/palencia\/","name":"ASAJA Palencia","description":"Otro sitio m\u00e1s de Provincias ASAJA Castilla y Le\u00f3n","potentialAction":[{"@type":"SearchAction","target":{"@type":"EntryPoint","urlTemplate":"https:\/\/www.asajacyl.com\/palencia\/?s={search_term_string}"},"query-input":{"@type":"PropertyValueSpecification","valueRequired":true,"valueName":"search_term_string"}}],"inLanguage":"es"},{"@type":"Person","@id":"https:\/\/www.asajacyl.com\/palencia\/#\/schema\/person\/3ab17aeb03527485c317557fae64aab1","name":"Administrador","image":{"@type":"ImageObject","inLanguage":"es","@id":"https:\/\/www.asajacyl.com\/palencia\/#\/schema\/person\/image\/","url":"https:\/\/secure.gravatar.com\/avatar\/517384810d242ca9e38c180f3c9fb973?s=96&d=mm&r=g","contentUrl":"https:\/\/secure.gravatar.com\/avatar\/517384810d242ca9e38c180f3c9fb973?s=96&d=mm&r=g","caption":"Administrador"},"url":"https:\/\/www.asajacyl.com\/palencia\/author\/carlosrm"}]}},"_links":{"self":[{"href":"https:\/\/www.asajacyl.com\/palencia\/wp-json\/wp\/v2\/posts\/10344"}],"collection":[{"href":"https:\/\/www.asajacyl.com\/palencia\/wp-json\/wp\/v2\/posts"}],"about":[{"href":"https:\/\/www.asajacyl.com\/palencia\/wp-json\/wp\/v2\/types\/post"}],"author":[{"embeddable":true,"href":"https:\/\/www.asajacyl.com\/palencia\/wp-json\/wp\/v2\/users\/9"}],"replies":[{"embeddable":true,"href":"https:\/\/www.asajacyl.com\/palencia\/wp-json\/wp\/v2\/comments?post=10344"}],"version-history":[{"count":1,"href":"https:\/\/www.asajacyl.com\/palencia\/wp-json\/wp\/v2\/posts\/10344\/revisions"}],"predecessor-version":[{"id":10346,"href":"https:\/\/www.asajacyl.com\/palencia\/wp-json\/wp\/v2\/posts\/10344\/revisions\/10346"}],"wp:featuredmedia":[{"embeddable":true,"href":"https:\/\/www.asajacyl.com\/palencia\/wp-json\/wp\/v2\/media\/10345"}],"wp:attachment":[{"href":"https:\/\/www.asajacyl.com\/palencia\/wp-json\/wp\/v2\/media?parent=10344"}],"wp:term":[{"taxonomy":"category","embeddable":true,"href":"https:\/\/www.asajacyl.com\/palencia\/wp-json\/wp\/v2\/categories?post=10344"},{"taxonomy":"post_tag","embeddable":true,"href":"https:\/\/www.asajacyl.com\/palencia\/wp-json\/wp\/v2\/tags?post=10344"}],"curies":[{"name":"wp","href":"https:\/\/api.w.org\/{rel}","templated":true}]}}