{"id":10361,"date":"2022-05-05T07:18:00","date_gmt":"2022-05-05T05:18:00","guid":{"rendered":"https:\/\/www.asajacyl.com\/palencia\/?p=10361"},"modified":"2022-05-04T07:24:54","modified_gmt":"2022-05-04T05:24:54","slug":"pedro-medina-nombrado-viceconsejero","status":"publish","type":"post","link":"https:\/\/www.asajacyl.com\/palencia\/asaja-palencia-informa\/pedro-medina-nombrado-viceconsejero","title":{"rendered":"Pedro Medina, nombrado Viceconsejero"},"content":{"rendered":"\n<p>El palentino Pedro Medina Rebollo, ha sido nombrado Viceconsejero de Pol\u00edtica Agraria Comunitaria y Desarrollo Rural, y por lo tanto, trabajara codo con codo, con el nuevo consejero de Agricultura, Ganader\u00eda y Desarrollo Rural de la Junta de Castilla y Le\u00f3n, Gerardo Due\u00f1as, tambi\u00e9n palentino.<\/p>\n\n\n\n<p>La trayectoria de Pedro Medina, en los \u00faltimos 20 a\u00f1os ha estado ligada al puesto de Director General de la PAC, donde ha logrado el reconocimiento de todo el sector por su buen hacer, desarrollando un gran trabajo en beneficio de los agricultores y ganaderos de Castilla y Le\u00f3n. Tambi\u00e9n fuera de nuestra comunidad es considerado uno de los mayores expertos en Pol\u00edtica Agraria Comunitaria de nuestro pa\u00eds.<\/p>\n\n\n\n<p>Desde ASAJA-PALENCIA, nos congratulamos de esta elecci\u00f3n, pues consideramos que Pedro Medina es la persona ideal para estar al frente de la PAC y el Desarrollo Rural, que tanta importancia tienen en nuestro territorio.<\/p>\n","protected":false},"excerpt":{"rendered":"<p>El palentino Pedro Medina Rebollo, ha sido nombrado Viceconsejero de Pol\u00edtica Agraria Comunitaria y Desarrollo Rural, y por lo tanto, trabajara codo con codo, con el nuevo consejero de Agricultura, Ganader\u00eda y Desarrollo Rural de la Junta de Castilla y Le\u00f3n, Gerardo Due\u00f1as, tambi\u00e9n palentino. La trayectoria de Pedro Medina, en los \u00faltimos 20 a\u00f1os [&hellip;]<\/p>\n","protected":false},"author":9,"featured_media":6867,"comment_status":"open","ping_status":"open","sticky":false,"template":"","format":"standard","meta":{"footnotes":""},"categories":[9,29,28],"tags":[],"yoast_head":"<!-- This site is optimized with the Yoast SEO plugin v24.5 - https:\/\/yoast.com\/wordpress\/plugins\/seo\/ -->\n<title>Pedro Medina, nombrado Viceconsejero - ASAJA Palencia<\/title>\n<meta name=\"description\" content=\"El palentino Pedro Medina Rebollo, ha sido nombrado Viceconsejero de Pol\u00edtica Agraria Comunitaria y Desarrollo Rural, y por lo tanto, trabajara codo con\" \/>\n<meta name=\"robots\" content=\"index, follow, max-snippet:-1, max-image-preview:large, max-video-preview:-1\" \/>\n<link rel=\"canonical\" href=\"https:\/\/www.asajacyl.com\/palencia\/asaja-palencia-informa\/pedro-medina-nombrado-viceconsejero\" \/>\n<meta property=\"og:locale\" content=\"es_ES\" \/>\n<meta property=\"og:type\" content=\"article\" \/>\n<meta property=\"og:title\" content=\"Pedro Medina, nombrado Viceconsejero - ASAJA Palencia\" \/>\n<meta property=\"og:description\" content=\"El palentino Pedro Medina Rebollo, ha sido nombrado Viceconsejero de Pol\u00edtica Agraria Comunitaria y Desarrollo Rural, y por lo tanto, trabajara codo con\" \/>\n<meta property=\"og:url\" content=\"https:\/\/www.asajacyl.com\/palencia\/asaja-palencia-informa\/pedro-medina-nombrado-viceconsejero\" \/>\n<meta property=\"og:site_name\" content=\"ASAJA Palencia\" \/>\n<meta property=\"article:published_time\" content=\"2022-05-05T05:18:00+00:00\" \/>\n<meta property=\"og:image\" content=\"https:\/\/www.asajacyl.com\/palencia\/wp-content\/uploads\/sites\/3\/2019\/12\/foto-con-pedro-medina.jpg\" \/>\n\t<meta property=\"og:image:width\" content=\"2500\" \/>\n\t<meta property=\"og:image:height\" content=\"1875\" \/>\n\t<meta property=\"og:image:type\" content=\"image\/jpeg\" \/>\n<meta name=\"author\" content=\"Administrador\" \/>\n<meta name=\"twitter:card\" content=\"summary_large_image\" \/>\n<meta name=\"twitter:label1\" content=\"Escrito por\" \/>\n\t<meta name=\"twitter:data1\" content=\"Administrador\" \/>\n\t<meta name=\"twitter:label2\" content=\"Tiempo de lectura\" \/>\n\t<meta name=\"twitter:data2\" content=\"1 minuto\" \/>\n<script type=\"application\/ld+json\" class=\"yoast-schema-graph\">{\"@context\":\"https:\/\/schema.org\",\"@graph\":[{\"@type\":\"WebPage\",\"@id\":\"https:\/\/www.asajacyl.com\/palencia\/asaja-palencia-informa\/pedro-medina-nombrado-viceconsejero\",\"url\":\"https:\/\/www.asajacyl.com\/palencia\/asaja-palencia-informa\/pedro-medina-nombrado-viceconsejero\",\"name\":\"Pedro Medina, nombrado Viceconsejero - ASAJA Palencia\",\"isPartOf\":{\"@id\":\"https:\/\/www.asajacyl.com\/palencia\/#website\"},\"primaryImageOfPage\":{\"@id\":\"https:\/\/www.asajacyl.com\/palencia\/asaja-palencia-informa\/pedro-medina-nombrado-viceconsejero#primaryimage\"},\"image\":{\"@id\":\"https:\/\/www.asajacyl.com\/palencia\/asaja-palencia-informa\/pedro-medina-nombrado-viceconsejero#primaryimage\"},\"thumbnailUrl\":\"https:\/\/www.asajacyl.com\/palencia\/wp-content\/uploads\/sites\/3\/2019\/12\/foto-con-pedro-medina.jpg\",\"datePublished\":\"2022-05-05T05:18:00+00:00\",\"author\":{\"@id\":\"https:\/\/www.asajacyl.com\/palencia\/#\/schema\/person\/3ab17aeb03527485c317557fae64aab1\"},\"description\":\"El palentino Pedro Medina Rebollo, ha sido nombrado Viceconsejero de Pol\u00edtica Agraria Comunitaria y Desarrollo Rural, y por lo tanto, trabajara codo con\",\"breadcrumb\":{\"@id\":\"https:\/\/www.asajacyl.com\/palencia\/asaja-palencia-informa\/pedro-medina-nombrado-viceconsejero#breadcrumb\"},\"inLanguage\":\"es\",\"potentialAction\":[{\"@type\":\"ReadAction\",\"target\":[\"https:\/\/www.asajacyl.com\/palencia\/asaja-palencia-informa\/pedro-medina-nombrado-viceconsejero\"]}]},{\"@type\":\"ImageObject\",\"inLanguage\":\"es\",\"@id\":\"https:\/\/www.asajacyl.com\/palencia\/asaja-palencia-informa\/pedro-medina-nombrado-viceconsejero#primaryimage\",\"url\":\"https:\/\/www.asajacyl.com\/palencia\/wp-content\/uploads\/sites\/3\/2019\/12\/foto-con-pedro-medina.jpg\",\"contentUrl\":\"https:\/\/www.asajacyl.com\/palencia\/wp-content\/uploads\/sites\/3\/2019\/12\/foto-con-pedro-medina.jpg\",\"width\":2500,\"height\":1875},{\"@type\":\"BreadcrumbList\",\"@id\":\"https:\/\/www.asajacyl.com\/palencia\/asaja-palencia-informa\/pedro-medina-nombrado-viceconsejero#breadcrumb\",\"itemListElement\":[{\"@type\":\"ListItem\",\"position\":1,\"name\":\"Portada\",\"item\":\"https:\/\/www.asajacyl.com\/palencia\/\"},{\"@type\":\"ListItem\",\"position\":2,\"name\":\"Pedro Medina, nombrado Viceconsejero\"}]},{\"@type\":\"WebSite\",\"@id\":\"https:\/\/www.asajacyl.com\/palencia\/#website\",\"url\":\"https:\/\/www.asajacyl.com\/palencia\/\",\"name\":\"ASAJA Palencia\",\"description\":\"Otro sitio m\u00e1s de Provincias ASAJA Castilla y Le\u00f3n\",\"potentialAction\":[{\"@type\":\"SearchAction\",\"target\":{\"@type\":\"EntryPoint\",\"urlTemplate\":\"https:\/\/www.asajacyl.com\/palencia\/?s={search_term_string}\"},\"query-input\":{\"@type\":\"PropertyValueSpecification\",\"valueRequired\":true,\"valueName\":\"search_term_string\"}}],\"inLanguage\":\"es\"},{\"@type\":\"Person\",\"@id\":\"https:\/\/www.asajacyl.com\/palencia\/#\/schema\/person\/3ab17aeb03527485c317557fae64aab1\",\"name\":\"Administrador\",\"image\":{\"@type\":\"ImageObject\",\"inLanguage\":\"es\",\"@id\":\"https:\/\/www.asajacyl.com\/palencia\/#\/schema\/person\/image\/\",\"url\":\"https:\/\/secure.gravatar.com\/avatar\/517384810d242ca9e38c180f3c9fb973?s=96&d=mm&r=g\",\"contentUrl\":\"https:\/\/secure.gravatar.com\/avatar\/517384810d242ca9e38c180f3c9fb973?s=96&d=mm&r=g\",\"caption\":\"Administrador\"},\"url\":\"https:\/\/www.asajacyl.com\/palencia\/author\/carlosrm\"}]}<\/script>\n<!-- \/ Yoast SEO plugin. -->","yoast_head_json":{"title":"Pedro Medina, nombrado Viceconsejero - ASAJA Palencia","description":"El palentino Pedro Medina Rebollo, ha sido nombrado Viceconsejero de Pol\u00edtica Agraria Comunitaria y Desarrollo Rural, y por lo tanto, trabajara codo con","robots":{"index":"index","follow":"follow","max-snippet":"max-snippet:-1","max-image-preview":"max-image-preview:large","max-video-preview":"max-video-preview:-1"},"canonical":"https:\/\/www.asajacyl.com\/palencia\/asaja-palencia-informa\/pedro-medina-nombrado-viceconsejero","og_locale":"es_ES","og_type":"article","og_title":"Pedro Medina, nombrado Viceconsejero - ASAJA Palencia","og_description":"El palentino Pedro Medina Rebollo, ha sido nombrado Viceconsejero de Pol\u00edtica Agraria Comunitaria y Desarrollo Rural, y por lo tanto, trabajara codo con","og_url":"https:\/\/www.asajacyl.com\/palencia\/asaja-palencia-informa\/pedro-medina-nombrado-viceconsejero","og_site_name":"ASAJA Palencia","article_published_time":"2022-05-05T05:18:00+00:00","og_image":[{"width":2500,"height":1875,"url":"https:\/\/www.asajacyl.com\/palencia\/wp-content\/uploads\/sites\/3\/2019\/12\/foto-con-pedro-medina.jpg","type":"image\/jpeg"}],"author":"Administrador","twitter_card":"summary_large_image","twitter_misc":{"Escrito por":"Administrador","Tiempo de lectura":"1 minuto"},"schema":{"@context":"https:\/\/schema.org","@graph":[{"@type":"WebPage","@id":"https:\/\/www.asajacyl.com\/palencia\/asaja-palencia-informa\/pedro-medina-nombrado-viceconsejero","url":"https:\/\/www.asajacyl.com\/palencia\/asaja-palencia-informa\/pedro-medina-nombrado-viceconsejero","name":"Pedro Medina, nombrado Viceconsejero - ASAJA Palencia","isPartOf":{"@id":"https:\/\/www.asajacyl.com\/palencia\/#website"},"primaryImageOfPage":{"@id":"https:\/\/www.asajacyl.com\/palencia\/asaja-palencia-informa\/pedro-medina-nombrado-viceconsejero#primaryimage"},"image":{"@id":"https:\/\/www.asajacyl.com\/palencia\/asaja-palencia-informa\/pedro-medina-nombrado-viceconsejero#primaryimage"},"thumbnailUrl":"https:\/\/www.asajacyl.com\/palencia\/wp-content\/uploads\/sites\/3\/2019\/12\/foto-con-pedro-medina.jpg","datePublished":"2022-05-05T05:18:00+00:00","author":{"@id":"https:\/\/www.asajacyl.com\/palencia\/#\/schema\/person\/3ab17aeb03527485c317557fae64aab1"},"description":"El palentino Pedro Medina Rebollo, ha sido nombrado Viceconsejero de Pol\u00edtica Agraria Comunitaria y Desarrollo Rural, y por lo tanto, trabajara codo con","breadcrumb":{"@id":"https:\/\/www.asajacyl.com\/palencia\/asaja-palencia-informa\/pedro-medina-nombrado-viceconsejero#breadcrumb"},"inLanguage":"es","potentialAction":[{"@type":"ReadAction","target":["https:\/\/www.asajacyl.com\/palencia\/asaja-palencia-informa\/pedro-medina-nombrado-viceconsejero"]}]},{"@type":"ImageObject","inLanguage":"es","@id":"https:\/\/www.asajacyl.com\/palencia\/asaja-palencia-informa\/pedro-medina-nombrado-viceconsejero#primaryimage","url":"https:\/\/www.asajacyl.com\/palencia\/wp-content\/uploads\/sites\/3\/2019\/12\/foto-con-pedro-medina.jpg","contentUrl":"https:\/\/www.asajacyl.com\/palencia\/wp-content\/uploads\/sites\/3\/2019\/12\/foto-con-pedro-medina.jpg","width":2500,"height":1875},{"@type":"BreadcrumbList","@id":"https:\/\/www.asajacyl.com\/palencia\/asaja-palencia-informa\/pedro-medina-nombrado-viceconsejero#breadcrumb","itemListElement":[{"@type":"ListItem","position":1,"name":"Portada","item":"https:\/\/www.asajacyl.com\/palencia\/"},{"@type":"ListItem","position":2,"name":"Pedro Medina, nombrado Viceconsejero"}]},{"@type":"WebSite","@id":"https:\/\/www.asajacyl.com\/palencia\/#website","url":"https:\/\/www.asajacyl.com\/palencia\/","name":"ASAJA Palencia","description":"Otro sitio m\u00e1s de Provincias ASAJA Castilla y Le\u00f3n","potentialAction":[{"@type":"SearchAction","target":{"@type":"EntryPoint","urlTemplate":"https:\/\/www.asajacyl.com\/palencia\/?s={search_term_string}"},"query-input":{"@type":"PropertyValueSpecification","valueRequired":true,"valueName":"search_term_string"}}],"inLanguage":"es"},{"@type":"Person","@id":"https:\/\/www.asajacyl.com\/palencia\/#\/schema\/person\/3ab17aeb03527485c317557fae64aab1","name":"Administrador","image":{"@type":"ImageObject","inLanguage":"es","@id":"https:\/\/www.asajacyl.com\/palencia\/#\/schema\/person\/image\/","url":"https:\/\/secure.gravatar.com\/avatar\/517384810d242ca9e38c180f3c9fb973?s=96&d=mm&r=g","contentUrl":"https:\/\/secure.gravatar.com\/avatar\/517384810d242ca9e38c180f3c9fb973?s=96&d=mm&r=g","caption":"Administrador"},"url":"https:\/\/www.asajacyl.com\/palencia\/author\/carlosrm"}]}},"_links":{"self":[{"href":"https:\/\/www.asajacyl.com\/palencia\/wp-json\/wp\/v2\/posts\/10361"}],"collection":[{"href":"https:\/\/www.asajacyl.com\/palencia\/wp-json\/wp\/v2\/posts"}],"about":[{"href":"https:\/\/www.asajacyl.com\/palencia\/wp-json\/wp\/v2\/types\/post"}],"author":[{"embeddable":true,"href":"https:\/\/www.asajacyl.com\/palencia\/wp-json\/wp\/v2\/users\/9"}],"replies":[{"embeddable":true,"href":"https:\/\/www.asajacyl.com\/palencia\/wp-json\/wp\/v2\/comments?post=10361"}],"version-history":[{"count":1,"href":"https:\/\/www.asajacyl.com\/palencia\/wp-json\/wp\/v2\/posts\/10361\/revisions"}],"predecessor-version":[{"id":10362,"href":"https:\/\/www.asajacyl.com\/palencia\/wp-json\/wp\/v2\/posts\/10361\/revisions\/10362"}],"wp:featuredmedia":[{"embeddable":true,"href":"https:\/\/www.asajacyl.com\/palencia\/wp-json\/wp\/v2\/media\/6867"}],"wp:attachment":[{"href":"https:\/\/www.asajacyl.com\/palencia\/wp-json\/wp\/v2\/media?parent=10361"}],"wp:term":[{"taxonomy":"category","embeddable":true,"href":"https:\/\/www.asajacyl.com\/palencia\/wp-json\/wp\/v2\/categories?post=10361"},{"taxonomy":"post_tag","embeddable":true,"href":"https:\/\/www.asajacyl.com\/palencia\/wp-json\/wp\/v2\/tags?post=10361"}],"curies":[{"name":"wp","href":"https:\/\/api.w.org\/{rel}","templated":true}]}}