{"id":10370,"date":"2022-05-08T07:25:00","date_gmt":"2022-05-08T05:25:00","guid":{"rendered":"https:\/\/www.asajacyl.com\/palencia\/?p=10370"},"modified":"2022-05-05T07:32:24","modified_gmt":"2022-05-05T05:32:24","slug":"a-informacion-publica-las-bases-de-la-concentracion-de-las-zona-regable-de-las-vegas-de-saldana-carrion-y-villamoronta","status":"publish","type":"post","link":"https:\/\/www.asajacyl.com\/palencia\/asaja-palencia-informa\/a-informacion-publica-las-bases-de-la-concentracion-de-las-zona-regable-de-las-vegas-de-saldana-carrion-y-villamoronta","title":{"rendered":"A informaci\u00f3n p\u00fablica las bases de la concentraci\u00f3n de las Zona Regable de Las Vegas de Salda\u00f1a, Carri\u00f3n y Villamoronta"},"content":{"rendered":"\n<p>La Confederaci\u00f3n Hidrogr\u00e1fica del Duero planteaba transportar agua desde el r\u00edo Carri\u00f3n hasta los proyectados embalses de Las Cuezas mediante un canal de transporte abierto. Posteriormente el ITACyL plante\u00f3 realizar el transporte mediante una conducci\u00f3n forzada que permitiera el riego por presi\u00f3n natural en la Comunidad de Regantes de Las Vegas de Salda\u00f1a, Carri\u00f3n y Villamoronta, lo cual llevar\u00eda aparejada una reconcentraci\u00f3n parcelaria de la zona.<\/p>\n\n\n\n<p>En 2016 la comunidad de regantes aprob\u00f3 por mayor\u00eda la modernizaci\u00f3n de las infraestructuras de riego y, tras la petici\u00f3n de los ayuntamientos afectados de la concentraci\u00f3n parcelaria, se iniciaron los tr\u00e1mites de esta ambiciosa obra que mejorar\u00e1 las condiciones de los regantes permitiendo la ansiada fijaci\u00f3n de poblaci\u00f3n y el relevo generacional en la zona. Todo esto desemboc\u00f3 en la declaraci\u00f3n de utilidad p\u00fablica y urgente ejecuci\u00f3n de la concentraci\u00f3n parcelaria, concretamente a finales de 2018.<\/p>\n\n\n\n<p>En estos d\u00edas han salido a informaci\u00f3n p\u00fablica, durante un plazo de un mes, tras la aprobaci\u00f3n por la comisi\u00f3n local -conformada por alrededor de un centenar de personas- las bases de la concentraci\u00f3n parcelaria que afecta a nada menos que 13 municipios palentinos, todos ellos con superficie en la comunidad de regantes a modernizar.<\/p>\n\n\n\n<p>La superficie total concentrada en regad\u00edo asciende a 10.633,71 hect\u00e1reas mientras que la de secano alcanzar\u00e1 las 1.630,67 ha. La superficie afectada en cada municipio es la siguiente (fuera de la reconcentraci\u00f3n queda Poza de la Vega, que fue concentrado en 2005):<\/p>\n\n\n\n<figure class=\"wp-block-table aligncenter is-style-stripes\"><table><tbody><tr><td><strong>MUNICIPIO<\/strong><\/td><td class=\"has-text-align-right\" data-align=\"right\"><strong>REGAD\u00cdO (ha)<\/strong><\/td><td class=\"has-text-align-right\" data-align=\"right\"><strong>SECANO (ha)<\/strong><\/td><\/tr><tr><td>Villaluenga de la Vega (Barrios, Santa Olaja, Quintanadiez, Villaluenga)<\/td><td class=\"has-text-align-right\" data-align=\"right\">1.664,53<\/td><td class=\"has-text-align-right\" data-align=\"right\">52,24<\/td><\/tr><tr><td>Santerv\u00e1s de la Vega (Santerv\u00e1s, Villarrobejo)<\/td><td class=\"has-text-align-right\" data-align=\"right\">536,46<\/td><td class=\"has-text-align-right\" data-align=\"right\">26,50<\/td><\/tr><tr><td>Salda\u00f1a<\/td><td class=\"has-text-align-right\" data-align=\"right\">350,30<\/td><td class=\"has-text-align-right\" data-align=\"right\">0,00<\/td><\/tr><tr><td>Pedrosa de la Vega (Lobera, Ga\u00f1inas, Pedrosa, Villarrodrigo)<\/td><td class=\"has-text-align-right\" data-align=\"right\">1.452,99<\/td><td class=\"has-text-align-right\" data-align=\"right\">17,67<\/td><\/tr><tr><td>Bustillo de la Vega (Bustillo, Lagunilla)<\/td><td class=\"has-text-align-right\" data-align=\"right\">1.085,11<\/td><td class=\"has-text-align-right\" data-align=\"right\">237,68<\/td><\/tr><tr><td>Renedo de la Vega (Moslares, Renedo, Albal\u00e1, Santill\u00e1n)<\/td><td class=\"has-text-align-right\" data-align=\"right\">1.361,06<\/td><td class=\"has-text-align-right\" data-align=\"right\">472,81<\/td><\/tr><tr><td>Villarrab\u00e9 (San Llorente del P\u00e1ramo)<\/td><td class=\"has-text-align-right\" data-align=\"right\">47,83<\/td><td class=\"has-text-align-right\" data-align=\"right\">76,84<\/td><\/tr><tr><td>Villamoronta<\/td><td class=\"has-text-align-right\" data-align=\"right\">466,58<\/td><td class=\"has-text-align-right\" data-align=\"right\">406,03<\/td><\/tr><tr><td>Villaturde (Villacuende, Villaturde, Villanueva de los Nabos, Villotilla)<\/td><td class=\"has-text-align-right\" data-align=\"right\">1.067,51<\/td><td class=\"has-text-align-right\" data-align=\"right\">190,05<\/td><\/tr><tr><td>La Serna<\/td><td class=\"has-text-align-right\" data-align=\"right\">207,02<\/td><td class=\"has-text-align-right\" data-align=\"right\">7,20<\/td><\/tr><tr><td>Nogal de las Huertas<\/td><td class=\"has-text-align-right\" data-align=\"right\">298,18<\/td><td class=\"has-text-align-right\" data-align=\"right\">6,72<\/td><\/tr><tr><td>Carri\u00f3n de los Condes (Carri\u00f3n de los Condes, Torre de los Molinos)<\/td><td class=\"has-text-align-right\" data-align=\"right\">1.729,20<\/td><td class=\"has-text-align-right\" data-align=\"right\">110,70<\/td><\/tr><tr><td>Calzada de los Molinos<\/td><td class=\"has-text-align-right\" data-align=\"right\">366,94<\/td><td class=\"has-text-align-right\" data-align=\"right\">26,24<\/td><\/tr><\/tbody><\/table><\/figure>\n\n\n\n<p>Los datos de partida para la realizaci\u00f3n de la reconcentraci\u00f3n son los siguientes:<\/p>\n\n\n\n<figure class=\"wp-block-table aligncenter is-style-stripes\"><table><tbody><tr><td><\/td><td class=\"has-text-align-right\" data-align=\"right\"><strong>SECANO<\/strong><\/td><td class=\"has-text-align-right\" data-align=\"right\"><strong>REGAD\u00cdO<\/strong><\/td><\/tr><tr><td>Superficie<\/td><td class=\"has-text-align-right\" data-align=\"right\">1.630,67<\/td><td class=\"has-text-align-right\" data-align=\"right\">10.633,71<\/td><\/tr><tr><td>Propietarios<\/td><td class=\"has-text-align-right\" data-align=\"right\">503<\/td><td class=\"has-text-align-right\" data-align=\"right\">1.794<\/td><\/tr><tr><td>Parcelas<\/td><td class=\"has-text-align-right\" data-align=\"right\">1.342<\/td><td class=\"has-text-align-right\" data-align=\"right\">9.722<\/td><\/tr><tr><td>Superficie media por propietario<\/td><td class=\"has-text-align-right\" data-align=\"right\">3,24<\/td><td class=\"has-text-align-right\" data-align=\"right\">5,93<\/td><\/tr><tr><td>Superficie media por parcela<\/td><td class=\"has-text-align-right\" data-align=\"right\">1,22<\/td><td class=\"has-text-align-right\" data-align=\"right\">1,09<\/td><\/tr><tr><td>N\u00famero medio de parcelas por propietario<\/td><td class=\"has-text-align-right\" data-align=\"right\">2,7<\/td><td class=\"has-text-align-right\" data-align=\"right\">5,4<\/td><\/tr><tr><td><\/td><td class=\"has-text-align-right\" data-align=\"right\"><\/td><td class=\"has-text-align-right\" data-align=\"right\"><\/td><\/tr><\/tbody><\/table><\/figure>\n\n\n\n<div class=\"wp-block-image\"><figure class=\"aligncenter size-large\"><img loading=\"lazy\" decoding=\"async\" width=\"509\" height=\"1024\" src=\"https:\/\/www.asajacyl.com\/palencia\/wp-content\/uploads\/sites\/3\/2022\/05\/CONCENTRACION-SALDANA-509x1024.jpg\" alt=\"\" class=\"wp-image-10373\" srcset=\"https:\/\/www.asajacyl.com\/palencia\/wp-content\/uploads\/sites\/3\/2022\/05\/CONCENTRACION-SALDANA-509x1024.jpg 509w, https:\/\/www.asajacyl.com\/palencia\/wp-content\/uploads\/sites\/3\/2022\/05\/CONCENTRACION-SALDANA-149x300.jpg 149w, https:\/\/www.asajacyl.com\/palencia\/wp-content\/uploads\/sites\/3\/2022\/05\/CONCENTRACION-SALDANA-209x420.jpg 209w, https:\/\/www.asajacyl.com\/palencia\/wp-content\/uploads\/sites\/3\/2022\/05\/CONCENTRACION-SALDANA.jpg 618w\" sizes=\"(max-width: 509px) 100vw, 509px\" \/><figcaption>Plano de los pol\u00edgonos de estos trece municipios donde se producir\u00e1 la reconcentraci\u00f3n parcelaria y modernizaci\u00f3n de los regad\u00edos.<\/figcaption><\/figure><\/div>\n","protected":false},"excerpt":{"rendered":"<p>La Confederaci\u00f3n Hidrogr\u00e1fica del Duero planteaba transportar agua desde el r\u00edo Carri\u00f3n hasta los proyectados embalses de Las Cuezas mediante un canal de transporte abierto. Posteriormente el ITACyL plante\u00f3 realizar el transporte mediante una conducci\u00f3n forzada que permitiera el riego por presi\u00f3n natural en la Comunidad de Regantes de Las Vegas de Salda\u00f1a, Carri\u00f3n y [&hellip;]<\/p>\n","protected":false},"author":9,"featured_media":10373,"comment_status":"open","ping_status":"open","sticky":false,"template":"","format":"standard","meta":{"footnotes":""},"categories":[9,29,28],"tags":[],"yoast_head":"<!-- This site is optimized with the Yoast SEO plugin v24.5 - https:\/\/yoast.com\/wordpress\/plugins\/seo\/ -->\n<title>A informaci\u00f3n p\u00fablica las bases de la concentraci\u00f3n de las Zona Regable de Las Vegas de Salda\u00f1a, Carri\u00f3n y Villamoronta - ASAJA Palencia<\/title>\n<meta name=\"description\" content=\"La Confederaci\u00f3n Hidrogr\u00e1fica del Duero planteaba transportar agua desde el r\u00edo Carri\u00f3n hasta los proyectados embalses de Las Cuezas mediante un canal de\" \/>\n<meta name=\"robots\" content=\"index, follow, max-snippet:-1, max-image-preview:large, max-video-preview:-1\" \/>\n<link rel=\"canonical\" href=\"https:\/\/www.asajacyl.com\/palencia\/asaja-palencia-informa\/a-informacion-publica-las-bases-de-la-concentracion-de-las-zona-regable-de-las-vegas-de-saldana-carrion-y-villamoronta\" \/>\n<meta property=\"og:locale\" content=\"es_ES\" \/>\n<meta property=\"og:type\" content=\"article\" \/>\n<meta property=\"og:title\" content=\"A informaci\u00f3n p\u00fablica las bases de la concentraci\u00f3n de las Zona Regable de Las Vegas de Salda\u00f1a, Carri\u00f3n y Villamoronta - ASAJA Palencia\" \/>\n<meta property=\"og:description\" content=\"La Confederaci\u00f3n Hidrogr\u00e1fica del Duero planteaba transportar agua desde el r\u00edo Carri\u00f3n hasta los proyectados embalses de Las Cuezas mediante un canal de\" \/>\n<meta property=\"og:url\" content=\"https:\/\/www.asajacyl.com\/palencia\/asaja-palencia-informa\/a-informacion-publica-las-bases-de-la-concentracion-de-las-zona-regable-de-las-vegas-de-saldana-carrion-y-villamoronta\" \/>\n<meta property=\"og:site_name\" content=\"ASAJA Palencia\" \/>\n<meta property=\"article:published_time\" content=\"2022-05-08T05:25:00+00:00\" \/>\n<meta property=\"og:image\" content=\"https:\/\/www.asajacyl.com\/palencia\/wp-content\/uploads\/sites\/3\/2022\/05\/CONCENTRACION-SALDANA.jpg\" \/>\n\t<meta property=\"og:image:width\" content=\"618\" \/>\n\t<meta property=\"og:image:height\" content=\"1244\" \/>\n\t<meta property=\"og:image:type\" content=\"image\/jpeg\" \/>\n<meta name=\"author\" content=\"Administrador\" \/>\n<meta name=\"twitter:card\" content=\"summary_large_image\" \/>\n<meta name=\"twitter:label1\" content=\"Escrito por\" \/>\n\t<meta name=\"twitter:data1\" content=\"Administrador\" \/>\n\t<meta name=\"twitter:label2\" content=\"Tiempo de lectura\" \/>\n\t<meta name=\"twitter:data2\" content=\"3 minutos\" \/>\n<script type=\"application\/ld+json\" class=\"yoast-schema-graph\">{\"@context\":\"https:\/\/schema.org\",\"@graph\":[{\"@type\":\"WebPage\",\"@id\":\"https:\/\/www.asajacyl.com\/palencia\/asaja-palencia-informa\/a-informacion-publica-las-bases-de-la-concentracion-de-las-zona-regable-de-las-vegas-de-saldana-carrion-y-villamoronta\",\"url\":\"https:\/\/www.asajacyl.com\/palencia\/asaja-palencia-informa\/a-informacion-publica-las-bases-de-la-concentracion-de-las-zona-regable-de-las-vegas-de-saldana-carrion-y-villamoronta\",\"name\":\"A informaci\u00f3n p\u00fablica las bases de la concentraci\u00f3n de las Zona Regable de Las Vegas de Salda\u00f1a, Carri\u00f3n y Villamoronta - ASAJA Palencia\",\"isPartOf\":{\"@id\":\"https:\/\/www.asajacyl.com\/palencia\/#website\"},\"primaryImageOfPage\":{\"@id\":\"https:\/\/www.asajacyl.com\/palencia\/asaja-palencia-informa\/a-informacion-publica-las-bases-de-la-concentracion-de-las-zona-regable-de-las-vegas-de-saldana-carrion-y-villamoronta#primaryimage\"},\"image\":{\"@id\":\"https:\/\/www.asajacyl.com\/palencia\/asaja-palencia-informa\/a-informacion-publica-las-bases-de-la-concentracion-de-las-zona-regable-de-las-vegas-de-saldana-carrion-y-villamoronta#primaryimage\"},\"thumbnailUrl\":\"https:\/\/www.asajacyl.com\/palencia\/wp-content\/uploads\/sites\/3\/2022\/05\/CONCENTRACION-SALDANA.jpg\",\"datePublished\":\"2022-05-08T05:25:00+00:00\",\"author\":{\"@id\":\"https:\/\/www.asajacyl.com\/palencia\/#\/schema\/person\/3ab17aeb03527485c317557fae64aab1\"},\"description\":\"La Confederaci\u00f3n Hidrogr\u00e1fica del Duero planteaba transportar agua desde el r\u00edo Carri\u00f3n hasta los proyectados embalses de Las Cuezas mediante un canal de\",\"breadcrumb\":{\"@id\":\"https:\/\/www.asajacyl.com\/palencia\/asaja-palencia-informa\/a-informacion-publica-las-bases-de-la-concentracion-de-las-zona-regable-de-las-vegas-de-saldana-carrion-y-villamoronta#breadcrumb\"},\"inLanguage\":\"es\",\"potentialAction\":[{\"@type\":\"ReadAction\",\"target\":[\"https:\/\/www.asajacyl.com\/palencia\/asaja-palencia-informa\/a-informacion-publica-las-bases-de-la-concentracion-de-las-zona-regable-de-las-vegas-de-saldana-carrion-y-villamoronta\"]}]},{\"@type\":\"ImageObject\",\"inLanguage\":\"es\",\"@id\":\"https:\/\/www.asajacyl.com\/palencia\/asaja-palencia-informa\/a-informacion-publica-las-bases-de-la-concentracion-de-las-zona-regable-de-las-vegas-de-saldana-carrion-y-villamoronta#primaryimage\",\"url\":\"https:\/\/www.asajacyl.com\/palencia\/wp-content\/uploads\/sites\/3\/2022\/05\/CONCENTRACION-SALDANA.jpg\",\"contentUrl\":\"https:\/\/www.asajacyl.com\/palencia\/wp-content\/uploads\/sites\/3\/2022\/05\/CONCENTRACION-SALDANA.jpg\",\"width\":618,\"height\":1244},{\"@type\":\"BreadcrumbList\",\"@id\":\"https:\/\/www.asajacyl.com\/palencia\/asaja-palencia-informa\/a-informacion-publica-las-bases-de-la-concentracion-de-las-zona-regable-de-las-vegas-de-saldana-carrion-y-villamoronta#breadcrumb\",\"itemListElement\":[{\"@type\":\"ListItem\",\"position\":1,\"name\":\"Portada\",\"item\":\"https:\/\/www.asajacyl.com\/palencia\/\"},{\"@type\":\"ListItem\",\"position\":2,\"name\":\"A informaci\u00f3n p\u00fablica las bases de la concentraci\u00f3n de las Zona Regable de Las Vegas de Salda\u00f1a, Carri\u00f3n y Villamoronta\"}]},{\"@type\":\"WebSite\",\"@id\":\"https:\/\/www.asajacyl.com\/palencia\/#website\",\"url\":\"https:\/\/www.asajacyl.com\/palencia\/\",\"name\":\"ASAJA Palencia\",\"description\":\"Otro sitio m\u00e1s de Provincias ASAJA Castilla y Le\u00f3n\",\"potentialAction\":[{\"@type\":\"SearchAction\",\"target\":{\"@type\":\"EntryPoint\",\"urlTemplate\":\"https:\/\/www.asajacyl.com\/palencia\/?s={search_term_string}\"},\"query-input\":{\"@type\":\"PropertyValueSpecification\",\"valueRequired\":true,\"valueName\":\"search_term_string\"}}],\"inLanguage\":\"es\"},{\"@type\":\"Person\",\"@id\":\"https:\/\/www.asajacyl.com\/palencia\/#\/schema\/person\/3ab17aeb03527485c317557fae64aab1\",\"name\":\"Administrador\",\"image\":{\"@type\":\"ImageObject\",\"inLanguage\":\"es\",\"@id\":\"https:\/\/www.asajacyl.com\/palencia\/#\/schema\/person\/image\/\",\"url\":\"https:\/\/secure.gravatar.com\/avatar\/517384810d242ca9e38c180f3c9fb973?s=96&d=mm&r=g\",\"contentUrl\":\"https:\/\/secure.gravatar.com\/avatar\/517384810d242ca9e38c180f3c9fb973?s=96&d=mm&r=g\",\"caption\":\"Administrador\"},\"url\":\"https:\/\/www.asajacyl.com\/palencia\/author\/carlosrm\"}]}<\/script>\n<!-- \/ Yoast SEO plugin. -->","yoast_head_json":{"title":"A informaci\u00f3n p\u00fablica las bases de la concentraci\u00f3n de las Zona Regable de Las Vegas de Salda\u00f1a, Carri\u00f3n y Villamoronta - ASAJA Palencia","description":"La Confederaci\u00f3n Hidrogr\u00e1fica del Duero planteaba transportar agua desde el r\u00edo Carri\u00f3n hasta los proyectados embalses de Las Cuezas mediante un canal de","robots":{"index":"index","follow":"follow","max-snippet":"max-snippet:-1","max-image-preview":"max-image-preview:large","max-video-preview":"max-video-preview:-1"},"canonical":"https:\/\/www.asajacyl.com\/palencia\/asaja-palencia-informa\/a-informacion-publica-las-bases-de-la-concentracion-de-las-zona-regable-de-las-vegas-de-saldana-carrion-y-villamoronta","og_locale":"es_ES","og_type":"article","og_title":"A informaci\u00f3n p\u00fablica las bases de la concentraci\u00f3n de las Zona Regable de Las Vegas de Salda\u00f1a, Carri\u00f3n y Villamoronta - ASAJA Palencia","og_description":"La Confederaci\u00f3n Hidrogr\u00e1fica del Duero planteaba transportar agua desde el r\u00edo Carri\u00f3n hasta los proyectados embalses de Las Cuezas mediante un canal de","og_url":"https:\/\/www.asajacyl.com\/palencia\/asaja-palencia-informa\/a-informacion-publica-las-bases-de-la-concentracion-de-las-zona-regable-de-las-vegas-de-saldana-carrion-y-villamoronta","og_site_name":"ASAJA Palencia","article_published_time":"2022-05-08T05:25:00+00:00","og_image":[{"width":618,"height":1244,"url":"https:\/\/www.asajacyl.com\/palencia\/wp-content\/uploads\/sites\/3\/2022\/05\/CONCENTRACION-SALDANA.jpg","type":"image\/jpeg"}],"author":"Administrador","twitter_card":"summary_large_image","twitter_misc":{"Escrito por":"Administrador","Tiempo de lectura":"3 minutos"},"schema":{"@context":"https:\/\/schema.org","@graph":[{"@type":"WebPage","@id":"https:\/\/www.asajacyl.com\/palencia\/asaja-palencia-informa\/a-informacion-publica-las-bases-de-la-concentracion-de-las-zona-regable-de-las-vegas-de-saldana-carrion-y-villamoronta","url":"https:\/\/www.asajacyl.com\/palencia\/asaja-palencia-informa\/a-informacion-publica-las-bases-de-la-concentracion-de-las-zona-regable-de-las-vegas-de-saldana-carrion-y-villamoronta","name":"A informaci\u00f3n p\u00fablica las bases de la concentraci\u00f3n de las Zona Regable de Las Vegas de Salda\u00f1a, Carri\u00f3n y Villamoronta - ASAJA Palencia","isPartOf":{"@id":"https:\/\/www.asajacyl.com\/palencia\/#website"},"primaryImageOfPage":{"@id":"https:\/\/www.asajacyl.com\/palencia\/asaja-palencia-informa\/a-informacion-publica-las-bases-de-la-concentracion-de-las-zona-regable-de-las-vegas-de-saldana-carrion-y-villamoronta#primaryimage"},"image":{"@id":"https:\/\/www.asajacyl.com\/palencia\/asaja-palencia-informa\/a-informacion-publica-las-bases-de-la-concentracion-de-las-zona-regable-de-las-vegas-de-saldana-carrion-y-villamoronta#primaryimage"},"thumbnailUrl":"https:\/\/www.asajacyl.com\/palencia\/wp-content\/uploads\/sites\/3\/2022\/05\/CONCENTRACION-SALDANA.jpg","datePublished":"2022-05-08T05:25:00+00:00","author":{"@id":"https:\/\/www.asajacyl.com\/palencia\/#\/schema\/person\/3ab17aeb03527485c317557fae64aab1"},"description":"La Confederaci\u00f3n Hidrogr\u00e1fica del Duero planteaba transportar agua desde el r\u00edo Carri\u00f3n hasta los proyectados embalses de Las Cuezas mediante un canal de","breadcrumb":{"@id":"https:\/\/www.asajacyl.com\/palencia\/asaja-palencia-informa\/a-informacion-publica-las-bases-de-la-concentracion-de-las-zona-regable-de-las-vegas-de-saldana-carrion-y-villamoronta#breadcrumb"},"inLanguage":"es","potentialAction":[{"@type":"ReadAction","target":["https:\/\/www.asajacyl.com\/palencia\/asaja-palencia-informa\/a-informacion-publica-las-bases-de-la-concentracion-de-las-zona-regable-de-las-vegas-de-saldana-carrion-y-villamoronta"]}]},{"@type":"ImageObject","inLanguage":"es","@id":"https:\/\/www.asajacyl.com\/palencia\/asaja-palencia-informa\/a-informacion-publica-las-bases-de-la-concentracion-de-las-zona-regable-de-las-vegas-de-saldana-carrion-y-villamoronta#primaryimage","url":"https:\/\/www.asajacyl.com\/palencia\/wp-content\/uploads\/sites\/3\/2022\/05\/CONCENTRACION-SALDANA.jpg","contentUrl":"https:\/\/www.asajacyl.com\/palencia\/wp-content\/uploads\/sites\/3\/2022\/05\/CONCENTRACION-SALDANA.jpg","width":618,"height":1244},{"@type":"BreadcrumbList","@id":"https:\/\/www.asajacyl.com\/palencia\/asaja-palencia-informa\/a-informacion-publica-las-bases-de-la-concentracion-de-las-zona-regable-de-las-vegas-de-saldana-carrion-y-villamoronta#breadcrumb","itemListElement":[{"@type":"ListItem","position":1,"name":"Portada","item":"https:\/\/www.asajacyl.com\/palencia\/"},{"@type":"ListItem","position":2,"name":"A informaci\u00f3n p\u00fablica las bases de la concentraci\u00f3n de las Zona Regable de Las Vegas de Salda\u00f1a, Carri\u00f3n y Villamoronta"}]},{"@type":"WebSite","@id":"https:\/\/www.asajacyl.com\/palencia\/#website","url":"https:\/\/www.asajacyl.com\/palencia\/","name":"ASAJA Palencia","description":"Otro sitio m\u00e1s de Provincias ASAJA Castilla y Le\u00f3n","potentialAction":[{"@type":"SearchAction","target":{"@type":"EntryPoint","urlTemplate":"https:\/\/www.asajacyl.com\/palencia\/?s={search_term_string}"},"query-input":{"@type":"PropertyValueSpecification","valueRequired":true,"valueName":"search_term_string"}}],"inLanguage":"es"},{"@type":"Person","@id":"https:\/\/www.asajacyl.com\/palencia\/#\/schema\/person\/3ab17aeb03527485c317557fae64aab1","name":"Administrador","image":{"@type":"ImageObject","inLanguage":"es","@id":"https:\/\/www.asajacyl.com\/palencia\/#\/schema\/person\/image\/","url":"https:\/\/secure.gravatar.com\/avatar\/517384810d242ca9e38c180f3c9fb973?s=96&d=mm&r=g","contentUrl":"https:\/\/secure.gravatar.com\/avatar\/517384810d242ca9e38c180f3c9fb973?s=96&d=mm&r=g","caption":"Administrador"},"url":"https:\/\/www.asajacyl.com\/palencia\/author\/carlosrm"}]}},"_links":{"self":[{"href":"https:\/\/www.asajacyl.com\/palencia\/wp-json\/wp\/v2\/posts\/10370"}],"collection":[{"href":"https:\/\/www.asajacyl.com\/palencia\/wp-json\/wp\/v2\/posts"}],"about":[{"href":"https:\/\/www.asajacyl.com\/palencia\/wp-json\/wp\/v2\/types\/post"}],"author":[{"embeddable":true,"href":"https:\/\/www.asajacyl.com\/palencia\/wp-json\/wp\/v2\/users\/9"}],"replies":[{"embeddable":true,"href":"https:\/\/www.asajacyl.com\/palencia\/wp-json\/wp\/v2\/comments?post=10370"}],"version-history":[{"count":3,"href":"https:\/\/www.asajacyl.com\/palencia\/wp-json\/wp\/v2\/posts\/10370\/revisions"}],"predecessor-version":[{"id":10374,"href":"https:\/\/www.asajacyl.com\/palencia\/wp-json\/wp\/v2\/posts\/10370\/revisions\/10374"}],"wp:featuredmedia":[{"embeddable":true,"href":"https:\/\/www.asajacyl.com\/palencia\/wp-json\/wp\/v2\/media\/10373"}],"wp:attachment":[{"href":"https:\/\/www.asajacyl.com\/palencia\/wp-json\/wp\/v2\/media?parent=10370"}],"wp:term":[{"taxonomy":"category","embeddable":true,"href":"https:\/\/www.asajacyl.com\/palencia\/wp-json\/wp\/v2\/categories?post=10370"},{"taxonomy":"post_tag","embeddable":true,"href":"https:\/\/www.asajacyl.com\/palencia\/wp-json\/wp\/v2\/tags?post=10370"}],"curies":[{"name":"wp","href":"https:\/\/api.w.org\/{rel}","templated":true}]}}