{"id":10375,"date":"2022-05-09T10:48:00","date_gmt":"2022-05-09T08:48:00","guid":{"rendered":"https:\/\/www.asajacyl.com\/palencia\/?p=10375"},"modified":"2022-05-10T08:42:47","modified_gmt":"2022-05-10T06:42:47","slug":"el-cerrato-y-campos-afectados-a-partir-de-septiembre-por-el-nuevo-programa-de-actuacion-en-zonas-vulnerables-a-nitratos","status":"publish","type":"post","link":"https:\/\/www.asajacyl.com\/palencia\/asaja-palencia-informa\/el-cerrato-y-campos-afectados-a-partir-de-septiembre-por-el-nuevo-programa-de-actuacion-en-zonas-vulnerables-a-nitratos","title":{"rendered":"El Cerrato y Campos afectados a partir de septiembre por el nuevo programa de actuaci\u00f3n en zonas vulnerables a nitratos"},"content":{"rendered":"\n<p>Se ha publicado la Orden de la Consejer\u00eda de Medio Ambiente por la que se aprueba el programa de actuaci\u00f3n de las zonas vulnerables a la contaminaci\u00f3n por nitratos procedentes de fuentes de origen agr\u00edcola y ganadero designadas en Castilla y Le\u00f3n. Aunque entra en vigor a partir de ma\u00f1ana, en la normativa especifica que \u201clas prescripciones y limitaciones de la orden no se aplicar\u00e1n sobre los cultivos ya implantados o programados en el a\u00f1o agron\u00f3mico 2021-2022\u201d, que termina el pr\u00f3ximo 31 de agosto. Es decir, ser\u00e1 a partir del 1 de septiembre cuando esta normativa tenga que ser cumplida por los agricultores y ganaderos de las zonas afectadas.<\/p>\n\n\n\n<p>Este programa de actuaci\u00f3n completa el Decreto de 2020 por el que se designaban las zonas vulnerables a la contaminaci\u00f3n por nitratos procedentes de fuentes de origen agr\u00edcola y ganadero y el consiguiente C\u00f3digo de Buenas Pr\u00e1cticas Agrarias. En total afecta a 387 municipios con 14.414 kil\u00f3metros cuadrados, lo que supone cerca del 15% de la superficie de la Comunidad, que representa el 20% de la superficie agraria \u00fatil de Castilla y Le\u00f3n.<\/p>\n\n\n\n<p>En Palencia est\u00e1n afectadas las comarcas de El Cerrato y Campos. En el caso de El Cerrato, hay 28 municipios incluidos en el mapa de zonas vulnerables, de los 36 que tiene la comarca, suponiendo que hay 86.088 hect\u00e1reas de cultivo dentro de las zonas vulnerables, de un total comarcal cultivable de 101.947 hect\u00e1reas, implicando una afecci\u00f3n comarcal del 84,4%. En cuanto a la comarca de Campos, de los 88 municipios que la conforman hay 22 afectados, teniendo una superficie de 63.765 hect\u00e1reas cultivables afectadas sobre un total de 251.716 hect\u00e1reas cultivables totales, por tanto existe una afecci\u00f3n del 25,3%.<\/p>\n\n\n\n<p>ASAJA vot\u00f3 en contra tanto del Decreto como del reci\u00e9n publicado programa de actuaci\u00f3n, y estos meses ha estado trabajando con intensidad para corregir los aspectos m\u00e1s lesivos de esta normativa para que las explotaciones pudieran mantener su actividad productiva y a la vez avanzar en sostenibilidad. El panorama es complicado porque se prev\u00e9n ampliaciones del mapa de zonas vulnerables.<\/p>\n\n\n\n<figure class=\"wp-block-table aligncenter is-style-stripes\"><table><tbody><tr><td class=\"has-text-align-center\" data-align=\"center\"><strong>COMARCA<\/strong><\/td><td class=\"has-text-align-center\" data-align=\"center\"><strong>MUNICIPIOS<\/strong><\/td><td class=\"has-text-align-center\" data-align=\"center\"><strong>MUNICIPIOS Z.V.<\/strong><\/td><td class=\"has-text-align-right\" data-align=\"right\"><strong>SUP. CULTIVABLE (ha)<\/strong><\/td><td class=\"has-text-align-right\" data-align=\"right\"><strong>SUP. CULTIVABLE Z.V. (ha)<\/strong><\/td><td class=\"has-text-align-center\" data-align=\"center\"><strong>% Z.V.<\/strong><\/td><\/tr><tr><td class=\"has-text-align-center\" data-align=\"center\">CAMPOS<\/td><td class=\"has-text-align-center\" data-align=\"center\">88<\/td><td class=\"has-text-align-center\" data-align=\"center\">22<\/td><td class=\"has-text-align-right\" data-align=\"right\">251.715,96<\/td><td class=\"has-text-align-right\" data-align=\"right\">63.765,36<\/td><td class=\"has-text-align-center\" data-align=\"center\">25,33%<\/td><\/tr><tr><td class=\"has-text-align-center\" data-align=\"center\">EL CERRATO<\/td><td class=\"has-text-align-center\" data-align=\"center\">36<\/td><td class=\"has-text-align-center\" data-align=\"center\">28<\/td><td class=\"has-text-align-right\" data-align=\"right\">101.947,42<\/td><td class=\"has-text-align-right\" data-align=\"right\">86.088,20<\/td><td class=\"has-text-align-center\" data-align=\"center\">84,44%<\/td><\/tr><\/tbody><\/table><\/figure>\n\n\n\n<figure class=\"wp-block-table aligncenter is-style-stripes\"><table><tbody><tr><td><strong>MUNICIPIOS AFECTADOS EN CAMPOS<\/strong><\/td><\/tr><tr><td>AMPUDIA<\/td><\/tr><tr><td>AMUSCO<\/td><\/tr><tr><td>ASTUDILLO<\/td><\/tr><tr><td>AUTILLA DEL PINO<\/td><\/tr><tr><td>BELMONTE DE CAMPOS<\/td><\/tr><tr><td>BOADA DE CAMPOS<\/td><\/tr><tr><td>CAPILLAS<\/td><\/tr><tr><td>CASTIL DE VELA<\/td><\/tr><tr><td>FUENTES DE VALDEPERO<\/td><\/tr><tr><td>LOMAS<\/td><\/tr><tr><td>MANQUILLOS<\/td><\/tr><tr><td>MENESES DE CAMPOS<\/td><\/tr><tr><td>MONZON DE CAMPOS<\/td><\/tr><tr><td>PALENCIA<\/td><\/tr><tr><td>PEDRAZA DE CAMPOS<\/td><\/tr><tr><td>RIBAS DE CAMPOS<\/td><\/tr><tr><td>SAN CEBRIAN DE CAMPOS<\/td><\/tr><tr><td>SANTA CECILIA DEL ALCOR<\/td><\/tr><tr><td>VILLALACO<\/td><\/tr><tr><td>VILLALOBON<\/td><\/tr><tr><td>VILLERIAS DE CAMPOS<\/td><\/tr><tr><td>VILLOLDO<\/td><\/tr><\/tbody><\/table><\/figure>\n\n\n\n<figure class=\"wp-block-table aligncenter is-style-stripes\"><table><tbody><tr><td><strong>MUNICIPIOS AFECTADOS EN EL CERRATO<\/strong><\/td><\/tr><tr><td>ALBA DE CERRATO<\/td><\/tr><tr><td>ANTIGUEDAD<\/td><\/tr><tr><td>BALTANAS<\/td><\/tr><tr><td>CASTRILLO DE DON JUAN<\/td><\/tr><tr><td>CASTRILLO DE ONIELO<\/td><\/tr><tr><td>CEVICO DE LA TORRE<\/td><\/tr><tr><td>CEVICO NAVERO<\/td><\/tr><tr><td>COBOS DE CERRATO<\/td><\/tr><tr><td>DUE\u00d1AS<\/td><\/tr><tr><td>ESPINOSA DE CERRATO<\/td><\/tr><tr><td>HERMEDES DE CERRATO<\/td><\/tr><tr><td>HERRERA DE VALDECA\u00d1AS<\/td><\/tr><tr><td>HONTORIA DE CERRATO<\/td><\/tr><tr><td>MAGAZ<\/td><\/tr><tr><td>PALENZUELA<\/td><\/tr><tr><td>REINOSO DE CERRATO<\/td><\/tr><tr><td>SOTO DE CERRATO<\/td><\/tr><tr><td>TABANERA DE CERRATO<\/td><\/tr><tr><td>TARIEGO<\/td><\/tr><tr><td>VALDEOLMILLOS<\/td><\/tr><tr><td>VALLE DE CERRATO<\/td><\/tr><tr><td>VENTA DE BA\u00d1OS<\/td><\/tr><tr><td>VERTAVILLO<\/td><\/tr><tr><td>VILLACONANCIO<\/td><\/tr><tr><td>VILLAHAN<\/td><\/tr><tr><td>VILLAMEDIANA<\/td><\/tr><tr><td>VILLAMURIEL DE CERRATO<\/td><\/tr><tr><td>VILLAVIUDAS<\/td><\/tr><\/tbody><\/table><\/figure>\n","protected":false},"excerpt":{"rendered":"<p>Se ha publicado la Orden de la Consejer\u00eda de Medio Ambiente por la que se aprueba el programa de actuaci\u00f3n de las zonas vulnerables a la contaminaci\u00f3n por nitratos procedentes de fuentes de origen agr\u00edcola y ganadero designadas en Castilla y Le\u00f3n. Aunque entra en vigor a partir de ma\u00f1ana, en la normativa especifica que [&hellip;]<\/p>\n","protected":false},"author":9,"featured_media":9184,"comment_status":"open","ping_status":"open","sticky":false,"template":"","format":"standard","meta":{"footnotes":""},"categories":[9,29,28],"tags":[],"yoast_head":"<!-- This site is optimized with the Yoast SEO plugin v24.5 - https:\/\/yoast.com\/wordpress\/plugins\/seo\/ -->\n<title>El Cerrato y Campos afectados a partir de septiembre por el nuevo programa de actuaci\u00f3n en zonas vulnerables a nitratos - ASAJA Palencia<\/title>\n<meta name=\"description\" content=\"Se ha publicado la Orden de la Consejer\u00eda de Medio Ambiente por la que se aprueba el programa de actuaci\u00f3n de las zonas vulnerables a la contaminaci\u00f3n por\" \/>\n<meta name=\"robots\" content=\"index, follow, max-snippet:-1, max-image-preview:large, max-video-preview:-1\" \/>\n<link rel=\"canonical\" href=\"https:\/\/www.asajacyl.com\/palencia\/asaja-palencia-informa\/el-cerrato-y-campos-afectados-a-partir-de-septiembre-por-el-nuevo-programa-de-actuacion-en-zonas-vulnerables-a-nitratos\" \/>\n<meta property=\"og:locale\" content=\"es_ES\" \/>\n<meta property=\"og:type\" content=\"article\" \/>\n<meta property=\"og:title\" content=\"El Cerrato y Campos afectados a partir de septiembre por el nuevo programa de actuaci\u00f3n en zonas vulnerables a nitratos - ASAJA Palencia\" \/>\n<meta property=\"og:description\" content=\"Se ha publicado la Orden de la Consejer\u00eda de Medio Ambiente por la que se aprueba el programa de actuaci\u00f3n de las zonas vulnerables a la contaminaci\u00f3n por\" \/>\n<meta property=\"og:url\" content=\"https:\/\/www.asajacyl.com\/palencia\/asaja-palencia-informa\/el-cerrato-y-campos-afectados-a-partir-de-septiembre-por-el-nuevo-programa-de-actuacion-en-zonas-vulnerables-a-nitratos\" \/>\n<meta property=\"og:site_name\" content=\"ASAJA Palencia\" \/>\n<meta property=\"article:published_time\" content=\"2022-05-09T08:48:00+00:00\" \/>\n<meta property=\"article:modified_time\" content=\"2022-05-10T06:42:47+00:00\" \/>\n<meta property=\"og:image\" content=\"https:\/\/www.asajacyl.com\/palencia\/wp-content\/uploads\/sites\/3\/2021\/10\/ABONADO-COLZA-2.jpg\" \/>\n\t<meta property=\"og:image:width\" content=\"1600\" \/>\n\t<meta property=\"og:image:height\" content=\"900\" \/>\n\t<meta property=\"og:image:type\" content=\"image\/jpeg\" \/>\n<meta name=\"author\" content=\"Administrador\" \/>\n<meta name=\"twitter:card\" content=\"summary_large_image\" \/>\n<meta name=\"twitter:label1\" content=\"Escrito por\" \/>\n\t<meta name=\"twitter:data1\" content=\"Administrador\" \/>\n\t<meta name=\"twitter:label2\" content=\"Tiempo de lectura\" \/>\n\t<meta name=\"twitter:data2\" content=\"3 minutos\" \/>\n<script type=\"application\/ld+json\" class=\"yoast-schema-graph\">{\"@context\":\"https:\/\/schema.org\",\"@graph\":[{\"@type\":\"WebPage\",\"@id\":\"https:\/\/www.asajacyl.com\/palencia\/asaja-palencia-informa\/el-cerrato-y-campos-afectados-a-partir-de-septiembre-por-el-nuevo-programa-de-actuacion-en-zonas-vulnerables-a-nitratos\",\"url\":\"https:\/\/www.asajacyl.com\/palencia\/asaja-palencia-informa\/el-cerrato-y-campos-afectados-a-partir-de-septiembre-por-el-nuevo-programa-de-actuacion-en-zonas-vulnerables-a-nitratos\",\"name\":\"El Cerrato y Campos afectados a partir de septiembre por el nuevo programa de actuaci\u00f3n en zonas vulnerables a nitratos - ASAJA Palencia\",\"isPartOf\":{\"@id\":\"https:\/\/www.asajacyl.com\/palencia\/#website\"},\"primaryImageOfPage\":{\"@id\":\"https:\/\/www.asajacyl.com\/palencia\/asaja-palencia-informa\/el-cerrato-y-campos-afectados-a-partir-de-septiembre-por-el-nuevo-programa-de-actuacion-en-zonas-vulnerables-a-nitratos#primaryimage\"},\"image\":{\"@id\":\"https:\/\/www.asajacyl.com\/palencia\/asaja-palencia-informa\/el-cerrato-y-campos-afectados-a-partir-de-septiembre-por-el-nuevo-programa-de-actuacion-en-zonas-vulnerables-a-nitratos#primaryimage\"},\"thumbnailUrl\":\"https:\/\/www.asajacyl.com\/palencia\/wp-content\/uploads\/sites\/3\/2021\/10\/ABONADO-COLZA-2.jpg\",\"datePublished\":\"2022-05-09T08:48:00+00:00\",\"dateModified\":\"2022-05-10T06:42:47+00:00\",\"author\":{\"@id\":\"https:\/\/www.asajacyl.com\/palencia\/#\/schema\/person\/3ab17aeb03527485c317557fae64aab1\"},\"description\":\"Se ha publicado la Orden de la Consejer\u00eda de Medio Ambiente por la que se aprueba el programa de actuaci\u00f3n de las zonas vulnerables a la contaminaci\u00f3n por\",\"breadcrumb\":{\"@id\":\"https:\/\/www.asajacyl.com\/palencia\/asaja-palencia-informa\/el-cerrato-y-campos-afectados-a-partir-de-septiembre-por-el-nuevo-programa-de-actuacion-en-zonas-vulnerables-a-nitratos#breadcrumb\"},\"inLanguage\":\"es\",\"potentialAction\":[{\"@type\":\"ReadAction\",\"target\":[\"https:\/\/www.asajacyl.com\/palencia\/asaja-palencia-informa\/el-cerrato-y-campos-afectados-a-partir-de-septiembre-por-el-nuevo-programa-de-actuacion-en-zonas-vulnerables-a-nitratos\"]}]},{\"@type\":\"ImageObject\",\"inLanguage\":\"es\",\"@id\":\"https:\/\/www.asajacyl.com\/palencia\/asaja-palencia-informa\/el-cerrato-y-campos-afectados-a-partir-de-septiembre-por-el-nuevo-programa-de-actuacion-en-zonas-vulnerables-a-nitratos#primaryimage\",\"url\":\"https:\/\/www.asajacyl.com\/palencia\/wp-content\/uploads\/sites\/3\/2021\/10\/ABONADO-COLZA-2.jpg\",\"contentUrl\":\"https:\/\/www.asajacyl.com\/palencia\/wp-content\/uploads\/sites\/3\/2021\/10\/ABONADO-COLZA-2.jpg\",\"width\":1600,\"height\":900},{\"@type\":\"BreadcrumbList\",\"@id\":\"https:\/\/www.asajacyl.com\/palencia\/asaja-palencia-informa\/el-cerrato-y-campos-afectados-a-partir-de-septiembre-por-el-nuevo-programa-de-actuacion-en-zonas-vulnerables-a-nitratos#breadcrumb\",\"itemListElement\":[{\"@type\":\"ListItem\",\"position\":1,\"name\":\"Portada\",\"item\":\"https:\/\/www.asajacyl.com\/palencia\/\"},{\"@type\":\"ListItem\",\"position\":2,\"name\":\"El Cerrato y Campos afectados a partir de septiembre por el nuevo programa de actuaci\u00f3n en zonas vulnerables a nitratos\"}]},{\"@type\":\"WebSite\",\"@id\":\"https:\/\/www.asajacyl.com\/palencia\/#website\",\"url\":\"https:\/\/www.asajacyl.com\/palencia\/\",\"name\":\"ASAJA Palencia\",\"description\":\"Otro sitio m\u00e1s de Provincias ASAJA Castilla y Le\u00f3n\",\"potentialAction\":[{\"@type\":\"SearchAction\",\"target\":{\"@type\":\"EntryPoint\",\"urlTemplate\":\"https:\/\/www.asajacyl.com\/palencia\/?s={search_term_string}\"},\"query-input\":{\"@type\":\"PropertyValueSpecification\",\"valueRequired\":true,\"valueName\":\"search_term_string\"}}],\"inLanguage\":\"es\"},{\"@type\":\"Person\",\"@id\":\"https:\/\/www.asajacyl.com\/palencia\/#\/schema\/person\/3ab17aeb03527485c317557fae64aab1\",\"name\":\"Administrador\",\"image\":{\"@type\":\"ImageObject\",\"inLanguage\":\"es\",\"@id\":\"https:\/\/www.asajacyl.com\/palencia\/#\/schema\/person\/image\/\",\"url\":\"https:\/\/secure.gravatar.com\/avatar\/517384810d242ca9e38c180f3c9fb973?s=96&d=mm&r=g\",\"contentUrl\":\"https:\/\/secure.gravatar.com\/avatar\/517384810d242ca9e38c180f3c9fb973?s=96&d=mm&r=g\",\"caption\":\"Administrador\"},\"url\":\"https:\/\/www.asajacyl.com\/palencia\/author\/carlosrm\"}]}<\/script>\n<!-- \/ Yoast SEO plugin. -->","yoast_head_json":{"title":"El Cerrato y Campos afectados a partir de septiembre por el nuevo programa de actuaci\u00f3n en zonas vulnerables a nitratos - ASAJA Palencia","description":"Se ha publicado la Orden de la Consejer\u00eda de Medio Ambiente por la que se aprueba el programa de actuaci\u00f3n de las zonas vulnerables a la contaminaci\u00f3n por","robots":{"index":"index","follow":"follow","max-snippet":"max-snippet:-1","max-image-preview":"max-image-preview:large","max-video-preview":"max-video-preview:-1"},"canonical":"https:\/\/www.asajacyl.com\/palencia\/asaja-palencia-informa\/el-cerrato-y-campos-afectados-a-partir-de-septiembre-por-el-nuevo-programa-de-actuacion-en-zonas-vulnerables-a-nitratos","og_locale":"es_ES","og_type":"article","og_title":"El Cerrato y Campos afectados a partir de septiembre por el nuevo programa de actuaci\u00f3n en zonas vulnerables a nitratos - ASAJA Palencia","og_description":"Se ha publicado la Orden de la Consejer\u00eda de Medio Ambiente por la que se aprueba el programa de actuaci\u00f3n de las zonas vulnerables a la contaminaci\u00f3n por","og_url":"https:\/\/www.asajacyl.com\/palencia\/asaja-palencia-informa\/el-cerrato-y-campos-afectados-a-partir-de-septiembre-por-el-nuevo-programa-de-actuacion-en-zonas-vulnerables-a-nitratos","og_site_name":"ASAJA Palencia","article_published_time":"2022-05-09T08:48:00+00:00","article_modified_time":"2022-05-10T06:42:47+00:00","og_image":[{"width":1600,"height":900,"url":"https:\/\/www.asajacyl.com\/palencia\/wp-content\/uploads\/sites\/3\/2021\/10\/ABONADO-COLZA-2.jpg","type":"image\/jpeg"}],"author":"Administrador","twitter_card":"summary_large_image","twitter_misc":{"Escrito por":"Administrador","Tiempo de lectura":"3 minutos"},"schema":{"@context":"https:\/\/schema.org","@graph":[{"@type":"WebPage","@id":"https:\/\/www.asajacyl.com\/palencia\/asaja-palencia-informa\/el-cerrato-y-campos-afectados-a-partir-de-septiembre-por-el-nuevo-programa-de-actuacion-en-zonas-vulnerables-a-nitratos","url":"https:\/\/www.asajacyl.com\/palencia\/asaja-palencia-informa\/el-cerrato-y-campos-afectados-a-partir-de-septiembre-por-el-nuevo-programa-de-actuacion-en-zonas-vulnerables-a-nitratos","name":"El Cerrato y Campos afectados a partir de septiembre por el nuevo programa de actuaci\u00f3n en zonas vulnerables a nitratos - ASAJA Palencia","isPartOf":{"@id":"https:\/\/www.asajacyl.com\/palencia\/#website"},"primaryImageOfPage":{"@id":"https:\/\/www.asajacyl.com\/palencia\/asaja-palencia-informa\/el-cerrato-y-campos-afectados-a-partir-de-septiembre-por-el-nuevo-programa-de-actuacion-en-zonas-vulnerables-a-nitratos#primaryimage"},"image":{"@id":"https:\/\/www.asajacyl.com\/palencia\/asaja-palencia-informa\/el-cerrato-y-campos-afectados-a-partir-de-septiembre-por-el-nuevo-programa-de-actuacion-en-zonas-vulnerables-a-nitratos#primaryimage"},"thumbnailUrl":"https:\/\/www.asajacyl.com\/palencia\/wp-content\/uploads\/sites\/3\/2021\/10\/ABONADO-COLZA-2.jpg","datePublished":"2022-05-09T08:48:00+00:00","dateModified":"2022-05-10T06:42:47+00:00","author":{"@id":"https:\/\/www.asajacyl.com\/palencia\/#\/schema\/person\/3ab17aeb03527485c317557fae64aab1"},"description":"Se ha publicado la Orden de la Consejer\u00eda de Medio Ambiente por la que se aprueba el programa de actuaci\u00f3n de las zonas vulnerables a la contaminaci\u00f3n por","breadcrumb":{"@id":"https:\/\/www.asajacyl.com\/palencia\/asaja-palencia-informa\/el-cerrato-y-campos-afectados-a-partir-de-septiembre-por-el-nuevo-programa-de-actuacion-en-zonas-vulnerables-a-nitratos#breadcrumb"},"inLanguage":"es","potentialAction":[{"@type":"ReadAction","target":["https:\/\/www.asajacyl.com\/palencia\/asaja-palencia-informa\/el-cerrato-y-campos-afectados-a-partir-de-septiembre-por-el-nuevo-programa-de-actuacion-en-zonas-vulnerables-a-nitratos"]}]},{"@type":"ImageObject","inLanguage":"es","@id":"https:\/\/www.asajacyl.com\/palencia\/asaja-palencia-informa\/el-cerrato-y-campos-afectados-a-partir-de-septiembre-por-el-nuevo-programa-de-actuacion-en-zonas-vulnerables-a-nitratos#primaryimage","url":"https:\/\/www.asajacyl.com\/palencia\/wp-content\/uploads\/sites\/3\/2021\/10\/ABONADO-COLZA-2.jpg","contentUrl":"https:\/\/www.asajacyl.com\/palencia\/wp-content\/uploads\/sites\/3\/2021\/10\/ABONADO-COLZA-2.jpg","width":1600,"height":900},{"@type":"BreadcrumbList","@id":"https:\/\/www.asajacyl.com\/palencia\/asaja-palencia-informa\/el-cerrato-y-campos-afectados-a-partir-de-septiembre-por-el-nuevo-programa-de-actuacion-en-zonas-vulnerables-a-nitratos#breadcrumb","itemListElement":[{"@type":"ListItem","position":1,"name":"Portada","item":"https:\/\/www.asajacyl.com\/palencia\/"},{"@type":"ListItem","position":2,"name":"El Cerrato y Campos afectados a partir de septiembre por el nuevo programa de actuaci\u00f3n en zonas vulnerables a nitratos"}]},{"@type":"WebSite","@id":"https:\/\/www.asajacyl.com\/palencia\/#website","url":"https:\/\/www.asajacyl.com\/palencia\/","name":"ASAJA Palencia","description":"Otro sitio m\u00e1s de Provincias ASAJA Castilla y Le\u00f3n","potentialAction":[{"@type":"SearchAction","target":{"@type":"EntryPoint","urlTemplate":"https:\/\/www.asajacyl.com\/palencia\/?s={search_term_string}"},"query-input":{"@type":"PropertyValueSpecification","valueRequired":true,"valueName":"search_term_string"}}],"inLanguage":"es"},{"@type":"Person","@id":"https:\/\/www.asajacyl.com\/palencia\/#\/schema\/person\/3ab17aeb03527485c317557fae64aab1","name":"Administrador","image":{"@type":"ImageObject","inLanguage":"es","@id":"https:\/\/www.asajacyl.com\/palencia\/#\/schema\/person\/image\/","url":"https:\/\/secure.gravatar.com\/avatar\/517384810d242ca9e38c180f3c9fb973?s=96&d=mm&r=g","contentUrl":"https:\/\/secure.gravatar.com\/avatar\/517384810d242ca9e38c180f3c9fb973?s=96&d=mm&r=g","caption":"Administrador"},"url":"https:\/\/www.asajacyl.com\/palencia\/author\/carlosrm"}]}},"_links":{"self":[{"href":"https:\/\/www.asajacyl.com\/palencia\/wp-json\/wp\/v2\/posts\/10375"}],"collection":[{"href":"https:\/\/www.asajacyl.com\/palencia\/wp-json\/wp\/v2\/posts"}],"about":[{"href":"https:\/\/www.asajacyl.com\/palencia\/wp-json\/wp\/v2\/types\/post"}],"author":[{"embeddable":true,"href":"https:\/\/www.asajacyl.com\/palencia\/wp-json\/wp\/v2\/users\/9"}],"replies":[{"embeddable":true,"href":"https:\/\/www.asajacyl.com\/palencia\/wp-json\/wp\/v2\/comments?post=10375"}],"version-history":[{"count":2,"href":"https:\/\/www.asajacyl.com\/palencia\/wp-json\/wp\/v2\/posts\/10375\/revisions"}],"predecessor-version":[{"id":10390,"href":"https:\/\/www.asajacyl.com\/palencia\/wp-json\/wp\/v2\/posts\/10375\/revisions\/10390"}],"wp:featuredmedia":[{"embeddable":true,"href":"https:\/\/www.asajacyl.com\/palencia\/wp-json\/wp\/v2\/media\/9184"}],"wp:attachment":[{"href":"https:\/\/www.asajacyl.com\/palencia\/wp-json\/wp\/v2\/media?parent=10375"}],"wp:term":[{"taxonomy":"category","embeddable":true,"href":"https:\/\/www.asajacyl.com\/palencia\/wp-json\/wp\/v2\/categories?post=10375"},{"taxonomy":"post_tag","embeddable":true,"href":"https:\/\/www.asajacyl.com\/palencia\/wp-json\/wp\/v2\/tags?post=10375"}],"curies":[{"name":"wp","href":"https:\/\/api.w.org\/{rel}","templated":true}]}}