{"id":10397,"date":"2022-05-11T10:32:00","date_gmt":"2022-05-11T08:32:00","guid":{"rendered":"https:\/\/www.asajacyl.com\/palencia\/?p=10397"},"modified":"2022-05-10T10:49:42","modified_gmt":"2022-05-10T08:49:42","slug":"se-inicia-la-campana-de-alfalfa-en-palencia","status":"publish","type":"post","link":"https:\/\/www.asajacyl.com\/palencia\/asaja-palencia-informa\/se-inicia-la-campana-de-alfalfa-en-palencia","title":{"rendered":"Se inicia la campa\u00f1a de alfalfa en Palencia"},"content":{"rendered":"\n<p>En estos d\u00edas se est\u00e1 iniciando en Palencia el primer corte en el cultivo de la Alfalfa en el que nuestra provincia es la segunda productora en Castilla y Le\u00f3n, tras Valladolid. En cambio, Palencia es la provincia que m\u00e1s hect\u00e1reas destina a este cultivo, son 32.264 hect\u00e1reas la campa\u00f1a pasada, de las cuales, 9.989 son de regad\u00edo y 22.275 de secano. Es muy destacable la superficie de secano, donde Palencia es la principal productora de alfalfa de toda Espa\u00f1a y la que m\u00e1s superficie dedica a este cultivo.<\/p>\n\n\n\n<p>Una vez segada la alfalfa, parte se empaca despu\u00e9s de secarse al sol en campo y otra parte es transportada a las deshidratadoras que tenemos en la provincia, que en concreto son cinco, ubicadas en Carri\u00f3n de los Condes, Villoldo, Astudillo, Fuentes de Nava y Becerril de Campos. El producto final se destina a la exportaci\u00f3n y a comercializarlo para el consumo interno ganadero de nuestro pa\u00eds.<\/p>\n\n\n\n<p>La producci\u00f3n total nacional de alfalfa deshidratada alcanzo la cantidad de 1,45 millones de toneladas, la mayor\u00eda destinadas a la exportaci\u00f3n, siendo los principales destinos Emiratos Arabes, Arabia Saud\u00ed, y China.<\/p>\n\n\n\n<p>El inicio de la pandemia ha complicado de forma importante la exportaci\u00f3n de alfalfa, principalmente por el precio de los fletes, que han llegado a multiplicarse por cuatro, y la poca disponibilidad de los contenedores. Todo ello unido a las continuas cancelaciones de barcos, hace que esta campa\u00f1a genere muchas dudas, tambi\u00e9n provocadas por los altos costes energ\u00e9ticos, tanto para transformar la alfalfa, como para su transporte internacional.<\/p>\n","protected":false},"excerpt":{"rendered":"<p>En estos d\u00edas se est\u00e1 iniciando en Palencia el primer corte en el cultivo de la Alfalfa en el que nuestra provincia es la segunda productora en Castilla y Le\u00f3n, tras Valladolid. En cambio, Palencia es la provincia que m\u00e1s hect\u00e1reas destina a este cultivo, son 32.264 hect\u00e1reas la campa\u00f1a pasada, de las cuales, 9.989 [&hellip;]<\/p>\n","protected":false},"author":9,"featured_media":8576,"comment_status":"open","ping_status":"open","sticky":false,"template":"","format":"standard","meta":{"footnotes":""},"categories":[9,29,28],"tags":[],"yoast_head":"<!-- This site is optimized with the Yoast SEO plugin v24.5 - https:\/\/yoast.com\/wordpress\/plugins\/seo\/ -->\n<title>Se inicia la campa\u00f1a de alfalfa en Palencia - ASAJA Palencia<\/title>\n<meta name=\"description\" content=\"En estos d\u00edas se est\u00e1 iniciando en Palencia el primer corte en el cultivo de la Alfalfa en el que nuestra provincia es la segunda productora en Castilla y\" \/>\n<meta name=\"robots\" content=\"index, follow, max-snippet:-1, max-image-preview:large, max-video-preview:-1\" \/>\n<link rel=\"canonical\" href=\"https:\/\/www.asajacyl.com\/palencia\/asaja-palencia-informa\/se-inicia-la-campana-de-alfalfa-en-palencia\" \/>\n<meta property=\"og:locale\" content=\"es_ES\" \/>\n<meta property=\"og:type\" content=\"article\" \/>\n<meta property=\"og:title\" content=\"Se inicia la campa\u00f1a de alfalfa en Palencia - ASAJA Palencia\" \/>\n<meta property=\"og:description\" content=\"En estos d\u00edas se est\u00e1 iniciando en Palencia el primer corte en el cultivo de la Alfalfa en el que nuestra provincia es la segunda productora en Castilla y\" \/>\n<meta property=\"og:url\" content=\"https:\/\/www.asajacyl.com\/palencia\/asaja-palencia-informa\/se-inicia-la-campana-de-alfalfa-en-palencia\" \/>\n<meta property=\"og:site_name\" content=\"ASAJA Palencia\" \/>\n<meta property=\"article:published_time\" content=\"2022-05-11T08:32:00+00:00\" \/>\n<meta property=\"og:image\" content=\"https:\/\/www.asajacyl.com\/palencia\/wp-content\/uploads\/sites\/3\/2021\/06\/ALFALFA-SEGADA.jpg\" \/>\n\t<meta property=\"og:image:width\" content=\"1024\" \/>\n\t<meta property=\"og:image:height\" content=\"768\" \/>\n\t<meta property=\"og:image:type\" content=\"image\/jpeg\" \/>\n<meta name=\"author\" content=\"Administrador\" \/>\n<meta name=\"twitter:card\" content=\"summary_large_image\" \/>\n<meta name=\"twitter:label1\" content=\"Escrito por\" \/>\n\t<meta name=\"twitter:data1\" content=\"Administrador\" \/>\n\t<meta name=\"twitter:label2\" content=\"Tiempo de lectura\" \/>\n\t<meta name=\"twitter:data2\" content=\"2 minutos\" \/>\n<script type=\"application\/ld+json\" class=\"yoast-schema-graph\">{\"@context\":\"https:\/\/schema.org\",\"@graph\":[{\"@type\":\"WebPage\",\"@id\":\"https:\/\/www.asajacyl.com\/palencia\/asaja-palencia-informa\/se-inicia-la-campana-de-alfalfa-en-palencia\",\"url\":\"https:\/\/www.asajacyl.com\/palencia\/asaja-palencia-informa\/se-inicia-la-campana-de-alfalfa-en-palencia\",\"name\":\"Se inicia la campa\u00f1a de alfalfa en Palencia - ASAJA Palencia\",\"isPartOf\":{\"@id\":\"https:\/\/www.asajacyl.com\/palencia\/#website\"},\"primaryImageOfPage\":{\"@id\":\"https:\/\/www.asajacyl.com\/palencia\/asaja-palencia-informa\/se-inicia-la-campana-de-alfalfa-en-palencia#primaryimage\"},\"image\":{\"@id\":\"https:\/\/www.asajacyl.com\/palencia\/asaja-palencia-informa\/se-inicia-la-campana-de-alfalfa-en-palencia#primaryimage\"},\"thumbnailUrl\":\"https:\/\/www.asajacyl.com\/palencia\/wp-content\/uploads\/sites\/3\/2021\/06\/ALFALFA-SEGADA.jpg\",\"datePublished\":\"2022-05-11T08:32:00+00:00\",\"author\":{\"@id\":\"https:\/\/www.asajacyl.com\/palencia\/#\/schema\/person\/3ab17aeb03527485c317557fae64aab1\"},\"description\":\"En estos d\u00edas se est\u00e1 iniciando en Palencia el primer corte en el cultivo de la Alfalfa en el que nuestra provincia es la segunda productora en Castilla y\",\"breadcrumb\":{\"@id\":\"https:\/\/www.asajacyl.com\/palencia\/asaja-palencia-informa\/se-inicia-la-campana-de-alfalfa-en-palencia#breadcrumb\"},\"inLanguage\":\"es\",\"potentialAction\":[{\"@type\":\"ReadAction\",\"target\":[\"https:\/\/www.asajacyl.com\/palencia\/asaja-palencia-informa\/se-inicia-la-campana-de-alfalfa-en-palencia\"]}]},{\"@type\":\"ImageObject\",\"inLanguage\":\"es\",\"@id\":\"https:\/\/www.asajacyl.com\/palencia\/asaja-palencia-informa\/se-inicia-la-campana-de-alfalfa-en-palencia#primaryimage\",\"url\":\"https:\/\/www.asajacyl.com\/palencia\/wp-content\/uploads\/sites\/3\/2021\/06\/ALFALFA-SEGADA.jpg\",\"contentUrl\":\"https:\/\/www.asajacyl.com\/palencia\/wp-content\/uploads\/sites\/3\/2021\/06\/ALFALFA-SEGADA.jpg\",\"width\":1024,\"height\":768},{\"@type\":\"BreadcrumbList\",\"@id\":\"https:\/\/www.asajacyl.com\/palencia\/asaja-palencia-informa\/se-inicia-la-campana-de-alfalfa-en-palencia#breadcrumb\",\"itemListElement\":[{\"@type\":\"ListItem\",\"position\":1,\"name\":\"Portada\",\"item\":\"https:\/\/www.asajacyl.com\/palencia\/\"},{\"@type\":\"ListItem\",\"position\":2,\"name\":\"Se inicia la campa\u00f1a de alfalfa en Palencia\"}]},{\"@type\":\"WebSite\",\"@id\":\"https:\/\/www.asajacyl.com\/palencia\/#website\",\"url\":\"https:\/\/www.asajacyl.com\/palencia\/\",\"name\":\"ASAJA Palencia\",\"description\":\"Otro sitio m\u00e1s de Provincias ASAJA Castilla y Le\u00f3n\",\"potentialAction\":[{\"@type\":\"SearchAction\",\"target\":{\"@type\":\"EntryPoint\",\"urlTemplate\":\"https:\/\/www.asajacyl.com\/palencia\/?s={search_term_string}\"},\"query-input\":{\"@type\":\"PropertyValueSpecification\",\"valueRequired\":true,\"valueName\":\"search_term_string\"}}],\"inLanguage\":\"es\"},{\"@type\":\"Person\",\"@id\":\"https:\/\/www.asajacyl.com\/palencia\/#\/schema\/person\/3ab17aeb03527485c317557fae64aab1\",\"name\":\"Administrador\",\"image\":{\"@type\":\"ImageObject\",\"inLanguage\":\"es\",\"@id\":\"https:\/\/www.asajacyl.com\/palencia\/#\/schema\/person\/image\/\",\"url\":\"https:\/\/secure.gravatar.com\/avatar\/517384810d242ca9e38c180f3c9fb973?s=96&d=mm&r=g\",\"contentUrl\":\"https:\/\/secure.gravatar.com\/avatar\/517384810d242ca9e38c180f3c9fb973?s=96&d=mm&r=g\",\"caption\":\"Administrador\"},\"url\":\"https:\/\/www.asajacyl.com\/palencia\/author\/carlosrm\"}]}<\/script>\n<!-- \/ Yoast SEO plugin. -->","yoast_head_json":{"title":"Se inicia la campa\u00f1a de alfalfa en Palencia - ASAJA Palencia","description":"En estos d\u00edas se est\u00e1 iniciando en Palencia el primer corte en el cultivo de la Alfalfa en el que nuestra provincia es la segunda productora en Castilla y","robots":{"index":"index","follow":"follow","max-snippet":"max-snippet:-1","max-image-preview":"max-image-preview:large","max-video-preview":"max-video-preview:-1"},"canonical":"https:\/\/www.asajacyl.com\/palencia\/asaja-palencia-informa\/se-inicia-la-campana-de-alfalfa-en-palencia","og_locale":"es_ES","og_type":"article","og_title":"Se inicia la campa\u00f1a de alfalfa en Palencia - ASAJA Palencia","og_description":"En estos d\u00edas se est\u00e1 iniciando en Palencia el primer corte en el cultivo de la Alfalfa en el que nuestra provincia es la segunda productora en Castilla y","og_url":"https:\/\/www.asajacyl.com\/palencia\/asaja-palencia-informa\/se-inicia-la-campana-de-alfalfa-en-palencia","og_site_name":"ASAJA Palencia","article_published_time":"2022-05-11T08:32:00+00:00","og_image":[{"width":1024,"height":768,"url":"https:\/\/www.asajacyl.com\/palencia\/wp-content\/uploads\/sites\/3\/2021\/06\/ALFALFA-SEGADA.jpg","type":"image\/jpeg"}],"author":"Administrador","twitter_card":"summary_large_image","twitter_misc":{"Escrito por":"Administrador","Tiempo de lectura":"2 minutos"},"schema":{"@context":"https:\/\/schema.org","@graph":[{"@type":"WebPage","@id":"https:\/\/www.asajacyl.com\/palencia\/asaja-palencia-informa\/se-inicia-la-campana-de-alfalfa-en-palencia","url":"https:\/\/www.asajacyl.com\/palencia\/asaja-palencia-informa\/se-inicia-la-campana-de-alfalfa-en-palencia","name":"Se inicia la campa\u00f1a de alfalfa en Palencia - ASAJA Palencia","isPartOf":{"@id":"https:\/\/www.asajacyl.com\/palencia\/#website"},"primaryImageOfPage":{"@id":"https:\/\/www.asajacyl.com\/palencia\/asaja-palencia-informa\/se-inicia-la-campana-de-alfalfa-en-palencia#primaryimage"},"image":{"@id":"https:\/\/www.asajacyl.com\/palencia\/asaja-palencia-informa\/se-inicia-la-campana-de-alfalfa-en-palencia#primaryimage"},"thumbnailUrl":"https:\/\/www.asajacyl.com\/palencia\/wp-content\/uploads\/sites\/3\/2021\/06\/ALFALFA-SEGADA.jpg","datePublished":"2022-05-11T08:32:00+00:00","author":{"@id":"https:\/\/www.asajacyl.com\/palencia\/#\/schema\/person\/3ab17aeb03527485c317557fae64aab1"},"description":"En estos d\u00edas se est\u00e1 iniciando en Palencia el primer corte en el cultivo de la Alfalfa en el que nuestra provincia es la segunda productora en Castilla y","breadcrumb":{"@id":"https:\/\/www.asajacyl.com\/palencia\/asaja-palencia-informa\/se-inicia-la-campana-de-alfalfa-en-palencia#breadcrumb"},"inLanguage":"es","potentialAction":[{"@type":"ReadAction","target":["https:\/\/www.asajacyl.com\/palencia\/asaja-palencia-informa\/se-inicia-la-campana-de-alfalfa-en-palencia"]}]},{"@type":"ImageObject","inLanguage":"es","@id":"https:\/\/www.asajacyl.com\/palencia\/asaja-palencia-informa\/se-inicia-la-campana-de-alfalfa-en-palencia#primaryimage","url":"https:\/\/www.asajacyl.com\/palencia\/wp-content\/uploads\/sites\/3\/2021\/06\/ALFALFA-SEGADA.jpg","contentUrl":"https:\/\/www.asajacyl.com\/palencia\/wp-content\/uploads\/sites\/3\/2021\/06\/ALFALFA-SEGADA.jpg","width":1024,"height":768},{"@type":"BreadcrumbList","@id":"https:\/\/www.asajacyl.com\/palencia\/asaja-palencia-informa\/se-inicia-la-campana-de-alfalfa-en-palencia#breadcrumb","itemListElement":[{"@type":"ListItem","position":1,"name":"Portada","item":"https:\/\/www.asajacyl.com\/palencia\/"},{"@type":"ListItem","position":2,"name":"Se inicia la campa\u00f1a de alfalfa en Palencia"}]},{"@type":"WebSite","@id":"https:\/\/www.asajacyl.com\/palencia\/#website","url":"https:\/\/www.asajacyl.com\/palencia\/","name":"ASAJA Palencia","description":"Otro sitio m\u00e1s de Provincias ASAJA Castilla y Le\u00f3n","potentialAction":[{"@type":"SearchAction","target":{"@type":"EntryPoint","urlTemplate":"https:\/\/www.asajacyl.com\/palencia\/?s={search_term_string}"},"query-input":{"@type":"PropertyValueSpecification","valueRequired":true,"valueName":"search_term_string"}}],"inLanguage":"es"},{"@type":"Person","@id":"https:\/\/www.asajacyl.com\/palencia\/#\/schema\/person\/3ab17aeb03527485c317557fae64aab1","name":"Administrador","image":{"@type":"ImageObject","inLanguage":"es","@id":"https:\/\/www.asajacyl.com\/palencia\/#\/schema\/person\/image\/","url":"https:\/\/secure.gravatar.com\/avatar\/517384810d242ca9e38c180f3c9fb973?s=96&d=mm&r=g","contentUrl":"https:\/\/secure.gravatar.com\/avatar\/517384810d242ca9e38c180f3c9fb973?s=96&d=mm&r=g","caption":"Administrador"},"url":"https:\/\/www.asajacyl.com\/palencia\/author\/carlosrm"}]}},"_links":{"self":[{"href":"https:\/\/www.asajacyl.com\/palencia\/wp-json\/wp\/v2\/posts\/10397"}],"collection":[{"href":"https:\/\/www.asajacyl.com\/palencia\/wp-json\/wp\/v2\/posts"}],"about":[{"href":"https:\/\/www.asajacyl.com\/palencia\/wp-json\/wp\/v2\/types\/post"}],"author":[{"embeddable":true,"href":"https:\/\/www.asajacyl.com\/palencia\/wp-json\/wp\/v2\/users\/9"}],"replies":[{"embeddable":true,"href":"https:\/\/www.asajacyl.com\/palencia\/wp-json\/wp\/v2\/comments?post=10397"}],"version-history":[{"count":1,"href":"https:\/\/www.asajacyl.com\/palencia\/wp-json\/wp\/v2\/posts\/10397\/revisions"}],"predecessor-version":[{"id":10398,"href":"https:\/\/www.asajacyl.com\/palencia\/wp-json\/wp\/v2\/posts\/10397\/revisions\/10398"}],"wp:featuredmedia":[{"embeddable":true,"href":"https:\/\/www.asajacyl.com\/palencia\/wp-json\/wp\/v2\/media\/8576"}],"wp:attachment":[{"href":"https:\/\/www.asajacyl.com\/palencia\/wp-json\/wp\/v2\/media?parent=10397"}],"wp:term":[{"taxonomy":"category","embeddable":true,"href":"https:\/\/www.asajacyl.com\/palencia\/wp-json\/wp\/v2\/categories?post=10397"},{"taxonomy":"post_tag","embeddable":true,"href":"https:\/\/www.asajacyl.com\/palencia\/wp-json\/wp\/v2\/tags?post=10397"}],"curies":[{"name":"wp","href":"https:\/\/api.w.org\/{rel}","templated":true}]}}