{"id":10399,"date":"2022-05-14T11:00:00","date_gmt":"2022-05-14T09:00:00","guid":{"rendered":"https:\/\/www.asajacyl.com\/palencia\/?p=10399"},"modified":"2022-05-10T11:59:14","modified_gmt":"2022-05-10T09:59:14","slug":"apoyo-ministerial-a-las-titularidades-compartidas","status":"publish","type":"post","link":"https:\/\/www.asajacyl.com\/palencia\/asaja-palencia-informa\/apoyo-ministerial-a-las-titularidades-compartidas","title":{"rendered":"Apoyo ministerial a las Titularidades Compartidas"},"content":{"rendered":"\n<p>El Bolet\u00edn Oficial del Estado ha publicado la convocatoria para la concesi\u00f3n directa de subvenciones a las explotaciones agrarias de titularidad compartida. Esta convocatoria est\u00e1 dotada econ\u00f3micamente con 1,5 millones de euros que se repartir\u00e1n entre los solicitantes -a los que se les impone un m\u00e1ximo de 1.500 euros de subvenci\u00f3n-.<\/p>\n\n\n\n<p>Se considerar\u00e1 que estas entidades solicitan la ayuda por el mero hecho de figurar inscritas en el registro de Titularidades Compartidas habilitado por el MAPA un mes antes de publicarse la ayuda aunque deber\u00e1n presentar diversa documentaci\u00f3n o la renuncia a la ayuda.<\/p>\n\n\n\n<p>En Espa\u00f1a existen 993 titularidades compartidas, de las que 429 est\u00e1n el Castilla y Le\u00f3n (43,2%), siendo la regi\u00f3n con mayor n\u00famero de estas entidades en toda Espa\u00f1a. Dentro de Castilla y Le\u00f3n, Palencia tiene un peso peque\u00f1o ya que s\u00f3lo aportamos 30 Titularidades Compartidas (7,0% del total regional) y somos la cuarta provincia con menos titularidades compartidas de la regi\u00f3n, donde destaca Le\u00f3n con 155.<\/p>\n\n\n\n<figure class=\"wp-block-table aligncenter is-style-stripes\"><table><tbody><tr><td>PROVINCIA<\/td><td class=\"has-text-align-center\" data-align=\"center\">TITULARIDADES COMPARTIDAS<\/td><\/tr><tr><td>\u00c1VILA<\/td><td class=\"has-text-align-center\" data-align=\"center\">39<\/td><\/tr><tr><td>BURGOS<\/td><td class=\"has-text-align-center\" data-align=\"center\">49<\/td><\/tr><tr><td>LE\u00d3N<\/td><td class=\"has-text-align-center\" data-align=\"center\">155<\/td><\/tr><tr><td>PALENCIA<\/td><td class=\"has-text-align-center\" data-align=\"center\">30<\/td><\/tr><tr><td>SALAMANCA<\/td><td class=\"has-text-align-center\" data-align=\"center\">54<\/td><\/tr><tr><td>SEGOVIA<\/td><td class=\"has-text-align-center\" data-align=\"center\">25<\/td><\/tr><tr><td>SORIA<\/td><td class=\"has-text-align-center\" data-align=\"center\">20<\/td><\/tr><tr><td>VALLADOLID<\/td><td class=\"has-text-align-center\" data-align=\"center\">44<\/td><\/tr><tr><td>ZAMORA<\/td><td class=\"has-text-align-center\" data-align=\"center\">13<\/td><\/tr><\/tbody><\/table><\/figure>\n","protected":false},"excerpt":{"rendered":"<p>El Bolet\u00edn Oficial del Estado ha publicado la convocatoria para la concesi\u00f3n directa de subvenciones a las explotaciones agrarias de titularidad compartida. Esta convocatoria est\u00e1 dotada econ\u00f3micamente con 1,5 millones de euros que se repartir\u00e1n entre los solicitantes -a los que se les impone un m\u00e1ximo de 1.500 euros de subvenci\u00f3n-. Se considerar\u00e1 que estas [&hellip;]<\/p>\n","protected":false},"author":9,"featured_media":10400,"comment_status":"open","ping_status":"open","sticky":false,"template":"","format":"standard","meta":{"footnotes":""},"categories":[9,29,28],"tags":[],"yoast_head":"<!-- This site is optimized with the Yoast SEO plugin v24.5 - https:\/\/yoast.com\/wordpress\/plugins\/seo\/ -->\n<title>Apoyo ministerial a las Titularidades Compartidas - ASAJA Palencia<\/title>\n<meta name=\"description\" content=\"El Bolet\u00edn Oficial del Estado ha publicado la convocatoria para la concesi\u00f3n directa de subvenciones a las explotaciones agrarias de titularidad\" \/>\n<meta name=\"robots\" content=\"index, follow, max-snippet:-1, max-image-preview:large, max-video-preview:-1\" \/>\n<link rel=\"canonical\" href=\"https:\/\/www.asajacyl.com\/palencia\/asaja-palencia-informa\/apoyo-ministerial-a-las-titularidades-compartidas\" \/>\n<meta property=\"og:locale\" content=\"es_ES\" \/>\n<meta property=\"og:type\" content=\"article\" \/>\n<meta property=\"og:title\" content=\"Apoyo ministerial a las Titularidades Compartidas - ASAJA Palencia\" \/>\n<meta property=\"og:description\" content=\"El Bolet\u00edn Oficial del Estado ha publicado la convocatoria para la concesi\u00f3n directa de subvenciones a las explotaciones agrarias de titularidad\" \/>\n<meta property=\"og:url\" content=\"https:\/\/www.asajacyl.com\/palencia\/asaja-palencia-informa\/apoyo-ministerial-a-las-titularidades-compartidas\" \/>\n<meta property=\"og:site_name\" content=\"ASAJA Palencia\" \/>\n<meta property=\"article:published_time\" content=\"2022-05-14T09:00:00+00:00\" \/>\n<meta property=\"og:image\" content=\"https:\/\/www.asajacyl.com\/palencia\/wp-content\/uploads\/sites\/3\/2022\/05\/TC.png\" \/>\n\t<meta property=\"og:image:width\" content=\"1135\" \/>\n\t<meta property=\"og:image:height\" content=\"537\" \/>\n\t<meta property=\"og:image:type\" content=\"image\/png\" \/>\n<meta name=\"author\" content=\"Administrador\" \/>\n<meta name=\"twitter:card\" content=\"summary_large_image\" \/>\n<meta name=\"twitter:label1\" content=\"Escrito por\" \/>\n\t<meta name=\"twitter:data1\" content=\"Administrador\" \/>\n\t<meta name=\"twitter:label2\" content=\"Tiempo de lectura\" \/>\n\t<meta name=\"twitter:data2\" content=\"1 minuto\" \/>\n<script type=\"application\/ld+json\" class=\"yoast-schema-graph\">{\"@context\":\"https:\/\/schema.org\",\"@graph\":[{\"@type\":\"WebPage\",\"@id\":\"https:\/\/www.asajacyl.com\/palencia\/asaja-palencia-informa\/apoyo-ministerial-a-las-titularidades-compartidas\",\"url\":\"https:\/\/www.asajacyl.com\/palencia\/asaja-palencia-informa\/apoyo-ministerial-a-las-titularidades-compartidas\",\"name\":\"Apoyo ministerial a las Titularidades Compartidas - ASAJA Palencia\",\"isPartOf\":{\"@id\":\"https:\/\/www.asajacyl.com\/palencia\/#website\"},\"primaryImageOfPage\":{\"@id\":\"https:\/\/www.asajacyl.com\/palencia\/asaja-palencia-informa\/apoyo-ministerial-a-las-titularidades-compartidas#primaryimage\"},\"image\":{\"@id\":\"https:\/\/www.asajacyl.com\/palencia\/asaja-palencia-informa\/apoyo-ministerial-a-las-titularidades-compartidas#primaryimage\"},\"thumbnailUrl\":\"https:\/\/www.asajacyl.com\/palencia\/wp-content\/uploads\/sites\/3\/2022\/05\/TC.png\",\"datePublished\":\"2022-05-14T09:00:00+00:00\",\"author\":{\"@id\":\"https:\/\/www.asajacyl.com\/palencia\/#\/schema\/person\/3ab17aeb03527485c317557fae64aab1\"},\"description\":\"El Bolet\u00edn Oficial del Estado ha publicado la convocatoria para la concesi\u00f3n directa de subvenciones a las explotaciones agrarias de titularidad\",\"breadcrumb\":{\"@id\":\"https:\/\/www.asajacyl.com\/palencia\/asaja-palencia-informa\/apoyo-ministerial-a-las-titularidades-compartidas#breadcrumb\"},\"inLanguage\":\"es\",\"potentialAction\":[{\"@type\":\"ReadAction\",\"target\":[\"https:\/\/www.asajacyl.com\/palencia\/asaja-palencia-informa\/apoyo-ministerial-a-las-titularidades-compartidas\"]}]},{\"@type\":\"ImageObject\",\"inLanguage\":\"es\",\"@id\":\"https:\/\/www.asajacyl.com\/palencia\/asaja-palencia-informa\/apoyo-ministerial-a-las-titularidades-compartidas#primaryimage\",\"url\":\"https:\/\/www.asajacyl.com\/palencia\/wp-content\/uploads\/sites\/3\/2022\/05\/TC.png\",\"contentUrl\":\"https:\/\/www.asajacyl.com\/palencia\/wp-content\/uploads\/sites\/3\/2022\/05\/TC.png\",\"width\":1135,\"height\":537},{\"@type\":\"BreadcrumbList\",\"@id\":\"https:\/\/www.asajacyl.com\/palencia\/asaja-palencia-informa\/apoyo-ministerial-a-las-titularidades-compartidas#breadcrumb\",\"itemListElement\":[{\"@type\":\"ListItem\",\"position\":1,\"name\":\"Portada\",\"item\":\"https:\/\/www.asajacyl.com\/palencia\/\"},{\"@type\":\"ListItem\",\"position\":2,\"name\":\"Apoyo ministerial a las Titularidades Compartidas\"}]},{\"@type\":\"WebSite\",\"@id\":\"https:\/\/www.asajacyl.com\/palencia\/#website\",\"url\":\"https:\/\/www.asajacyl.com\/palencia\/\",\"name\":\"ASAJA Palencia\",\"description\":\"Otro sitio m\u00e1s de Provincias ASAJA Castilla y Le\u00f3n\",\"potentialAction\":[{\"@type\":\"SearchAction\",\"target\":{\"@type\":\"EntryPoint\",\"urlTemplate\":\"https:\/\/www.asajacyl.com\/palencia\/?s={search_term_string}\"},\"query-input\":{\"@type\":\"PropertyValueSpecification\",\"valueRequired\":true,\"valueName\":\"search_term_string\"}}],\"inLanguage\":\"es\"},{\"@type\":\"Person\",\"@id\":\"https:\/\/www.asajacyl.com\/palencia\/#\/schema\/person\/3ab17aeb03527485c317557fae64aab1\",\"name\":\"Administrador\",\"image\":{\"@type\":\"ImageObject\",\"inLanguage\":\"es\",\"@id\":\"https:\/\/www.asajacyl.com\/palencia\/#\/schema\/person\/image\/\",\"url\":\"https:\/\/secure.gravatar.com\/avatar\/517384810d242ca9e38c180f3c9fb973?s=96&d=mm&r=g\",\"contentUrl\":\"https:\/\/secure.gravatar.com\/avatar\/517384810d242ca9e38c180f3c9fb973?s=96&d=mm&r=g\",\"caption\":\"Administrador\"},\"url\":\"https:\/\/www.asajacyl.com\/palencia\/author\/carlosrm\"}]}<\/script>\n<!-- \/ Yoast SEO plugin. -->","yoast_head_json":{"title":"Apoyo ministerial a las Titularidades Compartidas - ASAJA Palencia","description":"El Bolet\u00edn Oficial del Estado ha publicado la convocatoria para la concesi\u00f3n directa de subvenciones a las explotaciones agrarias de titularidad","robots":{"index":"index","follow":"follow","max-snippet":"max-snippet:-1","max-image-preview":"max-image-preview:large","max-video-preview":"max-video-preview:-1"},"canonical":"https:\/\/www.asajacyl.com\/palencia\/asaja-palencia-informa\/apoyo-ministerial-a-las-titularidades-compartidas","og_locale":"es_ES","og_type":"article","og_title":"Apoyo ministerial a las Titularidades Compartidas - ASAJA Palencia","og_description":"El Bolet\u00edn Oficial del Estado ha publicado la convocatoria para la concesi\u00f3n directa de subvenciones a las explotaciones agrarias de titularidad","og_url":"https:\/\/www.asajacyl.com\/palencia\/asaja-palencia-informa\/apoyo-ministerial-a-las-titularidades-compartidas","og_site_name":"ASAJA Palencia","article_published_time":"2022-05-14T09:00:00+00:00","og_image":[{"width":1135,"height":537,"url":"https:\/\/www.asajacyl.com\/palencia\/wp-content\/uploads\/sites\/3\/2022\/05\/TC.png","type":"image\/png"}],"author":"Administrador","twitter_card":"summary_large_image","twitter_misc":{"Escrito por":"Administrador","Tiempo de lectura":"1 minuto"},"schema":{"@context":"https:\/\/schema.org","@graph":[{"@type":"WebPage","@id":"https:\/\/www.asajacyl.com\/palencia\/asaja-palencia-informa\/apoyo-ministerial-a-las-titularidades-compartidas","url":"https:\/\/www.asajacyl.com\/palencia\/asaja-palencia-informa\/apoyo-ministerial-a-las-titularidades-compartidas","name":"Apoyo ministerial a las Titularidades Compartidas - ASAJA Palencia","isPartOf":{"@id":"https:\/\/www.asajacyl.com\/palencia\/#website"},"primaryImageOfPage":{"@id":"https:\/\/www.asajacyl.com\/palencia\/asaja-palencia-informa\/apoyo-ministerial-a-las-titularidades-compartidas#primaryimage"},"image":{"@id":"https:\/\/www.asajacyl.com\/palencia\/asaja-palencia-informa\/apoyo-ministerial-a-las-titularidades-compartidas#primaryimage"},"thumbnailUrl":"https:\/\/www.asajacyl.com\/palencia\/wp-content\/uploads\/sites\/3\/2022\/05\/TC.png","datePublished":"2022-05-14T09:00:00+00:00","author":{"@id":"https:\/\/www.asajacyl.com\/palencia\/#\/schema\/person\/3ab17aeb03527485c317557fae64aab1"},"description":"El Bolet\u00edn Oficial del Estado ha publicado la convocatoria para la concesi\u00f3n directa de subvenciones a las explotaciones agrarias de titularidad","breadcrumb":{"@id":"https:\/\/www.asajacyl.com\/palencia\/asaja-palencia-informa\/apoyo-ministerial-a-las-titularidades-compartidas#breadcrumb"},"inLanguage":"es","potentialAction":[{"@type":"ReadAction","target":["https:\/\/www.asajacyl.com\/palencia\/asaja-palencia-informa\/apoyo-ministerial-a-las-titularidades-compartidas"]}]},{"@type":"ImageObject","inLanguage":"es","@id":"https:\/\/www.asajacyl.com\/palencia\/asaja-palencia-informa\/apoyo-ministerial-a-las-titularidades-compartidas#primaryimage","url":"https:\/\/www.asajacyl.com\/palencia\/wp-content\/uploads\/sites\/3\/2022\/05\/TC.png","contentUrl":"https:\/\/www.asajacyl.com\/palencia\/wp-content\/uploads\/sites\/3\/2022\/05\/TC.png","width":1135,"height":537},{"@type":"BreadcrumbList","@id":"https:\/\/www.asajacyl.com\/palencia\/asaja-palencia-informa\/apoyo-ministerial-a-las-titularidades-compartidas#breadcrumb","itemListElement":[{"@type":"ListItem","position":1,"name":"Portada","item":"https:\/\/www.asajacyl.com\/palencia\/"},{"@type":"ListItem","position":2,"name":"Apoyo ministerial a las Titularidades Compartidas"}]},{"@type":"WebSite","@id":"https:\/\/www.asajacyl.com\/palencia\/#website","url":"https:\/\/www.asajacyl.com\/palencia\/","name":"ASAJA Palencia","description":"Otro sitio m\u00e1s de Provincias ASAJA Castilla y Le\u00f3n","potentialAction":[{"@type":"SearchAction","target":{"@type":"EntryPoint","urlTemplate":"https:\/\/www.asajacyl.com\/palencia\/?s={search_term_string}"},"query-input":{"@type":"PropertyValueSpecification","valueRequired":true,"valueName":"search_term_string"}}],"inLanguage":"es"},{"@type":"Person","@id":"https:\/\/www.asajacyl.com\/palencia\/#\/schema\/person\/3ab17aeb03527485c317557fae64aab1","name":"Administrador","image":{"@type":"ImageObject","inLanguage":"es","@id":"https:\/\/www.asajacyl.com\/palencia\/#\/schema\/person\/image\/","url":"https:\/\/secure.gravatar.com\/avatar\/517384810d242ca9e38c180f3c9fb973?s=96&d=mm&r=g","contentUrl":"https:\/\/secure.gravatar.com\/avatar\/517384810d242ca9e38c180f3c9fb973?s=96&d=mm&r=g","caption":"Administrador"},"url":"https:\/\/www.asajacyl.com\/palencia\/author\/carlosrm"}]}},"_links":{"self":[{"href":"https:\/\/www.asajacyl.com\/palencia\/wp-json\/wp\/v2\/posts\/10399"}],"collection":[{"href":"https:\/\/www.asajacyl.com\/palencia\/wp-json\/wp\/v2\/posts"}],"about":[{"href":"https:\/\/www.asajacyl.com\/palencia\/wp-json\/wp\/v2\/types\/post"}],"author":[{"embeddable":true,"href":"https:\/\/www.asajacyl.com\/palencia\/wp-json\/wp\/v2\/users\/9"}],"replies":[{"embeddable":true,"href":"https:\/\/www.asajacyl.com\/palencia\/wp-json\/wp\/v2\/comments?post=10399"}],"version-history":[{"count":5,"href":"https:\/\/www.asajacyl.com\/palencia\/wp-json\/wp\/v2\/posts\/10399\/revisions"}],"predecessor-version":[{"id":10406,"href":"https:\/\/www.asajacyl.com\/palencia\/wp-json\/wp\/v2\/posts\/10399\/revisions\/10406"}],"wp:featuredmedia":[{"embeddable":true,"href":"https:\/\/www.asajacyl.com\/palencia\/wp-json\/wp\/v2\/media\/10400"}],"wp:attachment":[{"href":"https:\/\/www.asajacyl.com\/palencia\/wp-json\/wp\/v2\/media?parent=10399"}],"wp:term":[{"taxonomy":"category","embeddable":true,"href":"https:\/\/www.asajacyl.com\/palencia\/wp-json\/wp\/v2\/categories?post=10399"},{"taxonomy":"post_tag","embeddable":true,"href":"https:\/\/www.asajacyl.com\/palencia\/wp-json\/wp\/v2\/tags?post=10399"}],"curies":[{"name":"wp","href":"https:\/\/api.w.org\/{rel}","templated":true}]}}