{"id":10407,"date":"2022-05-15T12:11:00","date_gmt":"2022-05-15T10:11:00","guid":{"rendered":"https:\/\/www.asajacyl.com\/palencia\/?p=10407"},"modified":"2022-05-10T12:15:48","modified_gmt":"2022-05-10T10:15:48","slug":"el-parlamento-europeo-se-posiciona-claramente-respecto-al-futuro-de-la-agricultura-ecologica","status":"publish","type":"post","link":"https:\/\/www.asajacyl.com\/palencia\/asaja-palencia-informa\/el-parlamento-europeo-se-posiciona-claramente-respecto-al-futuro-de-la-agricultura-ecologica","title":{"rendered":"El Parlamento Europeo se posiciona claramente respecto al futuro de la agricultura ecol\u00f3gica"},"content":{"rendered":"\n<p>El informe sobre el Plan de Acci\u00f3n para la producci\u00f3n ecol\u00f3gica, que incide en varias cuestiones importantes para los agricultores y las cooperativas agrarias de la Uni\u00f3n Europea, ha sido aprobado en el Pleno. La Comisi\u00f3n de Agricultura ya hab\u00eda aprobado el informe por unanimidad el 6 de abril.<\/p>\n\n\n\n<p>El Copa y la Cogeca aplauden la ratificaci\u00f3n del informe, puesto que recoge diversos aspectos relevantes para los agricultores europeos y las cooperativas agrarias. Tambi\u00e9n felicitan a la Comisi\u00f3n del Parlamento por el buen trabajo realizado bajo la direcci\u00f3n de la eurodiputada Simone Schmiedtbauer.<\/p>\n\n\n\n<p>Al validar el informe, el Parlamento Europeo reconoce que es vital seguir un planteamiento guiado por el mercado para llevar a cabo la transici\u00f3n a la agricultura ecol\u00f3gica. Adem\u00e1s, destaca que se deber\u00eda apoyar esta transici\u00f3n no solo con las ayudas de la PAC, sino tambi\u00e9n reforzando la cantidad y la calidad de los insumos que precisan los agricultores, como semillas y productos fitosanitarios conformes a los requisitos de la producci\u00f3n ecol\u00f3gica. El cambio clim\u00e1tico, la pandemia de COVID-19 y las crisis actuales a ra\u00edz de la invasi\u00f3n de Ucrania por parte de Rusia han puesto de manifiesto la importancia de contar con una agricultura ecol\u00f3gica eficiente y efectiva. El Pleno del Parlamento Europeo pidi\u00f3 que se utilicen las tecnolog\u00edas digitales e innovadoras, enviando as\u00ed una se\u00f1al clara a los legisladores europeos para que act\u00faen con celeridad en esta materia.<\/p>\n\n\n\n<p>La Sra. Lone Andersen, en su calidad de presidenta del Grupo de Trabajo \u00abAgricultura ecol\u00f3gica\u00bb del Copa y la Cogeca, se alegr\u00f3 de que \u00abel Parlamento Europeo env\u00ede a la comunidad agr\u00edcola ecol\u00f3gica un mensaje tan importante. Los agricultores y las cooperativas agrarias que producen de forma ecol\u00f3gica necesitan estrechar y fortalecer su colaboraci\u00f3n con las instituciones y partes interesadas europeas con el fin de lograr los ambiciosos objetivos de la Estrategia \u00abDe la granja a la mesa\u00bb. Tambi\u00e9n afirm\u00f3 esperar que \u00abeste informe no legislativo env\u00ede a los legisladores un mensaje claro respecto a su trabajo de ahora en adelante.\u00bb<\/p>\n\n\n\n<p>En consonancia con el informe sobre la Estrategia \u00abDe la granja a la mesa\u00bb, aprobado por el Parlamento Europeo a finales de 2021, el Copa y la Cogeca aplauden la solicitud de una evaluaci\u00f3n de impacto sobre el objetivo de aumentar la proporci\u00f3n de la superficie agr\u00edcola comunitaria dedicada a la agricultura ecol\u00f3gica.<\/p>\n\n\n\n<p>El Copa y la Cogeca quisieran agradecer a todos los miembros del Parlamento Europeo su labor en este expediente y albergan la esperanza de que la futura normativa se ajuste a las indicaciones expl\u00edcitas y rotundas que figuran en el informe.<\/p>\n\n\n\n<figure class=\"wp-block-image size-full\"><img loading=\"lazy\" decoding=\"async\" width=\"800\" height=\"449\" src=\"https:\/\/www.asajacyl.com\/palencia\/wp-content\/uploads\/sites\/3\/2022\/05\/LONE-ANDRESEN.jpg\" alt=\"\" class=\"wp-image-10408\" srcset=\"https:\/\/www.asajacyl.com\/palencia\/wp-content\/uploads\/sites\/3\/2022\/05\/LONE-ANDRESEN.jpg 800w, https:\/\/www.asajacyl.com\/palencia\/wp-content\/uploads\/sites\/3\/2022\/05\/LONE-ANDRESEN-300x168.jpg 300w, https:\/\/www.asajacyl.com\/palencia\/wp-content\/uploads\/sites\/3\/2022\/05\/LONE-ANDRESEN-768x431.jpg 768w, https:\/\/www.asajacyl.com\/palencia\/wp-content\/uploads\/sites\/3\/2022\/05\/LONE-ANDRESEN-696x391.jpg 696w, https:\/\/www.asajacyl.com\/palencia\/wp-content\/uploads\/sites\/3\/2022\/05\/LONE-ANDRESEN-748x420.jpg 748w\" sizes=\"(max-width: 800px) 100vw, 800px\" \/><figcaption>Lone Andersen, presidenta del Grupo de Trabajo \u00abAgricultura ecol\u00f3gica\u00bb del COPA-COGECA<\/figcaption><\/figure>\n","protected":false},"excerpt":{"rendered":"<p>El informe sobre el Plan de Acci\u00f3n para la producci\u00f3n ecol\u00f3gica, que incide en varias cuestiones importantes para los agricultores y las cooperativas agrarias de la Uni\u00f3n Europea, ha sido aprobado en el Pleno. La Comisi\u00f3n de Agricultura ya hab\u00eda aprobado el informe por unanimidad el 6 de abril. El Copa y la Cogeca aplauden [&hellip;]<\/p>\n","protected":false},"author":9,"featured_media":10408,"comment_status":"open","ping_status":"open","sticky":false,"template":"","format":"standard","meta":{"footnotes":""},"categories":[9,29,28],"tags":[],"yoast_head":"<!-- This site is optimized with the Yoast SEO plugin v24.5 - https:\/\/yoast.com\/wordpress\/plugins\/seo\/ -->\n<title>El Parlamento Europeo se posiciona claramente respecto al futuro de la agricultura ecol\u00f3gica - ASAJA Palencia<\/title>\n<meta name=\"description\" content=\"El informe sobre el Plan de Acci\u00f3n para la producci\u00f3n ecol\u00f3gica, que incide en varias cuestiones importantes para los agricultores y las cooperativas\" \/>\n<meta name=\"robots\" content=\"index, follow, max-snippet:-1, max-image-preview:large, max-video-preview:-1\" \/>\n<link rel=\"canonical\" href=\"https:\/\/www.asajacyl.com\/palencia\/asaja-palencia-informa\/el-parlamento-europeo-se-posiciona-claramente-respecto-al-futuro-de-la-agricultura-ecologica\" \/>\n<meta property=\"og:locale\" content=\"es_ES\" \/>\n<meta property=\"og:type\" content=\"article\" \/>\n<meta property=\"og:title\" content=\"El Parlamento Europeo se posiciona claramente respecto al futuro de la agricultura ecol\u00f3gica - ASAJA Palencia\" \/>\n<meta property=\"og:description\" content=\"El informe sobre el Plan de Acci\u00f3n para la producci\u00f3n ecol\u00f3gica, que incide en varias cuestiones importantes para los agricultores y las cooperativas\" \/>\n<meta property=\"og:url\" content=\"https:\/\/www.asajacyl.com\/palencia\/asaja-palencia-informa\/el-parlamento-europeo-se-posiciona-claramente-respecto-al-futuro-de-la-agricultura-ecologica\" \/>\n<meta property=\"og:site_name\" content=\"ASAJA Palencia\" \/>\n<meta property=\"article:published_time\" content=\"2022-05-15T10:11:00+00:00\" \/>\n<meta property=\"og:image\" content=\"https:\/\/www.asajacyl.com\/palencia\/wp-content\/uploads\/sites\/3\/2022\/05\/LONE-ANDRESEN.jpg\" \/>\n\t<meta property=\"og:image:width\" content=\"800\" \/>\n\t<meta property=\"og:image:height\" content=\"449\" \/>\n\t<meta property=\"og:image:type\" content=\"image\/jpeg\" \/>\n<meta name=\"author\" content=\"Administrador\" \/>\n<meta name=\"twitter:card\" content=\"summary_large_image\" \/>\n<meta name=\"twitter:label1\" content=\"Escrito por\" \/>\n\t<meta name=\"twitter:data1\" content=\"Administrador\" \/>\n\t<meta name=\"twitter:label2\" content=\"Tiempo de lectura\" \/>\n\t<meta name=\"twitter:data2\" content=\"3 minutos\" \/>\n<script type=\"application\/ld+json\" class=\"yoast-schema-graph\">{\"@context\":\"https:\/\/schema.org\",\"@graph\":[{\"@type\":\"WebPage\",\"@id\":\"https:\/\/www.asajacyl.com\/palencia\/asaja-palencia-informa\/el-parlamento-europeo-se-posiciona-claramente-respecto-al-futuro-de-la-agricultura-ecologica\",\"url\":\"https:\/\/www.asajacyl.com\/palencia\/asaja-palencia-informa\/el-parlamento-europeo-se-posiciona-claramente-respecto-al-futuro-de-la-agricultura-ecologica\",\"name\":\"El Parlamento Europeo se posiciona claramente respecto al futuro de la agricultura ecol\u00f3gica - ASAJA Palencia\",\"isPartOf\":{\"@id\":\"https:\/\/www.asajacyl.com\/palencia\/#website\"},\"primaryImageOfPage\":{\"@id\":\"https:\/\/www.asajacyl.com\/palencia\/asaja-palencia-informa\/el-parlamento-europeo-se-posiciona-claramente-respecto-al-futuro-de-la-agricultura-ecologica#primaryimage\"},\"image\":{\"@id\":\"https:\/\/www.asajacyl.com\/palencia\/asaja-palencia-informa\/el-parlamento-europeo-se-posiciona-claramente-respecto-al-futuro-de-la-agricultura-ecologica#primaryimage\"},\"thumbnailUrl\":\"https:\/\/www.asajacyl.com\/palencia\/wp-content\/uploads\/sites\/3\/2022\/05\/LONE-ANDRESEN.jpg\",\"datePublished\":\"2022-05-15T10:11:00+00:00\",\"author\":{\"@id\":\"https:\/\/www.asajacyl.com\/palencia\/#\/schema\/person\/3ab17aeb03527485c317557fae64aab1\"},\"description\":\"El informe sobre el Plan de Acci\u00f3n para la producci\u00f3n ecol\u00f3gica, que incide en varias cuestiones importantes para los agricultores y las cooperativas\",\"breadcrumb\":{\"@id\":\"https:\/\/www.asajacyl.com\/palencia\/asaja-palencia-informa\/el-parlamento-europeo-se-posiciona-claramente-respecto-al-futuro-de-la-agricultura-ecologica#breadcrumb\"},\"inLanguage\":\"es\",\"potentialAction\":[{\"@type\":\"ReadAction\",\"target\":[\"https:\/\/www.asajacyl.com\/palencia\/asaja-palencia-informa\/el-parlamento-europeo-se-posiciona-claramente-respecto-al-futuro-de-la-agricultura-ecologica\"]}]},{\"@type\":\"ImageObject\",\"inLanguage\":\"es\",\"@id\":\"https:\/\/www.asajacyl.com\/palencia\/asaja-palencia-informa\/el-parlamento-europeo-se-posiciona-claramente-respecto-al-futuro-de-la-agricultura-ecologica#primaryimage\",\"url\":\"https:\/\/www.asajacyl.com\/palencia\/wp-content\/uploads\/sites\/3\/2022\/05\/LONE-ANDRESEN.jpg\",\"contentUrl\":\"https:\/\/www.asajacyl.com\/palencia\/wp-content\/uploads\/sites\/3\/2022\/05\/LONE-ANDRESEN.jpg\",\"width\":800,\"height\":449},{\"@type\":\"BreadcrumbList\",\"@id\":\"https:\/\/www.asajacyl.com\/palencia\/asaja-palencia-informa\/el-parlamento-europeo-se-posiciona-claramente-respecto-al-futuro-de-la-agricultura-ecologica#breadcrumb\",\"itemListElement\":[{\"@type\":\"ListItem\",\"position\":1,\"name\":\"Portada\",\"item\":\"https:\/\/www.asajacyl.com\/palencia\/\"},{\"@type\":\"ListItem\",\"position\":2,\"name\":\"El Parlamento Europeo se posiciona claramente respecto al futuro de la agricultura ecol\u00f3gica\"}]},{\"@type\":\"WebSite\",\"@id\":\"https:\/\/www.asajacyl.com\/palencia\/#website\",\"url\":\"https:\/\/www.asajacyl.com\/palencia\/\",\"name\":\"ASAJA Palencia\",\"description\":\"Otro sitio m\u00e1s de Provincias ASAJA Castilla y Le\u00f3n\",\"potentialAction\":[{\"@type\":\"SearchAction\",\"target\":{\"@type\":\"EntryPoint\",\"urlTemplate\":\"https:\/\/www.asajacyl.com\/palencia\/?s={search_term_string}\"},\"query-input\":{\"@type\":\"PropertyValueSpecification\",\"valueRequired\":true,\"valueName\":\"search_term_string\"}}],\"inLanguage\":\"es\"},{\"@type\":\"Person\",\"@id\":\"https:\/\/www.asajacyl.com\/palencia\/#\/schema\/person\/3ab17aeb03527485c317557fae64aab1\",\"name\":\"Administrador\",\"image\":{\"@type\":\"ImageObject\",\"inLanguage\":\"es\",\"@id\":\"https:\/\/www.asajacyl.com\/palencia\/#\/schema\/person\/image\/\",\"url\":\"https:\/\/secure.gravatar.com\/avatar\/517384810d242ca9e38c180f3c9fb973?s=96&d=mm&r=g\",\"contentUrl\":\"https:\/\/secure.gravatar.com\/avatar\/517384810d242ca9e38c180f3c9fb973?s=96&d=mm&r=g\",\"caption\":\"Administrador\"},\"url\":\"https:\/\/www.asajacyl.com\/palencia\/author\/carlosrm\"}]}<\/script>\n<!-- \/ Yoast SEO plugin. -->","yoast_head_json":{"title":"El Parlamento Europeo se posiciona claramente respecto al futuro de la agricultura ecol\u00f3gica - ASAJA Palencia","description":"El informe sobre el Plan de Acci\u00f3n para la producci\u00f3n ecol\u00f3gica, que incide en varias cuestiones importantes para los agricultores y las cooperativas","robots":{"index":"index","follow":"follow","max-snippet":"max-snippet:-1","max-image-preview":"max-image-preview:large","max-video-preview":"max-video-preview:-1"},"canonical":"https:\/\/www.asajacyl.com\/palencia\/asaja-palencia-informa\/el-parlamento-europeo-se-posiciona-claramente-respecto-al-futuro-de-la-agricultura-ecologica","og_locale":"es_ES","og_type":"article","og_title":"El Parlamento Europeo se posiciona claramente respecto al futuro de la agricultura ecol\u00f3gica - ASAJA Palencia","og_description":"El informe sobre el Plan de Acci\u00f3n para la producci\u00f3n ecol\u00f3gica, que incide en varias cuestiones importantes para los agricultores y las cooperativas","og_url":"https:\/\/www.asajacyl.com\/palencia\/asaja-palencia-informa\/el-parlamento-europeo-se-posiciona-claramente-respecto-al-futuro-de-la-agricultura-ecologica","og_site_name":"ASAJA Palencia","article_published_time":"2022-05-15T10:11:00+00:00","og_image":[{"width":800,"height":449,"url":"https:\/\/www.asajacyl.com\/palencia\/wp-content\/uploads\/sites\/3\/2022\/05\/LONE-ANDRESEN.jpg","type":"image\/jpeg"}],"author":"Administrador","twitter_card":"summary_large_image","twitter_misc":{"Escrito por":"Administrador","Tiempo de lectura":"3 minutos"},"schema":{"@context":"https:\/\/schema.org","@graph":[{"@type":"WebPage","@id":"https:\/\/www.asajacyl.com\/palencia\/asaja-palencia-informa\/el-parlamento-europeo-se-posiciona-claramente-respecto-al-futuro-de-la-agricultura-ecologica","url":"https:\/\/www.asajacyl.com\/palencia\/asaja-palencia-informa\/el-parlamento-europeo-se-posiciona-claramente-respecto-al-futuro-de-la-agricultura-ecologica","name":"El Parlamento Europeo se posiciona claramente respecto al futuro de la agricultura ecol\u00f3gica - ASAJA Palencia","isPartOf":{"@id":"https:\/\/www.asajacyl.com\/palencia\/#website"},"primaryImageOfPage":{"@id":"https:\/\/www.asajacyl.com\/palencia\/asaja-palencia-informa\/el-parlamento-europeo-se-posiciona-claramente-respecto-al-futuro-de-la-agricultura-ecologica#primaryimage"},"image":{"@id":"https:\/\/www.asajacyl.com\/palencia\/asaja-palencia-informa\/el-parlamento-europeo-se-posiciona-claramente-respecto-al-futuro-de-la-agricultura-ecologica#primaryimage"},"thumbnailUrl":"https:\/\/www.asajacyl.com\/palencia\/wp-content\/uploads\/sites\/3\/2022\/05\/LONE-ANDRESEN.jpg","datePublished":"2022-05-15T10:11:00+00:00","author":{"@id":"https:\/\/www.asajacyl.com\/palencia\/#\/schema\/person\/3ab17aeb03527485c317557fae64aab1"},"description":"El informe sobre el Plan de Acci\u00f3n para la producci\u00f3n ecol\u00f3gica, que incide en varias cuestiones importantes para los agricultores y las cooperativas","breadcrumb":{"@id":"https:\/\/www.asajacyl.com\/palencia\/asaja-palencia-informa\/el-parlamento-europeo-se-posiciona-claramente-respecto-al-futuro-de-la-agricultura-ecologica#breadcrumb"},"inLanguage":"es","potentialAction":[{"@type":"ReadAction","target":["https:\/\/www.asajacyl.com\/palencia\/asaja-palencia-informa\/el-parlamento-europeo-se-posiciona-claramente-respecto-al-futuro-de-la-agricultura-ecologica"]}]},{"@type":"ImageObject","inLanguage":"es","@id":"https:\/\/www.asajacyl.com\/palencia\/asaja-palencia-informa\/el-parlamento-europeo-se-posiciona-claramente-respecto-al-futuro-de-la-agricultura-ecologica#primaryimage","url":"https:\/\/www.asajacyl.com\/palencia\/wp-content\/uploads\/sites\/3\/2022\/05\/LONE-ANDRESEN.jpg","contentUrl":"https:\/\/www.asajacyl.com\/palencia\/wp-content\/uploads\/sites\/3\/2022\/05\/LONE-ANDRESEN.jpg","width":800,"height":449},{"@type":"BreadcrumbList","@id":"https:\/\/www.asajacyl.com\/palencia\/asaja-palencia-informa\/el-parlamento-europeo-se-posiciona-claramente-respecto-al-futuro-de-la-agricultura-ecologica#breadcrumb","itemListElement":[{"@type":"ListItem","position":1,"name":"Portada","item":"https:\/\/www.asajacyl.com\/palencia\/"},{"@type":"ListItem","position":2,"name":"El Parlamento Europeo se posiciona claramente respecto al futuro de la agricultura ecol\u00f3gica"}]},{"@type":"WebSite","@id":"https:\/\/www.asajacyl.com\/palencia\/#website","url":"https:\/\/www.asajacyl.com\/palencia\/","name":"ASAJA Palencia","description":"Otro sitio m\u00e1s de Provincias ASAJA Castilla y Le\u00f3n","potentialAction":[{"@type":"SearchAction","target":{"@type":"EntryPoint","urlTemplate":"https:\/\/www.asajacyl.com\/palencia\/?s={search_term_string}"},"query-input":{"@type":"PropertyValueSpecification","valueRequired":true,"valueName":"search_term_string"}}],"inLanguage":"es"},{"@type":"Person","@id":"https:\/\/www.asajacyl.com\/palencia\/#\/schema\/person\/3ab17aeb03527485c317557fae64aab1","name":"Administrador","image":{"@type":"ImageObject","inLanguage":"es","@id":"https:\/\/www.asajacyl.com\/palencia\/#\/schema\/person\/image\/","url":"https:\/\/secure.gravatar.com\/avatar\/517384810d242ca9e38c180f3c9fb973?s=96&d=mm&r=g","contentUrl":"https:\/\/secure.gravatar.com\/avatar\/517384810d242ca9e38c180f3c9fb973?s=96&d=mm&r=g","caption":"Administrador"},"url":"https:\/\/www.asajacyl.com\/palencia\/author\/carlosrm"}]}},"_links":{"self":[{"href":"https:\/\/www.asajacyl.com\/palencia\/wp-json\/wp\/v2\/posts\/10407"}],"collection":[{"href":"https:\/\/www.asajacyl.com\/palencia\/wp-json\/wp\/v2\/posts"}],"about":[{"href":"https:\/\/www.asajacyl.com\/palencia\/wp-json\/wp\/v2\/types\/post"}],"author":[{"embeddable":true,"href":"https:\/\/www.asajacyl.com\/palencia\/wp-json\/wp\/v2\/users\/9"}],"replies":[{"embeddable":true,"href":"https:\/\/www.asajacyl.com\/palencia\/wp-json\/wp\/v2\/comments?post=10407"}],"version-history":[{"count":1,"href":"https:\/\/www.asajacyl.com\/palencia\/wp-json\/wp\/v2\/posts\/10407\/revisions"}],"predecessor-version":[{"id":10409,"href":"https:\/\/www.asajacyl.com\/palencia\/wp-json\/wp\/v2\/posts\/10407\/revisions\/10409"}],"wp:featuredmedia":[{"embeddable":true,"href":"https:\/\/www.asajacyl.com\/palencia\/wp-json\/wp\/v2\/media\/10408"}],"wp:attachment":[{"href":"https:\/\/www.asajacyl.com\/palencia\/wp-json\/wp\/v2\/media?parent=10407"}],"wp:term":[{"taxonomy":"category","embeddable":true,"href":"https:\/\/www.asajacyl.com\/palencia\/wp-json\/wp\/v2\/categories?post=10407"},{"taxonomy":"post_tag","embeddable":true,"href":"https:\/\/www.asajacyl.com\/palencia\/wp-json\/wp\/v2\/tags?post=10407"}],"curies":[{"name":"wp","href":"https:\/\/api.w.org\/{rel}","templated":true}]}}