{"id":10410,"date":"2022-05-16T12:29:00","date_gmt":"2022-05-16T10:29:00","guid":{"rendered":"https:\/\/www.asajacyl.com\/palencia\/?p=10410"},"modified":"2022-05-10T12:36:04","modified_gmt":"2022-05-10T10:36:04","slug":"la-seguridad-alimentaria-en-la-union-europea-y-en-el-mundo-una-cuestion-que-no-hay-que-dramatizar-pero-tampoco-banalizar","status":"publish","type":"post","link":"https:\/\/www.asajacyl.com\/palencia\/asaja-palencia-informa\/la-seguridad-alimentaria-en-la-union-europea-y-en-el-mundo-una-cuestion-que-no-hay-que-dramatizar-pero-tampoco-banalizar","title":{"rendered":"La seguridad alimentaria en la Uni\u00f3n Europea y en el mundo: una cuesti\u00f3n que no hay que dramatizar pero tampoco banalizar"},"content":{"rendered":"\n<p>El Copa y la Cogeca celebraron sus reuniones presidenciales esta semana en Bruselas. Con motivo de las mismas, varios ponentes de la Comisi\u00f3n Europea, la FAO y el Foro Agrario Nacional de Ucrania analizaron la complejidad de la situaci\u00f3n del sector agroalimentario en Ucrania, en Europa y a nivel mundial. Estas conversaciones contrastaron con la postura que adopt\u00f3 paralelamente el vicepresidente ejecutivo, Frans Timmermans, ante la Comisi\u00f3n de Medio Ambiente.<\/p>\n\n\n\n<p>Los miembros del Copa y la Cogeca conversaron con Mariia Didukh, directora del Foro Agrario Nacional de Ucrania (UNAF, por sus siglas en ingl\u00e9s), e incidieron en la crueldad que sufren en este momento el pueblo ucraniano y nuestros compa\u00f1eros agricultores. Mariia Didukh tambi\u00e9n record\u00f3 oportunamente que antes de la guerra Ucrania contribu\u00eda al suministro alimentario de unos 400 millones de personas en todo el mundo, una cifra que no se puede ignorar.<\/p>\n\n\n\n<p>La m\u00e1xima solidaridad que han expresado el Copa y la Cogeca no se limita a meras palabras. El Sr. Ram\u00f3n Armengol, presidente de la Cogeca, declar\u00f3 lo siguiente: \u00abEn vista de las necesidades humanitarias y el car\u00e1cter excepcional y temporal de las medidas propuestas, la comunidad agr\u00edcola europea respalda las iniciativas presentadas por la Comisi\u00f3n con el fin de reestructurar el abastecimiento tanto en Ucrania como en la Uni\u00f3n Europea. Las normas que rigen la producci\u00f3n de alimentos en la Uni\u00f3n Europea se deben respetar y supervisaremos su cumplimiento para evitar cualquier perturbaci\u00f3n del mercado.\u00bb<\/p>\n\n\n\n<p>Los intercambios de pareceres con el Copa y la Cogeca continuaron con una conversaci\u00f3n con Maximo Torero, economista en jefe de la FAO. El economista ilustr\u00f3 la marcada subida de los precios alimentarios que se espera a nivel mundial y que sigue la estela del incremento de los precios de los insumos agr\u00edcolas. El Sr. Torero se hizo eco de las predicciones de Ant\u00f3nio Guterres respecto a un \u00abhurac\u00e1n de hambre\u00bb a escala mundial, as\u00ed como de los recientes temores del FMI por los \u00abmotines del hambre\u00bb que se vaticinan en el continente africano. Maximo Torero tambi\u00e9n confirm\u00f3 que en Europa no hay que temer ninguna carest\u00eda de alimentos. No obstante, debido a la subida de los precios, sin duda surgir\u00e1 un problema de acceso a la alimentaci\u00f3n para los ciudadanos europeos m\u00e1s desfavorecidos. Esto es algo que el Copa y la Cogeca ya previeron desde que se iniciara la agresi\u00f3n rusa en Ucrania.<\/p>\n\n\n\n<p>Hoy m\u00e1s nunca la Uni\u00f3n Europea deber\u00eda apoyar a sus agricultores y mantener un di\u00e1logo constructivo con ellos. Las desafortunadas declaraciones del vicepresidente ejecutivo, Frans Timmermans, quien se hizo eco de varias noticias falsas divulgadas directamente en las redes sociales, fueron muy mal percibidas por toda la comunidad agr\u00edcola representada en Bruselas. El Copa y la Cogeca invitan tanto a editores como a periodistas a que dediquen algo de tiempo a leer nuestros comunicados sobre este tema.<\/p>\n\n\n\n<p>La presidenta del Copa, la Sra. Christiane Lambert, afirm\u00f3 lo siguiente: \u00abNuestra posici\u00f3n es bastante clara: no hay que dramatizar, pero tampoco banalizar la situaci\u00f3n. Las declaraciones del vicepresidente Timmermans son problem\u00e1ticas en dos sentidos: El Copa y la Cogeca no enfrentan la agricultura con el medio ambiente. Al contrario, los agricultores sabr\u00e1n producir mejor y de forma sostenible. Las cadenas de suministro alimentario se acabar\u00e1n rompiendo en los pa\u00edses m\u00e1s dependientes del mundo, y en este contexto Europa no puede ser ego\u00edsta y mirarse el ombligo. El ADN que dio pie a la construcci\u00f3n del proyecto europeo est\u00e1 marcado por valores de humanismo y solidaridad desde la firma del Tratado de Roma, cuyo prop\u00f3sito fue traer paz y estabilidad a trav\u00e9s del desarrollo y el comercio. La historia se repite ahora sesenta y cinco a\u00f1os despu\u00e9s. Los agricultores europeos tendr\u00e1n que estar a la altura de este reto hist\u00f3rico, una vez m\u00e1s.\u00bb<\/p>\n\n\n\n<div class=\"wp-block-image\"><figure class=\"aligncenter size-large is-resized\"><img loading=\"lazy\" decoding=\"async\" src=\"https:\/\/www.asajacyl.com\/palencia\/wp-content\/uploads\/sites\/3\/2022\/01\/CHRISTIANE-LAMBERT-1024x1022.jpg\" alt=\"\" class=\"wp-image-9741\" width=\"381\" height=\"367\" \/><figcaption>Christiane Lambert, presidenta del COPA<\/figcaption><\/figure><\/div>\n","protected":false},"excerpt":{"rendered":"<p>El Copa y la Cogeca celebraron sus reuniones presidenciales esta semana en Bruselas. Con motivo de las mismas, varios ponentes de la Comisi\u00f3n Europea, la FAO y el Foro Agrario Nacional de Ucrania analizaron la complejidad de la situaci\u00f3n del sector agroalimentario en Ucrania, en Europa y a nivel mundial. Estas conversaciones contrastaron con la [&hellip;]<\/p>\n","protected":false},"author":9,"featured_media":10411,"comment_status":"open","ping_status":"open","sticky":false,"template":"","format":"standard","meta":{"footnotes":""},"categories":[9,29,28],"tags":[],"yoast_head":"<!-- This site is optimized with the Yoast SEO plugin v24.5 - https:\/\/yoast.com\/wordpress\/plugins\/seo\/ -->\n<title>La seguridad alimentaria en la Uni\u00f3n Europea y en el mundo: una cuesti\u00f3n que no hay que dramatizar pero tampoco banalizar - ASAJA Palencia<\/title>\n<meta name=\"description\" content=\"El Copa y la Cogeca celebraron sus reuniones presidenciales esta semana en Bruselas. Con motivo de las mismas, varios ponentes de la Comisi\u00f3n Europea, la\" \/>\n<meta name=\"robots\" content=\"index, follow, max-snippet:-1, max-image-preview:large, max-video-preview:-1\" \/>\n<link rel=\"canonical\" href=\"https:\/\/www.asajacyl.com\/palencia\/asaja-palencia-informa\/la-seguridad-alimentaria-en-la-union-europea-y-en-el-mundo-una-cuestion-que-no-hay-que-dramatizar-pero-tampoco-banalizar\" \/>\n<meta property=\"og:locale\" content=\"es_ES\" \/>\n<meta property=\"og:type\" content=\"article\" \/>\n<meta property=\"og:title\" content=\"La seguridad alimentaria en la Uni\u00f3n Europea y en el mundo: una cuesti\u00f3n que no hay que dramatizar pero tampoco banalizar - ASAJA Palencia\" \/>\n<meta property=\"og:description\" content=\"El Copa y la Cogeca celebraron sus reuniones presidenciales esta semana en Bruselas. Con motivo de las mismas, varios ponentes de la Comisi\u00f3n Europea, la\" \/>\n<meta property=\"og:url\" content=\"https:\/\/www.asajacyl.com\/palencia\/asaja-palencia-informa\/la-seguridad-alimentaria-en-la-union-europea-y-en-el-mundo-una-cuestion-que-no-hay-que-dramatizar-pero-tampoco-banalizar\" \/>\n<meta property=\"og:site_name\" content=\"ASAJA Palencia\" \/>\n<meta property=\"article:published_time\" content=\"2022-05-16T10:29:00+00:00\" \/>\n<meta property=\"og:image\" content=\"https:\/\/www.asajacyl.com\/palencia\/wp-content\/uploads\/sites\/3\/2022\/05\/COLZA-3.jpg\" \/>\n\t<meta property=\"og:image:width\" content=\"2500\" \/>\n\t<meta property=\"og:image:height\" content=\"1875\" \/>\n\t<meta property=\"og:image:type\" content=\"image\/jpeg\" \/>\n<meta name=\"author\" content=\"Administrador\" \/>\n<meta name=\"twitter:card\" content=\"summary_large_image\" \/>\n<meta name=\"twitter:label1\" content=\"Escrito por\" \/>\n\t<meta name=\"twitter:data1\" content=\"Administrador\" \/>\n\t<meta name=\"twitter:label2\" content=\"Tiempo de lectura\" \/>\n\t<meta name=\"twitter:data2\" content=\"4 minutos\" \/>\n<script type=\"application\/ld+json\" class=\"yoast-schema-graph\">{\"@context\":\"https:\/\/schema.org\",\"@graph\":[{\"@type\":\"WebPage\",\"@id\":\"https:\/\/www.asajacyl.com\/palencia\/asaja-palencia-informa\/la-seguridad-alimentaria-en-la-union-europea-y-en-el-mundo-una-cuestion-que-no-hay-que-dramatizar-pero-tampoco-banalizar\",\"url\":\"https:\/\/www.asajacyl.com\/palencia\/asaja-palencia-informa\/la-seguridad-alimentaria-en-la-union-europea-y-en-el-mundo-una-cuestion-que-no-hay-que-dramatizar-pero-tampoco-banalizar\",\"name\":\"La seguridad alimentaria en la Uni\u00f3n Europea y en el mundo: una cuesti\u00f3n que no hay que dramatizar pero tampoco banalizar - ASAJA Palencia\",\"isPartOf\":{\"@id\":\"https:\/\/www.asajacyl.com\/palencia\/#website\"},\"primaryImageOfPage\":{\"@id\":\"https:\/\/www.asajacyl.com\/palencia\/asaja-palencia-informa\/la-seguridad-alimentaria-en-la-union-europea-y-en-el-mundo-una-cuestion-que-no-hay-que-dramatizar-pero-tampoco-banalizar#primaryimage\"},\"image\":{\"@id\":\"https:\/\/www.asajacyl.com\/palencia\/asaja-palencia-informa\/la-seguridad-alimentaria-en-la-union-europea-y-en-el-mundo-una-cuestion-que-no-hay-que-dramatizar-pero-tampoco-banalizar#primaryimage\"},\"thumbnailUrl\":\"https:\/\/www.asajacyl.com\/palencia\/wp-content\/uploads\/sites\/3\/2022\/05\/COLZA-3.jpg\",\"datePublished\":\"2022-05-16T10:29:00+00:00\",\"author\":{\"@id\":\"https:\/\/www.asajacyl.com\/palencia\/#\/schema\/person\/3ab17aeb03527485c317557fae64aab1\"},\"description\":\"El Copa y la Cogeca celebraron sus reuniones presidenciales esta semana en Bruselas. Con motivo de las mismas, varios ponentes de la Comisi\u00f3n Europea, la\",\"breadcrumb\":{\"@id\":\"https:\/\/www.asajacyl.com\/palencia\/asaja-palencia-informa\/la-seguridad-alimentaria-en-la-union-europea-y-en-el-mundo-una-cuestion-que-no-hay-que-dramatizar-pero-tampoco-banalizar#breadcrumb\"},\"inLanguage\":\"es\",\"potentialAction\":[{\"@type\":\"ReadAction\",\"target\":[\"https:\/\/www.asajacyl.com\/palencia\/asaja-palencia-informa\/la-seguridad-alimentaria-en-la-union-europea-y-en-el-mundo-una-cuestion-que-no-hay-que-dramatizar-pero-tampoco-banalizar\"]}]},{\"@type\":\"ImageObject\",\"inLanguage\":\"es\",\"@id\":\"https:\/\/www.asajacyl.com\/palencia\/asaja-palencia-informa\/la-seguridad-alimentaria-en-la-union-europea-y-en-el-mundo-una-cuestion-que-no-hay-que-dramatizar-pero-tampoco-banalizar#primaryimage\",\"url\":\"https:\/\/www.asajacyl.com\/palencia\/wp-content\/uploads\/sites\/3\/2022\/05\/COLZA-3.jpg\",\"contentUrl\":\"https:\/\/www.asajacyl.com\/palencia\/wp-content\/uploads\/sites\/3\/2022\/05\/COLZA-3.jpg\",\"width\":2500,\"height\":1875},{\"@type\":\"BreadcrumbList\",\"@id\":\"https:\/\/www.asajacyl.com\/palencia\/asaja-palencia-informa\/la-seguridad-alimentaria-en-la-union-europea-y-en-el-mundo-una-cuestion-que-no-hay-que-dramatizar-pero-tampoco-banalizar#breadcrumb\",\"itemListElement\":[{\"@type\":\"ListItem\",\"position\":1,\"name\":\"Portada\",\"item\":\"https:\/\/www.asajacyl.com\/palencia\/\"},{\"@type\":\"ListItem\",\"position\":2,\"name\":\"La seguridad alimentaria en la Uni\u00f3n Europea y en el mundo: una cuesti\u00f3n que no hay que dramatizar pero tampoco banalizar\"}]},{\"@type\":\"WebSite\",\"@id\":\"https:\/\/www.asajacyl.com\/palencia\/#website\",\"url\":\"https:\/\/www.asajacyl.com\/palencia\/\",\"name\":\"ASAJA Palencia\",\"description\":\"Otro sitio m\u00e1s de Provincias ASAJA Castilla y Le\u00f3n\",\"potentialAction\":[{\"@type\":\"SearchAction\",\"target\":{\"@type\":\"EntryPoint\",\"urlTemplate\":\"https:\/\/www.asajacyl.com\/palencia\/?s={search_term_string}\"},\"query-input\":{\"@type\":\"PropertyValueSpecification\",\"valueRequired\":true,\"valueName\":\"search_term_string\"}}],\"inLanguage\":\"es\"},{\"@type\":\"Person\",\"@id\":\"https:\/\/www.asajacyl.com\/palencia\/#\/schema\/person\/3ab17aeb03527485c317557fae64aab1\",\"name\":\"Administrador\",\"image\":{\"@type\":\"ImageObject\",\"inLanguage\":\"es\",\"@id\":\"https:\/\/www.asajacyl.com\/palencia\/#\/schema\/person\/image\/\",\"url\":\"https:\/\/secure.gravatar.com\/avatar\/517384810d242ca9e38c180f3c9fb973?s=96&d=mm&r=g\",\"contentUrl\":\"https:\/\/secure.gravatar.com\/avatar\/517384810d242ca9e38c180f3c9fb973?s=96&d=mm&r=g\",\"caption\":\"Administrador\"},\"url\":\"https:\/\/www.asajacyl.com\/palencia\/author\/carlosrm\"}]}<\/script>\n<!-- \/ Yoast SEO plugin. -->","yoast_head_json":{"title":"La seguridad alimentaria en la Uni\u00f3n Europea y en el mundo: una cuesti\u00f3n que no hay que dramatizar pero tampoco banalizar - ASAJA Palencia","description":"El Copa y la Cogeca celebraron sus reuniones presidenciales esta semana en Bruselas. Con motivo de las mismas, varios ponentes de la Comisi\u00f3n Europea, la","robots":{"index":"index","follow":"follow","max-snippet":"max-snippet:-1","max-image-preview":"max-image-preview:large","max-video-preview":"max-video-preview:-1"},"canonical":"https:\/\/www.asajacyl.com\/palencia\/asaja-palencia-informa\/la-seguridad-alimentaria-en-la-union-europea-y-en-el-mundo-una-cuestion-que-no-hay-que-dramatizar-pero-tampoco-banalizar","og_locale":"es_ES","og_type":"article","og_title":"La seguridad alimentaria en la Uni\u00f3n Europea y en el mundo: una cuesti\u00f3n que no hay que dramatizar pero tampoco banalizar - ASAJA Palencia","og_description":"El Copa y la Cogeca celebraron sus reuniones presidenciales esta semana en Bruselas. Con motivo de las mismas, varios ponentes de la Comisi\u00f3n Europea, la","og_url":"https:\/\/www.asajacyl.com\/palencia\/asaja-palencia-informa\/la-seguridad-alimentaria-en-la-union-europea-y-en-el-mundo-una-cuestion-que-no-hay-que-dramatizar-pero-tampoco-banalizar","og_site_name":"ASAJA Palencia","article_published_time":"2022-05-16T10:29:00+00:00","og_image":[{"width":2500,"height":1875,"url":"https:\/\/www.asajacyl.com\/palencia\/wp-content\/uploads\/sites\/3\/2022\/05\/COLZA-3.jpg","type":"image\/jpeg"}],"author":"Administrador","twitter_card":"summary_large_image","twitter_misc":{"Escrito por":"Administrador","Tiempo de lectura":"4 minutos"},"schema":{"@context":"https:\/\/schema.org","@graph":[{"@type":"WebPage","@id":"https:\/\/www.asajacyl.com\/palencia\/asaja-palencia-informa\/la-seguridad-alimentaria-en-la-union-europea-y-en-el-mundo-una-cuestion-que-no-hay-que-dramatizar-pero-tampoco-banalizar","url":"https:\/\/www.asajacyl.com\/palencia\/asaja-palencia-informa\/la-seguridad-alimentaria-en-la-union-europea-y-en-el-mundo-una-cuestion-que-no-hay-que-dramatizar-pero-tampoco-banalizar","name":"La seguridad alimentaria en la Uni\u00f3n Europea y en el mundo: una cuesti\u00f3n que no hay que dramatizar pero tampoco banalizar - ASAJA Palencia","isPartOf":{"@id":"https:\/\/www.asajacyl.com\/palencia\/#website"},"primaryImageOfPage":{"@id":"https:\/\/www.asajacyl.com\/palencia\/asaja-palencia-informa\/la-seguridad-alimentaria-en-la-union-europea-y-en-el-mundo-una-cuestion-que-no-hay-que-dramatizar-pero-tampoco-banalizar#primaryimage"},"image":{"@id":"https:\/\/www.asajacyl.com\/palencia\/asaja-palencia-informa\/la-seguridad-alimentaria-en-la-union-europea-y-en-el-mundo-una-cuestion-que-no-hay-que-dramatizar-pero-tampoco-banalizar#primaryimage"},"thumbnailUrl":"https:\/\/www.asajacyl.com\/palencia\/wp-content\/uploads\/sites\/3\/2022\/05\/COLZA-3.jpg","datePublished":"2022-05-16T10:29:00+00:00","author":{"@id":"https:\/\/www.asajacyl.com\/palencia\/#\/schema\/person\/3ab17aeb03527485c317557fae64aab1"},"description":"El Copa y la Cogeca celebraron sus reuniones presidenciales esta semana en Bruselas. Con motivo de las mismas, varios ponentes de la Comisi\u00f3n Europea, la","breadcrumb":{"@id":"https:\/\/www.asajacyl.com\/palencia\/asaja-palencia-informa\/la-seguridad-alimentaria-en-la-union-europea-y-en-el-mundo-una-cuestion-que-no-hay-que-dramatizar-pero-tampoco-banalizar#breadcrumb"},"inLanguage":"es","potentialAction":[{"@type":"ReadAction","target":["https:\/\/www.asajacyl.com\/palencia\/asaja-palencia-informa\/la-seguridad-alimentaria-en-la-union-europea-y-en-el-mundo-una-cuestion-que-no-hay-que-dramatizar-pero-tampoco-banalizar"]}]},{"@type":"ImageObject","inLanguage":"es","@id":"https:\/\/www.asajacyl.com\/palencia\/asaja-palencia-informa\/la-seguridad-alimentaria-en-la-union-europea-y-en-el-mundo-una-cuestion-que-no-hay-que-dramatizar-pero-tampoco-banalizar#primaryimage","url":"https:\/\/www.asajacyl.com\/palencia\/wp-content\/uploads\/sites\/3\/2022\/05\/COLZA-3.jpg","contentUrl":"https:\/\/www.asajacyl.com\/palencia\/wp-content\/uploads\/sites\/3\/2022\/05\/COLZA-3.jpg","width":2500,"height":1875},{"@type":"BreadcrumbList","@id":"https:\/\/www.asajacyl.com\/palencia\/asaja-palencia-informa\/la-seguridad-alimentaria-en-la-union-europea-y-en-el-mundo-una-cuestion-que-no-hay-que-dramatizar-pero-tampoco-banalizar#breadcrumb","itemListElement":[{"@type":"ListItem","position":1,"name":"Portada","item":"https:\/\/www.asajacyl.com\/palencia\/"},{"@type":"ListItem","position":2,"name":"La seguridad alimentaria en la Uni\u00f3n Europea y en el mundo: una cuesti\u00f3n que no hay que dramatizar pero tampoco banalizar"}]},{"@type":"WebSite","@id":"https:\/\/www.asajacyl.com\/palencia\/#website","url":"https:\/\/www.asajacyl.com\/palencia\/","name":"ASAJA Palencia","description":"Otro sitio m\u00e1s de Provincias ASAJA Castilla y Le\u00f3n","potentialAction":[{"@type":"SearchAction","target":{"@type":"EntryPoint","urlTemplate":"https:\/\/www.asajacyl.com\/palencia\/?s={search_term_string}"},"query-input":{"@type":"PropertyValueSpecification","valueRequired":true,"valueName":"search_term_string"}}],"inLanguage":"es"},{"@type":"Person","@id":"https:\/\/www.asajacyl.com\/palencia\/#\/schema\/person\/3ab17aeb03527485c317557fae64aab1","name":"Administrador","image":{"@type":"ImageObject","inLanguage":"es","@id":"https:\/\/www.asajacyl.com\/palencia\/#\/schema\/person\/image\/","url":"https:\/\/secure.gravatar.com\/avatar\/517384810d242ca9e38c180f3c9fb973?s=96&d=mm&r=g","contentUrl":"https:\/\/secure.gravatar.com\/avatar\/517384810d242ca9e38c180f3c9fb973?s=96&d=mm&r=g","caption":"Administrador"},"url":"https:\/\/www.asajacyl.com\/palencia\/author\/carlosrm"}]}},"_links":{"self":[{"href":"https:\/\/www.asajacyl.com\/palencia\/wp-json\/wp\/v2\/posts\/10410"}],"collection":[{"href":"https:\/\/www.asajacyl.com\/palencia\/wp-json\/wp\/v2\/posts"}],"about":[{"href":"https:\/\/www.asajacyl.com\/palencia\/wp-json\/wp\/v2\/types\/post"}],"author":[{"embeddable":true,"href":"https:\/\/www.asajacyl.com\/palencia\/wp-json\/wp\/v2\/users\/9"}],"replies":[{"embeddable":true,"href":"https:\/\/www.asajacyl.com\/palencia\/wp-json\/wp\/v2\/comments?post=10410"}],"version-history":[{"count":1,"href":"https:\/\/www.asajacyl.com\/palencia\/wp-json\/wp\/v2\/posts\/10410\/revisions"}],"predecessor-version":[{"id":10412,"href":"https:\/\/www.asajacyl.com\/palencia\/wp-json\/wp\/v2\/posts\/10410\/revisions\/10412"}],"wp:featuredmedia":[{"embeddable":true,"href":"https:\/\/www.asajacyl.com\/palencia\/wp-json\/wp\/v2\/media\/10411"}],"wp:attachment":[{"href":"https:\/\/www.asajacyl.com\/palencia\/wp-json\/wp\/v2\/media?parent=10410"}],"wp:term":[{"taxonomy":"category","embeddable":true,"href":"https:\/\/www.asajacyl.com\/palencia\/wp-json\/wp\/v2\/categories?post=10410"},{"taxonomy":"post_tag","embeddable":true,"href":"https:\/\/www.asajacyl.com\/palencia\/wp-json\/wp\/v2\/tags?post=10410"}],"curies":[{"name":"wp","href":"https:\/\/api.w.org\/{rel}","templated":true}]}}