{"id":10413,"date":"2022-05-11T13:50:36","date_gmt":"2022-05-11T11:50:36","guid":{"rendered":"https:\/\/www.asajacyl.com\/palencia\/?p=10413"},"modified":"2022-05-11T14:02:42","modified_gmt":"2022-05-11T12:02:42","slug":"luces-y-sombras-para-palencia-en-la-reduccion-de-modulos-recien-publicada","status":"publish","type":"post","link":"https:\/\/www.asajacyl.com\/palencia\/asaja-palencia-informa\/luces-y-sombras-para-palencia-en-la-reduccion-de-modulos-recien-publicada","title":{"rendered":"Luces y sombras para Palencia en la reducci\u00f3n de m\u00f3dulos reci\u00e9n publicada"},"content":{"rendered":"\n<p>En el d\u00eda de hoy se ha publicado la ansiada reducci\u00f3n de m\u00f3dulos correspondiente a la renta 2021, aunque ya en marzo conocimos la reducci\u00f3n del rendimiento neto de m\u00f3dulos en un 20% motivada por el incremento de los costes de producci\u00f3n y por la sequ\u00eda que afectaba a ciertas partes de Espa\u00f1a.<\/p>\n\n\n\n<p>En la orden publicada hoy se aumenta la reducci\u00f3n aplicable a aquellos ganaderos que adquieren m\u00e1s de la mitad de la alimentaci\u00f3n animal de su explotaci\u00f3n. Tambi\u00e9n se aumenta la reducci\u00f3n para aquellos regantes que utilizan la energ\u00eda el\u00e9ctrica para impulsar el agua.<\/p>\n\n\n\n<p>Adem\u00e1s, se incluyen distintos sectores a los que se reducir\u00e1 \u2013en un \u00e1mbito nacional- el m\u00f3dulo a aplicar en la declaraci\u00f3n del IRPF: apicultura; avicultura; bovino de carne, cr\u00eda y leche; cunicultura; equino; porcino de carne y cr\u00eda; ovino y caprino de carne y leche y uva para vino.<\/p>\n\n\n\n<p>Finalmente se incluyen reducciones originadas por la siniestralidad donde, ya a nivel provincial, se incluye una reducci\u00f3n general a toda la veza destinada a forraje. Adem\u00e1s se incluyen varias decenas de municipios de nuestra provincia, donde los que est\u00e1n tienen que estar pero se echan de menos muchos municipios muy afectados por los siniestros, principalmente de pedrisco, que no se ver\u00e1n beneficiados por esta reducci\u00f3n fiscal.<\/p>\n\n\n\n<p>Es de agradecer que se publiquen estas reducciones de m\u00f3dulos para que el aspecto tributario refleje fielmente la realidad de los municipios y agricultores y ganaderos no tengan una carga impositiva superior a la que les deber\u00eda corresponder pero el Ministerio de Hacienda podr\u00eda tener m\u00e1s tacto y no excluir municipios con una marcada siniestralidad o a cultivos como la alfalfa o la patata. Tambi\u00e9n ser\u00eda importante que estas \u00f3rdenes se publiquen con mucha mayor antelaci\u00f3n. La tramitaci\u00f3n de la renta 2021 comenz\u00f3 el 6 de abril y a esa fecha deber\u00edan conocerse todos los datos necesarios para su presentaci\u00f3n, no es de recibo que el sector agrario tenga que esperar m\u00e1s de un mes para poder empezar a trabajar en la campa\u00f1a de la renta.<\/p>\n\n\n\n<p>Los municipios incluidos en la orden del Ministerio de Hacienda y Funci\u00f3n P\u00fablica, que tienen derecho a la reducci\u00f3n de m\u00f3dulos en los cereales, son:<\/p>\n\n\n\n<figure class=\"wp-block-table aligncenter is-style-stripes\"><table><tbody><tr><td>AMPUDIA<\/td><\/tr><tr><td>AMUSCO<\/td><\/tr><tr><td>ANTIG\u00dcEDAD<\/td><\/tr><tr><td>ASTUDILLO<\/td><\/tr><tr><td>BALTANAS<\/td><\/tr><tr><td>BECERRIL DE CAMPOS<\/td><\/tr><tr><td>BOADA DE CAMPOS<\/td><\/tr><tr><td>CALAHORRA DE BOEDO (s\u00f3lo forrajes)<\/td><\/tr><tr><td>CAPILLAS<\/td><\/tr><tr><td>CARRION DE LOS CONDES<\/td><\/tr><tr><td>CASTIL DE VELA<\/td><\/tr><tr><td>CASTREJON DE LA PE\u00d1A<\/td><\/tr><tr><td>CASTROMOCHO<\/td><\/tr><tr><td>CEVICO NAVERO<\/td><\/tr><tr><td>COBOS DE CERRATO<\/td><\/tr><tr><td>CORDOVILLA LA REAL (s\u00f3lo remolacha)<\/td><\/tr><tr><td>ESPINOSA DE CERRATO<\/td><\/tr><tr><td>FUENTES DE VALDEPERO<\/td><\/tr><tr><td>HERRERA DE PISUERGA<\/td><\/tr><tr><td>HORNILLOS DE CERRATO<\/td><\/tr><tr><td>MENESES DE CAMPOS<\/td><\/tr><tr><td>OSORNO<\/td><\/tr><tr><td>PALENCIA<\/td><\/tr><tr><td>PALENZUELA<\/td><\/tr><tr><td>QUINTANA DEL PUENTE (tambi\u00e9n en hort\u00edcolas)<\/td><\/tr><tr><td>REQUENA DE CAMPOS<\/td><\/tr><tr><td>SANTA CRUZ DE BOEDO<\/td><\/tr><tr><td>TABANERA DE CERRATO<\/td><\/tr><tr><td>TORQUEMADA<\/td><\/tr><tr><td>VILLADA<\/td><\/tr><tr><td>VILLAMUERA DE LA CUEZA<\/td><\/tr><tr><td>VILLAMURIEL DE CERRATO<\/td><\/tr><tr><td>VILLERIAS<\/td><\/tr><\/tbody><\/table><\/figure>\n","protected":false},"excerpt":{"rendered":"<p>En el d\u00eda de hoy se ha publicado la ansiada reducci\u00f3n de m\u00f3dulos correspondiente a la renta 2021, aunque ya en marzo conocimos la reducci\u00f3n del rendimiento neto de m\u00f3dulos en un 20% motivada por el incremento de los costes de producci\u00f3n y por la sequ\u00eda que afectaba a ciertas partes de Espa\u00f1a. En la [&hellip;]<\/p>\n","protected":false},"author":9,"featured_media":9472,"comment_status":"open","ping_status":"open","sticky":false,"template":"","format":"standard","meta":{"footnotes":""},"categories":[9,29,28],"tags":[],"yoast_head":"<!-- This site is optimized with the Yoast SEO plugin v24.5 - https:\/\/yoast.com\/wordpress\/plugins\/seo\/ -->\n<title>Luces y sombras para Palencia en la reducci\u00f3n de m\u00f3dulos reci\u00e9n publicada - ASAJA Palencia<\/title>\n<meta name=\"description\" content=\"En el d\u00eda de hoy se ha publicado la ansiada reducci\u00f3n de m\u00f3dulos correspondiente a la renta 2021, aunque ya en marzo conocimos la reducci\u00f3n del\" \/>\n<meta name=\"robots\" content=\"index, follow, max-snippet:-1, max-image-preview:large, max-video-preview:-1\" \/>\n<link rel=\"canonical\" href=\"https:\/\/www.asajacyl.com\/palencia\/asaja-palencia-informa\/luces-y-sombras-para-palencia-en-la-reduccion-de-modulos-recien-publicada\" \/>\n<meta property=\"og:locale\" content=\"es_ES\" \/>\n<meta property=\"og:type\" content=\"article\" \/>\n<meta property=\"og:title\" content=\"Luces y sombras para Palencia en la reducci\u00f3n de m\u00f3dulos reci\u00e9n publicada - ASAJA Palencia\" \/>\n<meta property=\"og:description\" content=\"En el d\u00eda de hoy se ha publicado la ansiada reducci\u00f3n de m\u00f3dulos correspondiente a la renta 2021, aunque ya en marzo conocimos la reducci\u00f3n del\" \/>\n<meta property=\"og:url\" content=\"https:\/\/www.asajacyl.com\/palencia\/asaja-palencia-informa\/luces-y-sombras-para-palencia-en-la-reduccion-de-modulos-recien-publicada\" \/>\n<meta property=\"og:site_name\" content=\"ASAJA Palencia\" \/>\n<meta property=\"article:published_time\" content=\"2022-05-11T11:50:36+00:00\" \/>\n<meta property=\"article:modified_time\" content=\"2022-05-11T12:02:42+00:00\" \/>\n<meta property=\"og:image\" content=\"https:\/\/www.asajacyl.com\/palencia\/wp-content\/uploads\/sites\/3\/2021\/12\/HACIENDA.jpg\" \/>\n\t<meta property=\"og:image:width\" content=\"630\" \/>\n\t<meta property=\"og:image:height\" content=\"320\" \/>\n\t<meta property=\"og:image:type\" content=\"image\/jpeg\" \/>\n<meta name=\"author\" content=\"Administrador\" \/>\n<meta name=\"twitter:card\" content=\"summary_large_image\" \/>\n<meta name=\"twitter:label1\" content=\"Escrito por\" \/>\n\t<meta name=\"twitter:data1\" content=\"Administrador\" \/>\n\t<meta name=\"twitter:label2\" content=\"Tiempo de lectura\" \/>\n\t<meta name=\"twitter:data2\" content=\"3 minutos\" \/>\n<script type=\"application\/ld+json\" class=\"yoast-schema-graph\">{\"@context\":\"https:\/\/schema.org\",\"@graph\":[{\"@type\":\"WebPage\",\"@id\":\"https:\/\/www.asajacyl.com\/palencia\/asaja-palencia-informa\/luces-y-sombras-para-palencia-en-la-reduccion-de-modulos-recien-publicada\",\"url\":\"https:\/\/www.asajacyl.com\/palencia\/asaja-palencia-informa\/luces-y-sombras-para-palencia-en-la-reduccion-de-modulos-recien-publicada\",\"name\":\"Luces y sombras para Palencia en la reducci\u00f3n de m\u00f3dulos reci\u00e9n publicada - ASAJA Palencia\",\"isPartOf\":{\"@id\":\"https:\/\/www.asajacyl.com\/palencia\/#website\"},\"primaryImageOfPage\":{\"@id\":\"https:\/\/www.asajacyl.com\/palencia\/asaja-palencia-informa\/luces-y-sombras-para-palencia-en-la-reduccion-de-modulos-recien-publicada#primaryimage\"},\"image\":{\"@id\":\"https:\/\/www.asajacyl.com\/palencia\/asaja-palencia-informa\/luces-y-sombras-para-palencia-en-la-reduccion-de-modulos-recien-publicada#primaryimage\"},\"thumbnailUrl\":\"https:\/\/www.asajacyl.com\/palencia\/wp-content\/uploads\/sites\/3\/2021\/12\/HACIENDA.jpg\",\"datePublished\":\"2022-05-11T11:50:36+00:00\",\"dateModified\":\"2022-05-11T12:02:42+00:00\",\"author\":{\"@id\":\"https:\/\/www.asajacyl.com\/palencia\/#\/schema\/person\/3ab17aeb03527485c317557fae64aab1\"},\"description\":\"En el d\u00eda de hoy se ha publicado la ansiada reducci\u00f3n de m\u00f3dulos correspondiente a la renta 2021, aunque ya en marzo conocimos la reducci\u00f3n del\",\"breadcrumb\":{\"@id\":\"https:\/\/www.asajacyl.com\/palencia\/asaja-palencia-informa\/luces-y-sombras-para-palencia-en-la-reduccion-de-modulos-recien-publicada#breadcrumb\"},\"inLanguage\":\"es\",\"potentialAction\":[{\"@type\":\"ReadAction\",\"target\":[\"https:\/\/www.asajacyl.com\/palencia\/asaja-palencia-informa\/luces-y-sombras-para-palencia-en-la-reduccion-de-modulos-recien-publicada\"]}]},{\"@type\":\"ImageObject\",\"inLanguage\":\"es\",\"@id\":\"https:\/\/www.asajacyl.com\/palencia\/asaja-palencia-informa\/luces-y-sombras-para-palencia-en-la-reduccion-de-modulos-recien-publicada#primaryimage\",\"url\":\"https:\/\/www.asajacyl.com\/palencia\/wp-content\/uploads\/sites\/3\/2021\/12\/HACIENDA.jpg\",\"contentUrl\":\"https:\/\/www.asajacyl.com\/palencia\/wp-content\/uploads\/sites\/3\/2021\/12\/HACIENDA.jpg\",\"width\":630,\"height\":320},{\"@type\":\"BreadcrumbList\",\"@id\":\"https:\/\/www.asajacyl.com\/palencia\/asaja-palencia-informa\/luces-y-sombras-para-palencia-en-la-reduccion-de-modulos-recien-publicada#breadcrumb\",\"itemListElement\":[{\"@type\":\"ListItem\",\"position\":1,\"name\":\"Portada\",\"item\":\"https:\/\/www.asajacyl.com\/palencia\/\"},{\"@type\":\"ListItem\",\"position\":2,\"name\":\"Luces y sombras para Palencia en la reducci\u00f3n de m\u00f3dulos reci\u00e9n publicada\"}]},{\"@type\":\"WebSite\",\"@id\":\"https:\/\/www.asajacyl.com\/palencia\/#website\",\"url\":\"https:\/\/www.asajacyl.com\/palencia\/\",\"name\":\"ASAJA Palencia\",\"description\":\"Otro sitio m\u00e1s de Provincias ASAJA Castilla y Le\u00f3n\",\"potentialAction\":[{\"@type\":\"SearchAction\",\"target\":{\"@type\":\"EntryPoint\",\"urlTemplate\":\"https:\/\/www.asajacyl.com\/palencia\/?s={search_term_string}\"},\"query-input\":{\"@type\":\"PropertyValueSpecification\",\"valueRequired\":true,\"valueName\":\"search_term_string\"}}],\"inLanguage\":\"es\"},{\"@type\":\"Person\",\"@id\":\"https:\/\/www.asajacyl.com\/palencia\/#\/schema\/person\/3ab17aeb03527485c317557fae64aab1\",\"name\":\"Administrador\",\"image\":{\"@type\":\"ImageObject\",\"inLanguage\":\"es\",\"@id\":\"https:\/\/www.asajacyl.com\/palencia\/#\/schema\/person\/image\/\",\"url\":\"https:\/\/secure.gravatar.com\/avatar\/517384810d242ca9e38c180f3c9fb973?s=96&d=mm&r=g\",\"contentUrl\":\"https:\/\/secure.gravatar.com\/avatar\/517384810d242ca9e38c180f3c9fb973?s=96&d=mm&r=g\",\"caption\":\"Administrador\"},\"url\":\"https:\/\/www.asajacyl.com\/palencia\/author\/carlosrm\"}]}<\/script>\n<!-- \/ Yoast SEO plugin. -->","yoast_head_json":{"title":"Luces y sombras para Palencia en la reducci\u00f3n de m\u00f3dulos reci\u00e9n publicada - ASAJA Palencia","description":"En el d\u00eda de hoy se ha publicado la ansiada reducci\u00f3n de m\u00f3dulos correspondiente a la renta 2021, aunque ya en marzo conocimos la reducci\u00f3n del","robots":{"index":"index","follow":"follow","max-snippet":"max-snippet:-1","max-image-preview":"max-image-preview:large","max-video-preview":"max-video-preview:-1"},"canonical":"https:\/\/www.asajacyl.com\/palencia\/asaja-palencia-informa\/luces-y-sombras-para-palencia-en-la-reduccion-de-modulos-recien-publicada","og_locale":"es_ES","og_type":"article","og_title":"Luces y sombras para Palencia en la reducci\u00f3n de m\u00f3dulos reci\u00e9n publicada - ASAJA Palencia","og_description":"En el d\u00eda de hoy se ha publicado la ansiada reducci\u00f3n de m\u00f3dulos correspondiente a la renta 2021, aunque ya en marzo conocimos la reducci\u00f3n del","og_url":"https:\/\/www.asajacyl.com\/palencia\/asaja-palencia-informa\/luces-y-sombras-para-palencia-en-la-reduccion-de-modulos-recien-publicada","og_site_name":"ASAJA Palencia","article_published_time":"2022-05-11T11:50:36+00:00","article_modified_time":"2022-05-11T12:02:42+00:00","og_image":[{"width":630,"height":320,"url":"https:\/\/www.asajacyl.com\/palencia\/wp-content\/uploads\/sites\/3\/2021\/12\/HACIENDA.jpg","type":"image\/jpeg"}],"author":"Administrador","twitter_card":"summary_large_image","twitter_misc":{"Escrito por":"Administrador","Tiempo de lectura":"3 minutos"},"schema":{"@context":"https:\/\/schema.org","@graph":[{"@type":"WebPage","@id":"https:\/\/www.asajacyl.com\/palencia\/asaja-palencia-informa\/luces-y-sombras-para-palencia-en-la-reduccion-de-modulos-recien-publicada","url":"https:\/\/www.asajacyl.com\/palencia\/asaja-palencia-informa\/luces-y-sombras-para-palencia-en-la-reduccion-de-modulos-recien-publicada","name":"Luces y sombras para Palencia en la reducci\u00f3n de m\u00f3dulos reci\u00e9n publicada - ASAJA Palencia","isPartOf":{"@id":"https:\/\/www.asajacyl.com\/palencia\/#website"},"primaryImageOfPage":{"@id":"https:\/\/www.asajacyl.com\/palencia\/asaja-palencia-informa\/luces-y-sombras-para-palencia-en-la-reduccion-de-modulos-recien-publicada#primaryimage"},"image":{"@id":"https:\/\/www.asajacyl.com\/palencia\/asaja-palencia-informa\/luces-y-sombras-para-palencia-en-la-reduccion-de-modulos-recien-publicada#primaryimage"},"thumbnailUrl":"https:\/\/www.asajacyl.com\/palencia\/wp-content\/uploads\/sites\/3\/2021\/12\/HACIENDA.jpg","datePublished":"2022-05-11T11:50:36+00:00","dateModified":"2022-05-11T12:02:42+00:00","author":{"@id":"https:\/\/www.asajacyl.com\/palencia\/#\/schema\/person\/3ab17aeb03527485c317557fae64aab1"},"description":"En el d\u00eda de hoy se ha publicado la ansiada reducci\u00f3n de m\u00f3dulos correspondiente a la renta 2021, aunque ya en marzo conocimos la reducci\u00f3n del","breadcrumb":{"@id":"https:\/\/www.asajacyl.com\/palencia\/asaja-palencia-informa\/luces-y-sombras-para-palencia-en-la-reduccion-de-modulos-recien-publicada#breadcrumb"},"inLanguage":"es","potentialAction":[{"@type":"ReadAction","target":["https:\/\/www.asajacyl.com\/palencia\/asaja-palencia-informa\/luces-y-sombras-para-palencia-en-la-reduccion-de-modulos-recien-publicada"]}]},{"@type":"ImageObject","inLanguage":"es","@id":"https:\/\/www.asajacyl.com\/palencia\/asaja-palencia-informa\/luces-y-sombras-para-palencia-en-la-reduccion-de-modulos-recien-publicada#primaryimage","url":"https:\/\/www.asajacyl.com\/palencia\/wp-content\/uploads\/sites\/3\/2021\/12\/HACIENDA.jpg","contentUrl":"https:\/\/www.asajacyl.com\/palencia\/wp-content\/uploads\/sites\/3\/2021\/12\/HACIENDA.jpg","width":630,"height":320},{"@type":"BreadcrumbList","@id":"https:\/\/www.asajacyl.com\/palencia\/asaja-palencia-informa\/luces-y-sombras-para-palencia-en-la-reduccion-de-modulos-recien-publicada#breadcrumb","itemListElement":[{"@type":"ListItem","position":1,"name":"Portada","item":"https:\/\/www.asajacyl.com\/palencia\/"},{"@type":"ListItem","position":2,"name":"Luces y sombras para Palencia en la reducci\u00f3n de m\u00f3dulos reci\u00e9n publicada"}]},{"@type":"WebSite","@id":"https:\/\/www.asajacyl.com\/palencia\/#website","url":"https:\/\/www.asajacyl.com\/palencia\/","name":"ASAJA Palencia","description":"Otro sitio m\u00e1s de Provincias ASAJA Castilla y Le\u00f3n","potentialAction":[{"@type":"SearchAction","target":{"@type":"EntryPoint","urlTemplate":"https:\/\/www.asajacyl.com\/palencia\/?s={search_term_string}"},"query-input":{"@type":"PropertyValueSpecification","valueRequired":true,"valueName":"search_term_string"}}],"inLanguage":"es"},{"@type":"Person","@id":"https:\/\/www.asajacyl.com\/palencia\/#\/schema\/person\/3ab17aeb03527485c317557fae64aab1","name":"Administrador","image":{"@type":"ImageObject","inLanguage":"es","@id":"https:\/\/www.asajacyl.com\/palencia\/#\/schema\/person\/image\/","url":"https:\/\/secure.gravatar.com\/avatar\/517384810d242ca9e38c180f3c9fb973?s=96&d=mm&r=g","contentUrl":"https:\/\/secure.gravatar.com\/avatar\/517384810d242ca9e38c180f3c9fb973?s=96&d=mm&r=g","caption":"Administrador"},"url":"https:\/\/www.asajacyl.com\/palencia\/author\/carlosrm"}]}},"_links":{"self":[{"href":"https:\/\/www.asajacyl.com\/palencia\/wp-json\/wp\/v2\/posts\/10413"}],"collection":[{"href":"https:\/\/www.asajacyl.com\/palencia\/wp-json\/wp\/v2\/posts"}],"about":[{"href":"https:\/\/www.asajacyl.com\/palencia\/wp-json\/wp\/v2\/types\/post"}],"author":[{"embeddable":true,"href":"https:\/\/www.asajacyl.com\/palencia\/wp-json\/wp\/v2\/users\/9"}],"replies":[{"embeddable":true,"href":"https:\/\/www.asajacyl.com\/palencia\/wp-json\/wp\/v2\/comments?post=10413"}],"version-history":[{"count":3,"href":"https:\/\/www.asajacyl.com\/palencia\/wp-json\/wp\/v2\/posts\/10413\/revisions"}],"predecessor-version":[{"id":10418,"href":"https:\/\/www.asajacyl.com\/palencia\/wp-json\/wp\/v2\/posts\/10413\/revisions\/10418"}],"wp:featuredmedia":[{"embeddable":true,"href":"https:\/\/www.asajacyl.com\/palencia\/wp-json\/wp\/v2\/media\/9472"}],"wp:attachment":[{"href":"https:\/\/www.asajacyl.com\/palencia\/wp-json\/wp\/v2\/media?parent=10413"}],"wp:term":[{"taxonomy":"category","embeddable":true,"href":"https:\/\/www.asajacyl.com\/palencia\/wp-json\/wp\/v2\/categories?post=10413"},{"taxonomy":"post_tag","embeddable":true,"href":"https:\/\/www.asajacyl.com\/palencia\/wp-json\/wp\/v2\/tags?post=10413"}],"curies":[{"name":"wp","href":"https:\/\/api.w.org\/{rel}","templated":true}]}}