{"id":10423,"date":"2022-05-20T07:35:00","date_gmt":"2022-05-20T05:35:00","guid":{"rendered":"https:\/\/www.asajacyl.com\/palencia\/?p=10423"},"modified":"2022-05-18T18:35:39","modified_gmt":"2022-05-18T16:35:39","slug":"creada-la-asociacion-asaja-mujeres","status":"publish","type":"post","link":"https:\/\/www.asajacyl.com\/palencia\/asaja-palencia-informa\/creada-la-asociacion-asaja-mujeres","title":{"rendered":"Creada la asociaci\u00f3n \u00abASAJA MUJERES\u00bb"},"content":{"rendered":"\n<p>Con el nombre de \u00abASAJA MUJERES\u00bb, se ha creado una nueva asociaci\u00f3n de \u00e1mbito nacional que aglutina al colectivo de mujeres que forman parte de ASAJA. Su presidenta ser\u00e1 Blanca Corroto, presidenta de ASAJA-Toledo, ha se\u00f1alado que el principal objetivo es apoyar a las mujeres que viven en el medio rural, acerc\u00e1ndoles la informaci\u00f3n y formaci\u00f3n que precisen y motivar a la poblaci\u00f3n rural femenina para que asuman m\u00e1s responsabilidades fuera del hogar, y se hagan m\u00e1s presentes en los puestos de direcci\u00f3n y gesti\u00f3n de asociaciones, cooperativas y empresas.<\/p>\n\n\n\n<p>La participaci\u00f3n de las mujeres en la toma de decisiones es fundamental para eliminar las desigualdades entre hombres y mujeres, y es el primer paso para que la mujer rural suba un escal\u00f3n m\u00e1s, el del liderazgo. Con esta Asociaci\u00f3n, las mujeres de ASAJA pretenden luchar por la igualdad de oportunidades y por hacer de la conciliaci\u00f3n laboral una realidad al alcance de todos.<\/p>\n","protected":false},"excerpt":{"rendered":"<p>Con el nombre de \u00abASAJA MUJERES\u00bb, se ha creado una nueva asociaci\u00f3n de \u00e1mbito nacional que aglutina al colectivo de mujeres que forman parte de ASAJA. Su presidenta ser\u00e1 Blanca Corroto, presidenta de ASAJA-Toledo, ha se\u00f1alado que el principal objetivo es apoyar a las mujeres que viven en el medio rural, acerc\u00e1ndoles la informaci\u00f3n y [&hellip;]<\/p>\n","protected":false},"author":9,"featured_media":10424,"comment_status":"open","ping_status":"open","sticky":false,"template":"","format":"standard","meta":{"footnotes":""},"categories":[9,29,28],"tags":[],"yoast_head":"<!-- This site is optimized with the Yoast SEO plugin v24.5 - https:\/\/yoast.com\/wordpress\/plugins\/seo\/ -->\n<title>Creada la asociaci\u00f3n &quot;ASAJA MUJERES&quot; - ASAJA Palencia<\/title>\n<meta name=\"description\" content=\"Con el nombre de &quot;ASAJA MUJERES&quot;, se ha creado una nueva asociaci\u00f3n de \u00e1mbito nacional que aglutina al colectivo de mujeres que forman parte de ASAJA. Su\" \/>\n<meta name=\"robots\" content=\"index, follow, max-snippet:-1, max-image-preview:large, max-video-preview:-1\" \/>\n<link rel=\"canonical\" href=\"https:\/\/www.asajacyl.com\/palencia\/asaja-palencia-informa\/creada-la-asociacion-asaja-mujeres\" \/>\n<meta property=\"og:locale\" content=\"es_ES\" \/>\n<meta property=\"og:type\" content=\"article\" \/>\n<meta property=\"og:title\" content=\"Creada la asociaci\u00f3n &quot;ASAJA MUJERES&quot; - ASAJA Palencia\" \/>\n<meta property=\"og:description\" content=\"Con el nombre de &quot;ASAJA MUJERES&quot;, se ha creado una nueva asociaci\u00f3n de \u00e1mbito nacional que aglutina al colectivo de mujeres que forman parte de ASAJA. Su\" \/>\n<meta property=\"og:url\" content=\"https:\/\/www.asajacyl.com\/palencia\/asaja-palencia-informa\/creada-la-asociacion-asaja-mujeres\" \/>\n<meta property=\"og:site_name\" content=\"ASAJA Palencia\" \/>\n<meta property=\"article:published_time\" content=\"2022-05-20T05:35:00+00:00\" \/>\n<meta property=\"og:image\" content=\"https:\/\/www.asajacyl.com\/palencia\/wp-content\/uploads\/sites\/3\/2022\/05\/BLANCA-CORROTO.jpg\" \/>\n\t<meta property=\"og:image:width\" content=\"480\" \/>\n\t<meta property=\"og:image:height\" content=\"480\" \/>\n\t<meta property=\"og:image:type\" content=\"image\/jpeg\" \/>\n<meta name=\"author\" content=\"Administrador\" \/>\n<meta name=\"twitter:card\" content=\"summary_large_image\" \/>\n<meta name=\"twitter:label1\" content=\"Escrito por\" \/>\n\t<meta name=\"twitter:data1\" content=\"Administrador\" \/>\n\t<meta name=\"twitter:label2\" content=\"Tiempo de lectura\" \/>\n\t<meta name=\"twitter:data2\" content=\"1 minuto\" \/>\n<script type=\"application\/ld+json\" class=\"yoast-schema-graph\">{\"@context\":\"https:\/\/schema.org\",\"@graph\":[{\"@type\":\"WebPage\",\"@id\":\"https:\/\/www.asajacyl.com\/palencia\/asaja-palencia-informa\/creada-la-asociacion-asaja-mujeres\",\"url\":\"https:\/\/www.asajacyl.com\/palencia\/asaja-palencia-informa\/creada-la-asociacion-asaja-mujeres\",\"name\":\"Creada la asociaci\u00f3n \\\"ASAJA MUJERES\\\" - ASAJA Palencia\",\"isPartOf\":{\"@id\":\"https:\/\/www.asajacyl.com\/palencia\/#website\"},\"primaryImageOfPage\":{\"@id\":\"https:\/\/www.asajacyl.com\/palencia\/asaja-palencia-informa\/creada-la-asociacion-asaja-mujeres#primaryimage\"},\"image\":{\"@id\":\"https:\/\/www.asajacyl.com\/palencia\/asaja-palencia-informa\/creada-la-asociacion-asaja-mujeres#primaryimage\"},\"thumbnailUrl\":\"https:\/\/www.asajacyl.com\/palencia\/wp-content\/uploads\/sites\/3\/2022\/05\/BLANCA-CORROTO.jpg\",\"datePublished\":\"2022-05-20T05:35:00+00:00\",\"author\":{\"@id\":\"https:\/\/www.asajacyl.com\/palencia\/#\/schema\/person\/3ab17aeb03527485c317557fae64aab1\"},\"description\":\"Con el nombre de \\\"ASAJA MUJERES\\\", se ha creado una nueva asociaci\u00f3n de \u00e1mbito nacional que aglutina al colectivo de mujeres que forman parte de ASAJA. Su\",\"breadcrumb\":{\"@id\":\"https:\/\/www.asajacyl.com\/palencia\/asaja-palencia-informa\/creada-la-asociacion-asaja-mujeres#breadcrumb\"},\"inLanguage\":\"es\",\"potentialAction\":[{\"@type\":\"ReadAction\",\"target\":[\"https:\/\/www.asajacyl.com\/palencia\/asaja-palencia-informa\/creada-la-asociacion-asaja-mujeres\"]}]},{\"@type\":\"ImageObject\",\"inLanguage\":\"es\",\"@id\":\"https:\/\/www.asajacyl.com\/palencia\/asaja-palencia-informa\/creada-la-asociacion-asaja-mujeres#primaryimage\",\"url\":\"https:\/\/www.asajacyl.com\/palencia\/wp-content\/uploads\/sites\/3\/2022\/05\/BLANCA-CORROTO.jpg\",\"contentUrl\":\"https:\/\/www.asajacyl.com\/palencia\/wp-content\/uploads\/sites\/3\/2022\/05\/BLANCA-CORROTO.jpg\",\"width\":480,\"height\":480},{\"@type\":\"BreadcrumbList\",\"@id\":\"https:\/\/www.asajacyl.com\/palencia\/asaja-palencia-informa\/creada-la-asociacion-asaja-mujeres#breadcrumb\",\"itemListElement\":[{\"@type\":\"ListItem\",\"position\":1,\"name\":\"Portada\",\"item\":\"https:\/\/www.asajacyl.com\/palencia\/\"},{\"@type\":\"ListItem\",\"position\":2,\"name\":\"Creada la asociaci\u00f3n \u00abASAJA MUJERES\u00bb\"}]},{\"@type\":\"WebSite\",\"@id\":\"https:\/\/www.asajacyl.com\/palencia\/#website\",\"url\":\"https:\/\/www.asajacyl.com\/palencia\/\",\"name\":\"ASAJA Palencia\",\"description\":\"Otro sitio m\u00e1s de Provincias ASAJA Castilla y Le\u00f3n\",\"potentialAction\":[{\"@type\":\"SearchAction\",\"target\":{\"@type\":\"EntryPoint\",\"urlTemplate\":\"https:\/\/www.asajacyl.com\/palencia\/?s={search_term_string}\"},\"query-input\":{\"@type\":\"PropertyValueSpecification\",\"valueRequired\":true,\"valueName\":\"search_term_string\"}}],\"inLanguage\":\"es\"},{\"@type\":\"Person\",\"@id\":\"https:\/\/www.asajacyl.com\/palencia\/#\/schema\/person\/3ab17aeb03527485c317557fae64aab1\",\"name\":\"Administrador\",\"image\":{\"@type\":\"ImageObject\",\"inLanguage\":\"es\",\"@id\":\"https:\/\/www.asajacyl.com\/palencia\/#\/schema\/person\/image\/\",\"url\":\"https:\/\/secure.gravatar.com\/avatar\/517384810d242ca9e38c180f3c9fb973?s=96&d=mm&r=g\",\"contentUrl\":\"https:\/\/secure.gravatar.com\/avatar\/517384810d242ca9e38c180f3c9fb973?s=96&d=mm&r=g\",\"caption\":\"Administrador\"},\"url\":\"https:\/\/www.asajacyl.com\/palencia\/author\/carlosrm\"}]}<\/script>\n<!-- \/ Yoast SEO plugin. -->","yoast_head_json":{"title":"Creada la asociaci\u00f3n \"ASAJA MUJERES\" - ASAJA Palencia","description":"Con el nombre de \"ASAJA MUJERES\", se ha creado una nueva asociaci\u00f3n de \u00e1mbito nacional que aglutina al colectivo de mujeres que forman parte de ASAJA. Su","robots":{"index":"index","follow":"follow","max-snippet":"max-snippet:-1","max-image-preview":"max-image-preview:large","max-video-preview":"max-video-preview:-1"},"canonical":"https:\/\/www.asajacyl.com\/palencia\/asaja-palencia-informa\/creada-la-asociacion-asaja-mujeres","og_locale":"es_ES","og_type":"article","og_title":"Creada la asociaci\u00f3n \"ASAJA MUJERES\" - ASAJA Palencia","og_description":"Con el nombre de \"ASAJA MUJERES\", se ha creado una nueva asociaci\u00f3n de \u00e1mbito nacional que aglutina al colectivo de mujeres que forman parte de ASAJA. Su","og_url":"https:\/\/www.asajacyl.com\/palencia\/asaja-palencia-informa\/creada-la-asociacion-asaja-mujeres","og_site_name":"ASAJA Palencia","article_published_time":"2022-05-20T05:35:00+00:00","og_image":[{"width":480,"height":480,"url":"https:\/\/www.asajacyl.com\/palencia\/wp-content\/uploads\/sites\/3\/2022\/05\/BLANCA-CORROTO.jpg","type":"image\/jpeg"}],"author":"Administrador","twitter_card":"summary_large_image","twitter_misc":{"Escrito por":"Administrador","Tiempo de lectura":"1 minuto"},"schema":{"@context":"https:\/\/schema.org","@graph":[{"@type":"WebPage","@id":"https:\/\/www.asajacyl.com\/palencia\/asaja-palencia-informa\/creada-la-asociacion-asaja-mujeres","url":"https:\/\/www.asajacyl.com\/palencia\/asaja-palencia-informa\/creada-la-asociacion-asaja-mujeres","name":"Creada la asociaci\u00f3n \"ASAJA MUJERES\" - ASAJA Palencia","isPartOf":{"@id":"https:\/\/www.asajacyl.com\/palencia\/#website"},"primaryImageOfPage":{"@id":"https:\/\/www.asajacyl.com\/palencia\/asaja-palencia-informa\/creada-la-asociacion-asaja-mujeres#primaryimage"},"image":{"@id":"https:\/\/www.asajacyl.com\/palencia\/asaja-palencia-informa\/creada-la-asociacion-asaja-mujeres#primaryimage"},"thumbnailUrl":"https:\/\/www.asajacyl.com\/palencia\/wp-content\/uploads\/sites\/3\/2022\/05\/BLANCA-CORROTO.jpg","datePublished":"2022-05-20T05:35:00+00:00","author":{"@id":"https:\/\/www.asajacyl.com\/palencia\/#\/schema\/person\/3ab17aeb03527485c317557fae64aab1"},"description":"Con el nombre de \"ASAJA MUJERES\", se ha creado una nueva asociaci\u00f3n de \u00e1mbito nacional que aglutina al colectivo de mujeres que forman parte de ASAJA. Su","breadcrumb":{"@id":"https:\/\/www.asajacyl.com\/palencia\/asaja-palencia-informa\/creada-la-asociacion-asaja-mujeres#breadcrumb"},"inLanguage":"es","potentialAction":[{"@type":"ReadAction","target":["https:\/\/www.asajacyl.com\/palencia\/asaja-palencia-informa\/creada-la-asociacion-asaja-mujeres"]}]},{"@type":"ImageObject","inLanguage":"es","@id":"https:\/\/www.asajacyl.com\/palencia\/asaja-palencia-informa\/creada-la-asociacion-asaja-mujeres#primaryimage","url":"https:\/\/www.asajacyl.com\/palencia\/wp-content\/uploads\/sites\/3\/2022\/05\/BLANCA-CORROTO.jpg","contentUrl":"https:\/\/www.asajacyl.com\/palencia\/wp-content\/uploads\/sites\/3\/2022\/05\/BLANCA-CORROTO.jpg","width":480,"height":480},{"@type":"BreadcrumbList","@id":"https:\/\/www.asajacyl.com\/palencia\/asaja-palencia-informa\/creada-la-asociacion-asaja-mujeres#breadcrumb","itemListElement":[{"@type":"ListItem","position":1,"name":"Portada","item":"https:\/\/www.asajacyl.com\/palencia\/"},{"@type":"ListItem","position":2,"name":"Creada la asociaci\u00f3n \u00abASAJA MUJERES\u00bb"}]},{"@type":"WebSite","@id":"https:\/\/www.asajacyl.com\/palencia\/#website","url":"https:\/\/www.asajacyl.com\/palencia\/","name":"ASAJA Palencia","description":"Otro sitio m\u00e1s de Provincias ASAJA Castilla y Le\u00f3n","potentialAction":[{"@type":"SearchAction","target":{"@type":"EntryPoint","urlTemplate":"https:\/\/www.asajacyl.com\/palencia\/?s={search_term_string}"},"query-input":{"@type":"PropertyValueSpecification","valueRequired":true,"valueName":"search_term_string"}}],"inLanguage":"es"},{"@type":"Person","@id":"https:\/\/www.asajacyl.com\/palencia\/#\/schema\/person\/3ab17aeb03527485c317557fae64aab1","name":"Administrador","image":{"@type":"ImageObject","inLanguage":"es","@id":"https:\/\/www.asajacyl.com\/palencia\/#\/schema\/person\/image\/","url":"https:\/\/secure.gravatar.com\/avatar\/517384810d242ca9e38c180f3c9fb973?s=96&d=mm&r=g","contentUrl":"https:\/\/secure.gravatar.com\/avatar\/517384810d242ca9e38c180f3c9fb973?s=96&d=mm&r=g","caption":"Administrador"},"url":"https:\/\/www.asajacyl.com\/palencia\/author\/carlosrm"}]}},"_links":{"self":[{"href":"https:\/\/www.asajacyl.com\/palencia\/wp-json\/wp\/v2\/posts\/10423"}],"collection":[{"href":"https:\/\/www.asajacyl.com\/palencia\/wp-json\/wp\/v2\/posts"}],"about":[{"href":"https:\/\/www.asajacyl.com\/palencia\/wp-json\/wp\/v2\/types\/post"}],"author":[{"embeddable":true,"href":"https:\/\/www.asajacyl.com\/palencia\/wp-json\/wp\/v2\/users\/9"}],"replies":[{"embeddable":true,"href":"https:\/\/www.asajacyl.com\/palencia\/wp-json\/wp\/v2\/comments?post=10423"}],"version-history":[{"count":2,"href":"https:\/\/www.asajacyl.com\/palencia\/wp-json\/wp\/v2\/posts\/10423\/revisions"}],"predecessor-version":[{"id":10426,"href":"https:\/\/www.asajacyl.com\/palencia\/wp-json\/wp\/v2\/posts\/10423\/revisions\/10426"}],"wp:featuredmedia":[{"embeddable":true,"href":"https:\/\/www.asajacyl.com\/palencia\/wp-json\/wp\/v2\/media\/10424"}],"wp:attachment":[{"href":"https:\/\/www.asajacyl.com\/palencia\/wp-json\/wp\/v2\/media?parent=10423"}],"wp:term":[{"taxonomy":"category","embeddable":true,"href":"https:\/\/www.asajacyl.com\/palencia\/wp-json\/wp\/v2\/categories?post=10423"},{"taxonomy":"post_tag","embeddable":true,"href":"https:\/\/www.asajacyl.com\/palencia\/wp-json\/wp\/v2\/tags?post=10423"}],"curies":[{"name":"wp","href":"https:\/\/api.w.org\/{rel}","templated":true}]}}