{"id":10443,"date":"2022-05-14T11:24:00","date_gmt":"2022-05-14T09:24:00","guid":{"rendered":"https:\/\/www.asajacyl.com\/palencia\/?p=10443"},"modified":"2022-05-13T11:40:21","modified_gmt":"2022-05-13T09:40:21","slug":"la-sectorial-vitivinicola-de-asaja-analizo-la-marcha-de-la-campana","status":"publish","type":"post","link":"https:\/\/www.asajacyl.com\/palencia\/asaja-palencia-informa\/la-sectorial-vitivinicola-de-asaja-analizo-la-marcha-de-la-campana","title":{"rendered":"La Sectorial Vitivin\u00edcola de ASAJA analiz\u00f3 la marcha de la campa\u00f1a"},"content":{"rendered":"\n<p>La sectorial vitivin\u00edcola de ASAJA se desplaz\u00f3 a Ciudad Real con motivo de la und\u00e9cima edici\u00f3n de la Feria FENAVIN para analizar la marcha de la actual campa\u00f1a y en concreto la situaci\u00f3n de los mercados; el proyecto de R.D. de la Intervenci\u00f3n Sectorial Vitivin\u00edcola (ISV), actualmente en fase de consulta p\u00fablica; as\u00ed como las medidas de Restructuraci\u00f3n y Reconversi\u00f3n del vi\u00f1edo en el marco de la aplicaci\u00f3n del programa de apoyo 2019-2023 al sector vitivin\u00edcola espa\u00f1ol.<\/p>\n\n\n\n<p>Siguiendo el orden del d\u00eda de la reuni\u00f3n, la sectorial analiz\u00f3 la marcha de los mercados vitivin\u00edcolas, poni\u00e9ndose de manifiesto la incertidumbre existente por los problemas derivados de la guerra; por el incremento desmedido de los costes de producci\u00f3n (electricidad, combustibles, abonos, aluminio\u2026), que se deben de trasladar a los contratos futuros y el m\u00e1s que cuestionado cumplimiento de la Ley de la Cadena Agroalimentaria. Se constata tambi\u00e9n incertidumbre en el caso concreto del mercado del vino tinto m\u00e1s pesado que el vino blanco.<\/p>\n\n\n\n<p>Respecto a la reducci\u00f3n del presupuesto global, con respecto al antiguo PASVE, que baja de los 210 millones de euros a 202, ASAJA lamenta que sea la partida destinada a restructuraci\u00f3n y reconversi\u00f3n de vi\u00f1edo (el 30 % del presupuesto total) la que m\u00e1s reducci\u00f3n presupuestaria experimenta, pasando de 69 millones de euros a 60. Las medidas de promoci\u00f3n e inversi\u00f3n en bodega queda un 27,5 %, cada una y un 15 % para destilaci\u00f3n de subproductos. La vendimia en verde se contempla en el ISV, pero sin presupuesto.<\/p>\n\n\n\n<p>Datos de campa\u00f1a: la producci\u00f3n nacional de vino y mosto sin concentrar en 2021\/22 fue de 39,94 millones de hectolitros, seg\u00fan el Infovi. As\u00ed, en la vendimia de la campa\u00f1a 2021\/22 entraron en bodega un total de 5,38 millones de toneladas de uva de vinificaci\u00f3n (pr\u00e1cticamente un 46% del total de uvas tintas, con casi 2,48 millones, y un 54% de uvas blancas, con casi 2,91 millones). La producci\u00f3n vitivin\u00edcola de la campa\u00f1a 2021\/22 ha sido un 14,15% inferior (casi 6,6 millones de hectolitros) a la producci\u00f3n de la precedente, que alcanz\u00f3 casi 46,5 Mhl, pero estar\u00eda a\u00fan un 5,8% (casi 2,2 millones) por encima de la de la campa\u00f1a 2019\/20, que se qued\u00f3 en apenas 37,3 millones.<\/p>\n\n\n\n<p>Palencia cuenta con una superficie muy reducida de vi\u00f1edo, s\u00f3lo tenemos 495 hect\u00e1reas, siendo la provincia de Castilla y Le\u00f3n que tiene menos vi\u00f1edo. Valladolid es la provincia con m\u00e1s vi\u00f1edo, superando las 30.000 hect\u00e1reas, mientras que Soria, que es la octava, triplica la superficie de Palencia. Pese a ello, disponemos de superficies englobadas en Denominaciones de Origen como Arlanza y Cigales.<\/p>\n","protected":false},"excerpt":{"rendered":"<p>La sectorial vitivin\u00edcola de ASAJA se desplaz\u00f3 a Ciudad Real con motivo de la und\u00e9cima edici\u00f3n de la Feria FENAVIN para analizar la marcha de la actual campa\u00f1a y en concreto la situaci\u00f3n de los mercados; el proyecto de R.D. de la Intervenci\u00f3n Sectorial Vitivin\u00edcola (ISV), actualmente en fase de consulta p\u00fablica; as\u00ed como las [&hellip;]<\/p>\n","protected":false},"author":9,"featured_media":6193,"comment_status":"open","ping_status":"open","sticky":false,"template":"","format":"standard","meta":{"footnotes":""},"categories":[9,29,28],"tags":[],"yoast_head":"<!-- This site is optimized with the Yoast SEO plugin v24.5 - https:\/\/yoast.com\/wordpress\/plugins\/seo\/ -->\n<title>La Sectorial Vitivin\u00edcola de ASAJA analiz\u00f3 la marcha de la campa\u00f1a - ASAJA Palencia<\/title>\n<meta name=\"description\" content=\"La sectorial vitivin\u00edcola de ASAJA se desplaz\u00f3 a Ciudad Real con motivo de la und\u00e9cima edici\u00f3n de la Feria FENAVIN para analizar la marcha de la actual\" \/>\n<meta name=\"robots\" content=\"index, follow, max-snippet:-1, max-image-preview:large, max-video-preview:-1\" \/>\n<link rel=\"canonical\" href=\"https:\/\/www.asajacyl.com\/palencia\/asaja-palencia-informa\/la-sectorial-vitivinicola-de-asaja-analizo-la-marcha-de-la-campana\" \/>\n<meta property=\"og:locale\" content=\"es_ES\" \/>\n<meta property=\"og:type\" content=\"article\" \/>\n<meta property=\"og:title\" content=\"La Sectorial Vitivin\u00edcola de ASAJA analiz\u00f3 la marcha de la campa\u00f1a - ASAJA Palencia\" \/>\n<meta property=\"og:description\" content=\"La sectorial vitivin\u00edcola de ASAJA se desplaz\u00f3 a Ciudad Real con motivo de la und\u00e9cima edici\u00f3n de la Feria FENAVIN para analizar la marcha de la actual\" \/>\n<meta property=\"og:url\" content=\"https:\/\/www.asajacyl.com\/palencia\/asaja-palencia-informa\/la-sectorial-vitivinicola-de-asaja-analizo-la-marcha-de-la-campana\" \/>\n<meta property=\"og:site_name\" content=\"ASAJA Palencia\" \/>\n<meta property=\"article:published_time\" content=\"2022-05-14T09:24:00+00:00\" \/>\n<meta property=\"og:image\" content=\"https:\/\/www.asajacyl.com\/palencia\/wp-content\/uploads\/sites\/3\/2019\/05\/vi\u00f1\u00e9do.jpg\" \/>\n\t<meta property=\"og:image:width\" content=\"2500\" \/>\n\t<meta property=\"og:image:height\" content=\"1875\" \/>\n\t<meta property=\"og:image:type\" content=\"image\/jpeg\" \/>\n<meta name=\"author\" content=\"Administrador\" \/>\n<meta name=\"twitter:card\" content=\"summary_large_image\" \/>\n<meta name=\"twitter:label1\" content=\"Escrito por\" \/>\n\t<meta name=\"twitter:data1\" content=\"Administrador\" \/>\n\t<meta name=\"twitter:label2\" content=\"Tiempo de lectura\" \/>\n\t<meta name=\"twitter:data2\" content=\"2 minutos\" \/>\n<script type=\"application\/ld+json\" class=\"yoast-schema-graph\">{\"@context\":\"https:\/\/schema.org\",\"@graph\":[{\"@type\":\"WebPage\",\"@id\":\"https:\/\/www.asajacyl.com\/palencia\/asaja-palencia-informa\/la-sectorial-vitivinicola-de-asaja-analizo-la-marcha-de-la-campana\",\"url\":\"https:\/\/www.asajacyl.com\/palencia\/asaja-palencia-informa\/la-sectorial-vitivinicola-de-asaja-analizo-la-marcha-de-la-campana\",\"name\":\"La Sectorial Vitivin\u00edcola de ASAJA analiz\u00f3 la marcha de la campa\u00f1a - ASAJA Palencia\",\"isPartOf\":{\"@id\":\"https:\/\/www.asajacyl.com\/palencia\/#website\"},\"primaryImageOfPage\":{\"@id\":\"https:\/\/www.asajacyl.com\/palencia\/asaja-palencia-informa\/la-sectorial-vitivinicola-de-asaja-analizo-la-marcha-de-la-campana#primaryimage\"},\"image\":{\"@id\":\"https:\/\/www.asajacyl.com\/palencia\/asaja-palencia-informa\/la-sectorial-vitivinicola-de-asaja-analizo-la-marcha-de-la-campana#primaryimage\"},\"thumbnailUrl\":\"https:\/\/www.asajacyl.com\/palencia\/wp-content\/uploads\/sites\/3\/2019\/05\/vi\u00f1\u00e9do.jpg\",\"datePublished\":\"2022-05-14T09:24:00+00:00\",\"author\":{\"@id\":\"https:\/\/www.asajacyl.com\/palencia\/#\/schema\/person\/3ab17aeb03527485c317557fae64aab1\"},\"description\":\"La sectorial vitivin\u00edcola de ASAJA se desplaz\u00f3 a Ciudad Real con motivo de la und\u00e9cima edici\u00f3n de la Feria FENAVIN para analizar la marcha de la actual\",\"breadcrumb\":{\"@id\":\"https:\/\/www.asajacyl.com\/palencia\/asaja-palencia-informa\/la-sectorial-vitivinicola-de-asaja-analizo-la-marcha-de-la-campana#breadcrumb\"},\"inLanguage\":\"es\",\"potentialAction\":[{\"@type\":\"ReadAction\",\"target\":[\"https:\/\/www.asajacyl.com\/palencia\/asaja-palencia-informa\/la-sectorial-vitivinicola-de-asaja-analizo-la-marcha-de-la-campana\"]}]},{\"@type\":\"ImageObject\",\"inLanguage\":\"es\",\"@id\":\"https:\/\/www.asajacyl.com\/palencia\/asaja-palencia-informa\/la-sectorial-vitivinicola-de-asaja-analizo-la-marcha-de-la-campana#primaryimage\",\"url\":\"https:\/\/www.asajacyl.com\/palencia\/wp-content\/uploads\/sites\/3\/2019\/05\/vi\u00f1\u00e9do.jpg\",\"contentUrl\":\"https:\/\/www.asajacyl.com\/palencia\/wp-content\/uploads\/sites\/3\/2019\/05\/vi\u00f1\u00e9do.jpg\",\"width\":2500,\"height\":1875},{\"@type\":\"BreadcrumbList\",\"@id\":\"https:\/\/www.asajacyl.com\/palencia\/asaja-palencia-informa\/la-sectorial-vitivinicola-de-asaja-analizo-la-marcha-de-la-campana#breadcrumb\",\"itemListElement\":[{\"@type\":\"ListItem\",\"position\":1,\"name\":\"Portada\",\"item\":\"https:\/\/www.asajacyl.com\/palencia\/\"},{\"@type\":\"ListItem\",\"position\":2,\"name\":\"La Sectorial Vitivin\u00edcola de ASAJA analiz\u00f3 la marcha de la campa\u00f1a\"}]},{\"@type\":\"WebSite\",\"@id\":\"https:\/\/www.asajacyl.com\/palencia\/#website\",\"url\":\"https:\/\/www.asajacyl.com\/palencia\/\",\"name\":\"ASAJA Palencia\",\"description\":\"Otro sitio m\u00e1s de Provincias ASAJA Castilla y Le\u00f3n\",\"potentialAction\":[{\"@type\":\"SearchAction\",\"target\":{\"@type\":\"EntryPoint\",\"urlTemplate\":\"https:\/\/www.asajacyl.com\/palencia\/?s={search_term_string}\"},\"query-input\":{\"@type\":\"PropertyValueSpecification\",\"valueRequired\":true,\"valueName\":\"search_term_string\"}}],\"inLanguage\":\"es\"},{\"@type\":\"Person\",\"@id\":\"https:\/\/www.asajacyl.com\/palencia\/#\/schema\/person\/3ab17aeb03527485c317557fae64aab1\",\"name\":\"Administrador\",\"image\":{\"@type\":\"ImageObject\",\"inLanguage\":\"es\",\"@id\":\"https:\/\/www.asajacyl.com\/palencia\/#\/schema\/person\/image\/\",\"url\":\"https:\/\/secure.gravatar.com\/avatar\/517384810d242ca9e38c180f3c9fb973?s=96&d=mm&r=g\",\"contentUrl\":\"https:\/\/secure.gravatar.com\/avatar\/517384810d242ca9e38c180f3c9fb973?s=96&d=mm&r=g\",\"caption\":\"Administrador\"},\"url\":\"https:\/\/www.asajacyl.com\/palencia\/author\/carlosrm\"}]}<\/script>\n<!-- \/ Yoast SEO plugin. -->","yoast_head_json":{"title":"La Sectorial Vitivin\u00edcola de ASAJA analiz\u00f3 la marcha de la campa\u00f1a - ASAJA Palencia","description":"La sectorial vitivin\u00edcola de ASAJA se desplaz\u00f3 a Ciudad Real con motivo de la und\u00e9cima edici\u00f3n de la Feria FENAVIN para analizar la marcha de la actual","robots":{"index":"index","follow":"follow","max-snippet":"max-snippet:-1","max-image-preview":"max-image-preview:large","max-video-preview":"max-video-preview:-1"},"canonical":"https:\/\/www.asajacyl.com\/palencia\/asaja-palencia-informa\/la-sectorial-vitivinicola-de-asaja-analizo-la-marcha-de-la-campana","og_locale":"es_ES","og_type":"article","og_title":"La Sectorial Vitivin\u00edcola de ASAJA analiz\u00f3 la marcha de la campa\u00f1a - ASAJA Palencia","og_description":"La sectorial vitivin\u00edcola de ASAJA se desplaz\u00f3 a Ciudad Real con motivo de la und\u00e9cima edici\u00f3n de la Feria FENAVIN para analizar la marcha de la actual","og_url":"https:\/\/www.asajacyl.com\/palencia\/asaja-palencia-informa\/la-sectorial-vitivinicola-de-asaja-analizo-la-marcha-de-la-campana","og_site_name":"ASAJA Palencia","article_published_time":"2022-05-14T09:24:00+00:00","og_image":[{"width":2500,"height":1875,"url":"https:\/\/www.asajacyl.com\/palencia\/wp-content\/uploads\/sites\/3\/2019\/05\/vi\u00f1\u00e9do.jpg","type":"image\/jpeg"}],"author":"Administrador","twitter_card":"summary_large_image","twitter_misc":{"Escrito por":"Administrador","Tiempo de lectura":"2 minutos"},"schema":{"@context":"https:\/\/schema.org","@graph":[{"@type":"WebPage","@id":"https:\/\/www.asajacyl.com\/palencia\/asaja-palencia-informa\/la-sectorial-vitivinicola-de-asaja-analizo-la-marcha-de-la-campana","url":"https:\/\/www.asajacyl.com\/palencia\/asaja-palencia-informa\/la-sectorial-vitivinicola-de-asaja-analizo-la-marcha-de-la-campana","name":"La Sectorial Vitivin\u00edcola de ASAJA analiz\u00f3 la marcha de la campa\u00f1a - ASAJA Palencia","isPartOf":{"@id":"https:\/\/www.asajacyl.com\/palencia\/#website"},"primaryImageOfPage":{"@id":"https:\/\/www.asajacyl.com\/palencia\/asaja-palencia-informa\/la-sectorial-vitivinicola-de-asaja-analizo-la-marcha-de-la-campana#primaryimage"},"image":{"@id":"https:\/\/www.asajacyl.com\/palencia\/asaja-palencia-informa\/la-sectorial-vitivinicola-de-asaja-analizo-la-marcha-de-la-campana#primaryimage"},"thumbnailUrl":"https:\/\/www.asajacyl.com\/palencia\/wp-content\/uploads\/sites\/3\/2019\/05\/vi\u00f1\u00e9do.jpg","datePublished":"2022-05-14T09:24:00+00:00","author":{"@id":"https:\/\/www.asajacyl.com\/palencia\/#\/schema\/person\/3ab17aeb03527485c317557fae64aab1"},"description":"La sectorial vitivin\u00edcola de ASAJA se desplaz\u00f3 a Ciudad Real con motivo de la und\u00e9cima edici\u00f3n de la Feria FENAVIN para analizar la marcha de la actual","breadcrumb":{"@id":"https:\/\/www.asajacyl.com\/palencia\/asaja-palencia-informa\/la-sectorial-vitivinicola-de-asaja-analizo-la-marcha-de-la-campana#breadcrumb"},"inLanguage":"es","potentialAction":[{"@type":"ReadAction","target":["https:\/\/www.asajacyl.com\/palencia\/asaja-palencia-informa\/la-sectorial-vitivinicola-de-asaja-analizo-la-marcha-de-la-campana"]}]},{"@type":"ImageObject","inLanguage":"es","@id":"https:\/\/www.asajacyl.com\/palencia\/asaja-palencia-informa\/la-sectorial-vitivinicola-de-asaja-analizo-la-marcha-de-la-campana#primaryimage","url":"https:\/\/www.asajacyl.com\/palencia\/wp-content\/uploads\/sites\/3\/2019\/05\/vi\u00f1\u00e9do.jpg","contentUrl":"https:\/\/www.asajacyl.com\/palencia\/wp-content\/uploads\/sites\/3\/2019\/05\/vi\u00f1\u00e9do.jpg","width":2500,"height":1875},{"@type":"BreadcrumbList","@id":"https:\/\/www.asajacyl.com\/palencia\/asaja-palencia-informa\/la-sectorial-vitivinicola-de-asaja-analizo-la-marcha-de-la-campana#breadcrumb","itemListElement":[{"@type":"ListItem","position":1,"name":"Portada","item":"https:\/\/www.asajacyl.com\/palencia\/"},{"@type":"ListItem","position":2,"name":"La Sectorial Vitivin\u00edcola de ASAJA analiz\u00f3 la marcha de la campa\u00f1a"}]},{"@type":"WebSite","@id":"https:\/\/www.asajacyl.com\/palencia\/#website","url":"https:\/\/www.asajacyl.com\/palencia\/","name":"ASAJA Palencia","description":"Otro sitio m\u00e1s de Provincias ASAJA Castilla y Le\u00f3n","potentialAction":[{"@type":"SearchAction","target":{"@type":"EntryPoint","urlTemplate":"https:\/\/www.asajacyl.com\/palencia\/?s={search_term_string}"},"query-input":{"@type":"PropertyValueSpecification","valueRequired":true,"valueName":"search_term_string"}}],"inLanguage":"es"},{"@type":"Person","@id":"https:\/\/www.asajacyl.com\/palencia\/#\/schema\/person\/3ab17aeb03527485c317557fae64aab1","name":"Administrador","image":{"@type":"ImageObject","inLanguage":"es","@id":"https:\/\/www.asajacyl.com\/palencia\/#\/schema\/person\/image\/","url":"https:\/\/secure.gravatar.com\/avatar\/517384810d242ca9e38c180f3c9fb973?s=96&d=mm&r=g","contentUrl":"https:\/\/secure.gravatar.com\/avatar\/517384810d242ca9e38c180f3c9fb973?s=96&d=mm&r=g","caption":"Administrador"},"url":"https:\/\/www.asajacyl.com\/palencia\/author\/carlosrm"}]}},"_links":{"self":[{"href":"https:\/\/www.asajacyl.com\/palencia\/wp-json\/wp\/v2\/posts\/10443"}],"collection":[{"href":"https:\/\/www.asajacyl.com\/palencia\/wp-json\/wp\/v2\/posts"}],"about":[{"href":"https:\/\/www.asajacyl.com\/palencia\/wp-json\/wp\/v2\/types\/post"}],"author":[{"embeddable":true,"href":"https:\/\/www.asajacyl.com\/palencia\/wp-json\/wp\/v2\/users\/9"}],"replies":[{"embeddable":true,"href":"https:\/\/www.asajacyl.com\/palencia\/wp-json\/wp\/v2\/comments?post=10443"}],"version-history":[{"count":1,"href":"https:\/\/www.asajacyl.com\/palencia\/wp-json\/wp\/v2\/posts\/10443\/revisions"}],"predecessor-version":[{"id":10444,"href":"https:\/\/www.asajacyl.com\/palencia\/wp-json\/wp\/v2\/posts\/10443\/revisions\/10444"}],"wp:featuredmedia":[{"embeddable":true,"href":"https:\/\/www.asajacyl.com\/palencia\/wp-json\/wp\/v2\/media\/6193"}],"wp:attachment":[{"href":"https:\/\/www.asajacyl.com\/palencia\/wp-json\/wp\/v2\/media?parent=10443"}],"wp:term":[{"taxonomy":"category","embeddable":true,"href":"https:\/\/www.asajacyl.com\/palencia\/wp-json\/wp\/v2\/categories?post=10443"},{"taxonomy":"post_tag","embeddable":true,"href":"https:\/\/www.asajacyl.com\/palencia\/wp-json\/wp\/v2\/tags?post=10443"}],"curies":[{"name":"wp","href":"https:\/\/api.w.org\/{rel}","templated":true}]}}