{"id":10451,"date":"2022-05-18T13:05:00","date_gmt":"2022-05-18T11:05:00","guid":{"rendered":"https:\/\/www.asajacyl.com\/palencia\/?p=10451"},"modified":"2022-05-13T14:41:36","modified_gmt":"2022-05-13T12:41:36","slug":"el-agricultor-palentino-es-el-que-cultiva-mas-hectareas-de-espana","status":"publish","type":"post","link":"https:\/\/www.asajacyl.com\/palencia\/asaja-palencia-informa\/el-agricultor-palentino-es-el-que-cultiva-mas-hectareas-de-espana","title":{"rendered":"El agricultor palentino es el que cultiva m\u00e1s hect\u00e1reas de Espa\u00f1a"},"content":{"rendered":"\n<p>Recientemente el Instituto Nacional de Estad\u00edstica (INE) ha publicado el Censo Agrario 2020, un trabajo que realiza aproximadamente cada diez a\u00f1os. Estudiando los datos de dicho informe se pueden obtener distintas conclusiones.<\/p>\n\n\n\n<p>En primer lugar, en los once a\u00f1os que han pasado desde la encuesta del a\u00f1o 2009, la provincia de Palencia ha perdido m\u00e1s de 1.000 explotaciones. Concretamente en el a\u00f1o 2009 cont\u00e1bamos con 6.980 explotaciones en toda la provincia mientras que en 2020 las explotaciones ascend\u00edan a 5.960. Esta tendencia a la baja es preocupante y parece que imparable. Preocupa, y mucho, el relevo generacional para tomar las riendas de las explotaciones palentinas en los a\u00f1os venideros. En el anterior Censo Agrario no se segregaban los datos por comarcas pero afortunadamente en \u00e9ste censo realizado en 2020 s\u00ed que contamos con esos datos sobre las explotaciones, que son los siguientes:<\/p>\n\n\n\n<figure class=\"wp-block-table aligncenter is-style-stripes\"><table><tbody><tr><td class=\"has-text-align-center\" data-align=\"center\"><strong>COMARCA<\/strong><\/td><td class=\"has-text-align-center\" data-align=\"center\"><strong>N\u00ba DE EXPLOTACIONES<\/strong><\/td><\/tr><tr><td class=\"has-text-align-center\" data-align=\"center\">EL CERRATO<\/td><td class=\"has-text-align-center\" data-align=\"center\">1.259<\/td><\/tr><tr><td class=\"has-text-align-center\" data-align=\"center\">CAMPOS<\/td><td class=\"has-text-align-center\" data-align=\"center\">2.810<\/td><\/tr><tr><td class=\"has-text-align-center\" data-align=\"center\">SALDA\u00d1A-VALDAVIA<\/td><td class=\"has-text-align-center\" data-align=\"center\">801<\/td><\/tr><tr><td class=\"has-text-align-center\" data-align=\"center\">BOEDO-OJEDA<\/td><td class=\"has-text-align-center\" data-align=\"center\">406<\/td><\/tr><tr><td class=\"has-text-align-center\" data-align=\"center\">GUARDO<\/td><td class=\"has-text-align-center\" data-align=\"center\">166<\/td><\/tr><tr><td class=\"has-text-align-center\" data-align=\"center\">CERVERA<\/td><td class=\"has-text-align-center\" data-align=\"center\">268<\/td><\/tr><tr><td class=\"has-text-align-center\" data-align=\"center\">AGUILAR<\/td><td class=\"has-text-align-center\" data-align=\"center\">250<\/td><\/tr><\/tbody><\/table><\/figure>\n\n\n\n<p>Tambi\u00e9n tienen mucha relevancia los datos sobre el tama\u00f1o de las explotaciones. Tomando los datos de las explotaciones completas (parcelas cultivadas m\u00e1s parcelas de barbecho) las explotaciones m\u00e1s dimensionadas son las de la provincia de Soria, con un tama\u00f1o de 101,02 hect\u00e1reas, a continuaci\u00f3n estar\u00edan las de Palencia, con una dimensi\u00f3n de 92,89 hect\u00e1reas, y en tercera posici\u00f3n estar\u00eda Guadalajara, con una superficie de 87,68 hect\u00e1reas. Sin embargo, teniendo en cuenta s\u00f3lo las parcelas cultivadas, y obviando el barbecho, que l\u00f3gicamente no produce, son las explotaciones palentinas las de mayor dimensi\u00f3n en toda Espa\u00f1a. Palencia cuenta con un tama\u00f1o de explotaci\u00f3n media cultivada de 81,24 hect\u00e1reas, detr\u00e1s estar\u00eda la provincia de Soria, con 77,37 hect\u00e1reas, y en tercera posici\u00f3n figurar\u00eda nuevamente Guadalajara, con 66,10 hect\u00e1reas de superficie por explotaci\u00f3n. De ah\u00ed que sea el agricultor palentino el que cultiva m\u00e1s hect\u00e1reas de toda Espa\u00f1a.<\/p>\n\n\n\n<p>Por \u00faltimo, dada la segregaci\u00f3n posible por comarcas en los nuevos datos publicados, podemos conocer tambi\u00e9n los datos comarcales de las explotaciones agr\u00edcolas de nuestra provincia, donde la comarca de Campos es la que tiene mayor dimensionamiento (91,23 hect\u00e1reas) y tambi\u00e9n la que menor superficie destina a barbecho (8,1%). Los datos comarcales publicados en el Censo Agrario 2020 son los siguientes:<\/p>\n\n\n\n<figure class=\"wp-block-table aligncenter is-style-stripes\"><table><tbody><tr><td class=\"has-text-align-center\" data-align=\"center\"><strong>COMARCA<\/strong><\/td><td class=\"has-text-align-center\" data-align=\"center\"><strong>SUP. CULTIVADA (ha)<\/strong><\/td><td class=\"has-text-align-center\" data-align=\"center\"><strong>BARBECHO (ha)<\/strong><\/td><td class=\"has-text-align-center\" data-align=\"center\"><strong>% BARBECHO<\/strong><\/td><\/tr><tr><td class=\"has-text-align-center\" data-align=\"center\">EL CERRATO<\/td><td class=\"has-text-align-center\" data-align=\"center\">84,07<\/td><td class=\"has-text-align-center\" data-align=\"center\">9,17<\/td><td class=\"has-text-align-center\" data-align=\"center\">9,8<\/td><\/tr><tr><td class=\"has-text-align-center\" data-align=\"center\">CAMPOS<\/td><td class=\"has-text-align-center\" data-align=\"center\">91,23<\/td><td class=\"has-text-align-center\" data-align=\"center\">8,02<\/td><td class=\"has-text-align-center\" data-align=\"center\">8,1<\/td><\/tr><tr><td class=\"has-text-align-center\" data-align=\"center\">SALDA\u00d1A-VALDAVIA<\/td><td class=\"has-text-align-center\" data-align=\"center\">62,04<\/td><td class=\"has-text-align-center\" data-align=\"center\">15,51<\/td><td class=\"has-text-align-center\" data-align=\"center\">20,0<\/td><\/tr><tr><td class=\"has-text-align-center\" data-align=\"center\">BOEDO-OJEDA<\/td><td class=\"has-text-align-center\" data-align=\"center\">80,58<\/td><td class=\"has-text-align-center\" data-align=\"center\">16,82<\/td><td class=\"has-text-align-center\" data-align=\"center\">17,3<\/td><\/tr><tr><td class=\"has-text-align-center\" data-align=\"center\">GUARDO<\/td><td class=\"has-text-align-center\" data-align=\"center\">53,10<\/td><td class=\"has-text-align-center\" data-align=\"center\">28,74<\/td><td class=\"has-text-align-center\" data-align=\"center\">35,1<\/td><\/tr><tr><td class=\"has-text-align-center\" data-align=\"center\">CERVERA<\/td><td class=\"has-text-align-center\" data-align=\"center\">47,28<\/td><td class=\"has-text-align-center\" data-align=\"center\">21,21<\/td><td class=\"has-text-align-center\" data-align=\"center\">31,0<\/td><\/tr><tr><td class=\"has-text-align-center\" data-align=\"center\">AGUILAR<\/td><td class=\"has-text-align-center\" data-align=\"center\">40,84<\/td><td class=\"has-text-align-center\" data-align=\"center\">14,86<\/td><td class=\"has-text-align-center\" data-align=\"center\">26,7<\/td><\/tr><tr><td class=\"has-text-align-center\" data-align=\"center\"><strong>TOTAL PALENCIA<\/strong><\/td><td class=\"has-text-align-center\" data-align=\"center\"><strong>81,24<\/strong><\/td><td class=\"has-text-align-center\" data-align=\"center\"><strong>11,65<\/strong><\/td><td class=\"has-text-align-center\" data-align=\"center\"><strong>12,5<\/strong><\/td><\/tr><\/tbody><\/table><\/figure>\n\n\n\n<p><\/p>\n","protected":false},"excerpt":{"rendered":"<p>Recientemente el Instituto Nacional de Estad\u00edstica (INE) ha publicado el Censo Agrario 2020, un trabajo que realiza aproximadamente cada diez a\u00f1os. Estudiando los datos de dicho informe se pueden obtener distintas conclusiones. En primer lugar, en los once a\u00f1os que han pasado desde la encuesta del a\u00f1o 2009, la provincia de Palencia ha perdido m\u00e1s [&hellip;]<\/p>\n","protected":false},"author":9,"featured_media":10345,"comment_status":"open","ping_status":"open","sticky":false,"template":"","format":"standard","meta":{"footnotes":""},"categories":[9,29,28],"tags":[],"yoast_head":"<!-- This site is optimized with the Yoast SEO plugin v24.5 - https:\/\/yoast.com\/wordpress\/plugins\/seo\/ -->\n<title>El agricultor palentino es el que cultiva m\u00e1s hect\u00e1reas de Espa\u00f1a - ASAJA Palencia<\/title>\n<meta name=\"description\" content=\"Recientemente el Instituto Nacional de Estad\u00edstica (INE) ha publicado el Censo Agrario 2020, un trabajo que realiza aproximadamente cada diez a\u00f1os.\" \/>\n<meta name=\"robots\" content=\"index, follow, max-snippet:-1, max-image-preview:large, max-video-preview:-1\" \/>\n<link rel=\"canonical\" href=\"https:\/\/www.asajacyl.com\/palencia\/asaja-palencia-informa\/el-agricultor-palentino-es-el-que-cultiva-mas-hectareas-de-espana\" \/>\n<meta property=\"og:locale\" content=\"es_ES\" \/>\n<meta property=\"og:type\" content=\"article\" \/>\n<meta property=\"og:title\" content=\"El agricultor palentino es el que cultiva m\u00e1s hect\u00e1reas de Espa\u00f1a - ASAJA Palencia\" \/>\n<meta property=\"og:description\" content=\"Recientemente el Instituto Nacional de Estad\u00edstica (INE) ha publicado el Censo Agrario 2020, un trabajo que realiza aproximadamente cada diez a\u00f1os.\" \/>\n<meta property=\"og:url\" content=\"https:\/\/www.asajacyl.com\/palencia\/asaja-palencia-informa\/el-agricultor-palentino-es-el-que-cultiva-mas-hectareas-de-espana\" \/>\n<meta property=\"og:site_name\" content=\"ASAJA Palencia\" \/>\n<meta property=\"article:published_time\" content=\"2022-05-18T11:05:00+00:00\" \/>\n<meta property=\"og:image\" content=\"https:\/\/www.asajacyl.com\/palencia\/wp-content\/uploads\/sites\/3\/2022\/04\/TRIGO-1.jpg\" \/>\n\t<meta property=\"og:image:width\" content=\"2500\" \/>\n\t<meta property=\"og:image:height\" content=\"1875\" \/>\n\t<meta property=\"og:image:type\" content=\"image\/jpeg\" \/>\n<meta name=\"author\" content=\"Administrador\" \/>\n<meta name=\"twitter:card\" content=\"summary_large_image\" \/>\n<meta name=\"twitter:label1\" content=\"Escrito por\" \/>\n\t<meta name=\"twitter:data1\" content=\"Administrador\" \/>\n\t<meta name=\"twitter:label2\" content=\"Tiempo de lectura\" \/>\n\t<meta name=\"twitter:data2\" content=\"2 minutos\" \/>\n<script type=\"application\/ld+json\" class=\"yoast-schema-graph\">{\"@context\":\"https:\/\/schema.org\",\"@graph\":[{\"@type\":\"WebPage\",\"@id\":\"https:\/\/www.asajacyl.com\/palencia\/asaja-palencia-informa\/el-agricultor-palentino-es-el-que-cultiva-mas-hectareas-de-espana\",\"url\":\"https:\/\/www.asajacyl.com\/palencia\/asaja-palencia-informa\/el-agricultor-palentino-es-el-que-cultiva-mas-hectareas-de-espana\",\"name\":\"El agricultor palentino es el que cultiva m\u00e1s hect\u00e1reas de Espa\u00f1a - ASAJA Palencia\",\"isPartOf\":{\"@id\":\"https:\/\/www.asajacyl.com\/palencia\/#website\"},\"primaryImageOfPage\":{\"@id\":\"https:\/\/www.asajacyl.com\/palencia\/asaja-palencia-informa\/el-agricultor-palentino-es-el-que-cultiva-mas-hectareas-de-espana#primaryimage\"},\"image\":{\"@id\":\"https:\/\/www.asajacyl.com\/palencia\/asaja-palencia-informa\/el-agricultor-palentino-es-el-que-cultiva-mas-hectareas-de-espana#primaryimage\"},\"thumbnailUrl\":\"https:\/\/www.asajacyl.com\/palencia\/wp-content\/uploads\/sites\/3\/2022\/04\/TRIGO-1.jpg\",\"datePublished\":\"2022-05-18T11:05:00+00:00\",\"author\":{\"@id\":\"https:\/\/www.asajacyl.com\/palencia\/#\/schema\/person\/3ab17aeb03527485c317557fae64aab1\"},\"description\":\"Recientemente el Instituto Nacional de Estad\u00edstica (INE) ha publicado el Censo Agrario 2020, un trabajo que realiza aproximadamente cada diez a\u00f1os.\",\"breadcrumb\":{\"@id\":\"https:\/\/www.asajacyl.com\/palencia\/asaja-palencia-informa\/el-agricultor-palentino-es-el-que-cultiva-mas-hectareas-de-espana#breadcrumb\"},\"inLanguage\":\"es\",\"potentialAction\":[{\"@type\":\"ReadAction\",\"target\":[\"https:\/\/www.asajacyl.com\/palencia\/asaja-palencia-informa\/el-agricultor-palentino-es-el-que-cultiva-mas-hectareas-de-espana\"]}]},{\"@type\":\"ImageObject\",\"inLanguage\":\"es\",\"@id\":\"https:\/\/www.asajacyl.com\/palencia\/asaja-palencia-informa\/el-agricultor-palentino-es-el-que-cultiva-mas-hectareas-de-espana#primaryimage\",\"url\":\"https:\/\/www.asajacyl.com\/palencia\/wp-content\/uploads\/sites\/3\/2022\/04\/TRIGO-1.jpg\",\"contentUrl\":\"https:\/\/www.asajacyl.com\/palencia\/wp-content\/uploads\/sites\/3\/2022\/04\/TRIGO-1.jpg\",\"width\":2500,\"height\":1875},{\"@type\":\"BreadcrumbList\",\"@id\":\"https:\/\/www.asajacyl.com\/palencia\/asaja-palencia-informa\/el-agricultor-palentino-es-el-que-cultiva-mas-hectareas-de-espana#breadcrumb\",\"itemListElement\":[{\"@type\":\"ListItem\",\"position\":1,\"name\":\"Portada\",\"item\":\"https:\/\/www.asajacyl.com\/palencia\/\"},{\"@type\":\"ListItem\",\"position\":2,\"name\":\"El agricultor palentino es el que cultiva m\u00e1s hect\u00e1reas de Espa\u00f1a\"}]},{\"@type\":\"WebSite\",\"@id\":\"https:\/\/www.asajacyl.com\/palencia\/#website\",\"url\":\"https:\/\/www.asajacyl.com\/palencia\/\",\"name\":\"ASAJA Palencia\",\"description\":\"Otro sitio m\u00e1s de Provincias ASAJA Castilla y Le\u00f3n\",\"potentialAction\":[{\"@type\":\"SearchAction\",\"target\":{\"@type\":\"EntryPoint\",\"urlTemplate\":\"https:\/\/www.asajacyl.com\/palencia\/?s={search_term_string}\"},\"query-input\":{\"@type\":\"PropertyValueSpecification\",\"valueRequired\":true,\"valueName\":\"search_term_string\"}}],\"inLanguage\":\"es\"},{\"@type\":\"Person\",\"@id\":\"https:\/\/www.asajacyl.com\/palencia\/#\/schema\/person\/3ab17aeb03527485c317557fae64aab1\",\"name\":\"Administrador\",\"image\":{\"@type\":\"ImageObject\",\"inLanguage\":\"es\",\"@id\":\"https:\/\/www.asajacyl.com\/palencia\/#\/schema\/person\/image\/\",\"url\":\"https:\/\/secure.gravatar.com\/avatar\/517384810d242ca9e38c180f3c9fb973?s=96&d=mm&r=g\",\"contentUrl\":\"https:\/\/secure.gravatar.com\/avatar\/517384810d242ca9e38c180f3c9fb973?s=96&d=mm&r=g\",\"caption\":\"Administrador\"},\"url\":\"https:\/\/www.asajacyl.com\/palencia\/author\/carlosrm\"}]}<\/script>\n<!-- \/ Yoast SEO plugin. -->","yoast_head_json":{"title":"El agricultor palentino es el que cultiva m\u00e1s hect\u00e1reas de Espa\u00f1a - ASAJA Palencia","description":"Recientemente el Instituto Nacional de Estad\u00edstica (INE) ha publicado el Censo Agrario 2020, un trabajo que realiza aproximadamente cada diez a\u00f1os.","robots":{"index":"index","follow":"follow","max-snippet":"max-snippet:-1","max-image-preview":"max-image-preview:large","max-video-preview":"max-video-preview:-1"},"canonical":"https:\/\/www.asajacyl.com\/palencia\/asaja-palencia-informa\/el-agricultor-palentino-es-el-que-cultiva-mas-hectareas-de-espana","og_locale":"es_ES","og_type":"article","og_title":"El agricultor palentino es el que cultiva m\u00e1s hect\u00e1reas de Espa\u00f1a - ASAJA Palencia","og_description":"Recientemente el Instituto Nacional de Estad\u00edstica (INE) ha publicado el Censo Agrario 2020, un trabajo que realiza aproximadamente cada diez a\u00f1os.","og_url":"https:\/\/www.asajacyl.com\/palencia\/asaja-palencia-informa\/el-agricultor-palentino-es-el-que-cultiva-mas-hectareas-de-espana","og_site_name":"ASAJA Palencia","article_published_time":"2022-05-18T11:05:00+00:00","og_image":[{"width":2500,"height":1875,"url":"https:\/\/www.asajacyl.com\/palencia\/wp-content\/uploads\/sites\/3\/2022\/04\/TRIGO-1.jpg","type":"image\/jpeg"}],"author":"Administrador","twitter_card":"summary_large_image","twitter_misc":{"Escrito por":"Administrador","Tiempo de lectura":"2 minutos"},"schema":{"@context":"https:\/\/schema.org","@graph":[{"@type":"WebPage","@id":"https:\/\/www.asajacyl.com\/palencia\/asaja-palencia-informa\/el-agricultor-palentino-es-el-que-cultiva-mas-hectareas-de-espana","url":"https:\/\/www.asajacyl.com\/palencia\/asaja-palencia-informa\/el-agricultor-palentino-es-el-que-cultiva-mas-hectareas-de-espana","name":"El agricultor palentino es el que cultiva m\u00e1s hect\u00e1reas de Espa\u00f1a - ASAJA Palencia","isPartOf":{"@id":"https:\/\/www.asajacyl.com\/palencia\/#website"},"primaryImageOfPage":{"@id":"https:\/\/www.asajacyl.com\/palencia\/asaja-palencia-informa\/el-agricultor-palentino-es-el-que-cultiva-mas-hectareas-de-espana#primaryimage"},"image":{"@id":"https:\/\/www.asajacyl.com\/palencia\/asaja-palencia-informa\/el-agricultor-palentino-es-el-que-cultiva-mas-hectareas-de-espana#primaryimage"},"thumbnailUrl":"https:\/\/www.asajacyl.com\/palencia\/wp-content\/uploads\/sites\/3\/2022\/04\/TRIGO-1.jpg","datePublished":"2022-05-18T11:05:00+00:00","author":{"@id":"https:\/\/www.asajacyl.com\/palencia\/#\/schema\/person\/3ab17aeb03527485c317557fae64aab1"},"description":"Recientemente el Instituto Nacional de Estad\u00edstica (INE) ha publicado el Censo Agrario 2020, un trabajo que realiza aproximadamente cada diez a\u00f1os.","breadcrumb":{"@id":"https:\/\/www.asajacyl.com\/palencia\/asaja-palencia-informa\/el-agricultor-palentino-es-el-que-cultiva-mas-hectareas-de-espana#breadcrumb"},"inLanguage":"es","potentialAction":[{"@type":"ReadAction","target":["https:\/\/www.asajacyl.com\/palencia\/asaja-palencia-informa\/el-agricultor-palentino-es-el-que-cultiva-mas-hectareas-de-espana"]}]},{"@type":"ImageObject","inLanguage":"es","@id":"https:\/\/www.asajacyl.com\/palencia\/asaja-palencia-informa\/el-agricultor-palentino-es-el-que-cultiva-mas-hectareas-de-espana#primaryimage","url":"https:\/\/www.asajacyl.com\/palencia\/wp-content\/uploads\/sites\/3\/2022\/04\/TRIGO-1.jpg","contentUrl":"https:\/\/www.asajacyl.com\/palencia\/wp-content\/uploads\/sites\/3\/2022\/04\/TRIGO-1.jpg","width":2500,"height":1875},{"@type":"BreadcrumbList","@id":"https:\/\/www.asajacyl.com\/palencia\/asaja-palencia-informa\/el-agricultor-palentino-es-el-que-cultiva-mas-hectareas-de-espana#breadcrumb","itemListElement":[{"@type":"ListItem","position":1,"name":"Portada","item":"https:\/\/www.asajacyl.com\/palencia\/"},{"@type":"ListItem","position":2,"name":"El agricultor palentino es el que cultiva m\u00e1s hect\u00e1reas de Espa\u00f1a"}]},{"@type":"WebSite","@id":"https:\/\/www.asajacyl.com\/palencia\/#website","url":"https:\/\/www.asajacyl.com\/palencia\/","name":"ASAJA Palencia","description":"Otro sitio m\u00e1s de Provincias ASAJA Castilla y Le\u00f3n","potentialAction":[{"@type":"SearchAction","target":{"@type":"EntryPoint","urlTemplate":"https:\/\/www.asajacyl.com\/palencia\/?s={search_term_string}"},"query-input":{"@type":"PropertyValueSpecification","valueRequired":true,"valueName":"search_term_string"}}],"inLanguage":"es"},{"@type":"Person","@id":"https:\/\/www.asajacyl.com\/palencia\/#\/schema\/person\/3ab17aeb03527485c317557fae64aab1","name":"Administrador","image":{"@type":"ImageObject","inLanguage":"es","@id":"https:\/\/www.asajacyl.com\/palencia\/#\/schema\/person\/image\/","url":"https:\/\/secure.gravatar.com\/avatar\/517384810d242ca9e38c180f3c9fb973?s=96&d=mm&r=g","contentUrl":"https:\/\/secure.gravatar.com\/avatar\/517384810d242ca9e38c180f3c9fb973?s=96&d=mm&r=g","caption":"Administrador"},"url":"https:\/\/www.asajacyl.com\/palencia\/author\/carlosrm"}]}},"_links":{"self":[{"href":"https:\/\/www.asajacyl.com\/palencia\/wp-json\/wp\/v2\/posts\/10451"}],"collection":[{"href":"https:\/\/www.asajacyl.com\/palencia\/wp-json\/wp\/v2\/posts"}],"about":[{"href":"https:\/\/www.asajacyl.com\/palencia\/wp-json\/wp\/v2\/types\/post"}],"author":[{"embeddable":true,"href":"https:\/\/www.asajacyl.com\/palencia\/wp-json\/wp\/v2\/users\/9"}],"replies":[{"embeddable":true,"href":"https:\/\/www.asajacyl.com\/palencia\/wp-json\/wp\/v2\/comments?post=10451"}],"version-history":[{"count":3,"href":"https:\/\/www.asajacyl.com\/palencia\/wp-json\/wp\/v2\/posts\/10451\/revisions"}],"predecessor-version":[{"id":10463,"href":"https:\/\/www.asajacyl.com\/palencia\/wp-json\/wp\/v2\/posts\/10451\/revisions\/10463"}],"wp:featuredmedia":[{"embeddable":true,"href":"https:\/\/www.asajacyl.com\/palencia\/wp-json\/wp\/v2\/media\/10345"}],"wp:attachment":[{"href":"https:\/\/www.asajacyl.com\/palencia\/wp-json\/wp\/v2\/media?parent=10451"}],"wp:term":[{"taxonomy":"category","embeddable":true,"href":"https:\/\/www.asajacyl.com\/palencia\/wp-json\/wp\/v2\/categories?post=10451"},{"taxonomy":"post_tag","embeddable":true,"href":"https:\/\/www.asajacyl.com\/palencia\/wp-json\/wp\/v2\/tags?post=10451"}],"curies":[{"name":"wp","href":"https:\/\/api.w.org\/{rel}","templated":true}]}}