{"id":10455,"date":"2022-05-14T08:44:00","date_gmt":"2022-05-14T06:44:00","guid":{"rendered":"https:\/\/www.asajacyl.com\/palencia\/?p=10455"},"modified":"2022-05-16T09:13:32","modified_gmt":"2022-05-16T07:13:32","slug":"el-campo-pide-a-san-isidro-produccion-y-precio-que-compensen-lo-invertido-por-los-agricultores-en-la-proxima-cosecha","status":"publish","type":"post","link":"https:\/\/www.asajacyl.com\/palencia\/asaja-palencia-informa\/el-campo-pide-a-san-isidro-produccion-y-precio-que-compensen-lo-invertido-por-los-agricultores-en-la-proxima-cosecha","title":{"rendered":"El campo pide a San Isidro producci\u00f3n y precio que compensen lo invertido por los agricultores en la pr\u00f3xima cosecha"},"content":{"rendered":"\n<p><strong><em>La cosecha en Castilla y Le\u00f3n depender\u00e1 del tiempo de las pr\u00f3ximas semanas<\/em><\/strong><\/p>\n\n\n\n<p>Las lluvias de marzo y sobre todo de abril han permitido recuperar el verdor a unos campos y pastos que arrastraban falta de humedad desde el invierno. Sin embargo, esa esperanza necesita del apoyo, como siempre, del tiempo. En la \u00faltima semana, inusualmente calurosa, ya comienza a notarse la falta de agua en el cereal de Castilla y Le\u00f3n, lo que preocupaba a los agricultores. \u201cUna lluvia generosa estos d\u00edas de mayo, y tambi\u00e9n otro golpe de agua en junio, junto con temperaturas suaves y sin heladas, y con cierto control de las plagas, aportar\u00edan las condiciones ideales para cuajar una buena cosecha, tan necesaria para un sector endeudado por los desorbitados gastos de la sementera, como para toda la sociedad, cuando hay problemas de abastecimiento en todo el mundo\u201d, se\u00f1ala Donaciano Dujo, presidente de ASAJA de Castilla y Le\u00f3n.<\/p>\n\n\n\n<p>Recapitulando el a\u00f1o agr\u00edcola, ASAJA recuerda que las siembras se realizaron en bastantes buenas condiciones, aunque desde el invierno, que no trajo nieve, se ha arrastrado un periodo seco solo roto por las lluvias de marzo y de abril. \u201cEl agua ha llegado tarde para el regad\u00edo, porque no se recargaron a su tiempo acu\u00edferos y pantanos, pero s\u00ed ha alimentado al secano y tambi\u00e9n ha favorecido las siembras de primavera, que este a\u00f1o ser\u00e1n mayores que nunca por la posibilidad abierta por la Uni\u00f3n Europea de sembrar en barbecho. Ahora todo queda pendiente de lo que ocurra en el mes y medio que falta hasta la cosecha: \u201cel agua que caiga a partir de ahora determinar\u00e1 unas producciones mediocres o buenas\u201d, se\u00f1ala Donaciano Dujo.<\/p>\n\n\n\n<p>Para ASAJA, \u201ctanto o m\u00e1s importante son este a\u00f1o las toneladas que cosechemos como los precios que se paguen por la producci\u00f3n, que tienen que compensar los enormes costes que estamos soportando en un periodo de inflaci\u00f3n sin precedentes, especialmente en fertilizantes, gas\u00f3leo y energ\u00eda. Por eso este a\u00f1o la petici\u00f3n a San Isidro tiene que ser doble: cosecha y precio, si no vamos a la ruina\u201d.<\/p>\n\n\n\n<p>Tambi\u00e9n preocupa la situaci\u00f3n de los agricultores de regad\u00edo, con una campa\u00f1a que ha comenzado ya mermada por las bajas reservas de los pantanos en varios sistemas de riego, y, en el caso de tener agua, por el desmesurado precio de la energ\u00eda necesaria para impulsarla. Un hecho que para ASAJA confirma la \u201cnecesidad extrema que tiene Castilla y Le\u00f3n de contar con un regad\u00edo potente y modernizado, una regi\u00f3n con m\u00e1s disponibilidad de agua que otras del pa\u00eds y sin embargo con un menor porcentaje de tierras en regad\u00edo\u201d.<\/p>\n","protected":false},"excerpt":{"rendered":"<p>La cosecha en Castilla y Le\u00f3n depender\u00e1 del tiempo de las pr\u00f3ximas semanas Las lluvias de marzo y sobre todo de abril han permitido recuperar el verdor a unos campos y pastos que arrastraban falta de humedad desde el invierno. Sin embargo, esa esperanza necesita del apoyo, como siempre, del tiempo. En la \u00faltima semana, [&hellip;]<\/p>\n","protected":false},"author":9,"featured_media":10456,"comment_status":"open","ping_status":"open","sticky":false,"template":"","format":"standard","meta":{"footnotes":""},"categories":[9,29,28],"tags":[],"yoast_head":"<!-- This site is optimized with the Yoast SEO plugin v24.5 - https:\/\/yoast.com\/wordpress\/plugins\/seo\/ -->\n<title>El campo pide a San Isidro producci\u00f3n y precio que compensen lo invertido por los agricultores en la pr\u00f3xima cosecha - ASAJA Palencia<\/title>\n<meta name=\"description\" content=\"La cosecha en Castilla y Le\u00f3n depender\u00e1 del tiempo de las pr\u00f3ximas semanas Las lluvias de marzo y sobre todo de abril han permitido recuperar el verdor a\" \/>\n<meta name=\"robots\" content=\"index, follow, max-snippet:-1, max-image-preview:large, max-video-preview:-1\" \/>\n<link rel=\"canonical\" href=\"https:\/\/www.asajacyl.com\/palencia\/asaja-palencia-informa\/el-campo-pide-a-san-isidro-produccion-y-precio-que-compensen-lo-invertido-por-los-agricultores-en-la-proxima-cosecha\" \/>\n<meta property=\"og:locale\" content=\"es_ES\" \/>\n<meta property=\"og:type\" content=\"article\" \/>\n<meta property=\"og:title\" content=\"El campo pide a San Isidro producci\u00f3n y precio que compensen lo invertido por los agricultores en la pr\u00f3xima cosecha - ASAJA Palencia\" \/>\n<meta property=\"og:description\" content=\"La cosecha en Castilla y Le\u00f3n depender\u00e1 del tiempo de las pr\u00f3ximas semanas Las lluvias de marzo y sobre todo de abril han permitido recuperar el verdor a\" \/>\n<meta property=\"og:url\" content=\"https:\/\/www.asajacyl.com\/palencia\/asaja-palencia-informa\/el-campo-pide-a-san-isidro-produccion-y-precio-que-compensen-lo-invertido-por-los-agricultores-en-la-proxima-cosecha\" \/>\n<meta property=\"og:site_name\" content=\"ASAJA Palencia\" \/>\n<meta property=\"article:published_time\" content=\"2022-05-14T06:44:00+00:00\" \/>\n<meta property=\"article:modified_time\" content=\"2022-05-16T07:13:32+00:00\" \/>\n<meta property=\"og:image\" content=\"https:\/\/www.asajacyl.com\/palencia\/wp-content\/uploads\/sites\/3\/2022\/05\/CAMELINA.jpg\" \/>\n\t<meta property=\"og:image:width\" content=\"2016\" \/>\n\t<meta property=\"og:image:height\" content=\"1512\" \/>\n\t<meta property=\"og:image:type\" content=\"image\/jpeg\" \/>\n<meta name=\"author\" content=\"Administrador\" \/>\n<meta name=\"twitter:card\" content=\"summary_large_image\" \/>\n<meta name=\"twitter:label1\" content=\"Escrito por\" \/>\n\t<meta name=\"twitter:data1\" content=\"Administrador\" \/>\n\t<meta name=\"twitter:label2\" content=\"Tiempo de lectura\" \/>\n\t<meta name=\"twitter:data2\" content=\"2 minutos\" \/>\n<script type=\"application\/ld+json\" class=\"yoast-schema-graph\">{\"@context\":\"https:\/\/schema.org\",\"@graph\":[{\"@type\":\"WebPage\",\"@id\":\"https:\/\/www.asajacyl.com\/palencia\/asaja-palencia-informa\/el-campo-pide-a-san-isidro-produccion-y-precio-que-compensen-lo-invertido-por-los-agricultores-en-la-proxima-cosecha\",\"url\":\"https:\/\/www.asajacyl.com\/palencia\/asaja-palencia-informa\/el-campo-pide-a-san-isidro-produccion-y-precio-que-compensen-lo-invertido-por-los-agricultores-en-la-proxima-cosecha\",\"name\":\"El campo pide a San Isidro producci\u00f3n y precio que compensen lo invertido por los agricultores en la pr\u00f3xima cosecha - ASAJA Palencia\",\"isPartOf\":{\"@id\":\"https:\/\/www.asajacyl.com\/palencia\/#website\"},\"primaryImageOfPage\":{\"@id\":\"https:\/\/www.asajacyl.com\/palencia\/asaja-palencia-informa\/el-campo-pide-a-san-isidro-produccion-y-precio-que-compensen-lo-invertido-por-los-agricultores-en-la-proxima-cosecha#primaryimage\"},\"image\":{\"@id\":\"https:\/\/www.asajacyl.com\/palencia\/asaja-palencia-informa\/el-campo-pide-a-san-isidro-produccion-y-precio-que-compensen-lo-invertido-por-los-agricultores-en-la-proxima-cosecha#primaryimage\"},\"thumbnailUrl\":\"https:\/\/www.asajacyl.com\/palencia\/wp-content\/uploads\/sites\/3\/2022\/05\/CAMELINA.jpg\",\"datePublished\":\"2022-05-14T06:44:00+00:00\",\"dateModified\":\"2022-05-16T07:13:32+00:00\",\"author\":{\"@id\":\"https:\/\/www.asajacyl.com\/palencia\/#\/schema\/person\/3ab17aeb03527485c317557fae64aab1\"},\"description\":\"La cosecha en Castilla y Le\u00f3n depender\u00e1 del tiempo de las pr\u00f3ximas semanas Las lluvias de marzo y sobre todo de abril han permitido recuperar el verdor a\",\"breadcrumb\":{\"@id\":\"https:\/\/www.asajacyl.com\/palencia\/asaja-palencia-informa\/el-campo-pide-a-san-isidro-produccion-y-precio-que-compensen-lo-invertido-por-los-agricultores-en-la-proxima-cosecha#breadcrumb\"},\"inLanguage\":\"es\",\"potentialAction\":[{\"@type\":\"ReadAction\",\"target\":[\"https:\/\/www.asajacyl.com\/palencia\/asaja-palencia-informa\/el-campo-pide-a-san-isidro-produccion-y-precio-que-compensen-lo-invertido-por-los-agricultores-en-la-proxima-cosecha\"]}]},{\"@type\":\"ImageObject\",\"inLanguage\":\"es\",\"@id\":\"https:\/\/www.asajacyl.com\/palencia\/asaja-palencia-informa\/el-campo-pide-a-san-isidro-produccion-y-precio-que-compensen-lo-invertido-por-los-agricultores-en-la-proxima-cosecha#primaryimage\",\"url\":\"https:\/\/www.asajacyl.com\/palencia\/wp-content\/uploads\/sites\/3\/2022\/05\/CAMELINA.jpg\",\"contentUrl\":\"https:\/\/www.asajacyl.com\/palencia\/wp-content\/uploads\/sites\/3\/2022\/05\/CAMELINA.jpg\",\"width\":2016,\"height\":1512},{\"@type\":\"BreadcrumbList\",\"@id\":\"https:\/\/www.asajacyl.com\/palencia\/asaja-palencia-informa\/el-campo-pide-a-san-isidro-produccion-y-precio-que-compensen-lo-invertido-por-los-agricultores-en-la-proxima-cosecha#breadcrumb\",\"itemListElement\":[{\"@type\":\"ListItem\",\"position\":1,\"name\":\"Portada\",\"item\":\"https:\/\/www.asajacyl.com\/palencia\/\"},{\"@type\":\"ListItem\",\"position\":2,\"name\":\"El campo pide a San Isidro producci\u00f3n y precio que compensen lo invertido por los agricultores en la pr\u00f3xima cosecha\"}]},{\"@type\":\"WebSite\",\"@id\":\"https:\/\/www.asajacyl.com\/palencia\/#website\",\"url\":\"https:\/\/www.asajacyl.com\/palencia\/\",\"name\":\"ASAJA Palencia\",\"description\":\"Otro sitio m\u00e1s de Provincias ASAJA Castilla y Le\u00f3n\",\"potentialAction\":[{\"@type\":\"SearchAction\",\"target\":{\"@type\":\"EntryPoint\",\"urlTemplate\":\"https:\/\/www.asajacyl.com\/palencia\/?s={search_term_string}\"},\"query-input\":{\"@type\":\"PropertyValueSpecification\",\"valueRequired\":true,\"valueName\":\"search_term_string\"}}],\"inLanguage\":\"es\"},{\"@type\":\"Person\",\"@id\":\"https:\/\/www.asajacyl.com\/palencia\/#\/schema\/person\/3ab17aeb03527485c317557fae64aab1\",\"name\":\"Administrador\",\"image\":{\"@type\":\"ImageObject\",\"inLanguage\":\"es\",\"@id\":\"https:\/\/www.asajacyl.com\/palencia\/#\/schema\/person\/image\/\",\"url\":\"https:\/\/secure.gravatar.com\/avatar\/517384810d242ca9e38c180f3c9fb973?s=96&d=mm&r=g\",\"contentUrl\":\"https:\/\/secure.gravatar.com\/avatar\/517384810d242ca9e38c180f3c9fb973?s=96&d=mm&r=g\",\"caption\":\"Administrador\"},\"url\":\"https:\/\/www.asajacyl.com\/palencia\/author\/carlosrm\"}]}<\/script>\n<!-- \/ Yoast SEO plugin. -->","yoast_head_json":{"title":"El campo pide a San Isidro producci\u00f3n y precio que compensen lo invertido por los agricultores en la pr\u00f3xima cosecha - ASAJA Palencia","description":"La cosecha en Castilla y Le\u00f3n depender\u00e1 del tiempo de las pr\u00f3ximas semanas Las lluvias de marzo y sobre todo de abril han permitido recuperar el verdor a","robots":{"index":"index","follow":"follow","max-snippet":"max-snippet:-1","max-image-preview":"max-image-preview:large","max-video-preview":"max-video-preview:-1"},"canonical":"https:\/\/www.asajacyl.com\/palencia\/asaja-palencia-informa\/el-campo-pide-a-san-isidro-produccion-y-precio-que-compensen-lo-invertido-por-los-agricultores-en-la-proxima-cosecha","og_locale":"es_ES","og_type":"article","og_title":"El campo pide a San Isidro producci\u00f3n y precio que compensen lo invertido por los agricultores en la pr\u00f3xima cosecha - ASAJA Palencia","og_description":"La cosecha en Castilla y Le\u00f3n depender\u00e1 del tiempo de las pr\u00f3ximas semanas Las lluvias de marzo y sobre todo de abril han permitido recuperar el verdor a","og_url":"https:\/\/www.asajacyl.com\/palencia\/asaja-palencia-informa\/el-campo-pide-a-san-isidro-produccion-y-precio-que-compensen-lo-invertido-por-los-agricultores-en-la-proxima-cosecha","og_site_name":"ASAJA Palencia","article_published_time":"2022-05-14T06:44:00+00:00","article_modified_time":"2022-05-16T07:13:32+00:00","og_image":[{"width":2016,"height":1512,"url":"https:\/\/www.asajacyl.com\/palencia\/wp-content\/uploads\/sites\/3\/2022\/05\/CAMELINA.jpg","type":"image\/jpeg"}],"author":"Administrador","twitter_card":"summary_large_image","twitter_misc":{"Escrito por":"Administrador","Tiempo de lectura":"2 minutos"},"schema":{"@context":"https:\/\/schema.org","@graph":[{"@type":"WebPage","@id":"https:\/\/www.asajacyl.com\/palencia\/asaja-palencia-informa\/el-campo-pide-a-san-isidro-produccion-y-precio-que-compensen-lo-invertido-por-los-agricultores-en-la-proxima-cosecha","url":"https:\/\/www.asajacyl.com\/palencia\/asaja-palencia-informa\/el-campo-pide-a-san-isidro-produccion-y-precio-que-compensen-lo-invertido-por-los-agricultores-en-la-proxima-cosecha","name":"El campo pide a San Isidro producci\u00f3n y precio que compensen lo invertido por los agricultores en la pr\u00f3xima cosecha - ASAJA Palencia","isPartOf":{"@id":"https:\/\/www.asajacyl.com\/palencia\/#website"},"primaryImageOfPage":{"@id":"https:\/\/www.asajacyl.com\/palencia\/asaja-palencia-informa\/el-campo-pide-a-san-isidro-produccion-y-precio-que-compensen-lo-invertido-por-los-agricultores-en-la-proxima-cosecha#primaryimage"},"image":{"@id":"https:\/\/www.asajacyl.com\/palencia\/asaja-palencia-informa\/el-campo-pide-a-san-isidro-produccion-y-precio-que-compensen-lo-invertido-por-los-agricultores-en-la-proxima-cosecha#primaryimage"},"thumbnailUrl":"https:\/\/www.asajacyl.com\/palencia\/wp-content\/uploads\/sites\/3\/2022\/05\/CAMELINA.jpg","datePublished":"2022-05-14T06:44:00+00:00","dateModified":"2022-05-16T07:13:32+00:00","author":{"@id":"https:\/\/www.asajacyl.com\/palencia\/#\/schema\/person\/3ab17aeb03527485c317557fae64aab1"},"description":"La cosecha en Castilla y Le\u00f3n depender\u00e1 del tiempo de las pr\u00f3ximas semanas Las lluvias de marzo y sobre todo de abril han permitido recuperar el verdor a","breadcrumb":{"@id":"https:\/\/www.asajacyl.com\/palencia\/asaja-palencia-informa\/el-campo-pide-a-san-isidro-produccion-y-precio-que-compensen-lo-invertido-por-los-agricultores-en-la-proxima-cosecha#breadcrumb"},"inLanguage":"es","potentialAction":[{"@type":"ReadAction","target":["https:\/\/www.asajacyl.com\/palencia\/asaja-palencia-informa\/el-campo-pide-a-san-isidro-produccion-y-precio-que-compensen-lo-invertido-por-los-agricultores-en-la-proxima-cosecha"]}]},{"@type":"ImageObject","inLanguage":"es","@id":"https:\/\/www.asajacyl.com\/palencia\/asaja-palencia-informa\/el-campo-pide-a-san-isidro-produccion-y-precio-que-compensen-lo-invertido-por-los-agricultores-en-la-proxima-cosecha#primaryimage","url":"https:\/\/www.asajacyl.com\/palencia\/wp-content\/uploads\/sites\/3\/2022\/05\/CAMELINA.jpg","contentUrl":"https:\/\/www.asajacyl.com\/palencia\/wp-content\/uploads\/sites\/3\/2022\/05\/CAMELINA.jpg","width":2016,"height":1512},{"@type":"BreadcrumbList","@id":"https:\/\/www.asajacyl.com\/palencia\/asaja-palencia-informa\/el-campo-pide-a-san-isidro-produccion-y-precio-que-compensen-lo-invertido-por-los-agricultores-en-la-proxima-cosecha#breadcrumb","itemListElement":[{"@type":"ListItem","position":1,"name":"Portada","item":"https:\/\/www.asajacyl.com\/palencia\/"},{"@type":"ListItem","position":2,"name":"El campo pide a San Isidro producci\u00f3n y precio que compensen lo invertido por los agricultores en la pr\u00f3xima cosecha"}]},{"@type":"WebSite","@id":"https:\/\/www.asajacyl.com\/palencia\/#website","url":"https:\/\/www.asajacyl.com\/palencia\/","name":"ASAJA Palencia","description":"Otro sitio m\u00e1s de Provincias ASAJA Castilla y Le\u00f3n","potentialAction":[{"@type":"SearchAction","target":{"@type":"EntryPoint","urlTemplate":"https:\/\/www.asajacyl.com\/palencia\/?s={search_term_string}"},"query-input":{"@type":"PropertyValueSpecification","valueRequired":true,"valueName":"search_term_string"}}],"inLanguage":"es"},{"@type":"Person","@id":"https:\/\/www.asajacyl.com\/palencia\/#\/schema\/person\/3ab17aeb03527485c317557fae64aab1","name":"Administrador","image":{"@type":"ImageObject","inLanguage":"es","@id":"https:\/\/www.asajacyl.com\/palencia\/#\/schema\/person\/image\/","url":"https:\/\/secure.gravatar.com\/avatar\/517384810d242ca9e38c180f3c9fb973?s=96&d=mm&r=g","contentUrl":"https:\/\/secure.gravatar.com\/avatar\/517384810d242ca9e38c180f3c9fb973?s=96&d=mm&r=g","caption":"Administrador"},"url":"https:\/\/www.asajacyl.com\/palencia\/author\/carlosrm"}]}},"_links":{"self":[{"href":"https:\/\/www.asajacyl.com\/palencia\/wp-json\/wp\/v2\/posts\/10455"}],"collection":[{"href":"https:\/\/www.asajacyl.com\/palencia\/wp-json\/wp\/v2\/posts"}],"about":[{"href":"https:\/\/www.asajacyl.com\/palencia\/wp-json\/wp\/v2\/types\/post"}],"author":[{"embeddable":true,"href":"https:\/\/www.asajacyl.com\/palencia\/wp-json\/wp\/v2\/users\/9"}],"replies":[{"embeddable":true,"href":"https:\/\/www.asajacyl.com\/palencia\/wp-json\/wp\/v2\/comments?post=10455"}],"version-history":[{"count":2,"href":"https:\/\/www.asajacyl.com\/palencia\/wp-json\/wp\/v2\/posts\/10455\/revisions"}],"predecessor-version":[{"id":10462,"href":"https:\/\/www.asajacyl.com\/palencia\/wp-json\/wp\/v2\/posts\/10455\/revisions\/10462"}],"wp:featuredmedia":[{"embeddable":true,"href":"https:\/\/www.asajacyl.com\/palencia\/wp-json\/wp\/v2\/media\/10456"}],"wp:attachment":[{"href":"https:\/\/www.asajacyl.com\/palencia\/wp-json\/wp\/v2\/media?parent=10455"}],"wp:term":[{"taxonomy":"category","embeddable":true,"href":"https:\/\/www.asajacyl.com\/palencia\/wp-json\/wp\/v2\/categories?post=10455"},{"taxonomy":"post_tag","embeddable":true,"href":"https:\/\/www.asajacyl.com\/palencia\/wp-json\/wp\/v2\/tags?post=10455"}],"curies":[{"name":"wp","href":"https:\/\/api.w.org\/{rel}","templated":true}]}}