{"id":10464,"date":"2022-05-17T09:22:00","date_gmt":"2022-05-17T07:22:00","guid":{"rendered":"https:\/\/www.asajacyl.com\/palencia\/?p=10464"},"modified":"2022-05-17T09:40:09","modified_gmt":"2022-05-17T07:40:09","slug":"campana-de-riego-en-palencia-con-carencias-pero-en-pleno-desarrollo","status":"publish","type":"post","link":"https:\/\/www.asajacyl.com\/palencia\/asaja-palencia-informa\/campana-de-riego-en-palencia-con-carencias-pero-en-pleno-desarrollo","title":{"rendered":"Campa\u00f1a de riego en Palencia, con carencias pero en pleno desarrollo"},"content":{"rendered":"\n<p>La Confederaci\u00f3n Hidrogr\u00e1fica del Duero ha publicado el \u00abInforme Mensual de Seguimiento del Plan Especial de Sequ\u00eda\u00bb en el que, teniendo en cuenta las aportaciones que recibe cada sistema -calculado tomando datos en distintos puntos de cada sistema y estimando lo que pesan dichos datos en el sistema-, se observa el estado en que se encuentra la sequ\u00eda prolongada y, en funci\u00f3n del volumen de agua embalsada, se calcula la escasez.<\/p>\n\n\n\n<p>Referente a la sequ\u00eda prolongada, los datos de abril mantienen a Carri\u00f3n y Pisuerga tal y como estaban en meses anteriores ya que desde febrero se encuentra el sistema Carri\u00f3n en estado de \u00abnormalidad\u00bb y el sistema Pisuerga en estado de \u00absequ\u00eda prolongada\u00bb. Por su parte, la escasez de abril mantiene los datos de marzo de manera que nuestros dos sistemas contin\u00faan en \u00abprealerta\u00bb.<\/p>\n\n\n\n<p>Los datos del 16 de mayo indican que el Carri\u00f3n cuenta con 117,6 hm<sup>3<\/sup> de agua embalsada (71,3% sobre el total posible) y a\u00fan a cierta distancia de los 139,6 hm<sup>3<\/sup> representativos de la media de los \u00faltimos diez a\u00f1os. No siendo nunca un sistema agraciado en agua por su carencia de regulaci\u00f3n, este a\u00f1o el Carri\u00f3n tiene una carencia de agua que ha limitado los cultivos de primavera en la zona en previsi\u00f3n de la falta de agua para regar.<\/p>\n\n\n\n<p>Por su parte, el sistema Pisuerga almacena 161,8 hm<sup>3<\/sup> (50,3% del m\u00e1ximo posible) y muy lejos de los 245,8 hm<sup>3<\/sup> que marca la media a diez a\u00f1os. En el Pisuerga tambi\u00e9n se han limitado mucho los cultivos de primavera previendo el corte de la campa\u00f1a de riego antes de lo deseado y dadas las limitaciones existentes en las dotaciones para este a\u00f1o.<\/p>\n\n\n\n<p>Las precipitaciones que tuvieron lugar a finales de abril, unido a unas temperaturas m\u00e1ximas que han rondado los 20 grados, han facilitado el retraso del inicio de la campa\u00f1a de riego aunque actualmente ya se estamos plenamente inmersos en ella. La media del hist\u00f3rico de 1996 a 2017 refleja que normalmente entra en los embalses algo m\u00e1s agua de lo que sale de ellos durante el mes de mayo, algo dif\u00edcil de conseguir este a\u00f1o, pese al sacrificio de los regantes sembrando una superficie menor de cultivos de primavera, con una previsi\u00f3n de escasez de lluvias y unas temperaturas elevadas que se mermar\u00e1n el volumen de agua embalsada.<\/p>\n\n\n\n<p>Hasta ahora los regantes del Carri\u00f3n cuentan con 3.700 m<sup>3<\/sup>\/ha para regar sus parcelas mientras que en el Pisuerga cuentan con 3.500 m<sup>3<\/sup>\/ha, una cantidad insuficiente para que la campa\u00f1a de riego pueda ser considerada normal, algo que hace ver la necesidad de aumentar la regulaci\u00f3n de nuestros sistemas, en contra de la opini\u00f3n de la CHD.<\/p>\n\n\n\n<figure class=\"wp-block-table aligncenter is-style-stripes\"><table><tbody><tr><td class=\"has-text-align-center\" data-align=\"center\"><strong>ESTACI\u00d3N METEOROL\u00d3GICA<\/strong><\/td><td class=\"has-text-align-center\" data-align=\"center\"><strong>PLUVIOMETR\u00cdA EN ABRIL (l\/m<sup>2<\/sup>)<\/strong><\/td><\/tr><tr><td class=\"has-text-align-center\" data-align=\"center\"> Villamuriel de Cerrato <\/td><td class=\"has-text-align-center\" data-align=\"center\">46<\/td><\/tr><tr><td class=\"has-text-align-center\" data-align=\"center\">Torquemada<\/td><td class=\"has-text-align-center\" data-align=\"center\">45<\/td><\/tr><tr><td class=\"has-text-align-center\" data-align=\"center\">Villoldo<\/td><td class=\"has-text-align-center\" data-align=\"center\">43<\/td><\/tr><tr><td class=\"has-text-align-center\" data-align=\"center\">Villaeles<\/td><td class=\"has-text-align-center\" data-align=\"center\">42<\/td><\/tr><tr><td class=\"has-text-align-center\" data-align=\"center\">Herrera de Pisuerga<\/td><td class=\"has-text-align-center\" data-align=\"center\">42<\/td><\/tr><tr><td class=\"has-text-align-center\" data-align=\"center\">Fuentes de Nava<\/td><td class=\"has-text-align-center\" data-align=\"center\">40<\/td><\/tr><tr><td class=\"has-text-align-center\" data-align=\"center\">Villaluenga de la Vega<\/td><td class=\"has-text-align-center\" data-align=\"center\">37<\/td><\/tr><tr><td class=\"has-text-align-center\" data-align=\"center\">Lantadilla<\/td><td class=\"has-text-align-center\" data-align=\"center\">37<\/td><\/tr><\/tbody><\/table><figcaption>Fuente: ITACyL<\/figcaption><\/figure>\n","protected":false},"excerpt":{"rendered":"<p>La Confederaci\u00f3n Hidrogr\u00e1fica del Duero ha publicado el \u00abInforme Mensual de Seguimiento del Plan Especial de Sequ\u00eda\u00bb en el que, teniendo en cuenta las aportaciones que recibe cada sistema -calculado tomando datos en distintos puntos de cada sistema y estimando lo que pesan dichos datos en el sistema-, se observa el estado en que se [&hellip;]<\/p>\n","protected":false},"author":9,"featured_media":10470,"comment_status":"open","ping_status":"open","sticky":false,"template":"","format":"standard","meta":{"footnotes":""},"categories":[9,29,28],"tags":[],"yoast_head":"<!-- This site is optimized with the Yoast SEO plugin v24.5 - https:\/\/yoast.com\/wordpress\/plugins\/seo\/ -->\n<title>Campa\u00f1a de riego en Palencia, con carencias pero en pleno desarrollo - ASAJA Palencia<\/title>\n<meta name=\"description\" content=\"La Confederaci\u00f3n Hidrogr\u00e1fica del Duero ha publicado el &quot;Informe Mensual de Seguimiento del Plan Especial de Sequ\u00eda&quot; en el que, teniendo en cuenta las\" \/>\n<meta name=\"robots\" content=\"index, follow, max-snippet:-1, max-image-preview:large, max-video-preview:-1\" \/>\n<link rel=\"canonical\" href=\"https:\/\/www.asajacyl.com\/palencia\/asaja-palencia-informa\/campana-de-riego-en-palencia-con-carencias-pero-en-pleno-desarrollo\" \/>\n<meta property=\"og:locale\" content=\"es_ES\" \/>\n<meta property=\"og:type\" content=\"article\" \/>\n<meta property=\"og:title\" content=\"Campa\u00f1a de riego en Palencia, con carencias pero en pleno desarrollo - ASAJA Palencia\" \/>\n<meta property=\"og:description\" content=\"La Confederaci\u00f3n Hidrogr\u00e1fica del Duero ha publicado el &quot;Informe Mensual de Seguimiento del Plan Especial de Sequ\u00eda&quot; en el que, teniendo en cuenta las\" \/>\n<meta property=\"og:url\" content=\"https:\/\/www.asajacyl.com\/palencia\/asaja-palencia-informa\/campana-de-riego-en-palencia-con-carencias-pero-en-pleno-desarrollo\" \/>\n<meta property=\"og:site_name\" content=\"ASAJA Palencia\" \/>\n<meta property=\"article:published_time\" content=\"2022-05-17T07:22:00+00:00\" \/>\n<meta property=\"article:modified_time\" content=\"2022-05-17T07:40:09+00:00\" \/>\n<meta property=\"og:image\" content=\"https:\/\/www.asajacyl.com\/palencia\/wp-content\/uploads\/sites\/3\/2022\/05\/REGADIO-ENROLLADOR-CEREAL.jpg\" \/>\n\t<meta property=\"og:image:width\" content=\"2500\" \/>\n\t<meta property=\"og:image:height\" content=\"1875\" \/>\n\t<meta property=\"og:image:type\" content=\"image\/jpeg\" \/>\n<meta name=\"author\" content=\"Administrador\" \/>\n<meta name=\"twitter:card\" content=\"summary_large_image\" \/>\n<meta name=\"twitter:label1\" content=\"Escrito por\" \/>\n\t<meta name=\"twitter:data1\" content=\"Administrador\" \/>\n\t<meta name=\"twitter:label2\" content=\"Tiempo de lectura\" \/>\n\t<meta name=\"twitter:data2\" content=\"3 minutos\" \/>\n<script type=\"application\/ld+json\" class=\"yoast-schema-graph\">{\"@context\":\"https:\/\/schema.org\",\"@graph\":[{\"@type\":\"WebPage\",\"@id\":\"https:\/\/www.asajacyl.com\/palencia\/asaja-palencia-informa\/campana-de-riego-en-palencia-con-carencias-pero-en-pleno-desarrollo\",\"url\":\"https:\/\/www.asajacyl.com\/palencia\/asaja-palencia-informa\/campana-de-riego-en-palencia-con-carencias-pero-en-pleno-desarrollo\",\"name\":\"Campa\u00f1a de riego en Palencia, con carencias pero en pleno desarrollo - ASAJA Palencia\",\"isPartOf\":{\"@id\":\"https:\/\/www.asajacyl.com\/palencia\/#website\"},\"primaryImageOfPage\":{\"@id\":\"https:\/\/www.asajacyl.com\/palencia\/asaja-palencia-informa\/campana-de-riego-en-palencia-con-carencias-pero-en-pleno-desarrollo#primaryimage\"},\"image\":{\"@id\":\"https:\/\/www.asajacyl.com\/palencia\/asaja-palencia-informa\/campana-de-riego-en-palencia-con-carencias-pero-en-pleno-desarrollo#primaryimage\"},\"thumbnailUrl\":\"https:\/\/www.asajacyl.com\/palencia\/wp-content\/uploads\/sites\/3\/2022\/05\/REGADIO-ENROLLADOR-CEREAL.jpg\",\"datePublished\":\"2022-05-17T07:22:00+00:00\",\"dateModified\":\"2022-05-17T07:40:09+00:00\",\"author\":{\"@id\":\"https:\/\/www.asajacyl.com\/palencia\/#\/schema\/person\/3ab17aeb03527485c317557fae64aab1\"},\"description\":\"La Confederaci\u00f3n Hidrogr\u00e1fica del Duero ha publicado el \\\"Informe Mensual de Seguimiento del Plan Especial de Sequ\u00eda\\\" en el que, teniendo en cuenta las\",\"breadcrumb\":{\"@id\":\"https:\/\/www.asajacyl.com\/palencia\/asaja-palencia-informa\/campana-de-riego-en-palencia-con-carencias-pero-en-pleno-desarrollo#breadcrumb\"},\"inLanguage\":\"es\",\"potentialAction\":[{\"@type\":\"ReadAction\",\"target\":[\"https:\/\/www.asajacyl.com\/palencia\/asaja-palencia-informa\/campana-de-riego-en-palencia-con-carencias-pero-en-pleno-desarrollo\"]}]},{\"@type\":\"ImageObject\",\"inLanguage\":\"es\",\"@id\":\"https:\/\/www.asajacyl.com\/palencia\/asaja-palencia-informa\/campana-de-riego-en-palencia-con-carencias-pero-en-pleno-desarrollo#primaryimage\",\"url\":\"https:\/\/www.asajacyl.com\/palencia\/wp-content\/uploads\/sites\/3\/2022\/05\/REGADIO-ENROLLADOR-CEREAL.jpg\",\"contentUrl\":\"https:\/\/www.asajacyl.com\/palencia\/wp-content\/uploads\/sites\/3\/2022\/05\/REGADIO-ENROLLADOR-CEREAL.jpg\",\"width\":2500,\"height\":1875},{\"@type\":\"BreadcrumbList\",\"@id\":\"https:\/\/www.asajacyl.com\/palencia\/asaja-palencia-informa\/campana-de-riego-en-palencia-con-carencias-pero-en-pleno-desarrollo#breadcrumb\",\"itemListElement\":[{\"@type\":\"ListItem\",\"position\":1,\"name\":\"Portada\",\"item\":\"https:\/\/www.asajacyl.com\/palencia\/\"},{\"@type\":\"ListItem\",\"position\":2,\"name\":\"Campa\u00f1a de riego en Palencia, con carencias pero en pleno desarrollo\"}]},{\"@type\":\"WebSite\",\"@id\":\"https:\/\/www.asajacyl.com\/palencia\/#website\",\"url\":\"https:\/\/www.asajacyl.com\/palencia\/\",\"name\":\"ASAJA Palencia\",\"description\":\"Otro sitio m\u00e1s de Provincias ASAJA Castilla y Le\u00f3n\",\"potentialAction\":[{\"@type\":\"SearchAction\",\"target\":{\"@type\":\"EntryPoint\",\"urlTemplate\":\"https:\/\/www.asajacyl.com\/palencia\/?s={search_term_string}\"},\"query-input\":{\"@type\":\"PropertyValueSpecification\",\"valueRequired\":true,\"valueName\":\"search_term_string\"}}],\"inLanguage\":\"es\"},{\"@type\":\"Person\",\"@id\":\"https:\/\/www.asajacyl.com\/palencia\/#\/schema\/person\/3ab17aeb03527485c317557fae64aab1\",\"name\":\"Administrador\",\"image\":{\"@type\":\"ImageObject\",\"inLanguage\":\"es\",\"@id\":\"https:\/\/www.asajacyl.com\/palencia\/#\/schema\/person\/image\/\",\"url\":\"https:\/\/secure.gravatar.com\/avatar\/517384810d242ca9e38c180f3c9fb973?s=96&d=mm&r=g\",\"contentUrl\":\"https:\/\/secure.gravatar.com\/avatar\/517384810d242ca9e38c180f3c9fb973?s=96&d=mm&r=g\",\"caption\":\"Administrador\"},\"url\":\"https:\/\/www.asajacyl.com\/palencia\/author\/carlosrm\"}]}<\/script>\n<!-- \/ Yoast SEO plugin. -->","yoast_head_json":{"title":"Campa\u00f1a de riego en Palencia, con carencias pero en pleno desarrollo - ASAJA Palencia","description":"La Confederaci\u00f3n Hidrogr\u00e1fica del Duero ha publicado el \"Informe Mensual de Seguimiento del Plan Especial de Sequ\u00eda\" en el que, teniendo en cuenta las","robots":{"index":"index","follow":"follow","max-snippet":"max-snippet:-1","max-image-preview":"max-image-preview:large","max-video-preview":"max-video-preview:-1"},"canonical":"https:\/\/www.asajacyl.com\/palencia\/asaja-palencia-informa\/campana-de-riego-en-palencia-con-carencias-pero-en-pleno-desarrollo","og_locale":"es_ES","og_type":"article","og_title":"Campa\u00f1a de riego en Palencia, con carencias pero en pleno desarrollo - ASAJA Palencia","og_description":"La Confederaci\u00f3n Hidrogr\u00e1fica del Duero ha publicado el \"Informe Mensual de Seguimiento del Plan Especial de Sequ\u00eda\" en el que, teniendo en cuenta las","og_url":"https:\/\/www.asajacyl.com\/palencia\/asaja-palencia-informa\/campana-de-riego-en-palencia-con-carencias-pero-en-pleno-desarrollo","og_site_name":"ASAJA Palencia","article_published_time":"2022-05-17T07:22:00+00:00","article_modified_time":"2022-05-17T07:40:09+00:00","og_image":[{"width":2500,"height":1875,"url":"https:\/\/www.asajacyl.com\/palencia\/wp-content\/uploads\/sites\/3\/2022\/05\/REGADIO-ENROLLADOR-CEREAL.jpg","type":"image\/jpeg"}],"author":"Administrador","twitter_card":"summary_large_image","twitter_misc":{"Escrito por":"Administrador","Tiempo de lectura":"3 minutos"},"schema":{"@context":"https:\/\/schema.org","@graph":[{"@type":"WebPage","@id":"https:\/\/www.asajacyl.com\/palencia\/asaja-palencia-informa\/campana-de-riego-en-palencia-con-carencias-pero-en-pleno-desarrollo","url":"https:\/\/www.asajacyl.com\/palencia\/asaja-palencia-informa\/campana-de-riego-en-palencia-con-carencias-pero-en-pleno-desarrollo","name":"Campa\u00f1a de riego en Palencia, con carencias pero en pleno desarrollo - ASAJA Palencia","isPartOf":{"@id":"https:\/\/www.asajacyl.com\/palencia\/#website"},"primaryImageOfPage":{"@id":"https:\/\/www.asajacyl.com\/palencia\/asaja-palencia-informa\/campana-de-riego-en-palencia-con-carencias-pero-en-pleno-desarrollo#primaryimage"},"image":{"@id":"https:\/\/www.asajacyl.com\/palencia\/asaja-palencia-informa\/campana-de-riego-en-palencia-con-carencias-pero-en-pleno-desarrollo#primaryimage"},"thumbnailUrl":"https:\/\/www.asajacyl.com\/palencia\/wp-content\/uploads\/sites\/3\/2022\/05\/REGADIO-ENROLLADOR-CEREAL.jpg","datePublished":"2022-05-17T07:22:00+00:00","dateModified":"2022-05-17T07:40:09+00:00","author":{"@id":"https:\/\/www.asajacyl.com\/palencia\/#\/schema\/person\/3ab17aeb03527485c317557fae64aab1"},"description":"La Confederaci\u00f3n Hidrogr\u00e1fica del Duero ha publicado el \"Informe Mensual de Seguimiento del Plan Especial de Sequ\u00eda\" en el que, teniendo en cuenta las","breadcrumb":{"@id":"https:\/\/www.asajacyl.com\/palencia\/asaja-palencia-informa\/campana-de-riego-en-palencia-con-carencias-pero-en-pleno-desarrollo#breadcrumb"},"inLanguage":"es","potentialAction":[{"@type":"ReadAction","target":["https:\/\/www.asajacyl.com\/palencia\/asaja-palencia-informa\/campana-de-riego-en-palencia-con-carencias-pero-en-pleno-desarrollo"]}]},{"@type":"ImageObject","inLanguage":"es","@id":"https:\/\/www.asajacyl.com\/palencia\/asaja-palencia-informa\/campana-de-riego-en-palencia-con-carencias-pero-en-pleno-desarrollo#primaryimage","url":"https:\/\/www.asajacyl.com\/palencia\/wp-content\/uploads\/sites\/3\/2022\/05\/REGADIO-ENROLLADOR-CEREAL.jpg","contentUrl":"https:\/\/www.asajacyl.com\/palencia\/wp-content\/uploads\/sites\/3\/2022\/05\/REGADIO-ENROLLADOR-CEREAL.jpg","width":2500,"height":1875},{"@type":"BreadcrumbList","@id":"https:\/\/www.asajacyl.com\/palencia\/asaja-palencia-informa\/campana-de-riego-en-palencia-con-carencias-pero-en-pleno-desarrollo#breadcrumb","itemListElement":[{"@type":"ListItem","position":1,"name":"Portada","item":"https:\/\/www.asajacyl.com\/palencia\/"},{"@type":"ListItem","position":2,"name":"Campa\u00f1a de riego en Palencia, con carencias pero en pleno desarrollo"}]},{"@type":"WebSite","@id":"https:\/\/www.asajacyl.com\/palencia\/#website","url":"https:\/\/www.asajacyl.com\/palencia\/","name":"ASAJA Palencia","description":"Otro sitio m\u00e1s de Provincias ASAJA Castilla y Le\u00f3n","potentialAction":[{"@type":"SearchAction","target":{"@type":"EntryPoint","urlTemplate":"https:\/\/www.asajacyl.com\/palencia\/?s={search_term_string}"},"query-input":{"@type":"PropertyValueSpecification","valueRequired":true,"valueName":"search_term_string"}}],"inLanguage":"es"},{"@type":"Person","@id":"https:\/\/www.asajacyl.com\/palencia\/#\/schema\/person\/3ab17aeb03527485c317557fae64aab1","name":"Administrador","image":{"@type":"ImageObject","inLanguage":"es","@id":"https:\/\/www.asajacyl.com\/palencia\/#\/schema\/person\/image\/","url":"https:\/\/secure.gravatar.com\/avatar\/517384810d242ca9e38c180f3c9fb973?s=96&d=mm&r=g","contentUrl":"https:\/\/secure.gravatar.com\/avatar\/517384810d242ca9e38c180f3c9fb973?s=96&d=mm&r=g","caption":"Administrador"},"url":"https:\/\/www.asajacyl.com\/palencia\/author\/carlosrm"}]}},"_links":{"self":[{"href":"https:\/\/www.asajacyl.com\/palencia\/wp-json\/wp\/v2\/posts\/10464"}],"collection":[{"href":"https:\/\/www.asajacyl.com\/palencia\/wp-json\/wp\/v2\/posts"}],"about":[{"href":"https:\/\/www.asajacyl.com\/palencia\/wp-json\/wp\/v2\/types\/post"}],"author":[{"embeddable":true,"href":"https:\/\/www.asajacyl.com\/palencia\/wp-json\/wp\/v2\/users\/9"}],"replies":[{"embeddable":true,"href":"https:\/\/www.asajacyl.com\/palencia\/wp-json\/wp\/v2\/comments?post=10464"}],"version-history":[{"count":5,"href":"https:\/\/www.asajacyl.com\/palencia\/wp-json\/wp\/v2\/posts\/10464\/revisions"}],"predecessor-version":[{"id":10469,"href":"https:\/\/www.asajacyl.com\/palencia\/wp-json\/wp\/v2\/posts\/10464\/revisions\/10469"}],"wp:featuredmedia":[{"embeddable":true,"href":"https:\/\/www.asajacyl.com\/palencia\/wp-json\/wp\/v2\/media\/10470"}],"wp:attachment":[{"href":"https:\/\/www.asajacyl.com\/palencia\/wp-json\/wp\/v2\/media?parent=10464"}],"wp:term":[{"taxonomy":"category","embeddable":true,"href":"https:\/\/www.asajacyl.com\/palencia\/wp-json\/wp\/v2\/categories?post=10464"},{"taxonomy":"post_tag","embeddable":true,"href":"https:\/\/www.asajacyl.com\/palencia\/wp-json\/wp\/v2\/tags?post=10464"}],"curies":[{"name":"wp","href":"https:\/\/api.w.org\/{rel}","templated":true}]}}