{"id":10475,"date":"2022-05-18T13:59:21","date_gmt":"2022-05-18T11:59:21","guid":{"rendered":"https:\/\/www.asajacyl.com\/palencia\/?p=10475"},"modified":"2022-05-18T13:59:23","modified_gmt":"2022-05-18T11:59:23","slug":"india-deja-de-exportar-trigo-y-tensiona-aun-mas-los-mercados-y-la-cadena-de-suministro","status":"publish","type":"post","link":"https:\/\/www.asajacyl.com\/palencia\/asaja-palencia-informa\/india-deja-de-exportar-trigo-y-tensiona-aun-mas-los-mercados-y-la-cadena-de-suministro","title":{"rendered":"India deja de exportar trigo y tensiona a\u00fan m\u00e1s los mercados y la cadena de suministro"},"content":{"rendered":"\n<p>La decisi\u00f3n de la India de paralizar las exportaciones de trigo ha generado un gran impacto en el mercado, ya que es el segundo mayor productor de trigo del mundo.<\/p>\n\n\n\n<p>La sequ\u00eda que est\u00e1n padeciendo es el principal motivo para tomar esa decisi\u00f3n, que ha provocado una fuerte reacci\u00f3n en los mercados mundiales, tal es as\u00ed que en la bolsa de Par\u00eds, alcanzo la cotizaci\u00f3n m\u00e1s alta desde el inicio de la guerra de Ucrania, llegando a los 435 euros por tonelada.<\/p>\n\n\n\n<p>La India espera reducir su producci\u00f3n un 5% respecto a la cosecha del a\u00f1o anterior, que fue de 110 millones de toneladas. Esta decisi\u00f3n se ha producido, cuando los mercados esperaban que la India incrementara sus exportaciones, y por lo tanto ha pillado desprevenidos a las principales potencias agr\u00edcolas mundiales que ven con preocupaci\u00f3n, el que se pueda garantizar la existencia de alimentos para toda la poblaci\u00f3n mundial, especialmente para los m\u00e1s desfavorecidos.<\/p>\n","protected":false},"excerpt":{"rendered":"<p>La decisi\u00f3n de la India de paralizar las exportaciones de trigo ha generado un gran impacto en el mercado, ya que es el segundo mayor productor de trigo del mundo. La sequ\u00eda que est\u00e1n padeciendo es el principal motivo para tomar esa decisi\u00f3n, que ha provocado una fuerte reacci\u00f3n en los mercados mundiales, tal es [&hellip;]<\/p>\n","protected":false},"author":9,"featured_media":10476,"comment_status":"open","ping_status":"open","sticky":false,"template":"","format":"standard","meta":{"footnotes":""},"categories":[9,29,28],"tags":[],"yoast_head":"<!-- This site is optimized with the Yoast SEO plugin v24.5 - https:\/\/yoast.com\/wordpress\/plugins\/seo\/ -->\n<title>India deja de exportar trigo y tensiona a\u00fan m\u00e1s los mercados y la cadena de suministro - ASAJA Palencia<\/title>\n<meta name=\"description\" content=\"La decisi\u00f3n de la India de paralizar las exportaciones de trigo ha generado un gran impacto en el mercado, ya que es el segundo mayor productor de trigo\" \/>\n<meta name=\"robots\" content=\"index, follow, max-snippet:-1, max-image-preview:large, max-video-preview:-1\" \/>\n<link rel=\"canonical\" href=\"https:\/\/www.asajacyl.com\/palencia\/asaja-palencia-informa\/india-deja-de-exportar-trigo-y-tensiona-aun-mas-los-mercados-y-la-cadena-de-suministro\" \/>\n<meta property=\"og:locale\" content=\"es_ES\" \/>\n<meta property=\"og:type\" content=\"article\" \/>\n<meta property=\"og:title\" content=\"India deja de exportar trigo y tensiona a\u00fan m\u00e1s los mercados y la cadena de suministro - ASAJA Palencia\" \/>\n<meta property=\"og:description\" content=\"La decisi\u00f3n de la India de paralizar las exportaciones de trigo ha generado un gran impacto en el mercado, ya que es el segundo mayor productor de trigo\" \/>\n<meta property=\"og:url\" content=\"https:\/\/www.asajacyl.com\/palencia\/asaja-palencia-informa\/india-deja-de-exportar-trigo-y-tensiona-aun-mas-los-mercados-y-la-cadena-de-suministro\" \/>\n<meta property=\"og:site_name\" content=\"ASAJA Palencia\" \/>\n<meta property=\"article:published_time\" content=\"2022-05-18T11:59:21+00:00\" \/>\n<meta property=\"article:modified_time\" content=\"2022-05-18T11:59:23+00:00\" \/>\n<meta property=\"og:image\" content=\"https:\/\/www.asajacyl.com\/palencia\/wp-content\/uploads\/sites\/3\/2022\/05\/INDIA.jpg\" \/>\n\t<meta property=\"og:image:width\" content=\"2500\" \/>\n\t<meta property=\"og:image:height\" content=\"1845\" \/>\n\t<meta property=\"og:image:type\" content=\"image\/jpeg\" \/>\n<meta name=\"author\" content=\"Administrador\" \/>\n<meta name=\"twitter:card\" content=\"summary_large_image\" \/>\n<meta name=\"twitter:label1\" content=\"Escrito por\" \/>\n\t<meta name=\"twitter:data1\" content=\"Administrador\" \/>\n\t<meta name=\"twitter:label2\" content=\"Tiempo de lectura\" \/>\n\t<meta name=\"twitter:data2\" content=\"1 minuto\" \/>\n<script type=\"application\/ld+json\" class=\"yoast-schema-graph\">{\"@context\":\"https:\/\/schema.org\",\"@graph\":[{\"@type\":\"WebPage\",\"@id\":\"https:\/\/www.asajacyl.com\/palencia\/asaja-palencia-informa\/india-deja-de-exportar-trigo-y-tensiona-aun-mas-los-mercados-y-la-cadena-de-suministro\",\"url\":\"https:\/\/www.asajacyl.com\/palencia\/asaja-palencia-informa\/india-deja-de-exportar-trigo-y-tensiona-aun-mas-los-mercados-y-la-cadena-de-suministro\",\"name\":\"India deja de exportar trigo y tensiona a\u00fan m\u00e1s los mercados y la cadena de suministro - ASAJA Palencia\",\"isPartOf\":{\"@id\":\"https:\/\/www.asajacyl.com\/palencia\/#website\"},\"primaryImageOfPage\":{\"@id\":\"https:\/\/www.asajacyl.com\/palencia\/asaja-palencia-informa\/india-deja-de-exportar-trigo-y-tensiona-aun-mas-los-mercados-y-la-cadena-de-suministro#primaryimage\"},\"image\":{\"@id\":\"https:\/\/www.asajacyl.com\/palencia\/asaja-palencia-informa\/india-deja-de-exportar-trigo-y-tensiona-aun-mas-los-mercados-y-la-cadena-de-suministro#primaryimage\"},\"thumbnailUrl\":\"https:\/\/www.asajacyl.com\/palencia\/wp-content\/uploads\/sites\/3\/2022\/05\/INDIA.jpg\",\"datePublished\":\"2022-05-18T11:59:21+00:00\",\"dateModified\":\"2022-05-18T11:59:23+00:00\",\"author\":{\"@id\":\"https:\/\/www.asajacyl.com\/palencia\/#\/schema\/person\/3ab17aeb03527485c317557fae64aab1\"},\"description\":\"La decisi\u00f3n de la India de paralizar las exportaciones de trigo ha generado un gran impacto en el mercado, ya que es el segundo mayor productor de trigo\",\"breadcrumb\":{\"@id\":\"https:\/\/www.asajacyl.com\/palencia\/asaja-palencia-informa\/india-deja-de-exportar-trigo-y-tensiona-aun-mas-los-mercados-y-la-cadena-de-suministro#breadcrumb\"},\"inLanguage\":\"es\",\"potentialAction\":[{\"@type\":\"ReadAction\",\"target\":[\"https:\/\/www.asajacyl.com\/palencia\/asaja-palencia-informa\/india-deja-de-exportar-trigo-y-tensiona-aun-mas-los-mercados-y-la-cadena-de-suministro\"]}]},{\"@type\":\"ImageObject\",\"inLanguage\":\"es\",\"@id\":\"https:\/\/www.asajacyl.com\/palencia\/asaja-palencia-informa\/india-deja-de-exportar-trigo-y-tensiona-aun-mas-los-mercados-y-la-cadena-de-suministro#primaryimage\",\"url\":\"https:\/\/www.asajacyl.com\/palencia\/wp-content\/uploads\/sites\/3\/2022\/05\/INDIA.jpg\",\"contentUrl\":\"https:\/\/www.asajacyl.com\/palencia\/wp-content\/uploads\/sites\/3\/2022\/05\/INDIA.jpg\",\"width\":2500,\"height\":1845},{\"@type\":\"BreadcrumbList\",\"@id\":\"https:\/\/www.asajacyl.com\/palencia\/asaja-palencia-informa\/india-deja-de-exportar-trigo-y-tensiona-aun-mas-los-mercados-y-la-cadena-de-suministro#breadcrumb\",\"itemListElement\":[{\"@type\":\"ListItem\",\"position\":1,\"name\":\"Portada\",\"item\":\"https:\/\/www.asajacyl.com\/palencia\/\"},{\"@type\":\"ListItem\",\"position\":2,\"name\":\"India deja de exportar trigo y tensiona a\u00fan m\u00e1s los mercados y la cadena de suministro\"}]},{\"@type\":\"WebSite\",\"@id\":\"https:\/\/www.asajacyl.com\/palencia\/#website\",\"url\":\"https:\/\/www.asajacyl.com\/palencia\/\",\"name\":\"ASAJA Palencia\",\"description\":\"Otro sitio m\u00e1s de Provincias ASAJA Castilla y Le\u00f3n\",\"potentialAction\":[{\"@type\":\"SearchAction\",\"target\":{\"@type\":\"EntryPoint\",\"urlTemplate\":\"https:\/\/www.asajacyl.com\/palencia\/?s={search_term_string}\"},\"query-input\":{\"@type\":\"PropertyValueSpecification\",\"valueRequired\":true,\"valueName\":\"search_term_string\"}}],\"inLanguage\":\"es\"},{\"@type\":\"Person\",\"@id\":\"https:\/\/www.asajacyl.com\/palencia\/#\/schema\/person\/3ab17aeb03527485c317557fae64aab1\",\"name\":\"Administrador\",\"image\":{\"@type\":\"ImageObject\",\"inLanguage\":\"es\",\"@id\":\"https:\/\/www.asajacyl.com\/palencia\/#\/schema\/person\/image\/\",\"url\":\"https:\/\/secure.gravatar.com\/avatar\/517384810d242ca9e38c180f3c9fb973?s=96&d=mm&r=g\",\"contentUrl\":\"https:\/\/secure.gravatar.com\/avatar\/517384810d242ca9e38c180f3c9fb973?s=96&d=mm&r=g\",\"caption\":\"Administrador\"},\"url\":\"https:\/\/www.asajacyl.com\/palencia\/author\/carlosrm\"}]}<\/script>\n<!-- \/ Yoast SEO plugin. -->","yoast_head_json":{"title":"India deja de exportar trigo y tensiona a\u00fan m\u00e1s los mercados y la cadena de suministro - ASAJA Palencia","description":"La decisi\u00f3n de la India de paralizar las exportaciones de trigo ha generado un gran impacto en el mercado, ya que es el segundo mayor productor de trigo","robots":{"index":"index","follow":"follow","max-snippet":"max-snippet:-1","max-image-preview":"max-image-preview:large","max-video-preview":"max-video-preview:-1"},"canonical":"https:\/\/www.asajacyl.com\/palencia\/asaja-palencia-informa\/india-deja-de-exportar-trigo-y-tensiona-aun-mas-los-mercados-y-la-cadena-de-suministro","og_locale":"es_ES","og_type":"article","og_title":"India deja de exportar trigo y tensiona a\u00fan m\u00e1s los mercados y la cadena de suministro - ASAJA Palencia","og_description":"La decisi\u00f3n de la India de paralizar las exportaciones de trigo ha generado un gran impacto en el mercado, ya que es el segundo mayor productor de trigo","og_url":"https:\/\/www.asajacyl.com\/palencia\/asaja-palencia-informa\/india-deja-de-exportar-trigo-y-tensiona-aun-mas-los-mercados-y-la-cadena-de-suministro","og_site_name":"ASAJA Palencia","article_published_time":"2022-05-18T11:59:21+00:00","article_modified_time":"2022-05-18T11:59:23+00:00","og_image":[{"width":2500,"height":1845,"url":"https:\/\/www.asajacyl.com\/palencia\/wp-content\/uploads\/sites\/3\/2022\/05\/INDIA.jpg","type":"image\/jpeg"}],"author":"Administrador","twitter_card":"summary_large_image","twitter_misc":{"Escrito por":"Administrador","Tiempo de lectura":"1 minuto"},"schema":{"@context":"https:\/\/schema.org","@graph":[{"@type":"WebPage","@id":"https:\/\/www.asajacyl.com\/palencia\/asaja-palencia-informa\/india-deja-de-exportar-trigo-y-tensiona-aun-mas-los-mercados-y-la-cadena-de-suministro","url":"https:\/\/www.asajacyl.com\/palencia\/asaja-palencia-informa\/india-deja-de-exportar-trigo-y-tensiona-aun-mas-los-mercados-y-la-cadena-de-suministro","name":"India deja de exportar trigo y tensiona a\u00fan m\u00e1s los mercados y la cadena de suministro - ASAJA Palencia","isPartOf":{"@id":"https:\/\/www.asajacyl.com\/palencia\/#website"},"primaryImageOfPage":{"@id":"https:\/\/www.asajacyl.com\/palencia\/asaja-palencia-informa\/india-deja-de-exportar-trigo-y-tensiona-aun-mas-los-mercados-y-la-cadena-de-suministro#primaryimage"},"image":{"@id":"https:\/\/www.asajacyl.com\/palencia\/asaja-palencia-informa\/india-deja-de-exportar-trigo-y-tensiona-aun-mas-los-mercados-y-la-cadena-de-suministro#primaryimage"},"thumbnailUrl":"https:\/\/www.asajacyl.com\/palencia\/wp-content\/uploads\/sites\/3\/2022\/05\/INDIA.jpg","datePublished":"2022-05-18T11:59:21+00:00","dateModified":"2022-05-18T11:59:23+00:00","author":{"@id":"https:\/\/www.asajacyl.com\/palencia\/#\/schema\/person\/3ab17aeb03527485c317557fae64aab1"},"description":"La decisi\u00f3n de la India de paralizar las exportaciones de trigo ha generado un gran impacto en el mercado, ya que es el segundo mayor productor de trigo","breadcrumb":{"@id":"https:\/\/www.asajacyl.com\/palencia\/asaja-palencia-informa\/india-deja-de-exportar-trigo-y-tensiona-aun-mas-los-mercados-y-la-cadena-de-suministro#breadcrumb"},"inLanguage":"es","potentialAction":[{"@type":"ReadAction","target":["https:\/\/www.asajacyl.com\/palencia\/asaja-palencia-informa\/india-deja-de-exportar-trigo-y-tensiona-aun-mas-los-mercados-y-la-cadena-de-suministro"]}]},{"@type":"ImageObject","inLanguage":"es","@id":"https:\/\/www.asajacyl.com\/palencia\/asaja-palencia-informa\/india-deja-de-exportar-trigo-y-tensiona-aun-mas-los-mercados-y-la-cadena-de-suministro#primaryimage","url":"https:\/\/www.asajacyl.com\/palencia\/wp-content\/uploads\/sites\/3\/2022\/05\/INDIA.jpg","contentUrl":"https:\/\/www.asajacyl.com\/palencia\/wp-content\/uploads\/sites\/3\/2022\/05\/INDIA.jpg","width":2500,"height":1845},{"@type":"BreadcrumbList","@id":"https:\/\/www.asajacyl.com\/palencia\/asaja-palencia-informa\/india-deja-de-exportar-trigo-y-tensiona-aun-mas-los-mercados-y-la-cadena-de-suministro#breadcrumb","itemListElement":[{"@type":"ListItem","position":1,"name":"Portada","item":"https:\/\/www.asajacyl.com\/palencia\/"},{"@type":"ListItem","position":2,"name":"India deja de exportar trigo y tensiona a\u00fan m\u00e1s los mercados y la cadena de suministro"}]},{"@type":"WebSite","@id":"https:\/\/www.asajacyl.com\/palencia\/#website","url":"https:\/\/www.asajacyl.com\/palencia\/","name":"ASAJA Palencia","description":"Otro sitio m\u00e1s de Provincias ASAJA Castilla y Le\u00f3n","potentialAction":[{"@type":"SearchAction","target":{"@type":"EntryPoint","urlTemplate":"https:\/\/www.asajacyl.com\/palencia\/?s={search_term_string}"},"query-input":{"@type":"PropertyValueSpecification","valueRequired":true,"valueName":"search_term_string"}}],"inLanguage":"es"},{"@type":"Person","@id":"https:\/\/www.asajacyl.com\/palencia\/#\/schema\/person\/3ab17aeb03527485c317557fae64aab1","name":"Administrador","image":{"@type":"ImageObject","inLanguage":"es","@id":"https:\/\/www.asajacyl.com\/palencia\/#\/schema\/person\/image\/","url":"https:\/\/secure.gravatar.com\/avatar\/517384810d242ca9e38c180f3c9fb973?s=96&d=mm&r=g","contentUrl":"https:\/\/secure.gravatar.com\/avatar\/517384810d242ca9e38c180f3c9fb973?s=96&d=mm&r=g","caption":"Administrador"},"url":"https:\/\/www.asajacyl.com\/palencia\/author\/carlosrm"}]}},"_links":{"self":[{"href":"https:\/\/www.asajacyl.com\/palencia\/wp-json\/wp\/v2\/posts\/10475"}],"collection":[{"href":"https:\/\/www.asajacyl.com\/palencia\/wp-json\/wp\/v2\/posts"}],"about":[{"href":"https:\/\/www.asajacyl.com\/palencia\/wp-json\/wp\/v2\/types\/post"}],"author":[{"embeddable":true,"href":"https:\/\/www.asajacyl.com\/palencia\/wp-json\/wp\/v2\/users\/9"}],"replies":[{"embeddable":true,"href":"https:\/\/www.asajacyl.com\/palencia\/wp-json\/wp\/v2\/comments?post=10475"}],"version-history":[{"count":1,"href":"https:\/\/www.asajacyl.com\/palencia\/wp-json\/wp\/v2\/posts\/10475\/revisions"}],"predecessor-version":[{"id":10477,"href":"https:\/\/www.asajacyl.com\/palencia\/wp-json\/wp\/v2\/posts\/10475\/revisions\/10477"}],"wp:featuredmedia":[{"embeddable":true,"href":"https:\/\/www.asajacyl.com\/palencia\/wp-json\/wp\/v2\/media\/10476"}],"wp:attachment":[{"href":"https:\/\/www.asajacyl.com\/palencia\/wp-json\/wp\/v2\/media?parent=10475"}],"wp:term":[{"taxonomy":"category","embeddable":true,"href":"https:\/\/www.asajacyl.com\/palencia\/wp-json\/wp\/v2\/categories?post=10475"},{"taxonomy":"post_tag","embeddable":true,"href":"https:\/\/www.asajacyl.com\/palencia\/wp-json\/wp\/v2\/tags?post=10475"}],"curies":[{"name":"wp","href":"https:\/\/api.w.org\/{rel}","templated":true}]}}