{"id":10478,"date":"2022-05-19T14:32:00","date_gmt":"2022-05-19T12:32:00","guid":{"rendered":"https:\/\/www.asajacyl.com\/palencia\/?p=10478"},"modified":"2022-05-18T18:35:20","modified_gmt":"2022-05-18T16:35:20","slug":"asaja-palencia-alerta-de-que-la-subida-en-los-contratos-de-leche-sigue-sin-cubrir-los-costes-de-produccion","status":"publish","type":"post","link":"https:\/\/www.asajacyl.com\/palencia\/asaja-palencia-informa\/asaja-palencia-alerta-de-que-la-subida-en-los-contratos-de-leche-sigue-sin-cubrir-los-costes-de-produccion","title":{"rendered":"ASAJA-Palencia alerta de que la subida en los contratos de leche sigue sin cubrir los costes de producci\u00f3n"},"content":{"rendered":"\n<p>En las \u00faltimas fechas se viene hablando a nivel nacional de una subida del precio de la leche. Concretamente el informe del MAPA sobre las declaraciones de entregas de leche por parte de los ganaderos indica que el precio medio de Castilla y Le\u00f3n en marzo fue de 38,3 c\u00e9ntimos\/litro, frente a los 0,34 c\u00e9ntimos\/litro que se percibieron en marzo de 2021. Recientemente diversas noticias hablan de precios que rondan los 0,42 c\u00e9ntimos\/litro, incluso la lonja de Le\u00f3n el d\u00eda 4 de mayo ha cotizado la leche a 0,42,5 c\u00e9ntimos\/litro.<\/p>\n\n\n\n<p>Pese a que los precios se han ido incrementando, no lo han hecho al ritmo que han subido los costes de producci\u00f3n. En Castilla y Le\u00f3n, a fecha de marzo, fueron 850 ganaderos los que entregaron leche cuando el a\u00f1o anterior ascend\u00edan a 915 ganaderos (-7%). Esta reducci\u00f3n, que es similar a la existente a nivel nacional (-6,15%), continuar\u00e1 mientras no se resuelvan diversos problemas existentes en la ganader\u00eda l\u00e1ctea, donde el m\u00e1s acuciante es el precio de leche.<\/p>\n\n\n\n<p>La necesaria subida de precios de la leche sigue sin alcanzar a cubrir los costes de producci\u00f3n de los ganaderos. Salvando las distancias con el caso concreto de cada ganader\u00eda, de forma general se puede hablar de que se pasado de una raci\u00f3n con un coste de unos 5,5 euros\/vaca a una raci\u00f3n cercana a los 9,5 euros\/vaca y ese incremento no se puede absorber con las subidas de precio de que estamos hablando, que aproximadamente cubren el precio de la soja y ma\u00edz de la raci\u00f3n, siendo la espalda del ganadero la que soporta la carga de la subida de precios del resto de componentes de la raci\u00f3n, de la energ\u00eda el\u00e9ctrica, el gas\u00f3leo, los salarios, las reparaciones y el largo etc\u00e9tera de insumos de las ganader\u00edas.<\/p>\n\n\n\n<p>En Francia se teme por el desmantelamiento del sector l\u00e1cteo, pese a que los ganaderos perciben un mayor precio que los espa\u00f1oles. Aqu\u00ed, o se apuesta fuerte por la ganader\u00eda de leche o el futuro es poco prometedor, con unas ganader\u00edas en los l\u00edmites econ\u00f3micos productivos, un relevo generacional que va a costar mucho conseguir y unas presiones normativas y medi\u00e1ticas que, si no fuera por el amor a su trabajo, hacen que a cualquiera lo que menos le apetezca es estar en el sector.<\/p>\n","protected":false},"excerpt":{"rendered":"<p>En las \u00faltimas fechas se viene hablando a nivel nacional de una subida del precio de la leche. Concretamente el informe del MAPA sobre las declaraciones de entregas de leche por parte de los ganaderos indica que el precio medio de Castilla y Le\u00f3n en marzo fue de 38,3 c\u00e9ntimos\/litro, frente a los 0,34 c\u00e9ntimos\/litro [&hellip;]<\/p>\n","protected":false},"author":9,"featured_media":10278,"comment_status":"open","ping_status":"open","sticky":false,"template":"","format":"standard","meta":{"footnotes":""},"categories":[9,29,28],"tags":[],"yoast_head":"<!-- This site is optimized with the Yoast SEO plugin v24.5 - https:\/\/yoast.com\/wordpress\/plugins\/seo\/ -->\n<title>ASAJA-Palencia alerta de que la subida en los contratos de leche sigue sin cubrir los costes de producci\u00f3n - ASAJA Palencia<\/title>\n<meta name=\"description\" content=\"En las \u00faltimas fechas se viene hablando a nivel nacional de una subida del precio de la leche. Concretamente el informe del MAPA sobre las declaraciones\" \/>\n<meta name=\"robots\" content=\"index, follow, max-snippet:-1, max-image-preview:large, max-video-preview:-1\" \/>\n<link rel=\"canonical\" href=\"https:\/\/www.asajacyl.com\/palencia\/asaja-palencia-informa\/asaja-palencia-alerta-de-que-la-subida-en-los-contratos-de-leche-sigue-sin-cubrir-los-costes-de-produccion\" \/>\n<meta property=\"og:locale\" content=\"es_ES\" \/>\n<meta property=\"og:type\" content=\"article\" \/>\n<meta property=\"og:title\" content=\"ASAJA-Palencia alerta de que la subida en los contratos de leche sigue sin cubrir los costes de producci\u00f3n - ASAJA Palencia\" \/>\n<meta property=\"og:description\" content=\"En las \u00faltimas fechas se viene hablando a nivel nacional de una subida del precio de la leche. Concretamente el informe del MAPA sobre las declaraciones\" \/>\n<meta property=\"og:url\" content=\"https:\/\/www.asajacyl.com\/palencia\/asaja-palencia-informa\/asaja-palencia-alerta-de-que-la-subida-en-los-contratos-de-leche-sigue-sin-cubrir-los-costes-de-produccion\" \/>\n<meta property=\"og:site_name\" content=\"ASAJA Palencia\" \/>\n<meta property=\"article:published_time\" content=\"2022-05-19T12:32:00+00:00\" \/>\n<meta property=\"og:image\" content=\"https:\/\/www.asajacyl.com\/palencia\/wp-content\/uploads\/sites\/3\/2022\/04\/VACA-LECHE.jpg\" \/>\n\t<meta property=\"og:image:width\" content=\"1280\" \/>\n\t<meta property=\"og:image:height\" content=\"960\" \/>\n\t<meta property=\"og:image:type\" content=\"image\/jpeg\" \/>\n<meta name=\"author\" content=\"Administrador\" \/>\n<meta name=\"twitter:card\" content=\"summary_large_image\" \/>\n<meta name=\"twitter:label1\" content=\"Escrito por\" \/>\n\t<meta name=\"twitter:data1\" content=\"Administrador\" \/>\n\t<meta name=\"twitter:label2\" content=\"Tiempo de lectura\" \/>\n\t<meta name=\"twitter:data2\" content=\"2 minutos\" \/>\n<script type=\"application\/ld+json\" class=\"yoast-schema-graph\">{\"@context\":\"https:\/\/schema.org\",\"@graph\":[{\"@type\":\"WebPage\",\"@id\":\"https:\/\/www.asajacyl.com\/palencia\/asaja-palencia-informa\/asaja-palencia-alerta-de-que-la-subida-en-los-contratos-de-leche-sigue-sin-cubrir-los-costes-de-produccion\",\"url\":\"https:\/\/www.asajacyl.com\/palencia\/asaja-palencia-informa\/asaja-palencia-alerta-de-que-la-subida-en-los-contratos-de-leche-sigue-sin-cubrir-los-costes-de-produccion\",\"name\":\"ASAJA-Palencia alerta de que la subida en los contratos de leche sigue sin cubrir los costes de producci\u00f3n - ASAJA Palencia\",\"isPartOf\":{\"@id\":\"https:\/\/www.asajacyl.com\/palencia\/#website\"},\"primaryImageOfPage\":{\"@id\":\"https:\/\/www.asajacyl.com\/palencia\/asaja-palencia-informa\/asaja-palencia-alerta-de-que-la-subida-en-los-contratos-de-leche-sigue-sin-cubrir-los-costes-de-produccion#primaryimage\"},\"image\":{\"@id\":\"https:\/\/www.asajacyl.com\/palencia\/asaja-palencia-informa\/asaja-palencia-alerta-de-que-la-subida-en-los-contratos-de-leche-sigue-sin-cubrir-los-costes-de-produccion#primaryimage\"},\"thumbnailUrl\":\"https:\/\/www.asajacyl.com\/palencia\/wp-content\/uploads\/sites\/3\/2022\/04\/VACA-LECHE.jpg\",\"datePublished\":\"2022-05-19T12:32:00+00:00\",\"author\":{\"@id\":\"https:\/\/www.asajacyl.com\/palencia\/#\/schema\/person\/3ab17aeb03527485c317557fae64aab1\"},\"description\":\"En las \u00faltimas fechas se viene hablando a nivel nacional de una subida del precio de la leche. Concretamente el informe del MAPA sobre las declaraciones\",\"breadcrumb\":{\"@id\":\"https:\/\/www.asajacyl.com\/palencia\/asaja-palencia-informa\/asaja-palencia-alerta-de-que-la-subida-en-los-contratos-de-leche-sigue-sin-cubrir-los-costes-de-produccion#breadcrumb\"},\"inLanguage\":\"es\",\"potentialAction\":[{\"@type\":\"ReadAction\",\"target\":[\"https:\/\/www.asajacyl.com\/palencia\/asaja-palencia-informa\/asaja-palencia-alerta-de-que-la-subida-en-los-contratos-de-leche-sigue-sin-cubrir-los-costes-de-produccion\"]}]},{\"@type\":\"ImageObject\",\"inLanguage\":\"es\",\"@id\":\"https:\/\/www.asajacyl.com\/palencia\/asaja-palencia-informa\/asaja-palencia-alerta-de-que-la-subida-en-los-contratos-de-leche-sigue-sin-cubrir-los-costes-de-produccion#primaryimage\",\"url\":\"https:\/\/www.asajacyl.com\/palencia\/wp-content\/uploads\/sites\/3\/2022\/04\/VACA-LECHE.jpg\",\"contentUrl\":\"https:\/\/www.asajacyl.com\/palencia\/wp-content\/uploads\/sites\/3\/2022\/04\/VACA-LECHE.jpg\",\"width\":1280,\"height\":960},{\"@type\":\"BreadcrumbList\",\"@id\":\"https:\/\/www.asajacyl.com\/palencia\/asaja-palencia-informa\/asaja-palencia-alerta-de-que-la-subida-en-los-contratos-de-leche-sigue-sin-cubrir-los-costes-de-produccion#breadcrumb\",\"itemListElement\":[{\"@type\":\"ListItem\",\"position\":1,\"name\":\"Portada\",\"item\":\"https:\/\/www.asajacyl.com\/palencia\/\"},{\"@type\":\"ListItem\",\"position\":2,\"name\":\"ASAJA-Palencia alerta de que la subida en los contratos de leche sigue sin cubrir los costes de producci\u00f3n\"}]},{\"@type\":\"WebSite\",\"@id\":\"https:\/\/www.asajacyl.com\/palencia\/#website\",\"url\":\"https:\/\/www.asajacyl.com\/palencia\/\",\"name\":\"ASAJA Palencia\",\"description\":\"Otro sitio m\u00e1s de Provincias ASAJA Castilla y Le\u00f3n\",\"potentialAction\":[{\"@type\":\"SearchAction\",\"target\":{\"@type\":\"EntryPoint\",\"urlTemplate\":\"https:\/\/www.asajacyl.com\/palencia\/?s={search_term_string}\"},\"query-input\":{\"@type\":\"PropertyValueSpecification\",\"valueRequired\":true,\"valueName\":\"search_term_string\"}}],\"inLanguage\":\"es\"},{\"@type\":\"Person\",\"@id\":\"https:\/\/www.asajacyl.com\/palencia\/#\/schema\/person\/3ab17aeb03527485c317557fae64aab1\",\"name\":\"Administrador\",\"image\":{\"@type\":\"ImageObject\",\"inLanguage\":\"es\",\"@id\":\"https:\/\/www.asajacyl.com\/palencia\/#\/schema\/person\/image\/\",\"url\":\"https:\/\/secure.gravatar.com\/avatar\/517384810d242ca9e38c180f3c9fb973?s=96&d=mm&r=g\",\"contentUrl\":\"https:\/\/secure.gravatar.com\/avatar\/517384810d242ca9e38c180f3c9fb973?s=96&d=mm&r=g\",\"caption\":\"Administrador\"},\"url\":\"https:\/\/www.asajacyl.com\/palencia\/author\/carlosrm\"}]}<\/script>\n<!-- \/ Yoast SEO plugin. -->","yoast_head_json":{"title":"ASAJA-Palencia alerta de que la subida en los contratos de leche sigue sin cubrir los costes de producci\u00f3n - ASAJA Palencia","description":"En las \u00faltimas fechas se viene hablando a nivel nacional de una subida del precio de la leche. Concretamente el informe del MAPA sobre las declaraciones","robots":{"index":"index","follow":"follow","max-snippet":"max-snippet:-1","max-image-preview":"max-image-preview:large","max-video-preview":"max-video-preview:-1"},"canonical":"https:\/\/www.asajacyl.com\/palencia\/asaja-palencia-informa\/asaja-palencia-alerta-de-que-la-subida-en-los-contratos-de-leche-sigue-sin-cubrir-los-costes-de-produccion","og_locale":"es_ES","og_type":"article","og_title":"ASAJA-Palencia alerta de que la subida en los contratos de leche sigue sin cubrir los costes de producci\u00f3n - ASAJA Palencia","og_description":"En las \u00faltimas fechas se viene hablando a nivel nacional de una subida del precio de la leche. Concretamente el informe del MAPA sobre las declaraciones","og_url":"https:\/\/www.asajacyl.com\/palencia\/asaja-palencia-informa\/asaja-palencia-alerta-de-que-la-subida-en-los-contratos-de-leche-sigue-sin-cubrir-los-costes-de-produccion","og_site_name":"ASAJA Palencia","article_published_time":"2022-05-19T12:32:00+00:00","og_image":[{"width":1280,"height":960,"url":"https:\/\/www.asajacyl.com\/palencia\/wp-content\/uploads\/sites\/3\/2022\/04\/VACA-LECHE.jpg","type":"image\/jpeg"}],"author":"Administrador","twitter_card":"summary_large_image","twitter_misc":{"Escrito por":"Administrador","Tiempo de lectura":"2 minutos"},"schema":{"@context":"https:\/\/schema.org","@graph":[{"@type":"WebPage","@id":"https:\/\/www.asajacyl.com\/palencia\/asaja-palencia-informa\/asaja-palencia-alerta-de-que-la-subida-en-los-contratos-de-leche-sigue-sin-cubrir-los-costes-de-produccion","url":"https:\/\/www.asajacyl.com\/palencia\/asaja-palencia-informa\/asaja-palencia-alerta-de-que-la-subida-en-los-contratos-de-leche-sigue-sin-cubrir-los-costes-de-produccion","name":"ASAJA-Palencia alerta de que la subida en los contratos de leche sigue sin cubrir los costes de producci\u00f3n - ASAJA Palencia","isPartOf":{"@id":"https:\/\/www.asajacyl.com\/palencia\/#website"},"primaryImageOfPage":{"@id":"https:\/\/www.asajacyl.com\/palencia\/asaja-palencia-informa\/asaja-palencia-alerta-de-que-la-subida-en-los-contratos-de-leche-sigue-sin-cubrir-los-costes-de-produccion#primaryimage"},"image":{"@id":"https:\/\/www.asajacyl.com\/palencia\/asaja-palencia-informa\/asaja-palencia-alerta-de-que-la-subida-en-los-contratos-de-leche-sigue-sin-cubrir-los-costes-de-produccion#primaryimage"},"thumbnailUrl":"https:\/\/www.asajacyl.com\/palencia\/wp-content\/uploads\/sites\/3\/2022\/04\/VACA-LECHE.jpg","datePublished":"2022-05-19T12:32:00+00:00","author":{"@id":"https:\/\/www.asajacyl.com\/palencia\/#\/schema\/person\/3ab17aeb03527485c317557fae64aab1"},"description":"En las \u00faltimas fechas se viene hablando a nivel nacional de una subida del precio de la leche. Concretamente el informe del MAPA sobre las declaraciones","breadcrumb":{"@id":"https:\/\/www.asajacyl.com\/palencia\/asaja-palencia-informa\/asaja-palencia-alerta-de-que-la-subida-en-los-contratos-de-leche-sigue-sin-cubrir-los-costes-de-produccion#breadcrumb"},"inLanguage":"es","potentialAction":[{"@type":"ReadAction","target":["https:\/\/www.asajacyl.com\/palencia\/asaja-palencia-informa\/asaja-palencia-alerta-de-que-la-subida-en-los-contratos-de-leche-sigue-sin-cubrir-los-costes-de-produccion"]}]},{"@type":"ImageObject","inLanguage":"es","@id":"https:\/\/www.asajacyl.com\/palencia\/asaja-palencia-informa\/asaja-palencia-alerta-de-que-la-subida-en-los-contratos-de-leche-sigue-sin-cubrir-los-costes-de-produccion#primaryimage","url":"https:\/\/www.asajacyl.com\/palencia\/wp-content\/uploads\/sites\/3\/2022\/04\/VACA-LECHE.jpg","contentUrl":"https:\/\/www.asajacyl.com\/palencia\/wp-content\/uploads\/sites\/3\/2022\/04\/VACA-LECHE.jpg","width":1280,"height":960},{"@type":"BreadcrumbList","@id":"https:\/\/www.asajacyl.com\/palencia\/asaja-palencia-informa\/asaja-palencia-alerta-de-que-la-subida-en-los-contratos-de-leche-sigue-sin-cubrir-los-costes-de-produccion#breadcrumb","itemListElement":[{"@type":"ListItem","position":1,"name":"Portada","item":"https:\/\/www.asajacyl.com\/palencia\/"},{"@type":"ListItem","position":2,"name":"ASAJA-Palencia alerta de que la subida en los contratos de leche sigue sin cubrir los costes de producci\u00f3n"}]},{"@type":"WebSite","@id":"https:\/\/www.asajacyl.com\/palencia\/#website","url":"https:\/\/www.asajacyl.com\/palencia\/","name":"ASAJA Palencia","description":"Otro sitio m\u00e1s de Provincias ASAJA Castilla y Le\u00f3n","potentialAction":[{"@type":"SearchAction","target":{"@type":"EntryPoint","urlTemplate":"https:\/\/www.asajacyl.com\/palencia\/?s={search_term_string}"},"query-input":{"@type":"PropertyValueSpecification","valueRequired":true,"valueName":"search_term_string"}}],"inLanguage":"es"},{"@type":"Person","@id":"https:\/\/www.asajacyl.com\/palencia\/#\/schema\/person\/3ab17aeb03527485c317557fae64aab1","name":"Administrador","image":{"@type":"ImageObject","inLanguage":"es","@id":"https:\/\/www.asajacyl.com\/palencia\/#\/schema\/person\/image\/","url":"https:\/\/secure.gravatar.com\/avatar\/517384810d242ca9e38c180f3c9fb973?s=96&d=mm&r=g","contentUrl":"https:\/\/secure.gravatar.com\/avatar\/517384810d242ca9e38c180f3c9fb973?s=96&d=mm&r=g","caption":"Administrador"},"url":"https:\/\/www.asajacyl.com\/palencia\/author\/carlosrm"}]}},"_links":{"self":[{"href":"https:\/\/www.asajacyl.com\/palencia\/wp-json\/wp\/v2\/posts\/10478"}],"collection":[{"href":"https:\/\/www.asajacyl.com\/palencia\/wp-json\/wp\/v2\/posts"}],"about":[{"href":"https:\/\/www.asajacyl.com\/palencia\/wp-json\/wp\/v2\/types\/post"}],"author":[{"embeddable":true,"href":"https:\/\/www.asajacyl.com\/palencia\/wp-json\/wp\/v2\/users\/9"}],"replies":[{"embeddable":true,"href":"https:\/\/www.asajacyl.com\/palencia\/wp-json\/wp\/v2\/comments?post=10478"}],"version-history":[{"count":1,"href":"https:\/\/www.asajacyl.com\/palencia\/wp-json\/wp\/v2\/posts\/10478\/revisions"}],"predecessor-version":[{"id":10479,"href":"https:\/\/www.asajacyl.com\/palencia\/wp-json\/wp\/v2\/posts\/10478\/revisions\/10479"}],"wp:featuredmedia":[{"embeddable":true,"href":"https:\/\/www.asajacyl.com\/palencia\/wp-json\/wp\/v2\/media\/10278"}],"wp:attachment":[{"href":"https:\/\/www.asajacyl.com\/palencia\/wp-json\/wp\/v2\/media?parent=10478"}],"wp:term":[{"taxonomy":"category","embeddable":true,"href":"https:\/\/www.asajacyl.com\/palencia\/wp-json\/wp\/v2\/categories?post=10478"},{"taxonomy":"post_tag","embeddable":true,"href":"https:\/\/www.asajacyl.com\/palencia\/wp-json\/wp\/v2\/tags?post=10478"}],"curies":[{"name":"wp","href":"https:\/\/api.w.org\/{rel}","templated":true}]}}