{"id":10480,"date":"2022-05-21T18:51:00","date_gmt":"2022-05-21T16:51:00","guid":{"rendered":"https:\/\/www.asajacyl.com\/palencia\/?p=10480"},"modified":"2022-05-20T15:04:15","modified_gmt":"2022-05-20T13:04:15","slug":"suecia-controlara-la-poblacion-de-lobos","status":"publish","type":"post","link":"https:\/\/www.asajacyl.com\/palencia\/asaja-palencia-informa\/suecia-controlara-la-poblacion-de-lobos","title":{"rendered":"Suecia controlar\u00e1 la poblaci\u00f3n de lobos"},"content":{"rendered":"\n<p>La Comisi\u00f3n de Agricultura y Medio Ambiente del parlamento sueco ha acordado recientemente reducir el n\u00famero m\u00ednimo de lobos en su territorio desde los aproximadamente 300 existentes a un m\u00e1ximo 170. Consideran que con esa cifra la conservaci\u00f3n de la especie queda plenamente garantizada, esa cifra ha sido considerada como m\u00ednima por parte de los grupos ecologistas y como m\u00e1xima por parte de agricultores y ganaderos<\/p>\n\n\n\n<p>En Suecia los lobos solitarios son relativamente tolerados en todas las regiones, pero las manadas son diezmadas sistem\u00e1ticamente tanto en el norte, zona de pastos, como en el sur, donde prima la cr\u00eda de renos.<\/p>\n\n\n\n<p>Y mientras, en nuestro pa\u00eds, con al menos 3000 lobos, y creciendo constantemente las poblaciones, no se efect\u00faa ning\u00fan m\u00e9todo de control poblacional, poni\u00e9ndose en peligro numerosas ganader\u00edas y expulsando a los ganaderos de las zonas rurales.<\/p>\n","protected":false},"excerpt":{"rendered":"<p>La Comisi\u00f3n de Agricultura y Medio Ambiente del parlamento sueco ha acordado recientemente reducir el n\u00famero m\u00ednimo de lobos en su territorio desde los aproximadamente 300 existentes a un m\u00e1ximo 170. Consideran que con esa cifra la conservaci\u00f3n de la especie queda plenamente garantizada, esa cifra ha sido considerada como m\u00ednima por parte de los [&hellip;]<\/p>\n","protected":false},"author":9,"featured_media":10481,"comment_status":"open","ping_status":"open","sticky":false,"template":"","format":"standard","meta":{"footnotes":""},"categories":[9,29,28],"tags":[],"yoast_head":"<!-- This site is optimized with the Yoast SEO plugin v24.5 - https:\/\/yoast.com\/wordpress\/plugins\/seo\/ -->\n<title>Suecia controlar\u00e1 la poblaci\u00f3n de lobos - ASAJA Palencia<\/title>\n<meta name=\"description\" content=\"La Comisi\u00f3n de Agricultura y Medio Ambiente del parlamento sueco ha acordado recientemente reducir el n\u00famero m\u00ednimo de lobos en su territorio desde los\" \/>\n<meta name=\"robots\" content=\"index, follow, max-snippet:-1, max-image-preview:large, max-video-preview:-1\" \/>\n<link rel=\"canonical\" href=\"https:\/\/www.asajacyl.com\/palencia\/asaja-palencia-informa\/suecia-controlara-la-poblacion-de-lobos\" \/>\n<meta property=\"og:locale\" content=\"es_ES\" \/>\n<meta property=\"og:type\" content=\"article\" \/>\n<meta property=\"og:title\" content=\"Suecia controlar\u00e1 la poblaci\u00f3n de lobos - ASAJA Palencia\" \/>\n<meta property=\"og:description\" content=\"La Comisi\u00f3n de Agricultura y Medio Ambiente del parlamento sueco ha acordado recientemente reducir el n\u00famero m\u00ednimo de lobos en su territorio desde los\" \/>\n<meta property=\"og:url\" content=\"https:\/\/www.asajacyl.com\/palencia\/asaja-palencia-informa\/suecia-controlara-la-poblacion-de-lobos\" \/>\n<meta property=\"og:site_name\" content=\"ASAJA Palencia\" \/>\n<meta property=\"article:published_time\" content=\"2022-05-21T16:51:00+00:00\" \/>\n<meta property=\"og:image\" content=\"https:\/\/www.asajacyl.com\/palencia\/wp-content\/uploads\/sites\/3\/2022\/05\/SUECIA.jpg\" \/>\n\t<meta property=\"og:image:width\" content=\"1200\" \/>\n\t<meta property=\"og:image:height\" content=\"628\" \/>\n\t<meta property=\"og:image:type\" content=\"image\/jpeg\" \/>\n<meta name=\"author\" content=\"Administrador\" \/>\n<meta name=\"twitter:card\" content=\"summary_large_image\" \/>\n<meta name=\"twitter:label1\" content=\"Escrito por\" \/>\n\t<meta name=\"twitter:data1\" content=\"Administrador\" \/>\n\t<meta name=\"twitter:label2\" content=\"Tiempo de lectura\" \/>\n\t<meta name=\"twitter:data2\" content=\"1 minuto\" \/>\n<script type=\"application\/ld+json\" class=\"yoast-schema-graph\">{\"@context\":\"https:\/\/schema.org\",\"@graph\":[{\"@type\":\"WebPage\",\"@id\":\"https:\/\/www.asajacyl.com\/palencia\/asaja-palencia-informa\/suecia-controlara-la-poblacion-de-lobos\",\"url\":\"https:\/\/www.asajacyl.com\/palencia\/asaja-palencia-informa\/suecia-controlara-la-poblacion-de-lobos\",\"name\":\"Suecia controlar\u00e1 la poblaci\u00f3n de lobos - ASAJA Palencia\",\"isPartOf\":{\"@id\":\"https:\/\/www.asajacyl.com\/palencia\/#website\"},\"primaryImageOfPage\":{\"@id\":\"https:\/\/www.asajacyl.com\/palencia\/asaja-palencia-informa\/suecia-controlara-la-poblacion-de-lobos#primaryimage\"},\"image\":{\"@id\":\"https:\/\/www.asajacyl.com\/palencia\/asaja-palencia-informa\/suecia-controlara-la-poblacion-de-lobos#primaryimage\"},\"thumbnailUrl\":\"https:\/\/www.asajacyl.com\/palencia\/wp-content\/uploads\/sites\/3\/2022\/05\/SUECIA.jpg\",\"datePublished\":\"2022-05-21T16:51:00+00:00\",\"author\":{\"@id\":\"https:\/\/www.asajacyl.com\/palencia\/#\/schema\/person\/3ab17aeb03527485c317557fae64aab1\"},\"description\":\"La Comisi\u00f3n de Agricultura y Medio Ambiente del parlamento sueco ha acordado recientemente reducir el n\u00famero m\u00ednimo de lobos en su territorio desde los\",\"breadcrumb\":{\"@id\":\"https:\/\/www.asajacyl.com\/palencia\/asaja-palencia-informa\/suecia-controlara-la-poblacion-de-lobos#breadcrumb\"},\"inLanguage\":\"es\",\"potentialAction\":[{\"@type\":\"ReadAction\",\"target\":[\"https:\/\/www.asajacyl.com\/palencia\/asaja-palencia-informa\/suecia-controlara-la-poblacion-de-lobos\"]}]},{\"@type\":\"ImageObject\",\"inLanguage\":\"es\",\"@id\":\"https:\/\/www.asajacyl.com\/palencia\/asaja-palencia-informa\/suecia-controlara-la-poblacion-de-lobos#primaryimage\",\"url\":\"https:\/\/www.asajacyl.com\/palencia\/wp-content\/uploads\/sites\/3\/2022\/05\/SUECIA.jpg\",\"contentUrl\":\"https:\/\/www.asajacyl.com\/palencia\/wp-content\/uploads\/sites\/3\/2022\/05\/SUECIA.jpg\",\"width\":1200,\"height\":628},{\"@type\":\"BreadcrumbList\",\"@id\":\"https:\/\/www.asajacyl.com\/palencia\/asaja-palencia-informa\/suecia-controlara-la-poblacion-de-lobos#breadcrumb\",\"itemListElement\":[{\"@type\":\"ListItem\",\"position\":1,\"name\":\"Portada\",\"item\":\"https:\/\/www.asajacyl.com\/palencia\/\"},{\"@type\":\"ListItem\",\"position\":2,\"name\":\"Suecia controlar\u00e1 la poblaci\u00f3n de lobos\"}]},{\"@type\":\"WebSite\",\"@id\":\"https:\/\/www.asajacyl.com\/palencia\/#website\",\"url\":\"https:\/\/www.asajacyl.com\/palencia\/\",\"name\":\"ASAJA Palencia\",\"description\":\"Otro sitio m\u00e1s de Provincias ASAJA Castilla y Le\u00f3n\",\"potentialAction\":[{\"@type\":\"SearchAction\",\"target\":{\"@type\":\"EntryPoint\",\"urlTemplate\":\"https:\/\/www.asajacyl.com\/palencia\/?s={search_term_string}\"},\"query-input\":{\"@type\":\"PropertyValueSpecification\",\"valueRequired\":true,\"valueName\":\"search_term_string\"}}],\"inLanguage\":\"es\"},{\"@type\":\"Person\",\"@id\":\"https:\/\/www.asajacyl.com\/palencia\/#\/schema\/person\/3ab17aeb03527485c317557fae64aab1\",\"name\":\"Administrador\",\"image\":{\"@type\":\"ImageObject\",\"inLanguage\":\"es\",\"@id\":\"https:\/\/www.asajacyl.com\/palencia\/#\/schema\/person\/image\/\",\"url\":\"https:\/\/secure.gravatar.com\/avatar\/517384810d242ca9e38c180f3c9fb973?s=96&d=mm&r=g\",\"contentUrl\":\"https:\/\/secure.gravatar.com\/avatar\/517384810d242ca9e38c180f3c9fb973?s=96&d=mm&r=g\",\"caption\":\"Administrador\"},\"url\":\"https:\/\/www.asajacyl.com\/palencia\/author\/carlosrm\"}]}<\/script>\n<!-- \/ Yoast SEO plugin. -->","yoast_head_json":{"title":"Suecia controlar\u00e1 la poblaci\u00f3n de lobos - ASAJA Palencia","description":"La Comisi\u00f3n de Agricultura y Medio Ambiente del parlamento sueco ha acordado recientemente reducir el n\u00famero m\u00ednimo de lobos en su territorio desde los","robots":{"index":"index","follow":"follow","max-snippet":"max-snippet:-1","max-image-preview":"max-image-preview:large","max-video-preview":"max-video-preview:-1"},"canonical":"https:\/\/www.asajacyl.com\/palencia\/asaja-palencia-informa\/suecia-controlara-la-poblacion-de-lobos","og_locale":"es_ES","og_type":"article","og_title":"Suecia controlar\u00e1 la poblaci\u00f3n de lobos - ASAJA Palencia","og_description":"La Comisi\u00f3n de Agricultura y Medio Ambiente del parlamento sueco ha acordado recientemente reducir el n\u00famero m\u00ednimo de lobos en su territorio desde los","og_url":"https:\/\/www.asajacyl.com\/palencia\/asaja-palencia-informa\/suecia-controlara-la-poblacion-de-lobos","og_site_name":"ASAJA Palencia","article_published_time":"2022-05-21T16:51:00+00:00","og_image":[{"width":1200,"height":628,"url":"https:\/\/www.asajacyl.com\/palencia\/wp-content\/uploads\/sites\/3\/2022\/05\/SUECIA.jpg","type":"image\/jpeg"}],"author":"Administrador","twitter_card":"summary_large_image","twitter_misc":{"Escrito por":"Administrador","Tiempo de lectura":"1 minuto"},"schema":{"@context":"https:\/\/schema.org","@graph":[{"@type":"WebPage","@id":"https:\/\/www.asajacyl.com\/palencia\/asaja-palencia-informa\/suecia-controlara-la-poblacion-de-lobos","url":"https:\/\/www.asajacyl.com\/palencia\/asaja-palencia-informa\/suecia-controlara-la-poblacion-de-lobos","name":"Suecia controlar\u00e1 la poblaci\u00f3n de lobos - ASAJA Palencia","isPartOf":{"@id":"https:\/\/www.asajacyl.com\/palencia\/#website"},"primaryImageOfPage":{"@id":"https:\/\/www.asajacyl.com\/palencia\/asaja-palencia-informa\/suecia-controlara-la-poblacion-de-lobos#primaryimage"},"image":{"@id":"https:\/\/www.asajacyl.com\/palencia\/asaja-palencia-informa\/suecia-controlara-la-poblacion-de-lobos#primaryimage"},"thumbnailUrl":"https:\/\/www.asajacyl.com\/palencia\/wp-content\/uploads\/sites\/3\/2022\/05\/SUECIA.jpg","datePublished":"2022-05-21T16:51:00+00:00","author":{"@id":"https:\/\/www.asajacyl.com\/palencia\/#\/schema\/person\/3ab17aeb03527485c317557fae64aab1"},"description":"La Comisi\u00f3n de Agricultura y Medio Ambiente del parlamento sueco ha acordado recientemente reducir el n\u00famero m\u00ednimo de lobos en su territorio desde los","breadcrumb":{"@id":"https:\/\/www.asajacyl.com\/palencia\/asaja-palencia-informa\/suecia-controlara-la-poblacion-de-lobos#breadcrumb"},"inLanguage":"es","potentialAction":[{"@type":"ReadAction","target":["https:\/\/www.asajacyl.com\/palencia\/asaja-palencia-informa\/suecia-controlara-la-poblacion-de-lobos"]}]},{"@type":"ImageObject","inLanguage":"es","@id":"https:\/\/www.asajacyl.com\/palencia\/asaja-palencia-informa\/suecia-controlara-la-poblacion-de-lobos#primaryimage","url":"https:\/\/www.asajacyl.com\/palencia\/wp-content\/uploads\/sites\/3\/2022\/05\/SUECIA.jpg","contentUrl":"https:\/\/www.asajacyl.com\/palencia\/wp-content\/uploads\/sites\/3\/2022\/05\/SUECIA.jpg","width":1200,"height":628},{"@type":"BreadcrumbList","@id":"https:\/\/www.asajacyl.com\/palencia\/asaja-palencia-informa\/suecia-controlara-la-poblacion-de-lobos#breadcrumb","itemListElement":[{"@type":"ListItem","position":1,"name":"Portada","item":"https:\/\/www.asajacyl.com\/palencia\/"},{"@type":"ListItem","position":2,"name":"Suecia controlar\u00e1 la poblaci\u00f3n de lobos"}]},{"@type":"WebSite","@id":"https:\/\/www.asajacyl.com\/palencia\/#website","url":"https:\/\/www.asajacyl.com\/palencia\/","name":"ASAJA Palencia","description":"Otro sitio m\u00e1s de Provincias ASAJA Castilla y Le\u00f3n","potentialAction":[{"@type":"SearchAction","target":{"@type":"EntryPoint","urlTemplate":"https:\/\/www.asajacyl.com\/palencia\/?s={search_term_string}"},"query-input":{"@type":"PropertyValueSpecification","valueRequired":true,"valueName":"search_term_string"}}],"inLanguage":"es"},{"@type":"Person","@id":"https:\/\/www.asajacyl.com\/palencia\/#\/schema\/person\/3ab17aeb03527485c317557fae64aab1","name":"Administrador","image":{"@type":"ImageObject","inLanguage":"es","@id":"https:\/\/www.asajacyl.com\/palencia\/#\/schema\/person\/image\/","url":"https:\/\/secure.gravatar.com\/avatar\/517384810d242ca9e38c180f3c9fb973?s=96&d=mm&r=g","contentUrl":"https:\/\/secure.gravatar.com\/avatar\/517384810d242ca9e38c180f3c9fb973?s=96&d=mm&r=g","caption":"Administrador"},"url":"https:\/\/www.asajacyl.com\/palencia\/author\/carlosrm"}]}},"_links":{"self":[{"href":"https:\/\/www.asajacyl.com\/palencia\/wp-json\/wp\/v2\/posts\/10480"}],"collection":[{"href":"https:\/\/www.asajacyl.com\/palencia\/wp-json\/wp\/v2\/posts"}],"about":[{"href":"https:\/\/www.asajacyl.com\/palencia\/wp-json\/wp\/v2\/types\/post"}],"author":[{"embeddable":true,"href":"https:\/\/www.asajacyl.com\/palencia\/wp-json\/wp\/v2\/users\/9"}],"replies":[{"embeddable":true,"href":"https:\/\/www.asajacyl.com\/palencia\/wp-json\/wp\/v2\/comments?post=10480"}],"version-history":[{"count":2,"href":"https:\/\/www.asajacyl.com\/palencia\/wp-json\/wp\/v2\/posts\/10480\/revisions"}],"predecessor-version":[{"id":10514,"href":"https:\/\/www.asajacyl.com\/palencia\/wp-json\/wp\/v2\/posts\/10480\/revisions\/10514"}],"wp:featuredmedia":[{"embeddable":true,"href":"https:\/\/www.asajacyl.com\/palencia\/wp-json\/wp\/v2\/media\/10481"}],"wp:attachment":[{"href":"https:\/\/www.asajacyl.com\/palencia\/wp-json\/wp\/v2\/media?parent=10480"}],"wp:term":[{"taxonomy":"category","embeddable":true,"href":"https:\/\/www.asajacyl.com\/palencia\/wp-json\/wp\/v2\/categories?post=10480"},{"taxonomy":"post_tag","embeddable":true,"href":"https:\/\/www.asajacyl.com\/palencia\/wp-json\/wp\/v2\/tags?post=10480"}],"curies":[{"name":"wp","href":"https:\/\/api.w.org\/{rel}","templated":true}]}}