{"id":10491,"date":"2022-05-23T11:47:00","date_gmt":"2022-05-23T09:47:00","guid":{"rendered":"https:\/\/www.asajacyl.com\/palencia\/?p=10491"},"modified":"2022-05-19T13:59:38","modified_gmt":"2022-05-19T11:59:38","slug":"la-calima-de-marzo-no-solo-molesto-tambien-sirvio-para-fertilizar","status":"publish","type":"post","link":"https:\/\/www.asajacyl.com\/palencia\/asaja-palencia-informa\/la-calima-de-marzo-no-solo-molesto-tambien-sirvio-para-fertilizar","title":{"rendered":"La calima de marzo no s\u00f3lo molest\u00f3, tambi\u00e9n sirvi\u00f3 para fertilizar"},"content":{"rendered":"\n<p>La borrasca Celia caus\u00f3 la fuerte entrada de calima que tuvo lugar en Espa\u00f1a desde el d\u00eda 16 al 18 de marzo. Esta calima ten\u00eda su origen en el desierto del S\u00e1hara. Aunque en las zonas urbanas la calima se ve como una molestia no hay que olvidar que tiene una funci\u00f3n importante en los ecosistemas ya que tambi\u00e9n act\u00faa como fertilizante, siendo el Amazonas un caso claro de zona beneficiada por el componente fertilizante de la calima, ya que percibe millones de toneladas de polvo del S\u00e1hara todos los a\u00f1os.<\/p>\n\n\n\n<p>En Espa\u00f1a se estima que la deposici\u00f3n de calima por metro cuadrado ascendi\u00f3 a 6,4 gramos, lo que impica que en cada hect\u00e1rea se depositaron 64 kilos, seg\u00fan los datos del <a href=\"https:\/\/dust.aemet.es\/\">WMO Barcelona Dust Regional Center<\/a>. Este centro gestiona y coordina las actividades y operaciones de investigaci\u00f3n de la Organizaci\u00f3n Meteorol\u00f3gica Mundial (OMM) relacionadas con las tormentas de arena y polvo.<\/p>\n\n\n\n<p>La empresa burgalesa <a href=\"https:\/\/www.agrae.es\/\">Agrae Solutions<\/a> ha analizado los componente de aquella calima y los resultados han sido los siguientes:<\/p>\n\n\n\n<ul><li>Nitr\u00f3geno = 0,134 kg\/ha (equivalente a unos 500 gramos de NAC del 27%)<\/li><li>F\u00f3sforo asimilable = 0,001 kg\/ha<\/li><li>Potasio asimilable = 0,045 kg\/ha (equivalente a unos 80 gramos de potasa KCl al 60%)<\/li><li>Calcio asimilable = 0,651 kg\/ha<\/li><li>Magnesio asimilable = 0,003 kg\/ha<\/li><\/ul>\n\n\n\n<p>Evidentemente son cantidades m\u00ednimas ya que el c\u00e1lculo se est\u00e1 realizando por hect\u00e1rea pero si tenemos en cuenta las 600.000 hect\u00e1reas de cultivo, prados y pastizales de la provincia de Palencia ver\u00edamos que el nitr\u00f3geno que ha tra\u00eddo la calima equivale a 300 toneladas de NAC del 27%, que a 600 euros\/tonelada supondr\u00eda un total de 180.000 euros que la calima habr\u00eda dejado en Palencia, s\u00f3lo en nitr\u00f3geno.<\/p>\n","protected":false},"excerpt":{"rendered":"<p>La borrasca Celia caus\u00f3 la fuerte entrada de calima que tuvo lugar en Espa\u00f1a desde el d\u00eda 16 al 18 de marzo. Esta calima ten\u00eda su origen en el desierto del S\u00e1hara. Aunque en las zonas urbanas la calima se ve como una molestia no hay que olvidar que tiene una funci\u00f3n importante en los [&hellip;]<\/p>\n","protected":false},"author":9,"featured_media":10493,"comment_status":"open","ping_status":"open","sticky":false,"template":"","format":"standard","meta":{"footnotes":""},"categories":[9,29,28],"tags":[],"yoast_head":"<!-- This site is optimized with the Yoast SEO plugin v24.5 - https:\/\/yoast.com\/wordpress\/plugins\/seo\/ -->\n<title>La calima de marzo no s\u00f3lo molest\u00f3, tambi\u00e9n sirvi\u00f3 para fertilizar - ASAJA Palencia<\/title>\n<meta name=\"description\" content=\"La borrasca Celia caus\u00f3 la fuerte entrada de calima que tuvo lugar en Espa\u00f1a desde el d\u00eda 16 al 18 de marzo. Esta calima ten\u00eda su origen en el desierto\" \/>\n<meta name=\"robots\" content=\"index, follow, max-snippet:-1, max-image-preview:large, max-video-preview:-1\" \/>\n<link rel=\"canonical\" href=\"https:\/\/www.asajacyl.com\/palencia\/asaja-palencia-informa\/la-calima-de-marzo-no-solo-molesto-tambien-sirvio-para-fertilizar\" \/>\n<meta property=\"og:locale\" content=\"es_ES\" \/>\n<meta property=\"og:type\" content=\"article\" \/>\n<meta property=\"og:title\" content=\"La calima de marzo no s\u00f3lo molest\u00f3, tambi\u00e9n sirvi\u00f3 para fertilizar - ASAJA Palencia\" \/>\n<meta property=\"og:description\" content=\"La borrasca Celia caus\u00f3 la fuerte entrada de calima que tuvo lugar en Espa\u00f1a desde el d\u00eda 16 al 18 de marzo. Esta calima ten\u00eda su origen en el desierto\" \/>\n<meta property=\"og:url\" content=\"https:\/\/www.asajacyl.com\/palencia\/asaja-palencia-informa\/la-calima-de-marzo-no-solo-molesto-tambien-sirvio-para-fertilizar\" \/>\n<meta property=\"og:site_name\" content=\"ASAJA Palencia\" \/>\n<meta property=\"article:published_time\" content=\"2022-05-23T09:47:00+00:00\" \/>\n<meta property=\"og:image\" content=\"https:\/\/www.asajacyl.com\/palencia\/wp-content\/uploads\/sites\/3\/2022\/05\/CALIMA.jpg\" \/>\n\t<meta property=\"og:image:width\" content=\"1496\" \/>\n\t<meta property=\"og:image:height\" content=\"1253\" \/>\n\t<meta property=\"og:image:type\" content=\"image\/jpeg\" \/>\n<meta name=\"author\" content=\"Administrador\" \/>\n<meta name=\"twitter:card\" content=\"summary_large_image\" \/>\n<meta name=\"twitter:label1\" content=\"Escrito por\" \/>\n\t<meta name=\"twitter:data1\" content=\"Administrador\" \/>\n\t<meta name=\"twitter:label2\" content=\"Tiempo de lectura\" \/>\n\t<meta name=\"twitter:data2\" content=\"2 minutos\" \/>\n<script type=\"application\/ld+json\" class=\"yoast-schema-graph\">{\"@context\":\"https:\/\/schema.org\",\"@graph\":[{\"@type\":\"WebPage\",\"@id\":\"https:\/\/www.asajacyl.com\/palencia\/asaja-palencia-informa\/la-calima-de-marzo-no-solo-molesto-tambien-sirvio-para-fertilizar\",\"url\":\"https:\/\/www.asajacyl.com\/palencia\/asaja-palencia-informa\/la-calima-de-marzo-no-solo-molesto-tambien-sirvio-para-fertilizar\",\"name\":\"La calima de marzo no s\u00f3lo molest\u00f3, tambi\u00e9n sirvi\u00f3 para fertilizar - ASAJA Palencia\",\"isPartOf\":{\"@id\":\"https:\/\/www.asajacyl.com\/palencia\/#website\"},\"primaryImageOfPage\":{\"@id\":\"https:\/\/www.asajacyl.com\/palencia\/asaja-palencia-informa\/la-calima-de-marzo-no-solo-molesto-tambien-sirvio-para-fertilizar#primaryimage\"},\"image\":{\"@id\":\"https:\/\/www.asajacyl.com\/palencia\/asaja-palencia-informa\/la-calima-de-marzo-no-solo-molesto-tambien-sirvio-para-fertilizar#primaryimage\"},\"thumbnailUrl\":\"https:\/\/www.asajacyl.com\/palencia\/wp-content\/uploads\/sites\/3\/2022\/05\/CALIMA.jpg\",\"datePublished\":\"2022-05-23T09:47:00+00:00\",\"author\":{\"@id\":\"https:\/\/www.asajacyl.com\/palencia\/#\/schema\/person\/3ab17aeb03527485c317557fae64aab1\"},\"description\":\"La borrasca Celia caus\u00f3 la fuerte entrada de calima que tuvo lugar en Espa\u00f1a desde el d\u00eda 16 al 18 de marzo. Esta calima ten\u00eda su origen en el desierto\",\"breadcrumb\":{\"@id\":\"https:\/\/www.asajacyl.com\/palencia\/asaja-palencia-informa\/la-calima-de-marzo-no-solo-molesto-tambien-sirvio-para-fertilizar#breadcrumb\"},\"inLanguage\":\"es\",\"potentialAction\":[{\"@type\":\"ReadAction\",\"target\":[\"https:\/\/www.asajacyl.com\/palencia\/asaja-palencia-informa\/la-calima-de-marzo-no-solo-molesto-tambien-sirvio-para-fertilizar\"]}]},{\"@type\":\"ImageObject\",\"inLanguage\":\"es\",\"@id\":\"https:\/\/www.asajacyl.com\/palencia\/asaja-palencia-informa\/la-calima-de-marzo-no-solo-molesto-tambien-sirvio-para-fertilizar#primaryimage\",\"url\":\"https:\/\/www.asajacyl.com\/palencia\/wp-content\/uploads\/sites\/3\/2022\/05\/CALIMA.jpg\",\"contentUrl\":\"https:\/\/www.asajacyl.com\/palencia\/wp-content\/uploads\/sites\/3\/2022\/05\/CALIMA.jpg\",\"width\":1496,\"height\":1253},{\"@type\":\"BreadcrumbList\",\"@id\":\"https:\/\/www.asajacyl.com\/palencia\/asaja-palencia-informa\/la-calima-de-marzo-no-solo-molesto-tambien-sirvio-para-fertilizar#breadcrumb\",\"itemListElement\":[{\"@type\":\"ListItem\",\"position\":1,\"name\":\"Portada\",\"item\":\"https:\/\/www.asajacyl.com\/palencia\/\"},{\"@type\":\"ListItem\",\"position\":2,\"name\":\"La calima de marzo no s\u00f3lo molest\u00f3, tambi\u00e9n sirvi\u00f3 para fertilizar\"}]},{\"@type\":\"WebSite\",\"@id\":\"https:\/\/www.asajacyl.com\/palencia\/#website\",\"url\":\"https:\/\/www.asajacyl.com\/palencia\/\",\"name\":\"ASAJA Palencia\",\"description\":\"Otro sitio m\u00e1s de Provincias ASAJA Castilla y Le\u00f3n\",\"potentialAction\":[{\"@type\":\"SearchAction\",\"target\":{\"@type\":\"EntryPoint\",\"urlTemplate\":\"https:\/\/www.asajacyl.com\/palencia\/?s={search_term_string}\"},\"query-input\":{\"@type\":\"PropertyValueSpecification\",\"valueRequired\":true,\"valueName\":\"search_term_string\"}}],\"inLanguage\":\"es\"},{\"@type\":\"Person\",\"@id\":\"https:\/\/www.asajacyl.com\/palencia\/#\/schema\/person\/3ab17aeb03527485c317557fae64aab1\",\"name\":\"Administrador\",\"image\":{\"@type\":\"ImageObject\",\"inLanguage\":\"es\",\"@id\":\"https:\/\/www.asajacyl.com\/palencia\/#\/schema\/person\/image\/\",\"url\":\"https:\/\/secure.gravatar.com\/avatar\/517384810d242ca9e38c180f3c9fb973?s=96&d=mm&r=g\",\"contentUrl\":\"https:\/\/secure.gravatar.com\/avatar\/517384810d242ca9e38c180f3c9fb973?s=96&d=mm&r=g\",\"caption\":\"Administrador\"},\"url\":\"https:\/\/www.asajacyl.com\/palencia\/author\/carlosrm\"}]}<\/script>\n<!-- \/ Yoast SEO plugin. -->","yoast_head_json":{"title":"La calima de marzo no s\u00f3lo molest\u00f3, tambi\u00e9n sirvi\u00f3 para fertilizar - ASAJA Palencia","description":"La borrasca Celia caus\u00f3 la fuerte entrada de calima que tuvo lugar en Espa\u00f1a desde el d\u00eda 16 al 18 de marzo. Esta calima ten\u00eda su origen en el desierto","robots":{"index":"index","follow":"follow","max-snippet":"max-snippet:-1","max-image-preview":"max-image-preview:large","max-video-preview":"max-video-preview:-1"},"canonical":"https:\/\/www.asajacyl.com\/palencia\/asaja-palencia-informa\/la-calima-de-marzo-no-solo-molesto-tambien-sirvio-para-fertilizar","og_locale":"es_ES","og_type":"article","og_title":"La calima de marzo no s\u00f3lo molest\u00f3, tambi\u00e9n sirvi\u00f3 para fertilizar - ASAJA Palencia","og_description":"La borrasca Celia caus\u00f3 la fuerte entrada de calima que tuvo lugar en Espa\u00f1a desde el d\u00eda 16 al 18 de marzo. Esta calima ten\u00eda su origen en el desierto","og_url":"https:\/\/www.asajacyl.com\/palencia\/asaja-palencia-informa\/la-calima-de-marzo-no-solo-molesto-tambien-sirvio-para-fertilizar","og_site_name":"ASAJA Palencia","article_published_time":"2022-05-23T09:47:00+00:00","og_image":[{"width":1496,"height":1253,"url":"https:\/\/www.asajacyl.com\/palencia\/wp-content\/uploads\/sites\/3\/2022\/05\/CALIMA.jpg","type":"image\/jpeg"}],"author":"Administrador","twitter_card":"summary_large_image","twitter_misc":{"Escrito por":"Administrador","Tiempo de lectura":"2 minutos"},"schema":{"@context":"https:\/\/schema.org","@graph":[{"@type":"WebPage","@id":"https:\/\/www.asajacyl.com\/palencia\/asaja-palencia-informa\/la-calima-de-marzo-no-solo-molesto-tambien-sirvio-para-fertilizar","url":"https:\/\/www.asajacyl.com\/palencia\/asaja-palencia-informa\/la-calima-de-marzo-no-solo-molesto-tambien-sirvio-para-fertilizar","name":"La calima de marzo no s\u00f3lo molest\u00f3, tambi\u00e9n sirvi\u00f3 para fertilizar - ASAJA Palencia","isPartOf":{"@id":"https:\/\/www.asajacyl.com\/palencia\/#website"},"primaryImageOfPage":{"@id":"https:\/\/www.asajacyl.com\/palencia\/asaja-palencia-informa\/la-calima-de-marzo-no-solo-molesto-tambien-sirvio-para-fertilizar#primaryimage"},"image":{"@id":"https:\/\/www.asajacyl.com\/palencia\/asaja-palencia-informa\/la-calima-de-marzo-no-solo-molesto-tambien-sirvio-para-fertilizar#primaryimage"},"thumbnailUrl":"https:\/\/www.asajacyl.com\/palencia\/wp-content\/uploads\/sites\/3\/2022\/05\/CALIMA.jpg","datePublished":"2022-05-23T09:47:00+00:00","author":{"@id":"https:\/\/www.asajacyl.com\/palencia\/#\/schema\/person\/3ab17aeb03527485c317557fae64aab1"},"description":"La borrasca Celia caus\u00f3 la fuerte entrada de calima que tuvo lugar en Espa\u00f1a desde el d\u00eda 16 al 18 de marzo. Esta calima ten\u00eda su origen en el desierto","breadcrumb":{"@id":"https:\/\/www.asajacyl.com\/palencia\/asaja-palencia-informa\/la-calima-de-marzo-no-solo-molesto-tambien-sirvio-para-fertilizar#breadcrumb"},"inLanguage":"es","potentialAction":[{"@type":"ReadAction","target":["https:\/\/www.asajacyl.com\/palencia\/asaja-palencia-informa\/la-calima-de-marzo-no-solo-molesto-tambien-sirvio-para-fertilizar"]}]},{"@type":"ImageObject","inLanguage":"es","@id":"https:\/\/www.asajacyl.com\/palencia\/asaja-palencia-informa\/la-calima-de-marzo-no-solo-molesto-tambien-sirvio-para-fertilizar#primaryimage","url":"https:\/\/www.asajacyl.com\/palencia\/wp-content\/uploads\/sites\/3\/2022\/05\/CALIMA.jpg","contentUrl":"https:\/\/www.asajacyl.com\/palencia\/wp-content\/uploads\/sites\/3\/2022\/05\/CALIMA.jpg","width":1496,"height":1253},{"@type":"BreadcrumbList","@id":"https:\/\/www.asajacyl.com\/palencia\/asaja-palencia-informa\/la-calima-de-marzo-no-solo-molesto-tambien-sirvio-para-fertilizar#breadcrumb","itemListElement":[{"@type":"ListItem","position":1,"name":"Portada","item":"https:\/\/www.asajacyl.com\/palencia\/"},{"@type":"ListItem","position":2,"name":"La calima de marzo no s\u00f3lo molest\u00f3, tambi\u00e9n sirvi\u00f3 para fertilizar"}]},{"@type":"WebSite","@id":"https:\/\/www.asajacyl.com\/palencia\/#website","url":"https:\/\/www.asajacyl.com\/palencia\/","name":"ASAJA Palencia","description":"Otro sitio m\u00e1s de Provincias ASAJA Castilla y Le\u00f3n","potentialAction":[{"@type":"SearchAction","target":{"@type":"EntryPoint","urlTemplate":"https:\/\/www.asajacyl.com\/palencia\/?s={search_term_string}"},"query-input":{"@type":"PropertyValueSpecification","valueRequired":true,"valueName":"search_term_string"}}],"inLanguage":"es"},{"@type":"Person","@id":"https:\/\/www.asajacyl.com\/palencia\/#\/schema\/person\/3ab17aeb03527485c317557fae64aab1","name":"Administrador","image":{"@type":"ImageObject","inLanguage":"es","@id":"https:\/\/www.asajacyl.com\/palencia\/#\/schema\/person\/image\/","url":"https:\/\/secure.gravatar.com\/avatar\/517384810d242ca9e38c180f3c9fb973?s=96&d=mm&r=g","contentUrl":"https:\/\/secure.gravatar.com\/avatar\/517384810d242ca9e38c180f3c9fb973?s=96&d=mm&r=g","caption":"Administrador"},"url":"https:\/\/www.asajacyl.com\/palencia\/author\/carlosrm"}]}},"_links":{"self":[{"href":"https:\/\/www.asajacyl.com\/palencia\/wp-json\/wp\/v2\/posts\/10491"}],"collection":[{"href":"https:\/\/www.asajacyl.com\/palencia\/wp-json\/wp\/v2\/posts"}],"about":[{"href":"https:\/\/www.asajacyl.com\/palencia\/wp-json\/wp\/v2\/types\/post"}],"author":[{"embeddable":true,"href":"https:\/\/www.asajacyl.com\/palencia\/wp-json\/wp\/v2\/users\/9"}],"replies":[{"embeddable":true,"href":"https:\/\/www.asajacyl.com\/palencia\/wp-json\/wp\/v2\/comments?post=10491"}],"version-history":[{"count":2,"href":"https:\/\/www.asajacyl.com\/palencia\/wp-json\/wp\/v2\/posts\/10491\/revisions"}],"predecessor-version":[{"id":10494,"href":"https:\/\/www.asajacyl.com\/palencia\/wp-json\/wp\/v2\/posts\/10491\/revisions\/10494"}],"wp:featuredmedia":[{"embeddable":true,"href":"https:\/\/www.asajacyl.com\/palencia\/wp-json\/wp\/v2\/media\/10493"}],"wp:attachment":[{"href":"https:\/\/www.asajacyl.com\/palencia\/wp-json\/wp\/v2\/media?parent=10491"}],"wp:term":[{"taxonomy":"category","embeddable":true,"href":"https:\/\/www.asajacyl.com\/palencia\/wp-json\/wp\/v2\/categories?post=10491"},{"taxonomy":"post_tag","embeddable":true,"href":"https:\/\/www.asajacyl.com\/palencia\/wp-json\/wp\/v2\/tags?post=10491"}],"curies":[{"name":"wp","href":"https:\/\/api.w.org\/{rel}","templated":true}]}}