{"id":10505,"date":"2022-05-22T14:57:00","date_gmt":"2022-05-22T12:57:00","guid":{"rendered":"https:\/\/www.asajacyl.com\/palencia\/?p=10505"},"modified":"2022-05-21T01:30:22","modified_gmt":"2022-05-20T23:30:22","slug":"comienza-una-incierta-campana-de-patata-de-siembra","status":"publish","type":"post","link":"https:\/\/www.asajacyl.com\/palencia\/asaja-palencia-informa\/comienza-una-incierta-campana-de-patata-de-siembra","title":{"rendered":"Comienza una incierta campa\u00f1a de patata de siembra"},"content":{"rendered":"\n<p>La patata es un cultivo de primavera que precisa de agua de riego para conseguir la buena conformaci\u00f3n de los tub\u00e9rculos. Aunque generalmente al hablar de patata nos estamos refiriendo a la de consumo, en la provincia de Palencia tenemos una parte importante de la superficie nacional de patata destinada a producir semilla. Estas patatas circulan por medio mundo ya que la patata que producimos en Espa\u00f1a es de gran calidad y tiene una alta demanda.<\/p>\n\n\n\n<p>En estos d\u00edas se est\u00e1 comenzando a sembrar en Palencia la patata de siembra aunque esta campa\u00f1a no se presenta del todo bien ante la falta de agua en el sistema Pisuerga, donde cada hect\u00e1rea tendr\u00e1 una dotaci\u00f3n de 3.500 m<sup>3<\/sup>, y se corre el riesgo de no terminar la campa\u00f1a, y por el aumento de los costes de producci\u00f3n, ya que el precio del gas\u00f3leo -muy utilizado para el riego- y del abonado utilizado se ha incrementado mucho respecto del pasado a\u00f1o.<\/p>\n\n\n\n<p>Las variedades de patata de siembra m\u00e1s producidas en Espa\u00f1a son:<\/p>\n\n\n\n<figure class=\"wp-block-table aligncenter is-style-stripes\"><table><tbody><tr><td><strong>VARIEDAD<\/strong><\/td><td class=\"has-text-align-center\" data-align=\"center\"><strong>TONELADAS<\/strong><\/td><\/tr><tr><td>Agria<\/td><td class=\"has-text-align-center\" data-align=\"center\">8.415<\/td><\/tr><tr><td>Kennebec<\/td><td class=\"has-text-align-center\" data-align=\"center\">5.772<\/td><\/tr><tr><td>Baraka<\/td><td class=\"has-text-align-center\" data-align=\"center\">3.938<\/td><\/tr><tr><td>Monalisa<\/td><td class=\"has-text-align-center\" data-align=\"center\">2.243<\/td><\/tr><tr><td>Red Pontiac<\/td><td class=\"has-text-align-center\" data-align=\"center\">1.246<\/td><\/tr><tr><td>Spunta<\/td><td class=\"has-text-align-center\" data-align=\"center\">1.214<\/td><\/tr><\/tbody><\/table><\/figure>\n\n\n\n<p>El mayor productor de patata de siembra de Espa\u00f1a es Castilla y Le\u00f3n, con 1.453 hect\u00e1reas, por detr\u00e1s est\u00e1 el Pa\u00eds Vasco con 574 hect\u00e1reas. Entre las dos regiones abarcan la pr\u00e1ctica totalidad de la patata de siembra espa\u00f1ola. En Castilla y Le\u00f3n, las zonas donde se puede producir patata de siembra est\u00e1n reguladas por una resoluci\u00f3n anual de la Direcci\u00f3n General de Producci\u00f3n Agr\u00edcola y Ganadera. En ella se puede ver que la producci\u00f3n se concentra en Palencia y Burgos, aunque tambi\u00e9n tienen permitida la siembra tres localidades de Le\u00f3n y dos de Soria, mientras que Palencia tiene 38 localidades y Burgos llega a las 84.<\/p>\n\n\n\n<p>En nuestra provincia las localidades donde se permite la producci\u00f3n de patata de siembra se ubican en las comarcas de Aguilar y Boedo-Ojeda. Son las siguientes:<\/p>\n\n\n\n<figure class=\"wp-block-table\"><table><tbody><tr><td><strong>COMARCA<\/strong><\/td><td><strong>LOCALIDADES<\/strong><\/td><\/tr><tr><td>AGUILAR (La Valdivia)<\/td><td>Aguilar de Campoo, B\u00e1scones de Valdivia, B\u00e1scones de Ebro, Becerril del Carpio, Berzosilla, Cabria, Canduela, Cuillas del Valle, Gama, Helecha de Valdivia, Lomilla, Mave, Menaza, Nogales de Pisuerga, Olleros de Paredes Rubias, Olleros de Pisuerga, Pomar de Valdivia, Porquera de los Infantes, Pozancos, Puentetoma, Quintanilla de las Torres, Rebolledo de la Inera, Rendo de la Inera, Respenda de Aguilar, Revilla de Pomar, Santa Mar\u00eda de Mave, Valdegama, Valoria de Aguilar, Villacibio, Villaescusa de las Torres, Villallano y Villar\u00e9n de Valdivia.<\/td><\/tr><tr><td>BOEDO-OJEDA (La Ojeda)<\/td><td>Micieces de Ojeda, Moarves de Ojeda, Montoto de Ojeda, Olmos de Ojeda, Quintanatello de Ojeda y Vega de Bur.<\/td><\/tr><\/tbody><\/table><\/figure>\n","protected":false},"excerpt":{"rendered":"<p>La patata es un cultivo de primavera que precisa de agua de riego para conseguir la buena conformaci\u00f3n de los tub\u00e9rculos. Aunque generalmente al hablar de patata nos estamos refiriendo a la de consumo, en la provincia de Palencia tenemos una parte importante de la superficie nacional de patata destinada a producir semilla. Estas patatas [&hellip;]<\/p>\n","protected":false},"author":9,"featured_media":10515,"comment_status":"open","ping_status":"open","sticky":false,"template":"","format":"standard","meta":{"footnotes":""},"categories":[9,29,28],"tags":[],"yoast_head":"<!-- This site is optimized with the Yoast SEO plugin v24.5 - https:\/\/yoast.com\/wordpress\/plugins\/seo\/ -->\n<title>Comienza una incierta campa\u00f1a de patata de siembra - ASAJA Palencia<\/title>\n<meta name=\"description\" content=\"La patata es un cultivo de primavera que precisa de agua de riego para conseguir la buena conformaci\u00f3n de los tub\u00e9rculos. Aunque generalmente al hablar de\" \/>\n<meta name=\"robots\" content=\"index, follow, max-snippet:-1, max-image-preview:large, max-video-preview:-1\" \/>\n<link rel=\"canonical\" href=\"https:\/\/www.asajacyl.com\/palencia\/asaja-palencia-informa\/comienza-una-incierta-campana-de-patata-de-siembra\" \/>\n<meta property=\"og:locale\" content=\"es_ES\" \/>\n<meta property=\"og:type\" content=\"article\" \/>\n<meta property=\"og:title\" content=\"Comienza una incierta campa\u00f1a de patata de siembra - ASAJA Palencia\" \/>\n<meta property=\"og:description\" content=\"La patata es un cultivo de primavera que precisa de agua de riego para conseguir la buena conformaci\u00f3n de los tub\u00e9rculos. Aunque generalmente al hablar de\" \/>\n<meta property=\"og:url\" content=\"https:\/\/www.asajacyl.com\/palencia\/asaja-palencia-informa\/comienza-una-incierta-campana-de-patata-de-siembra\" \/>\n<meta property=\"og:site_name\" content=\"ASAJA Palencia\" \/>\n<meta property=\"article:published_time\" content=\"2022-05-22T12:57:00+00:00\" \/>\n<meta property=\"og:image\" content=\"https:\/\/www.asajacyl.com\/palencia\/wp-content\/uploads\/sites\/3\/2022\/05\/PATATA-SIEMBRA.jpg\" \/>\n\t<meta property=\"og:image:width\" content=\"1600\" \/>\n\t<meta property=\"og:image:height\" content=\"1200\" \/>\n\t<meta property=\"og:image:type\" content=\"image\/jpeg\" \/>\n<meta name=\"author\" content=\"Administrador\" \/>\n<meta name=\"twitter:card\" content=\"summary_large_image\" \/>\n<meta name=\"twitter:label1\" content=\"Escrito por\" \/>\n\t<meta name=\"twitter:data1\" content=\"Administrador\" \/>\n\t<meta name=\"twitter:label2\" content=\"Tiempo de lectura\" \/>\n\t<meta name=\"twitter:data2\" content=\"2 minutos\" \/>\n<script type=\"application\/ld+json\" class=\"yoast-schema-graph\">{\"@context\":\"https:\/\/schema.org\",\"@graph\":[{\"@type\":\"WebPage\",\"@id\":\"https:\/\/www.asajacyl.com\/palencia\/asaja-palencia-informa\/comienza-una-incierta-campana-de-patata-de-siembra\",\"url\":\"https:\/\/www.asajacyl.com\/palencia\/asaja-palencia-informa\/comienza-una-incierta-campana-de-patata-de-siembra\",\"name\":\"Comienza una incierta campa\u00f1a de patata de siembra - ASAJA Palencia\",\"isPartOf\":{\"@id\":\"https:\/\/www.asajacyl.com\/palencia\/#website\"},\"primaryImageOfPage\":{\"@id\":\"https:\/\/www.asajacyl.com\/palencia\/asaja-palencia-informa\/comienza-una-incierta-campana-de-patata-de-siembra#primaryimage\"},\"image\":{\"@id\":\"https:\/\/www.asajacyl.com\/palencia\/asaja-palencia-informa\/comienza-una-incierta-campana-de-patata-de-siembra#primaryimage\"},\"thumbnailUrl\":\"https:\/\/www.asajacyl.com\/palencia\/wp-content\/uploads\/sites\/3\/2022\/05\/PATATA-SIEMBRA.jpg\",\"datePublished\":\"2022-05-22T12:57:00+00:00\",\"author\":{\"@id\":\"https:\/\/www.asajacyl.com\/palencia\/#\/schema\/person\/3ab17aeb03527485c317557fae64aab1\"},\"description\":\"La patata es un cultivo de primavera que precisa de agua de riego para conseguir la buena conformaci\u00f3n de los tub\u00e9rculos. Aunque generalmente al hablar de\",\"breadcrumb\":{\"@id\":\"https:\/\/www.asajacyl.com\/palencia\/asaja-palencia-informa\/comienza-una-incierta-campana-de-patata-de-siembra#breadcrumb\"},\"inLanguage\":\"es\",\"potentialAction\":[{\"@type\":\"ReadAction\",\"target\":[\"https:\/\/www.asajacyl.com\/palencia\/asaja-palencia-informa\/comienza-una-incierta-campana-de-patata-de-siembra\"]}]},{\"@type\":\"ImageObject\",\"inLanguage\":\"es\",\"@id\":\"https:\/\/www.asajacyl.com\/palencia\/asaja-palencia-informa\/comienza-una-incierta-campana-de-patata-de-siembra#primaryimage\",\"url\":\"https:\/\/www.asajacyl.com\/palencia\/wp-content\/uploads\/sites\/3\/2022\/05\/PATATA-SIEMBRA.jpg\",\"contentUrl\":\"https:\/\/www.asajacyl.com\/palencia\/wp-content\/uploads\/sites\/3\/2022\/05\/PATATA-SIEMBRA.jpg\",\"width\":1600,\"height\":1200},{\"@type\":\"BreadcrumbList\",\"@id\":\"https:\/\/www.asajacyl.com\/palencia\/asaja-palencia-informa\/comienza-una-incierta-campana-de-patata-de-siembra#breadcrumb\",\"itemListElement\":[{\"@type\":\"ListItem\",\"position\":1,\"name\":\"Portada\",\"item\":\"https:\/\/www.asajacyl.com\/palencia\/\"},{\"@type\":\"ListItem\",\"position\":2,\"name\":\"Comienza una incierta campa\u00f1a de patata de siembra\"}]},{\"@type\":\"WebSite\",\"@id\":\"https:\/\/www.asajacyl.com\/palencia\/#website\",\"url\":\"https:\/\/www.asajacyl.com\/palencia\/\",\"name\":\"ASAJA Palencia\",\"description\":\"Otro sitio m\u00e1s de Provincias ASAJA Castilla y Le\u00f3n\",\"potentialAction\":[{\"@type\":\"SearchAction\",\"target\":{\"@type\":\"EntryPoint\",\"urlTemplate\":\"https:\/\/www.asajacyl.com\/palencia\/?s={search_term_string}\"},\"query-input\":{\"@type\":\"PropertyValueSpecification\",\"valueRequired\":true,\"valueName\":\"search_term_string\"}}],\"inLanguage\":\"es\"},{\"@type\":\"Person\",\"@id\":\"https:\/\/www.asajacyl.com\/palencia\/#\/schema\/person\/3ab17aeb03527485c317557fae64aab1\",\"name\":\"Administrador\",\"image\":{\"@type\":\"ImageObject\",\"inLanguage\":\"es\",\"@id\":\"https:\/\/www.asajacyl.com\/palencia\/#\/schema\/person\/image\/\",\"url\":\"https:\/\/secure.gravatar.com\/avatar\/517384810d242ca9e38c180f3c9fb973?s=96&d=mm&r=g\",\"contentUrl\":\"https:\/\/secure.gravatar.com\/avatar\/517384810d242ca9e38c180f3c9fb973?s=96&d=mm&r=g\",\"caption\":\"Administrador\"},\"url\":\"https:\/\/www.asajacyl.com\/palencia\/author\/carlosrm\"}]}<\/script>\n<!-- \/ Yoast SEO plugin. -->","yoast_head_json":{"title":"Comienza una incierta campa\u00f1a de patata de siembra - ASAJA Palencia","description":"La patata es un cultivo de primavera que precisa de agua de riego para conseguir la buena conformaci\u00f3n de los tub\u00e9rculos. Aunque generalmente al hablar de","robots":{"index":"index","follow":"follow","max-snippet":"max-snippet:-1","max-image-preview":"max-image-preview:large","max-video-preview":"max-video-preview:-1"},"canonical":"https:\/\/www.asajacyl.com\/palencia\/asaja-palencia-informa\/comienza-una-incierta-campana-de-patata-de-siembra","og_locale":"es_ES","og_type":"article","og_title":"Comienza una incierta campa\u00f1a de patata de siembra - ASAJA Palencia","og_description":"La patata es un cultivo de primavera que precisa de agua de riego para conseguir la buena conformaci\u00f3n de los tub\u00e9rculos. Aunque generalmente al hablar de","og_url":"https:\/\/www.asajacyl.com\/palencia\/asaja-palencia-informa\/comienza-una-incierta-campana-de-patata-de-siembra","og_site_name":"ASAJA Palencia","article_published_time":"2022-05-22T12:57:00+00:00","og_image":[{"width":1600,"height":1200,"url":"https:\/\/www.asajacyl.com\/palencia\/wp-content\/uploads\/sites\/3\/2022\/05\/PATATA-SIEMBRA.jpg","type":"image\/jpeg"}],"author":"Administrador","twitter_card":"summary_large_image","twitter_misc":{"Escrito por":"Administrador","Tiempo de lectura":"2 minutos"},"schema":{"@context":"https:\/\/schema.org","@graph":[{"@type":"WebPage","@id":"https:\/\/www.asajacyl.com\/palencia\/asaja-palencia-informa\/comienza-una-incierta-campana-de-patata-de-siembra","url":"https:\/\/www.asajacyl.com\/palencia\/asaja-palencia-informa\/comienza-una-incierta-campana-de-patata-de-siembra","name":"Comienza una incierta campa\u00f1a de patata de siembra - ASAJA Palencia","isPartOf":{"@id":"https:\/\/www.asajacyl.com\/palencia\/#website"},"primaryImageOfPage":{"@id":"https:\/\/www.asajacyl.com\/palencia\/asaja-palencia-informa\/comienza-una-incierta-campana-de-patata-de-siembra#primaryimage"},"image":{"@id":"https:\/\/www.asajacyl.com\/palencia\/asaja-palencia-informa\/comienza-una-incierta-campana-de-patata-de-siembra#primaryimage"},"thumbnailUrl":"https:\/\/www.asajacyl.com\/palencia\/wp-content\/uploads\/sites\/3\/2022\/05\/PATATA-SIEMBRA.jpg","datePublished":"2022-05-22T12:57:00+00:00","author":{"@id":"https:\/\/www.asajacyl.com\/palencia\/#\/schema\/person\/3ab17aeb03527485c317557fae64aab1"},"description":"La patata es un cultivo de primavera que precisa de agua de riego para conseguir la buena conformaci\u00f3n de los tub\u00e9rculos. Aunque generalmente al hablar de","breadcrumb":{"@id":"https:\/\/www.asajacyl.com\/palencia\/asaja-palencia-informa\/comienza-una-incierta-campana-de-patata-de-siembra#breadcrumb"},"inLanguage":"es","potentialAction":[{"@type":"ReadAction","target":["https:\/\/www.asajacyl.com\/palencia\/asaja-palencia-informa\/comienza-una-incierta-campana-de-patata-de-siembra"]}]},{"@type":"ImageObject","inLanguage":"es","@id":"https:\/\/www.asajacyl.com\/palencia\/asaja-palencia-informa\/comienza-una-incierta-campana-de-patata-de-siembra#primaryimage","url":"https:\/\/www.asajacyl.com\/palencia\/wp-content\/uploads\/sites\/3\/2022\/05\/PATATA-SIEMBRA.jpg","contentUrl":"https:\/\/www.asajacyl.com\/palencia\/wp-content\/uploads\/sites\/3\/2022\/05\/PATATA-SIEMBRA.jpg","width":1600,"height":1200},{"@type":"BreadcrumbList","@id":"https:\/\/www.asajacyl.com\/palencia\/asaja-palencia-informa\/comienza-una-incierta-campana-de-patata-de-siembra#breadcrumb","itemListElement":[{"@type":"ListItem","position":1,"name":"Portada","item":"https:\/\/www.asajacyl.com\/palencia\/"},{"@type":"ListItem","position":2,"name":"Comienza una incierta campa\u00f1a de patata de siembra"}]},{"@type":"WebSite","@id":"https:\/\/www.asajacyl.com\/palencia\/#website","url":"https:\/\/www.asajacyl.com\/palencia\/","name":"ASAJA Palencia","description":"Otro sitio m\u00e1s de Provincias ASAJA Castilla y Le\u00f3n","potentialAction":[{"@type":"SearchAction","target":{"@type":"EntryPoint","urlTemplate":"https:\/\/www.asajacyl.com\/palencia\/?s={search_term_string}"},"query-input":{"@type":"PropertyValueSpecification","valueRequired":true,"valueName":"search_term_string"}}],"inLanguage":"es"},{"@type":"Person","@id":"https:\/\/www.asajacyl.com\/palencia\/#\/schema\/person\/3ab17aeb03527485c317557fae64aab1","name":"Administrador","image":{"@type":"ImageObject","inLanguage":"es","@id":"https:\/\/www.asajacyl.com\/palencia\/#\/schema\/person\/image\/","url":"https:\/\/secure.gravatar.com\/avatar\/517384810d242ca9e38c180f3c9fb973?s=96&d=mm&r=g","contentUrl":"https:\/\/secure.gravatar.com\/avatar\/517384810d242ca9e38c180f3c9fb973?s=96&d=mm&r=g","caption":"Administrador"},"url":"https:\/\/www.asajacyl.com\/palencia\/author\/carlosrm"}]}},"_links":{"self":[{"href":"https:\/\/www.asajacyl.com\/palencia\/wp-json\/wp\/v2\/posts\/10505"}],"collection":[{"href":"https:\/\/www.asajacyl.com\/palencia\/wp-json\/wp\/v2\/posts"}],"about":[{"href":"https:\/\/www.asajacyl.com\/palencia\/wp-json\/wp\/v2\/types\/post"}],"author":[{"embeddable":true,"href":"https:\/\/www.asajacyl.com\/palencia\/wp-json\/wp\/v2\/users\/9"}],"replies":[{"embeddable":true,"href":"https:\/\/www.asajacyl.com\/palencia\/wp-json\/wp\/v2\/comments?post=10505"}],"version-history":[{"count":5,"href":"https:\/\/www.asajacyl.com\/palencia\/wp-json\/wp\/v2\/posts\/10505\/revisions"}],"predecessor-version":[{"id":10516,"href":"https:\/\/www.asajacyl.com\/palencia\/wp-json\/wp\/v2\/posts\/10505\/revisions\/10516"}],"wp:featuredmedia":[{"embeddable":true,"href":"https:\/\/www.asajacyl.com\/palencia\/wp-json\/wp\/v2\/media\/10515"}],"wp:attachment":[{"href":"https:\/\/www.asajacyl.com\/palencia\/wp-json\/wp\/v2\/media?parent=10505"}],"wp:term":[{"taxonomy":"category","embeddable":true,"href":"https:\/\/www.asajacyl.com\/palencia\/wp-json\/wp\/v2\/categories?post=10505"},{"taxonomy":"post_tag","embeddable":true,"href":"https:\/\/www.asajacyl.com\/palencia\/wp-json\/wp\/v2\/tags?post=10505"}],"curies":[{"name":"wp","href":"https:\/\/api.w.org\/{rel}","templated":true}]}}