{"id":10519,"date":"2022-05-24T09:42:00","date_gmt":"2022-05-24T07:42:00","guid":{"rendered":"https:\/\/www.asajacyl.com\/palencia\/?p=10519"},"modified":"2022-05-24T09:45:10","modified_gmt":"2022-05-24T07:45:10","slug":"garzon-vuelve-a-la-carga-contra-el-sector-ganadero","status":"publish","type":"post","link":"https:\/\/www.asajacyl.com\/palencia\/asaja-palencia-informa\/garzon-vuelve-a-la-carga-contra-el-sector-ganadero","title":{"rendered":"Garz\u00f3n vuelve a la carga contra el sector ganadero"},"content":{"rendered":"\n<p>De nuevo, el ministro Garz\u00f3n vuelve a la carga contra los sectores ganaderos, en esta ocasi\u00f3n con la presentaci\u00f3n de un informe sobre la Sostenibilidad del Consumo en Espa\u00f1a, donde se culpa al sector de la alimentaci\u00f3n de ser el responsable del 52,1% de la huella de consumo. <\/p>\n\n\n\n<p>Recomienda el informe reducir el consumo de carne y leche por una dieta basada en productos vegetales, como medida para mejorar la capa de ozono y combatir el cambio clim\u00e1tico.<\/p>\n\n\n\n<p>Un nuevo ataque a los ganaderos espa\u00f1oles, que est\u00e1n sufriendo una prolongada crisis de precios en la venta de sus productos, agravada por los elevad\u00edsimos costes de producci\u00f3n que est\u00e1n soportando. Y todo ello, ante el silencio del ministro de Agricultura, que una vez m\u00e1s es ninguneado por Garz\u00f3n.<\/p>\n","protected":false},"excerpt":{"rendered":"<p>De nuevo, el ministro Garz\u00f3n vuelve a la carga contra los sectores ganaderos, en esta ocasi\u00f3n con la presentaci\u00f3n de un informe sobre la Sostenibilidad del Consumo en Espa\u00f1a, donde se culpa al sector de la alimentaci\u00f3n de ser el responsable del 52,1% de la huella de consumo. Recomienda el informe reducir el consumo de [&hellip;]<\/p>\n","protected":false},"author":9,"featured_media":9642,"comment_status":"open","ping_status":"open","sticky":false,"template":"","format":"standard","meta":{"footnotes":""},"categories":[9,29,28],"tags":[],"yoast_head":"<!-- This site is optimized with the Yoast SEO plugin v24.5 - https:\/\/yoast.com\/wordpress\/plugins\/seo\/ -->\n<title>Garz\u00f3n vuelve a la carga contra el sector ganadero - ASAJA Palencia<\/title>\n<meta name=\"description\" content=\"De nuevo, el ministro Garz\u00f3n vuelve a la carga contra los sectores ganaderos, en esta ocasi\u00f3n con la presentaci\u00f3n de un informe sobre la Sostenibilidad\" \/>\n<meta name=\"robots\" content=\"index, follow, max-snippet:-1, max-image-preview:large, max-video-preview:-1\" \/>\n<link rel=\"canonical\" href=\"https:\/\/www.asajacyl.com\/palencia\/asaja-palencia-informa\/garzon-vuelve-a-la-carga-contra-el-sector-ganadero\" \/>\n<meta property=\"og:locale\" content=\"es_ES\" \/>\n<meta property=\"og:type\" content=\"article\" \/>\n<meta property=\"og:title\" content=\"Garz\u00f3n vuelve a la carga contra el sector ganadero - ASAJA Palencia\" \/>\n<meta property=\"og:description\" content=\"De nuevo, el ministro Garz\u00f3n vuelve a la carga contra los sectores ganaderos, en esta ocasi\u00f3n con la presentaci\u00f3n de un informe sobre la Sostenibilidad\" \/>\n<meta property=\"og:url\" content=\"https:\/\/www.asajacyl.com\/palencia\/asaja-palencia-informa\/garzon-vuelve-a-la-carga-contra-el-sector-ganadero\" \/>\n<meta property=\"og:site_name\" content=\"ASAJA Palencia\" \/>\n<meta property=\"article:published_time\" content=\"2022-05-24T07:42:00+00:00\" \/>\n<meta property=\"article:modified_time\" content=\"2022-05-24T07:45:10+00:00\" \/>\n<meta property=\"og:image\" content=\"https:\/\/www.asajacyl.com\/palencia\/wp-content\/uploads\/sites\/3\/2022\/01\/GARZON.jpg\" \/>\n\t<meta property=\"og:image:width\" content=\"1600\" \/>\n\t<meta property=\"og:image:height\" content=\"900\" \/>\n\t<meta property=\"og:image:type\" content=\"image\/jpeg\" \/>\n<meta name=\"author\" content=\"Administrador\" \/>\n<meta name=\"twitter:card\" content=\"summary_large_image\" \/>\n<meta name=\"twitter:label1\" content=\"Escrito por\" \/>\n\t<meta name=\"twitter:data1\" content=\"Administrador\" \/>\n\t<meta name=\"twitter:label2\" content=\"Tiempo de lectura\" \/>\n\t<meta name=\"twitter:data2\" content=\"1 minuto\" \/>\n<script type=\"application\/ld+json\" class=\"yoast-schema-graph\">{\"@context\":\"https:\/\/schema.org\",\"@graph\":[{\"@type\":\"WebPage\",\"@id\":\"https:\/\/www.asajacyl.com\/palencia\/asaja-palencia-informa\/garzon-vuelve-a-la-carga-contra-el-sector-ganadero\",\"url\":\"https:\/\/www.asajacyl.com\/palencia\/asaja-palencia-informa\/garzon-vuelve-a-la-carga-contra-el-sector-ganadero\",\"name\":\"Garz\u00f3n vuelve a la carga contra el sector ganadero - ASAJA Palencia\",\"isPartOf\":{\"@id\":\"https:\/\/www.asajacyl.com\/palencia\/#website\"},\"primaryImageOfPage\":{\"@id\":\"https:\/\/www.asajacyl.com\/palencia\/asaja-palencia-informa\/garzon-vuelve-a-la-carga-contra-el-sector-ganadero#primaryimage\"},\"image\":{\"@id\":\"https:\/\/www.asajacyl.com\/palencia\/asaja-palencia-informa\/garzon-vuelve-a-la-carga-contra-el-sector-ganadero#primaryimage\"},\"thumbnailUrl\":\"https:\/\/www.asajacyl.com\/palencia\/wp-content\/uploads\/sites\/3\/2022\/01\/GARZON.jpg\",\"datePublished\":\"2022-05-24T07:42:00+00:00\",\"dateModified\":\"2022-05-24T07:45:10+00:00\",\"author\":{\"@id\":\"https:\/\/www.asajacyl.com\/palencia\/#\/schema\/person\/3ab17aeb03527485c317557fae64aab1\"},\"description\":\"De nuevo, el ministro Garz\u00f3n vuelve a la carga contra los sectores ganaderos, en esta ocasi\u00f3n con la presentaci\u00f3n de un informe sobre la Sostenibilidad\",\"breadcrumb\":{\"@id\":\"https:\/\/www.asajacyl.com\/palencia\/asaja-palencia-informa\/garzon-vuelve-a-la-carga-contra-el-sector-ganadero#breadcrumb\"},\"inLanguage\":\"es\",\"potentialAction\":[{\"@type\":\"ReadAction\",\"target\":[\"https:\/\/www.asajacyl.com\/palencia\/asaja-palencia-informa\/garzon-vuelve-a-la-carga-contra-el-sector-ganadero\"]}]},{\"@type\":\"ImageObject\",\"inLanguage\":\"es\",\"@id\":\"https:\/\/www.asajacyl.com\/palencia\/asaja-palencia-informa\/garzon-vuelve-a-la-carga-contra-el-sector-ganadero#primaryimage\",\"url\":\"https:\/\/www.asajacyl.com\/palencia\/wp-content\/uploads\/sites\/3\/2022\/01\/GARZON.jpg\",\"contentUrl\":\"https:\/\/www.asajacyl.com\/palencia\/wp-content\/uploads\/sites\/3\/2022\/01\/GARZON.jpg\",\"width\":1600,\"height\":900},{\"@type\":\"BreadcrumbList\",\"@id\":\"https:\/\/www.asajacyl.com\/palencia\/asaja-palencia-informa\/garzon-vuelve-a-la-carga-contra-el-sector-ganadero#breadcrumb\",\"itemListElement\":[{\"@type\":\"ListItem\",\"position\":1,\"name\":\"Portada\",\"item\":\"https:\/\/www.asajacyl.com\/palencia\/\"},{\"@type\":\"ListItem\",\"position\":2,\"name\":\"Garz\u00f3n vuelve a la carga contra el sector ganadero\"}]},{\"@type\":\"WebSite\",\"@id\":\"https:\/\/www.asajacyl.com\/palencia\/#website\",\"url\":\"https:\/\/www.asajacyl.com\/palencia\/\",\"name\":\"ASAJA Palencia\",\"description\":\"Otro sitio m\u00e1s de Provincias ASAJA Castilla y Le\u00f3n\",\"potentialAction\":[{\"@type\":\"SearchAction\",\"target\":{\"@type\":\"EntryPoint\",\"urlTemplate\":\"https:\/\/www.asajacyl.com\/palencia\/?s={search_term_string}\"},\"query-input\":{\"@type\":\"PropertyValueSpecification\",\"valueRequired\":true,\"valueName\":\"search_term_string\"}}],\"inLanguage\":\"es\"},{\"@type\":\"Person\",\"@id\":\"https:\/\/www.asajacyl.com\/palencia\/#\/schema\/person\/3ab17aeb03527485c317557fae64aab1\",\"name\":\"Administrador\",\"image\":{\"@type\":\"ImageObject\",\"inLanguage\":\"es\",\"@id\":\"https:\/\/www.asajacyl.com\/palencia\/#\/schema\/person\/image\/\",\"url\":\"https:\/\/secure.gravatar.com\/avatar\/517384810d242ca9e38c180f3c9fb973?s=96&d=mm&r=g\",\"contentUrl\":\"https:\/\/secure.gravatar.com\/avatar\/517384810d242ca9e38c180f3c9fb973?s=96&d=mm&r=g\",\"caption\":\"Administrador\"},\"url\":\"https:\/\/www.asajacyl.com\/palencia\/author\/carlosrm\"}]}<\/script>\n<!-- \/ Yoast SEO plugin. -->","yoast_head_json":{"title":"Garz\u00f3n vuelve a la carga contra el sector ganadero - ASAJA Palencia","description":"De nuevo, el ministro Garz\u00f3n vuelve a la carga contra los sectores ganaderos, en esta ocasi\u00f3n con la presentaci\u00f3n de un informe sobre la Sostenibilidad","robots":{"index":"index","follow":"follow","max-snippet":"max-snippet:-1","max-image-preview":"max-image-preview:large","max-video-preview":"max-video-preview:-1"},"canonical":"https:\/\/www.asajacyl.com\/palencia\/asaja-palencia-informa\/garzon-vuelve-a-la-carga-contra-el-sector-ganadero","og_locale":"es_ES","og_type":"article","og_title":"Garz\u00f3n vuelve a la carga contra el sector ganadero - ASAJA Palencia","og_description":"De nuevo, el ministro Garz\u00f3n vuelve a la carga contra los sectores ganaderos, en esta ocasi\u00f3n con la presentaci\u00f3n de un informe sobre la Sostenibilidad","og_url":"https:\/\/www.asajacyl.com\/palencia\/asaja-palencia-informa\/garzon-vuelve-a-la-carga-contra-el-sector-ganadero","og_site_name":"ASAJA Palencia","article_published_time":"2022-05-24T07:42:00+00:00","article_modified_time":"2022-05-24T07:45:10+00:00","og_image":[{"width":1600,"height":900,"url":"https:\/\/www.asajacyl.com\/palencia\/wp-content\/uploads\/sites\/3\/2022\/01\/GARZON.jpg","type":"image\/jpeg"}],"author":"Administrador","twitter_card":"summary_large_image","twitter_misc":{"Escrito por":"Administrador","Tiempo de lectura":"1 minuto"},"schema":{"@context":"https:\/\/schema.org","@graph":[{"@type":"WebPage","@id":"https:\/\/www.asajacyl.com\/palencia\/asaja-palencia-informa\/garzon-vuelve-a-la-carga-contra-el-sector-ganadero","url":"https:\/\/www.asajacyl.com\/palencia\/asaja-palencia-informa\/garzon-vuelve-a-la-carga-contra-el-sector-ganadero","name":"Garz\u00f3n vuelve a la carga contra el sector ganadero - ASAJA Palencia","isPartOf":{"@id":"https:\/\/www.asajacyl.com\/palencia\/#website"},"primaryImageOfPage":{"@id":"https:\/\/www.asajacyl.com\/palencia\/asaja-palencia-informa\/garzon-vuelve-a-la-carga-contra-el-sector-ganadero#primaryimage"},"image":{"@id":"https:\/\/www.asajacyl.com\/palencia\/asaja-palencia-informa\/garzon-vuelve-a-la-carga-contra-el-sector-ganadero#primaryimage"},"thumbnailUrl":"https:\/\/www.asajacyl.com\/palencia\/wp-content\/uploads\/sites\/3\/2022\/01\/GARZON.jpg","datePublished":"2022-05-24T07:42:00+00:00","dateModified":"2022-05-24T07:45:10+00:00","author":{"@id":"https:\/\/www.asajacyl.com\/palencia\/#\/schema\/person\/3ab17aeb03527485c317557fae64aab1"},"description":"De nuevo, el ministro Garz\u00f3n vuelve a la carga contra los sectores ganaderos, en esta ocasi\u00f3n con la presentaci\u00f3n de un informe sobre la Sostenibilidad","breadcrumb":{"@id":"https:\/\/www.asajacyl.com\/palencia\/asaja-palencia-informa\/garzon-vuelve-a-la-carga-contra-el-sector-ganadero#breadcrumb"},"inLanguage":"es","potentialAction":[{"@type":"ReadAction","target":["https:\/\/www.asajacyl.com\/palencia\/asaja-palencia-informa\/garzon-vuelve-a-la-carga-contra-el-sector-ganadero"]}]},{"@type":"ImageObject","inLanguage":"es","@id":"https:\/\/www.asajacyl.com\/palencia\/asaja-palencia-informa\/garzon-vuelve-a-la-carga-contra-el-sector-ganadero#primaryimage","url":"https:\/\/www.asajacyl.com\/palencia\/wp-content\/uploads\/sites\/3\/2022\/01\/GARZON.jpg","contentUrl":"https:\/\/www.asajacyl.com\/palencia\/wp-content\/uploads\/sites\/3\/2022\/01\/GARZON.jpg","width":1600,"height":900},{"@type":"BreadcrumbList","@id":"https:\/\/www.asajacyl.com\/palencia\/asaja-palencia-informa\/garzon-vuelve-a-la-carga-contra-el-sector-ganadero#breadcrumb","itemListElement":[{"@type":"ListItem","position":1,"name":"Portada","item":"https:\/\/www.asajacyl.com\/palencia\/"},{"@type":"ListItem","position":2,"name":"Garz\u00f3n vuelve a la carga contra el sector ganadero"}]},{"@type":"WebSite","@id":"https:\/\/www.asajacyl.com\/palencia\/#website","url":"https:\/\/www.asajacyl.com\/palencia\/","name":"ASAJA Palencia","description":"Otro sitio m\u00e1s de Provincias ASAJA Castilla y Le\u00f3n","potentialAction":[{"@type":"SearchAction","target":{"@type":"EntryPoint","urlTemplate":"https:\/\/www.asajacyl.com\/palencia\/?s={search_term_string}"},"query-input":{"@type":"PropertyValueSpecification","valueRequired":true,"valueName":"search_term_string"}}],"inLanguage":"es"},{"@type":"Person","@id":"https:\/\/www.asajacyl.com\/palencia\/#\/schema\/person\/3ab17aeb03527485c317557fae64aab1","name":"Administrador","image":{"@type":"ImageObject","inLanguage":"es","@id":"https:\/\/www.asajacyl.com\/palencia\/#\/schema\/person\/image\/","url":"https:\/\/secure.gravatar.com\/avatar\/517384810d242ca9e38c180f3c9fb973?s=96&d=mm&r=g","contentUrl":"https:\/\/secure.gravatar.com\/avatar\/517384810d242ca9e38c180f3c9fb973?s=96&d=mm&r=g","caption":"Administrador"},"url":"https:\/\/www.asajacyl.com\/palencia\/author\/carlosrm"}]}},"_links":{"self":[{"href":"https:\/\/www.asajacyl.com\/palencia\/wp-json\/wp\/v2\/posts\/10519"}],"collection":[{"href":"https:\/\/www.asajacyl.com\/palencia\/wp-json\/wp\/v2\/posts"}],"about":[{"href":"https:\/\/www.asajacyl.com\/palencia\/wp-json\/wp\/v2\/types\/post"}],"author":[{"embeddable":true,"href":"https:\/\/www.asajacyl.com\/palencia\/wp-json\/wp\/v2\/users\/9"}],"replies":[{"embeddable":true,"href":"https:\/\/www.asajacyl.com\/palencia\/wp-json\/wp\/v2\/comments?post=10519"}],"version-history":[{"count":1,"href":"https:\/\/www.asajacyl.com\/palencia\/wp-json\/wp\/v2\/posts\/10519\/revisions"}],"predecessor-version":[{"id":10520,"href":"https:\/\/www.asajacyl.com\/palencia\/wp-json\/wp\/v2\/posts\/10519\/revisions\/10520"}],"wp:featuredmedia":[{"embeddable":true,"href":"https:\/\/www.asajacyl.com\/palencia\/wp-json\/wp\/v2\/media\/9642"}],"wp:attachment":[{"href":"https:\/\/www.asajacyl.com\/palencia\/wp-json\/wp\/v2\/media?parent=10519"}],"wp:term":[{"taxonomy":"category","embeddable":true,"href":"https:\/\/www.asajacyl.com\/palencia\/wp-json\/wp\/v2\/categories?post=10519"},{"taxonomy":"post_tag","embeddable":true,"href":"https:\/\/www.asajacyl.com\/palencia\/wp-json\/wp\/v2\/tags?post=10519"}],"curies":[{"name":"wp","href":"https:\/\/api.w.org\/{rel}","templated":true}]}}