{"id":10521,"date":"2022-05-25T09:45:00","date_gmt":"2022-05-25T07:45:00","guid":{"rendered":"https:\/\/www.asajacyl.com\/palencia\/?p=10521"},"modified":"2022-05-24T09:53:02","modified_gmt":"2022-05-24T07:53:02","slug":"jorge-martinez-ocupara-la-cartera-agraria-del-partido-popular-a-nivel-nacional","status":"publish","type":"post","link":"https:\/\/www.asajacyl.com\/palencia\/asaja-palencia-informa\/jorge-martinez-ocupara-la-cartera-agraria-del-partido-popular-a-nivel-nacional","title":{"rendered":"Jorge Mart\u00ednez ocupar\u00e1 la cartera agraria del Partido Popular a nivel nacional"},"content":{"rendered":"\n<p>Jorge Mart\u00ednez Antol\u00edn, senador palentino y alcalde de Torquemada, ha sido nombrado, por el Comit\u00e9 Ejecutivo Nacional del Partido Popular, secretario de Agricultura, Ganader\u00eda, Pesca y Desarrollo Rural.<\/p>\n\n\n\n<p>Se integra de este modo en la Vicesecretar\u00eda de Econom\u00eda dirigida por el consejero de Hacienda de Andaluc\u00eda, Juan Bravo.<\/p>\n\n\n\n<p>Desde este puesto Jorge Mart\u00ednez tratar\u00e1 de poner en valor el papel de los agricultores y ganaderos con la sociedad, no s\u00f3lo como productores de alimentos, sanos, de calidad y a precios asequibles, sino tambi\u00e9n como los principales protagonistas del mundo rural y motores de su econom\u00eda.<\/p>\n","protected":false},"excerpt":{"rendered":"<p>Jorge Mart\u00ednez Antol\u00edn, senador palentino y alcalde de Torquemada, ha sido nombrado, por el Comit\u00e9 Ejecutivo Nacional del Partido Popular, secretario de Agricultura, Ganader\u00eda, Pesca y Desarrollo Rural. Se integra de este modo en la Vicesecretar\u00eda de Econom\u00eda dirigida por el consejero de Hacienda de Andaluc\u00eda, Juan Bravo. Desde este puesto Jorge Mart\u00ednez tratar\u00e1 de [&hellip;]<\/p>\n","protected":false},"author":9,"featured_media":10522,"comment_status":"open","ping_status":"open","sticky":false,"template":"","format":"standard","meta":{"footnotes":""},"categories":[9,29,28],"tags":[],"yoast_head":"<!-- This site is optimized with the Yoast SEO plugin v24.5 - https:\/\/yoast.com\/wordpress\/plugins\/seo\/ -->\n<title>Jorge Mart\u00ednez ocupar\u00e1 la cartera agraria del Partido Popular a nivel nacional - ASAJA Palencia<\/title>\n<meta name=\"description\" content=\"Jorge Mart\u00ednez Antol\u00edn, senador palentino y alcalde de Torquemada, ha sido nombrado, por el Comit\u00e9 Ejecutivo Nacional del Partido Popular, secretario de\" \/>\n<meta name=\"robots\" content=\"index, follow, max-snippet:-1, max-image-preview:large, max-video-preview:-1\" \/>\n<link rel=\"canonical\" href=\"https:\/\/www.asajacyl.com\/palencia\/asaja-palencia-informa\/jorge-martinez-ocupara-la-cartera-agraria-del-partido-popular-a-nivel-nacional\" \/>\n<meta property=\"og:locale\" content=\"es_ES\" \/>\n<meta property=\"og:type\" content=\"article\" \/>\n<meta property=\"og:title\" content=\"Jorge Mart\u00ednez ocupar\u00e1 la cartera agraria del Partido Popular a nivel nacional - ASAJA Palencia\" \/>\n<meta property=\"og:description\" content=\"Jorge Mart\u00ednez Antol\u00edn, senador palentino y alcalde de Torquemada, ha sido nombrado, por el Comit\u00e9 Ejecutivo Nacional del Partido Popular, secretario de\" \/>\n<meta property=\"og:url\" content=\"https:\/\/www.asajacyl.com\/palencia\/asaja-palencia-informa\/jorge-martinez-ocupara-la-cartera-agraria-del-partido-popular-a-nivel-nacional\" \/>\n<meta property=\"og:site_name\" content=\"ASAJA Palencia\" \/>\n<meta property=\"article:published_time\" content=\"2022-05-25T07:45:00+00:00\" \/>\n<meta property=\"og:image\" content=\"https:\/\/www.asajacyl.com\/palencia\/wp-content\/uploads\/sites\/3\/2022\/05\/JORGE-MARTINEZ.jpg\" \/>\n\t<meta property=\"og:image:width\" content=\"1280\" \/>\n\t<meta property=\"og:image:height\" content=\"945\" \/>\n\t<meta property=\"og:image:type\" content=\"image\/jpeg\" \/>\n<meta name=\"author\" content=\"Administrador\" \/>\n<meta name=\"twitter:card\" content=\"summary_large_image\" \/>\n<meta name=\"twitter:label1\" content=\"Escrito por\" \/>\n\t<meta name=\"twitter:data1\" content=\"Administrador\" \/>\n\t<meta name=\"twitter:label2\" content=\"Tiempo de lectura\" \/>\n\t<meta name=\"twitter:data2\" content=\"1 minuto\" \/>\n<script type=\"application\/ld+json\" class=\"yoast-schema-graph\">{\"@context\":\"https:\/\/schema.org\",\"@graph\":[{\"@type\":\"WebPage\",\"@id\":\"https:\/\/www.asajacyl.com\/palencia\/asaja-palencia-informa\/jorge-martinez-ocupara-la-cartera-agraria-del-partido-popular-a-nivel-nacional\",\"url\":\"https:\/\/www.asajacyl.com\/palencia\/asaja-palencia-informa\/jorge-martinez-ocupara-la-cartera-agraria-del-partido-popular-a-nivel-nacional\",\"name\":\"Jorge Mart\u00ednez ocupar\u00e1 la cartera agraria del Partido Popular a nivel nacional - ASAJA Palencia\",\"isPartOf\":{\"@id\":\"https:\/\/www.asajacyl.com\/palencia\/#website\"},\"primaryImageOfPage\":{\"@id\":\"https:\/\/www.asajacyl.com\/palencia\/asaja-palencia-informa\/jorge-martinez-ocupara-la-cartera-agraria-del-partido-popular-a-nivel-nacional#primaryimage\"},\"image\":{\"@id\":\"https:\/\/www.asajacyl.com\/palencia\/asaja-palencia-informa\/jorge-martinez-ocupara-la-cartera-agraria-del-partido-popular-a-nivel-nacional#primaryimage\"},\"thumbnailUrl\":\"https:\/\/www.asajacyl.com\/palencia\/wp-content\/uploads\/sites\/3\/2022\/05\/JORGE-MARTINEZ.jpg\",\"datePublished\":\"2022-05-25T07:45:00+00:00\",\"author\":{\"@id\":\"https:\/\/www.asajacyl.com\/palencia\/#\/schema\/person\/3ab17aeb03527485c317557fae64aab1\"},\"description\":\"Jorge Mart\u00ednez Antol\u00edn, senador palentino y alcalde de Torquemada, ha sido nombrado, por el Comit\u00e9 Ejecutivo Nacional del Partido Popular, secretario de\",\"breadcrumb\":{\"@id\":\"https:\/\/www.asajacyl.com\/palencia\/asaja-palencia-informa\/jorge-martinez-ocupara-la-cartera-agraria-del-partido-popular-a-nivel-nacional#breadcrumb\"},\"inLanguage\":\"es\",\"potentialAction\":[{\"@type\":\"ReadAction\",\"target\":[\"https:\/\/www.asajacyl.com\/palencia\/asaja-palencia-informa\/jorge-martinez-ocupara-la-cartera-agraria-del-partido-popular-a-nivel-nacional\"]}]},{\"@type\":\"ImageObject\",\"inLanguage\":\"es\",\"@id\":\"https:\/\/www.asajacyl.com\/palencia\/asaja-palencia-informa\/jorge-martinez-ocupara-la-cartera-agraria-del-partido-popular-a-nivel-nacional#primaryimage\",\"url\":\"https:\/\/www.asajacyl.com\/palencia\/wp-content\/uploads\/sites\/3\/2022\/05\/JORGE-MARTINEZ.jpg\",\"contentUrl\":\"https:\/\/www.asajacyl.com\/palencia\/wp-content\/uploads\/sites\/3\/2022\/05\/JORGE-MARTINEZ.jpg\",\"width\":1280,\"height\":945},{\"@type\":\"BreadcrumbList\",\"@id\":\"https:\/\/www.asajacyl.com\/palencia\/asaja-palencia-informa\/jorge-martinez-ocupara-la-cartera-agraria-del-partido-popular-a-nivel-nacional#breadcrumb\",\"itemListElement\":[{\"@type\":\"ListItem\",\"position\":1,\"name\":\"Portada\",\"item\":\"https:\/\/www.asajacyl.com\/palencia\/\"},{\"@type\":\"ListItem\",\"position\":2,\"name\":\"Jorge Mart\u00ednez ocupar\u00e1 la cartera agraria del Partido Popular a nivel nacional\"}]},{\"@type\":\"WebSite\",\"@id\":\"https:\/\/www.asajacyl.com\/palencia\/#website\",\"url\":\"https:\/\/www.asajacyl.com\/palencia\/\",\"name\":\"ASAJA Palencia\",\"description\":\"Otro sitio m\u00e1s de Provincias ASAJA Castilla y Le\u00f3n\",\"potentialAction\":[{\"@type\":\"SearchAction\",\"target\":{\"@type\":\"EntryPoint\",\"urlTemplate\":\"https:\/\/www.asajacyl.com\/palencia\/?s={search_term_string}\"},\"query-input\":{\"@type\":\"PropertyValueSpecification\",\"valueRequired\":true,\"valueName\":\"search_term_string\"}}],\"inLanguage\":\"es\"},{\"@type\":\"Person\",\"@id\":\"https:\/\/www.asajacyl.com\/palencia\/#\/schema\/person\/3ab17aeb03527485c317557fae64aab1\",\"name\":\"Administrador\",\"image\":{\"@type\":\"ImageObject\",\"inLanguage\":\"es\",\"@id\":\"https:\/\/www.asajacyl.com\/palencia\/#\/schema\/person\/image\/\",\"url\":\"https:\/\/secure.gravatar.com\/avatar\/517384810d242ca9e38c180f3c9fb973?s=96&d=mm&r=g\",\"contentUrl\":\"https:\/\/secure.gravatar.com\/avatar\/517384810d242ca9e38c180f3c9fb973?s=96&d=mm&r=g\",\"caption\":\"Administrador\"},\"url\":\"https:\/\/www.asajacyl.com\/palencia\/author\/carlosrm\"}]}<\/script>\n<!-- \/ Yoast SEO plugin. -->","yoast_head_json":{"title":"Jorge Mart\u00ednez ocupar\u00e1 la cartera agraria del Partido Popular a nivel nacional - ASAJA Palencia","description":"Jorge Mart\u00ednez Antol\u00edn, senador palentino y alcalde de Torquemada, ha sido nombrado, por el Comit\u00e9 Ejecutivo Nacional del Partido Popular, secretario de","robots":{"index":"index","follow":"follow","max-snippet":"max-snippet:-1","max-image-preview":"max-image-preview:large","max-video-preview":"max-video-preview:-1"},"canonical":"https:\/\/www.asajacyl.com\/palencia\/asaja-palencia-informa\/jorge-martinez-ocupara-la-cartera-agraria-del-partido-popular-a-nivel-nacional","og_locale":"es_ES","og_type":"article","og_title":"Jorge Mart\u00ednez ocupar\u00e1 la cartera agraria del Partido Popular a nivel nacional - ASAJA Palencia","og_description":"Jorge Mart\u00ednez Antol\u00edn, senador palentino y alcalde de Torquemada, ha sido nombrado, por el Comit\u00e9 Ejecutivo Nacional del Partido Popular, secretario de","og_url":"https:\/\/www.asajacyl.com\/palencia\/asaja-palencia-informa\/jorge-martinez-ocupara-la-cartera-agraria-del-partido-popular-a-nivel-nacional","og_site_name":"ASAJA Palencia","article_published_time":"2022-05-25T07:45:00+00:00","og_image":[{"width":1280,"height":945,"url":"https:\/\/www.asajacyl.com\/palencia\/wp-content\/uploads\/sites\/3\/2022\/05\/JORGE-MARTINEZ.jpg","type":"image\/jpeg"}],"author":"Administrador","twitter_card":"summary_large_image","twitter_misc":{"Escrito por":"Administrador","Tiempo de lectura":"1 minuto"},"schema":{"@context":"https:\/\/schema.org","@graph":[{"@type":"WebPage","@id":"https:\/\/www.asajacyl.com\/palencia\/asaja-palencia-informa\/jorge-martinez-ocupara-la-cartera-agraria-del-partido-popular-a-nivel-nacional","url":"https:\/\/www.asajacyl.com\/palencia\/asaja-palencia-informa\/jorge-martinez-ocupara-la-cartera-agraria-del-partido-popular-a-nivel-nacional","name":"Jorge Mart\u00ednez ocupar\u00e1 la cartera agraria del Partido Popular a nivel nacional - ASAJA Palencia","isPartOf":{"@id":"https:\/\/www.asajacyl.com\/palencia\/#website"},"primaryImageOfPage":{"@id":"https:\/\/www.asajacyl.com\/palencia\/asaja-palencia-informa\/jorge-martinez-ocupara-la-cartera-agraria-del-partido-popular-a-nivel-nacional#primaryimage"},"image":{"@id":"https:\/\/www.asajacyl.com\/palencia\/asaja-palencia-informa\/jorge-martinez-ocupara-la-cartera-agraria-del-partido-popular-a-nivel-nacional#primaryimage"},"thumbnailUrl":"https:\/\/www.asajacyl.com\/palencia\/wp-content\/uploads\/sites\/3\/2022\/05\/JORGE-MARTINEZ.jpg","datePublished":"2022-05-25T07:45:00+00:00","author":{"@id":"https:\/\/www.asajacyl.com\/palencia\/#\/schema\/person\/3ab17aeb03527485c317557fae64aab1"},"description":"Jorge Mart\u00ednez Antol\u00edn, senador palentino y alcalde de Torquemada, ha sido nombrado, por el Comit\u00e9 Ejecutivo Nacional del Partido Popular, secretario de","breadcrumb":{"@id":"https:\/\/www.asajacyl.com\/palencia\/asaja-palencia-informa\/jorge-martinez-ocupara-la-cartera-agraria-del-partido-popular-a-nivel-nacional#breadcrumb"},"inLanguage":"es","potentialAction":[{"@type":"ReadAction","target":["https:\/\/www.asajacyl.com\/palencia\/asaja-palencia-informa\/jorge-martinez-ocupara-la-cartera-agraria-del-partido-popular-a-nivel-nacional"]}]},{"@type":"ImageObject","inLanguage":"es","@id":"https:\/\/www.asajacyl.com\/palencia\/asaja-palencia-informa\/jorge-martinez-ocupara-la-cartera-agraria-del-partido-popular-a-nivel-nacional#primaryimage","url":"https:\/\/www.asajacyl.com\/palencia\/wp-content\/uploads\/sites\/3\/2022\/05\/JORGE-MARTINEZ.jpg","contentUrl":"https:\/\/www.asajacyl.com\/palencia\/wp-content\/uploads\/sites\/3\/2022\/05\/JORGE-MARTINEZ.jpg","width":1280,"height":945},{"@type":"BreadcrumbList","@id":"https:\/\/www.asajacyl.com\/palencia\/asaja-palencia-informa\/jorge-martinez-ocupara-la-cartera-agraria-del-partido-popular-a-nivel-nacional#breadcrumb","itemListElement":[{"@type":"ListItem","position":1,"name":"Portada","item":"https:\/\/www.asajacyl.com\/palencia\/"},{"@type":"ListItem","position":2,"name":"Jorge Mart\u00ednez ocupar\u00e1 la cartera agraria del Partido Popular a nivel nacional"}]},{"@type":"WebSite","@id":"https:\/\/www.asajacyl.com\/palencia\/#website","url":"https:\/\/www.asajacyl.com\/palencia\/","name":"ASAJA Palencia","description":"Otro sitio m\u00e1s de Provincias ASAJA Castilla y Le\u00f3n","potentialAction":[{"@type":"SearchAction","target":{"@type":"EntryPoint","urlTemplate":"https:\/\/www.asajacyl.com\/palencia\/?s={search_term_string}"},"query-input":{"@type":"PropertyValueSpecification","valueRequired":true,"valueName":"search_term_string"}}],"inLanguage":"es"},{"@type":"Person","@id":"https:\/\/www.asajacyl.com\/palencia\/#\/schema\/person\/3ab17aeb03527485c317557fae64aab1","name":"Administrador","image":{"@type":"ImageObject","inLanguage":"es","@id":"https:\/\/www.asajacyl.com\/palencia\/#\/schema\/person\/image\/","url":"https:\/\/secure.gravatar.com\/avatar\/517384810d242ca9e38c180f3c9fb973?s=96&d=mm&r=g","contentUrl":"https:\/\/secure.gravatar.com\/avatar\/517384810d242ca9e38c180f3c9fb973?s=96&d=mm&r=g","caption":"Administrador"},"url":"https:\/\/www.asajacyl.com\/palencia\/author\/carlosrm"}]}},"_links":{"self":[{"href":"https:\/\/www.asajacyl.com\/palencia\/wp-json\/wp\/v2\/posts\/10521"}],"collection":[{"href":"https:\/\/www.asajacyl.com\/palencia\/wp-json\/wp\/v2\/posts"}],"about":[{"href":"https:\/\/www.asajacyl.com\/palencia\/wp-json\/wp\/v2\/types\/post"}],"author":[{"embeddable":true,"href":"https:\/\/www.asajacyl.com\/palencia\/wp-json\/wp\/v2\/users\/9"}],"replies":[{"embeddable":true,"href":"https:\/\/www.asajacyl.com\/palencia\/wp-json\/wp\/v2\/comments?post=10521"}],"version-history":[{"count":1,"href":"https:\/\/www.asajacyl.com\/palencia\/wp-json\/wp\/v2\/posts\/10521\/revisions"}],"predecessor-version":[{"id":10523,"href":"https:\/\/www.asajacyl.com\/palencia\/wp-json\/wp\/v2\/posts\/10521\/revisions\/10523"}],"wp:featuredmedia":[{"embeddable":true,"href":"https:\/\/www.asajacyl.com\/palencia\/wp-json\/wp\/v2\/media\/10522"}],"wp:attachment":[{"href":"https:\/\/www.asajacyl.com\/palencia\/wp-json\/wp\/v2\/media?parent=10521"}],"wp:term":[{"taxonomy":"category","embeddable":true,"href":"https:\/\/www.asajacyl.com\/palencia\/wp-json\/wp\/v2\/categories?post=10521"},{"taxonomy":"post_tag","embeddable":true,"href":"https:\/\/www.asajacyl.com\/palencia\/wp-json\/wp\/v2\/tags?post=10521"}],"curies":[{"name":"wp","href":"https:\/\/api.w.org\/{rel}","templated":true}]}}