{"id":10544,"date":"2022-05-26T13:46:37","date_gmt":"2022-05-26T11:46:37","guid":{"rendered":"https:\/\/www.asajacyl.com\/palencia\/?p=10544"},"modified":"2022-05-27T08:15:20","modified_gmt":"2022-05-27T06:15:20","slug":"asaja-reinicia-la-actividad-formativa","status":"publish","type":"post","link":"https:\/\/www.asajacyl.com\/palencia\/asaja-palencia-informa\/asaja-reinicia-la-actividad-formativa","title":{"rendered":"ASAJA reinicia la actividad formativa"},"content":{"rendered":"\n<p>Esta semana se ha iniciado el primer curso de la nueva campa\u00f1a formativa que realizar\u00e1 ASAJA-Palencia y que pr\u00e1cticamente se desarrollar\u00e1 en su totalidad en las instalaciones del Ayuntamiento de Magaz de Pisuerga.<\/p>\n\n\n\n<p>El curso ya iniciado en Magaz de Pisuerga es un curso de manipulador de plaguicidas (nivel b\u00e1sico) y se realizar\u00e1 una bater\u00eda de cursos similares en otras fechas, actualmente est\u00e1n programados:<\/p>\n\n\n\n<ul><li>24 de mayo al 1 de junio en horario de tarde (Magaz de Pisuerga)<\/li><li>2 al 10 de junio en horario de tarde (Magaz de Pisuerga)<\/li><li>13 al 21 de junio en horario de tarde (Salda\u00f1a)<\/li><\/ul>\n\n\n\n<p>Hay otra serie de cursos para los que no hay fecha fijada a\u00fan, que ser\u00edan los siguientes:<\/p>\n\n\n\n<ul><li>Puente de nivel de capacitaci\u00f3n al nivel cualificado<\/li><li>Bienestar animal en el transporte de animales vivos<\/li><li>Uso y manejo de GPS<\/li><li>Elaboraci\u00f3n artesanal de vino y cata<\/li><li>T\u00e9cnicas de poda<\/li><li>Horticultura<\/li><\/ul>\n\n\n\n<p>Todos estos cursos est\u00e1n financiados por la Uni\u00f3n Europea mediante el FEADER.<\/p>\n\n\n\n<figure class=\"wp-block-image size-full is-resized\"><img loading=\"lazy\" decoding=\"async\" src=\"https:\/\/www.asajacyl.com\/palencia\/wp-content\/uploads\/sites\/3\/2022\/05\/image.png\" alt=\"\" class=\"wp-image-10420\" width=\"798\" height=\"151\" \/><\/figure>\n","protected":false},"excerpt":{"rendered":"<p>Esta semana se ha iniciado el primer curso de la nueva campa\u00f1a formativa que realizar\u00e1 ASAJA-Palencia y que pr\u00e1cticamente se desarrollar\u00e1 en su totalidad en las instalaciones del Ayuntamiento de Magaz de Pisuerga. El curso ya iniciado en Magaz de Pisuerga es un curso de manipulador de plaguicidas (nivel b\u00e1sico) y se realizar\u00e1 una bater\u00eda [&hellip;]<\/p>\n","protected":false},"author":9,"featured_media":10547,"comment_status":"open","ping_status":"open","sticky":false,"template":"","format":"standard","meta":{"footnotes":""},"categories":[9,39],"tags":[],"yoast_head":"<!-- This site is optimized with the Yoast SEO plugin v24.5 - https:\/\/yoast.com\/wordpress\/plugins\/seo\/ -->\n<title>ASAJA reinicia la actividad formativa - ASAJA Palencia<\/title>\n<meta name=\"description\" content=\"Esta semana se ha iniciado el primer curso de la nueva campa\u00f1a formativa que realizar\u00e1 ASAJA-Palencia y que pr\u00e1cticamente se desarrollar\u00e1 en su totalidad\" \/>\n<meta name=\"robots\" content=\"index, follow, max-snippet:-1, max-image-preview:large, max-video-preview:-1\" \/>\n<link rel=\"canonical\" href=\"https:\/\/www.asajacyl.com\/palencia\/asaja-palencia-informa\/asaja-reinicia-la-actividad-formativa\" \/>\n<meta property=\"og:locale\" content=\"es_ES\" \/>\n<meta property=\"og:type\" content=\"article\" \/>\n<meta property=\"og:title\" content=\"ASAJA reinicia la actividad formativa - ASAJA Palencia\" \/>\n<meta property=\"og:description\" content=\"Esta semana se ha iniciado el primer curso de la nueva campa\u00f1a formativa que realizar\u00e1 ASAJA-Palencia y que pr\u00e1cticamente se desarrollar\u00e1 en su totalidad\" \/>\n<meta property=\"og:url\" content=\"https:\/\/www.asajacyl.com\/palencia\/asaja-palencia-informa\/asaja-reinicia-la-actividad-formativa\" \/>\n<meta property=\"og:site_name\" content=\"ASAJA Palencia\" \/>\n<meta property=\"article:published_time\" content=\"2022-05-26T11:46:37+00:00\" \/>\n<meta property=\"article:modified_time\" content=\"2022-05-27T06:15:20+00:00\" \/>\n<meta property=\"og:image\" content=\"https:\/\/www.asajacyl.com\/palencia\/wp-content\/uploads\/sites\/3\/2022\/05\/CURSO-MAGAZ.jpg\" \/>\n\t<meta property=\"og:image:width\" content=\"2048\" \/>\n\t<meta property=\"og:image:height\" content=\"1536\" \/>\n\t<meta property=\"og:image:type\" content=\"image\/jpeg\" \/>\n<meta name=\"author\" content=\"Administrador\" \/>\n<meta name=\"twitter:card\" content=\"summary_large_image\" \/>\n<meta name=\"twitter:label1\" content=\"Escrito por\" \/>\n\t<meta name=\"twitter:data1\" content=\"Administrador\" \/>\n\t<meta name=\"twitter:label2\" content=\"Tiempo de lectura\" \/>\n\t<meta name=\"twitter:data2\" content=\"1 minuto\" \/>\n<script type=\"application\/ld+json\" class=\"yoast-schema-graph\">{\"@context\":\"https:\/\/schema.org\",\"@graph\":[{\"@type\":\"WebPage\",\"@id\":\"https:\/\/www.asajacyl.com\/palencia\/asaja-palencia-informa\/asaja-reinicia-la-actividad-formativa\",\"url\":\"https:\/\/www.asajacyl.com\/palencia\/asaja-palencia-informa\/asaja-reinicia-la-actividad-formativa\",\"name\":\"ASAJA reinicia la actividad formativa - ASAJA Palencia\",\"isPartOf\":{\"@id\":\"https:\/\/www.asajacyl.com\/palencia\/#website\"},\"primaryImageOfPage\":{\"@id\":\"https:\/\/www.asajacyl.com\/palencia\/asaja-palencia-informa\/asaja-reinicia-la-actividad-formativa#primaryimage\"},\"image\":{\"@id\":\"https:\/\/www.asajacyl.com\/palencia\/asaja-palencia-informa\/asaja-reinicia-la-actividad-formativa#primaryimage\"},\"thumbnailUrl\":\"https:\/\/www.asajacyl.com\/palencia\/wp-content\/uploads\/sites\/3\/2022\/05\/CURSO-MAGAZ.jpg\",\"datePublished\":\"2022-05-26T11:46:37+00:00\",\"dateModified\":\"2022-05-27T06:15:20+00:00\",\"author\":{\"@id\":\"https:\/\/www.asajacyl.com\/palencia\/#\/schema\/person\/3ab17aeb03527485c317557fae64aab1\"},\"description\":\"Esta semana se ha iniciado el primer curso de la nueva campa\u00f1a formativa que realizar\u00e1 ASAJA-Palencia y que pr\u00e1cticamente se desarrollar\u00e1 en su totalidad\",\"breadcrumb\":{\"@id\":\"https:\/\/www.asajacyl.com\/palencia\/asaja-palencia-informa\/asaja-reinicia-la-actividad-formativa#breadcrumb\"},\"inLanguage\":\"es\",\"potentialAction\":[{\"@type\":\"ReadAction\",\"target\":[\"https:\/\/www.asajacyl.com\/palencia\/asaja-palencia-informa\/asaja-reinicia-la-actividad-formativa\"]}]},{\"@type\":\"ImageObject\",\"inLanguage\":\"es\",\"@id\":\"https:\/\/www.asajacyl.com\/palencia\/asaja-palencia-informa\/asaja-reinicia-la-actividad-formativa#primaryimage\",\"url\":\"https:\/\/www.asajacyl.com\/palencia\/wp-content\/uploads\/sites\/3\/2022\/05\/CURSO-MAGAZ.jpg\",\"contentUrl\":\"https:\/\/www.asajacyl.com\/palencia\/wp-content\/uploads\/sites\/3\/2022\/05\/CURSO-MAGAZ.jpg\",\"width\":2048,\"height\":1536},{\"@type\":\"BreadcrumbList\",\"@id\":\"https:\/\/www.asajacyl.com\/palencia\/asaja-palencia-informa\/asaja-reinicia-la-actividad-formativa#breadcrumb\",\"itemListElement\":[{\"@type\":\"ListItem\",\"position\":1,\"name\":\"Portada\",\"item\":\"https:\/\/www.asajacyl.com\/palencia\/\"},{\"@type\":\"ListItem\",\"position\":2,\"name\":\"ASAJA reinicia la actividad formativa\"}]},{\"@type\":\"WebSite\",\"@id\":\"https:\/\/www.asajacyl.com\/palencia\/#website\",\"url\":\"https:\/\/www.asajacyl.com\/palencia\/\",\"name\":\"ASAJA Palencia\",\"description\":\"Otro sitio m\u00e1s de Provincias ASAJA Castilla y Le\u00f3n\",\"potentialAction\":[{\"@type\":\"SearchAction\",\"target\":{\"@type\":\"EntryPoint\",\"urlTemplate\":\"https:\/\/www.asajacyl.com\/palencia\/?s={search_term_string}\"},\"query-input\":{\"@type\":\"PropertyValueSpecification\",\"valueRequired\":true,\"valueName\":\"search_term_string\"}}],\"inLanguage\":\"es\"},{\"@type\":\"Person\",\"@id\":\"https:\/\/www.asajacyl.com\/palencia\/#\/schema\/person\/3ab17aeb03527485c317557fae64aab1\",\"name\":\"Administrador\",\"image\":{\"@type\":\"ImageObject\",\"inLanguage\":\"es\",\"@id\":\"https:\/\/www.asajacyl.com\/palencia\/#\/schema\/person\/image\/\",\"url\":\"https:\/\/secure.gravatar.com\/avatar\/517384810d242ca9e38c180f3c9fb973?s=96&d=mm&r=g\",\"contentUrl\":\"https:\/\/secure.gravatar.com\/avatar\/517384810d242ca9e38c180f3c9fb973?s=96&d=mm&r=g\",\"caption\":\"Administrador\"},\"url\":\"https:\/\/www.asajacyl.com\/palencia\/author\/carlosrm\"}]}<\/script>\n<!-- \/ Yoast SEO plugin. -->","yoast_head_json":{"title":"ASAJA reinicia la actividad formativa - ASAJA Palencia","description":"Esta semana se ha iniciado el primer curso de la nueva campa\u00f1a formativa que realizar\u00e1 ASAJA-Palencia y que pr\u00e1cticamente se desarrollar\u00e1 en su totalidad","robots":{"index":"index","follow":"follow","max-snippet":"max-snippet:-1","max-image-preview":"max-image-preview:large","max-video-preview":"max-video-preview:-1"},"canonical":"https:\/\/www.asajacyl.com\/palencia\/asaja-palencia-informa\/asaja-reinicia-la-actividad-formativa","og_locale":"es_ES","og_type":"article","og_title":"ASAJA reinicia la actividad formativa - ASAJA Palencia","og_description":"Esta semana se ha iniciado el primer curso de la nueva campa\u00f1a formativa que realizar\u00e1 ASAJA-Palencia y que pr\u00e1cticamente se desarrollar\u00e1 en su totalidad","og_url":"https:\/\/www.asajacyl.com\/palencia\/asaja-palencia-informa\/asaja-reinicia-la-actividad-formativa","og_site_name":"ASAJA Palencia","article_published_time":"2022-05-26T11:46:37+00:00","article_modified_time":"2022-05-27T06:15:20+00:00","og_image":[{"width":2048,"height":1536,"url":"https:\/\/www.asajacyl.com\/palencia\/wp-content\/uploads\/sites\/3\/2022\/05\/CURSO-MAGAZ.jpg","type":"image\/jpeg"}],"author":"Administrador","twitter_card":"summary_large_image","twitter_misc":{"Escrito por":"Administrador","Tiempo de lectura":"1 minuto"},"schema":{"@context":"https:\/\/schema.org","@graph":[{"@type":"WebPage","@id":"https:\/\/www.asajacyl.com\/palencia\/asaja-palencia-informa\/asaja-reinicia-la-actividad-formativa","url":"https:\/\/www.asajacyl.com\/palencia\/asaja-palencia-informa\/asaja-reinicia-la-actividad-formativa","name":"ASAJA reinicia la actividad formativa - ASAJA Palencia","isPartOf":{"@id":"https:\/\/www.asajacyl.com\/palencia\/#website"},"primaryImageOfPage":{"@id":"https:\/\/www.asajacyl.com\/palencia\/asaja-palencia-informa\/asaja-reinicia-la-actividad-formativa#primaryimage"},"image":{"@id":"https:\/\/www.asajacyl.com\/palencia\/asaja-palencia-informa\/asaja-reinicia-la-actividad-formativa#primaryimage"},"thumbnailUrl":"https:\/\/www.asajacyl.com\/palencia\/wp-content\/uploads\/sites\/3\/2022\/05\/CURSO-MAGAZ.jpg","datePublished":"2022-05-26T11:46:37+00:00","dateModified":"2022-05-27T06:15:20+00:00","author":{"@id":"https:\/\/www.asajacyl.com\/palencia\/#\/schema\/person\/3ab17aeb03527485c317557fae64aab1"},"description":"Esta semana se ha iniciado el primer curso de la nueva campa\u00f1a formativa que realizar\u00e1 ASAJA-Palencia y que pr\u00e1cticamente se desarrollar\u00e1 en su totalidad","breadcrumb":{"@id":"https:\/\/www.asajacyl.com\/palencia\/asaja-palencia-informa\/asaja-reinicia-la-actividad-formativa#breadcrumb"},"inLanguage":"es","potentialAction":[{"@type":"ReadAction","target":["https:\/\/www.asajacyl.com\/palencia\/asaja-palencia-informa\/asaja-reinicia-la-actividad-formativa"]}]},{"@type":"ImageObject","inLanguage":"es","@id":"https:\/\/www.asajacyl.com\/palencia\/asaja-palencia-informa\/asaja-reinicia-la-actividad-formativa#primaryimage","url":"https:\/\/www.asajacyl.com\/palencia\/wp-content\/uploads\/sites\/3\/2022\/05\/CURSO-MAGAZ.jpg","contentUrl":"https:\/\/www.asajacyl.com\/palencia\/wp-content\/uploads\/sites\/3\/2022\/05\/CURSO-MAGAZ.jpg","width":2048,"height":1536},{"@type":"BreadcrumbList","@id":"https:\/\/www.asajacyl.com\/palencia\/asaja-palencia-informa\/asaja-reinicia-la-actividad-formativa#breadcrumb","itemListElement":[{"@type":"ListItem","position":1,"name":"Portada","item":"https:\/\/www.asajacyl.com\/palencia\/"},{"@type":"ListItem","position":2,"name":"ASAJA reinicia la actividad formativa"}]},{"@type":"WebSite","@id":"https:\/\/www.asajacyl.com\/palencia\/#website","url":"https:\/\/www.asajacyl.com\/palencia\/","name":"ASAJA Palencia","description":"Otro sitio m\u00e1s de Provincias ASAJA Castilla y Le\u00f3n","potentialAction":[{"@type":"SearchAction","target":{"@type":"EntryPoint","urlTemplate":"https:\/\/www.asajacyl.com\/palencia\/?s={search_term_string}"},"query-input":{"@type":"PropertyValueSpecification","valueRequired":true,"valueName":"search_term_string"}}],"inLanguage":"es"},{"@type":"Person","@id":"https:\/\/www.asajacyl.com\/palencia\/#\/schema\/person\/3ab17aeb03527485c317557fae64aab1","name":"Administrador","image":{"@type":"ImageObject","inLanguage":"es","@id":"https:\/\/www.asajacyl.com\/palencia\/#\/schema\/person\/image\/","url":"https:\/\/secure.gravatar.com\/avatar\/517384810d242ca9e38c180f3c9fb973?s=96&d=mm&r=g","contentUrl":"https:\/\/secure.gravatar.com\/avatar\/517384810d242ca9e38c180f3c9fb973?s=96&d=mm&r=g","caption":"Administrador"},"url":"https:\/\/www.asajacyl.com\/palencia\/author\/carlosrm"}]}},"_links":{"self":[{"href":"https:\/\/www.asajacyl.com\/palencia\/wp-json\/wp\/v2\/posts\/10544"}],"collection":[{"href":"https:\/\/www.asajacyl.com\/palencia\/wp-json\/wp\/v2\/posts"}],"about":[{"href":"https:\/\/www.asajacyl.com\/palencia\/wp-json\/wp\/v2\/types\/post"}],"author":[{"embeddable":true,"href":"https:\/\/www.asajacyl.com\/palencia\/wp-json\/wp\/v2\/users\/9"}],"replies":[{"embeddable":true,"href":"https:\/\/www.asajacyl.com\/palencia\/wp-json\/wp\/v2\/comments?post=10544"}],"version-history":[{"count":2,"href":"https:\/\/www.asajacyl.com\/palencia\/wp-json\/wp\/v2\/posts\/10544\/revisions"}],"predecessor-version":[{"id":10552,"href":"https:\/\/www.asajacyl.com\/palencia\/wp-json\/wp\/v2\/posts\/10544\/revisions\/10552"}],"wp:featuredmedia":[{"embeddable":true,"href":"https:\/\/www.asajacyl.com\/palencia\/wp-json\/wp\/v2\/media\/10547"}],"wp:attachment":[{"href":"https:\/\/www.asajacyl.com\/palencia\/wp-json\/wp\/v2\/media?parent=10544"}],"wp:term":[{"taxonomy":"category","embeddable":true,"href":"https:\/\/www.asajacyl.com\/palencia\/wp-json\/wp\/v2\/categories?post=10544"},{"taxonomy":"post_tag","embeddable":true,"href":"https:\/\/www.asajacyl.com\/palencia\/wp-json\/wp\/v2\/tags?post=10544"}],"curies":[{"name":"wp","href":"https:\/\/api.w.org\/{rel}","templated":true}]}}