{"id":10549,"date":"2022-05-29T07:34:00","date_gmt":"2022-05-29T05:34:00","guid":{"rendered":"https:\/\/www.asajacyl.com\/palencia\/?p=10549"},"modified":"2022-05-27T08:01:33","modified_gmt":"2022-05-27T06:01:33","slug":"asaja-advirtio-de-la-negatividad-de-la-nueva-reforma-laboral","status":"publish","type":"post","link":"https:\/\/www.asajacyl.com\/palencia\/asaja-palencia-informa\/asaja-advirtio-de-la-negatividad-de-la-nueva-reforma-laboral","title":{"rendered":"ASAJA advirti\u00f3 de la negatividad de la nueva reforma laboral"},"content":{"rendered":"\n<p>ASAJA advirti\u00f3 que la entrada en vigor de la nueva Reforma Laboral ser\u00eda muy negativa para la generaci\u00f3n de empleo en el sector agrario.<\/p>\n\n\n\n<p>La falta de reconocimiento de la eventualidad en la reforma laboral, junto al nuevo incremento del salario m\u00ednimo y la propuesta de subida de las cotizaciones a los aut\u00f3nomos son medidas que pueden dar la puntilla al sector, provocando una mayor tasa de desempleo en el campo, y la reducci\u00f3n de la actividad agraria.<\/p>\n\n\n\n<p>Los primeros datos despu\u00e9s de la reforma son los del mes de abril, que se\u00f1alan que las contrataciones en el sector agrario han bajado un 30% respecto a la media de este mes en los \u00faltimos a\u00f1os. Estos datos certifican lo apuntado en su d\u00eda por ASAJA, que ya avis\u00f3 de que la reforma laboral ser\u00eda muy perjudicial para la generaci\u00f3n de empleo.<\/p>\n","protected":false},"excerpt":{"rendered":"<p>ASAJA advirti\u00f3 que la entrada en vigor de la nueva Reforma Laboral ser\u00eda muy negativa para la generaci\u00f3n de empleo en el sector agrario. La falta de reconocimiento de la eventualidad en la reforma laboral, junto al nuevo incremento del salario m\u00ednimo y la propuesta de subida de las cotizaciones a los aut\u00f3nomos son medidas [&hellip;]<\/p>\n","protected":false},"author":9,"featured_media":10550,"comment_status":"open","ping_status":"open","sticky":false,"template":"","format":"standard","meta":{"footnotes":""},"categories":[9,29,28],"tags":[],"yoast_head":"<!-- This site is optimized with the Yoast SEO plugin v24.5 - https:\/\/yoast.com\/wordpress\/plugins\/seo\/ -->\n<title>ASAJA advirti\u00f3 de la negatividad de la nueva reforma laboral - ASAJA Palencia<\/title>\n<meta name=\"description\" content=\"ASAJA advirti\u00f3 que la entrada en vigor de la nueva Reforma Laboral ser\u00eda muy negativa para la generaci\u00f3n de empleo en el sector agrario. La falta de\" \/>\n<meta name=\"robots\" content=\"index, follow, max-snippet:-1, max-image-preview:large, max-video-preview:-1\" \/>\n<link rel=\"canonical\" href=\"https:\/\/www.asajacyl.com\/palencia\/asaja-palencia-informa\/asaja-advirtio-de-la-negatividad-de-la-nueva-reforma-laboral\" \/>\n<meta property=\"og:locale\" content=\"es_ES\" \/>\n<meta property=\"og:type\" content=\"article\" \/>\n<meta property=\"og:title\" content=\"ASAJA advirti\u00f3 de la negatividad de la nueva reforma laboral - ASAJA Palencia\" \/>\n<meta property=\"og:description\" content=\"ASAJA advirti\u00f3 que la entrada en vigor de la nueva Reforma Laboral ser\u00eda muy negativa para la generaci\u00f3n de empleo en el sector agrario. La falta de\" \/>\n<meta property=\"og:url\" content=\"https:\/\/www.asajacyl.com\/palencia\/asaja-palencia-informa\/asaja-advirtio-de-la-negatividad-de-la-nueva-reforma-laboral\" \/>\n<meta property=\"og:site_name\" content=\"ASAJA Palencia\" \/>\n<meta property=\"article:published_time\" content=\"2022-05-29T05:34:00+00:00\" \/>\n<meta property=\"og:image\" content=\"https:\/\/www.asajacyl.com\/palencia\/wp-content\/uploads\/sites\/3\/2022\/05\/ESPARCETA.jpg\" \/>\n\t<meta property=\"og:image:width\" content=\"2500\" \/>\n\t<meta property=\"og:image:height\" content=\"1875\" \/>\n\t<meta property=\"og:image:type\" content=\"image\/jpeg\" \/>\n<meta name=\"author\" content=\"Administrador\" \/>\n<meta name=\"twitter:card\" content=\"summary_large_image\" \/>\n<meta name=\"twitter:label1\" content=\"Escrito por\" \/>\n\t<meta name=\"twitter:data1\" content=\"Administrador\" \/>\n\t<meta name=\"twitter:label2\" content=\"Tiempo de lectura\" \/>\n\t<meta name=\"twitter:data2\" content=\"1 minuto\" \/>\n<script type=\"application\/ld+json\" class=\"yoast-schema-graph\">{\"@context\":\"https:\/\/schema.org\",\"@graph\":[{\"@type\":\"WebPage\",\"@id\":\"https:\/\/www.asajacyl.com\/palencia\/asaja-palencia-informa\/asaja-advirtio-de-la-negatividad-de-la-nueva-reforma-laboral\",\"url\":\"https:\/\/www.asajacyl.com\/palencia\/asaja-palencia-informa\/asaja-advirtio-de-la-negatividad-de-la-nueva-reforma-laboral\",\"name\":\"ASAJA advirti\u00f3 de la negatividad de la nueva reforma laboral - ASAJA Palencia\",\"isPartOf\":{\"@id\":\"https:\/\/www.asajacyl.com\/palencia\/#website\"},\"primaryImageOfPage\":{\"@id\":\"https:\/\/www.asajacyl.com\/palencia\/asaja-palencia-informa\/asaja-advirtio-de-la-negatividad-de-la-nueva-reforma-laboral#primaryimage\"},\"image\":{\"@id\":\"https:\/\/www.asajacyl.com\/palencia\/asaja-palencia-informa\/asaja-advirtio-de-la-negatividad-de-la-nueva-reforma-laboral#primaryimage\"},\"thumbnailUrl\":\"https:\/\/www.asajacyl.com\/palencia\/wp-content\/uploads\/sites\/3\/2022\/05\/ESPARCETA.jpg\",\"datePublished\":\"2022-05-29T05:34:00+00:00\",\"author\":{\"@id\":\"https:\/\/www.asajacyl.com\/palencia\/#\/schema\/person\/3ab17aeb03527485c317557fae64aab1\"},\"description\":\"ASAJA advirti\u00f3 que la entrada en vigor de la nueva Reforma Laboral ser\u00eda muy negativa para la generaci\u00f3n de empleo en el sector agrario. La falta de\",\"breadcrumb\":{\"@id\":\"https:\/\/www.asajacyl.com\/palencia\/asaja-palencia-informa\/asaja-advirtio-de-la-negatividad-de-la-nueva-reforma-laboral#breadcrumb\"},\"inLanguage\":\"es\",\"potentialAction\":[{\"@type\":\"ReadAction\",\"target\":[\"https:\/\/www.asajacyl.com\/palencia\/asaja-palencia-informa\/asaja-advirtio-de-la-negatividad-de-la-nueva-reforma-laboral\"]}]},{\"@type\":\"ImageObject\",\"inLanguage\":\"es\",\"@id\":\"https:\/\/www.asajacyl.com\/palencia\/asaja-palencia-informa\/asaja-advirtio-de-la-negatividad-de-la-nueva-reforma-laboral#primaryimage\",\"url\":\"https:\/\/www.asajacyl.com\/palencia\/wp-content\/uploads\/sites\/3\/2022\/05\/ESPARCETA.jpg\",\"contentUrl\":\"https:\/\/www.asajacyl.com\/palencia\/wp-content\/uploads\/sites\/3\/2022\/05\/ESPARCETA.jpg\",\"width\":2500,\"height\":1875},{\"@type\":\"BreadcrumbList\",\"@id\":\"https:\/\/www.asajacyl.com\/palencia\/asaja-palencia-informa\/asaja-advirtio-de-la-negatividad-de-la-nueva-reforma-laboral#breadcrumb\",\"itemListElement\":[{\"@type\":\"ListItem\",\"position\":1,\"name\":\"Portada\",\"item\":\"https:\/\/www.asajacyl.com\/palencia\/\"},{\"@type\":\"ListItem\",\"position\":2,\"name\":\"ASAJA advirti\u00f3 de la negatividad de la nueva reforma laboral\"}]},{\"@type\":\"WebSite\",\"@id\":\"https:\/\/www.asajacyl.com\/palencia\/#website\",\"url\":\"https:\/\/www.asajacyl.com\/palencia\/\",\"name\":\"ASAJA Palencia\",\"description\":\"Otro sitio m\u00e1s de Provincias ASAJA Castilla y Le\u00f3n\",\"potentialAction\":[{\"@type\":\"SearchAction\",\"target\":{\"@type\":\"EntryPoint\",\"urlTemplate\":\"https:\/\/www.asajacyl.com\/palencia\/?s={search_term_string}\"},\"query-input\":{\"@type\":\"PropertyValueSpecification\",\"valueRequired\":true,\"valueName\":\"search_term_string\"}}],\"inLanguage\":\"es\"},{\"@type\":\"Person\",\"@id\":\"https:\/\/www.asajacyl.com\/palencia\/#\/schema\/person\/3ab17aeb03527485c317557fae64aab1\",\"name\":\"Administrador\",\"image\":{\"@type\":\"ImageObject\",\"inLanguage\":\"es\",\"@id\":\"https:\/\/www.asajacyl.com\/palencia\/#\/schema\/person\/image\/\",\"url\":\"https:\/\/secure.gravatar.com\/avatar\/517384810d242ca9e38c180f3c9fb973?s=96&d=mm&r=g\",\"contentUrl\":\"https:\/\/secure.gravatar.com\/avatar\/517384810d242ca9e38c180f3c9fb973?s=96&d=mm&r=g\",\"caption\":\"Administrador\"},\"url\":\"https:\/\/www.asajacyl.com\/palencia\/author\/carlosrm\"}]}<\/script>\n<!-- \/ Yoast SEO plugin. -->","yoast_head_json":{"title":"ASAJA advirti\u00f3 de la negatividad de la nueva reforma laboral - ASAJA Palencia","description":"ASAJA advirti\u00f3 que la entrada en vigor de la nueva Reforma Laboral ser\u00eda muy negativa para la generaci\u00f3n de empleo en el sector agrario. La falta de","robots":{"index":"index","follow":"follow","max-snippet":"max-snippet:-1","max-image-preview":"max-image-preview:large","max-video-preview":"max-video-preview:-1"},"canonical":"https:\/\/www.asajacyl.com\/palencia\/asaja-palencia-informa\/asaja-advirtio-de-la-negatividad-de-la-nueva-reforma-laboral","og_locale":"es_ES","og_type":"article","og_title":"ASAJA advirti\u00f3 de la negatividad de la nueva reforma laboral - ASAJA Palencia","og_description":"ASAJA advirti\u00f3 que la entrada en vigor de la nueva Reforma Laboral ser\u00eda muy negativa para la generaci\u00f3n de empleo en el sector agrario. La falta de","og_url":"https:\/\/www.asajacyl.com\/palencia\/asaja-palencia-informa\/asaja-advirtio-de-la-negatividad-de-la-nueva-reforma-laboral","og_site_name":"ASAJA Palencia","article_published_time":"2022-05-29T05:34:00+00:00","og_image":[{"width":2500,"height":1875,"url":"https:\/\/www.asajacyl.com\/palencia\/wp-content\/uploads\/sites\/3\/2022\/05\/ESPARCETA.jpg","type":"image\/jpeg"}],"author":"Administrador","twitter_card":"summary_large_image","twitter_misc":{"Escrito por":"Administrador","Tiempo de lectura":"1 minuto"},"schema":{"@context":"https:\/\/schema.org","@graph":[{"@type":"WebPage","@id":"https:\/\/www.asajacyl.com\/palencia\/asaja-palencia-informa\/asaja-advirtio-de-la-negatividad-de-la-nueva-reforma-laboral","url":"https:\/\/www.asajacyl.com\/palencia\/asaja-palencia-informa\/asaja-advirtio-de-la-negatividad-de-la-nueva-reforma-laboral","name":"ASAJA advirti\u00f3 de la negatividad de la nueva reforma laboral - ASAJA Palencia","isPartOf":{"@id":"https:\/\/www.asajacyl.com\/palencia\/#website"},"primaryImageOfPage":{"@id":"https:\/\/www.asajacyl.com\/palencia\/asaja-palencia-informa\/asaja-advirtio-de-la-negatividad-de-la-nueva-reforma-laboral#primaryimage"},"image":{"@id":"https:\/\/www.asajacyl.com\/palencia\/asaja-palencia-informa\/asaja-advirtio-de-la-negatividad-de-la-nueva-reforma-laboral#primaryimage"},"thumbnailUrl":"https:\/\/www.asajacyl.com\/palencia\/wp-content\/uploads\/sites\/3\/2022\/05\/ESPARCETA.jpg","datePublished":"2022-05-29T05:34:00+00:00","author":{"@id":"https:\/\/www.asajacyl.com\/palencia\/#\/schema\/person\/3ab17aeb03527485c317557fae64aab1"},"description":"ASAJA advirti\u00f3 que la entrada en vigor de la nueva Reforma Laboral ser\u00eda muy negativa para la generaci\u00f3n de empleo en el sector agrario. La falta de","breadcrumb":{"@id":"https:\/\/www.asajacyl.com\/palencia\/asaja-palencia-informa\/asaja-advirtio-de-la-negatividad-de-la-nueva-reforma-laboral#breadcrumb"},"inLanguage":"es","potentialAction":[{"@type":"ReadAction","target":["https:\/\/www.asajacyl.com\/palencia\/asaja-palencia-informa\/asaja-advirtio-de-la-negatividad-de-la-nueva-reforma-laboral"]}]},{"@type":"ImageObject","inLanguage":"es","@id":"https:\/\/www.asajacyl.com\/palencia\/asaja-palencia-informa\/asaja-advirtio-de-la-negatividad-de-la-nueva-reforma-laboral#primaryimage","url":"https:\/\/www.asajacyl.com\/palencia\/wp-content\/uploads\/sites\/3\/2022\/05\/ESPARCETA.jpg","contentUrl":"https:\/\/www.asajacyl.com\/palencia\/wp-content\/uploads\/sites\/3\/2022\/05\/ESPARCETA.jpg","width":2500,"height":1875},{"@type":"BreadcrumbList","@id":"https:\/\/www.asajacyl.com\/palencia\/asaja-palencia-informa\/asaja-advirtio-de-la-negatividad-de-la-nueva-reforma-laboral#breadcrumb","itemListElement":[{"@type":"ListItem","position":1,"name":"Portada","item":"https:\/\/www.asajacyl.com\/palencia\/"},{"@type":"ListItem","position":2,"name":"ASAJA advirti\u00f3 de la negatividad de la nueva reforma laboral"}]},{"@type":"WebSite","@id":"https:\/\/www.asajacyl.com\/palencia\/#website","url":"https:\/\/www.asajacyl.com\/palencia\/","name":"ASAJA Palencia","description":"Otro sitio m\u00e1s de Provincias ASAJA Castilla y Le\u00f3n","potentialAction":[{"@type":"SearchAction","target":{"@type":"EntryPoint","urlTemplate":"https:\/\/www.asajacyl.com\/palencia\/?s={search_term_string}"},"query-input":{"@type":"PropertyValueSpecification","valueRequired":true,"valueName":"search_term_string"}}],"inLanguage":"es"},{"@type":"Person","@id":"https:\/\/www.asajacyl.com\/palencia\/#\/schema\/person\/3ab17aeb03527485c317557fae64aab1","name":"Administrador","image":{"@type":"ImageObject","inLanguage":"es","@id":"https:\/\/www.asajacyl.com\/palencia\/#\/schema\/person\/image\/","url":"https:\/\/secure.gravatar.com\/avatar\/517384810d242ca9e38c180f3c9fb973?s=96&d=mm&r=g","contentUrl":"https:\/\/secure.gravatar.com\/avatar\/517384810d242ca9e38c180f3c9fb973?s=96&d=mm&r=g","caption":"Administrador"},"url":"https:\/\/www.asajacyl.com\/palencia\/author\/carlosrm"}]}},"_links":{"self":[{"href":"https:\/\/www.asajacyl.com\/palencia\/wp-json\/wp\/v2\/posts\/10549"}],"collection":[{"href":"https:\/\/www.asajacyl.com\/palencia\/wp-json\/wp\/v2\/posts"}],"about":[{"href":"https:\/\/www.asajacyl.com\/palencia\/wp-json\/wp\/v2\/types\/post"}],"author":[{"embeddable":true,"href":"https:\/\/www.asajacyl.com\/palencia\/wp-json\/wp\/v2\/users\/9"}],"replies":[{"embeddable":true,"href":"https:\/\/www.asajacyl.com\/palencia\/wp-json\/wp\/v2\/comments?post=10549"}],"version-history":[{"count":1,"href":"https:\/\/www.asajacyl.com\/palencia\/wp-json\/wp\/v2\/posts\/10549\/revisions"}],"predecessor-version":[{"id":10551,"href":"https:\/\/www.asajacyl.com\/palencia\/wp-json\/wp\/v2\/posts\/10549\/revisions\/10551"}],"wp:featuredmedia":[{"embeddable":true,"href":"https:\/\/www.asajacyl.com\/palencia\/wp-json\/wp\/v2\/media\/10550"}],"wp:attachment":[{"href":"https:\/\/www.asajacyl.com\/palencia\/wp-json\/wp\/v2\/media?parent=10549"}],"wp:term":[{"taxonomy":"category","embeddable":true,"href":"https:\/\/www.asajacyl.com\/palencia\/wp-json\/wp\/v2\/categories?post=10549"},{"taxonomy":"post_tag","embeddable":true,"href":"https:\/\/www.asajacyl.com\/palencia\/wp-json\/wp\/v2\/tags?post=10549"}],"curies":[{"name":"wp","href":"https:\/\/api.w.org\/{rel}","templated":true}]}}