{"id":10554,"date":"2022-05-27T12:50:40","date_gmt":"2022-05-27T10:50:40","guid":{"rendered":"https:\/\/www.asajacyl.com\/palencia\/?p=10554"},"modified":"2022-05-29T00:46:02","modified_gmt":"2022-05-28T22:46:02","slug":"siguen-disminuyendo-las-solicitudes-pac-de-palencia","status":"publish","type":"post","link":"https:\/\/www.asajacyl.com\/palencia\/asaja-palencia-informa\/siguen-disminuyendo-las-solicitudes-pac-de-palencia","title":{"rendered":"Siguen disminuyendo las solicitudes PAC de Palencia"},"content":{"rendered":"\n<p>Esta campa\u00f1a PAC se han reducido ligeramente las solicitudes presentadas. El d\u00eda que termin\u00f3 el plazo oficial -16 de mayo- se contabilizaban 6.045 solicitudes en nuestra provincia, un n\u00famero algo inferior a las 6.178 (-2,15%) solicitudes de la campa\u00f1a pasada y en l\u00ednea con el descenso regional. El dato de este a\u00f1o puede aumentar levemente porque a\u00fan se puede solicitar la PAC aunque conlleva una penalizaci\u00f3n importante por superar el d\u00eda 16 de mayo, de todos modos este incremento deber\u00eda ser anecd\u00f3tico. Por su parte, las modificaciones legales se pueden realizar hasta el martes d\u00eda 31 de mayo.<\/p>\n\n\n\n<p>Palencia es la segunda provincia que menos solicitudes presenta, \u00fanicamente por delante de la provincia de Soria, donde hay presentadas 4.064 solicitudes. La provincia de Zamora es la dispone de m\u00e1s solicitudes, con 9.901 solicitudes. Lejos de las 85.527 solicitudes que se han presentado en provincias como la de Jaen o las 40.108 solicitudes de C\u00f3rdoba.<\/p>\n\n\n\n<p>En el a\u00f1o 2021 hubo un repunte de solicitudes en una tendencia constantemente descendente. Este repunte surgi\u00f3 al volver a retomarse la ayuda a zonas distintas de las de monta\u00f1a con limitaciones naturales significativas, algo que hizo que los miembros de personas jur\u00eddicas volvieran a realizar solicitudes que hab\u00edan dejado de tramitar cuando este tipo de ayudas se dejaron de aplicar a\u00f1os atr\u00e1s.<\/p>\n\n\n\n<p>ASAJA es la mayor tramitadora de solicitudes PAC en la provincia y tambi\u00e9n a nivel regional. Se realiza un gran trabajo por parte de los servicios t\u00e9cnicos de la asociaci\u00f3n con el fin de dar el mejor asesoramiento y garantizar la mejor tramitaci\u00f3n a todos los afiliados de la asociaci\u00f3n.<\/p>\n\n\n\n<figure class=\"wp-block-image size-large\"><img loading=\"lazy\" decoding=\"async\" width=\"1024\" height=\"438\" src=\"https:\/\/www.asajacyl.com\/palencia\/wp-content\/uploads\/sites\/3\/2022\/05\/image-1-1024x438.png\" alt=\"\" class=\"wp-image-10555\" srcset=\"https:\/\/www.asajacyl.com\/palencia\/wp-content\/uploads\/sites\/3\/2022\/05\/image-1-1024x438.png 1024w, https:\/\/www.asajacyl.com\/palencia\/wp-content\/uploads\/sites\/3\/2022\/05\/image-1-300x128.png 300w, https:\/\/www.asajacyl.com\/palencia\/wp-content\/uploads\/sites\/3\/2022\/05\/image-1-768x328.png 768w, https:\/\/www.asajacyl.com\/palencia\/wp-content\/uploads\/sites\/3\/2022\/05\/image-1-696x298.png 696w, https:\/\/www.asajacyl.com\/palencia\/wp-content\/uploads\/sites\/3\/2022\/05\/image-1-1068x457.png 1068w, https:\/\/www.asajacyl.com\/palencia\/wp-content\/uploads\/sites\/3\/2022\/05\/image-1-982x420.png 982w, https:\/\/www.asajacyl.com\/palencia\/wp-content\/uploads\/sites\/3\/2022\/05\/image-1.png 1347w\" sizes=\"(max-width: 1024px) 100vw, 1024px\" \/><\/figure>\n\n\n\n<p><\/p>\n\n\n\n<figure class=\"wp-block-image size-large\"><img loading=\"lazy\" decoding=\"async\" width=\"1024\" height=\"604\" src=\"https:\/\/www.asajacyl.com\/palencia\/wp-content\/uploads\/sites\/3\/2022\/05\/image-3-1024x604.png\" alt=\"\" class=\"wp-image-10557\" srcset=\"https:\/\/www.asajacyl.com\/palencia\/wp-content\/uploads\/sites\/3\/2022\/05\/image-3-1024x604.png 1024w, https:\/\/www.asajacyl.com\/palencia\/wp-content\/uploads\/sites\/3\/2022\/05\/image-3-300x177.png 300w, https:\/\/www.asajacyl.com\/palencia\/wp-content\/uploads\/sites\/3\/2022\/05\/image-3-768x453.png 768w, https:\/\/www.asajacyl.com\/palencia\/wp-content\/uploads\/sites\/3\/2022\/05\/image-3-696x411.png 696w, https:\/\/www.asajacyl.com\/palencia\/wp-content\/uploads\/sites\/3\/2022\/05\/image-3-1068x630.png 1068w, https:\/\/www.asajacyl.com\/palencia\/wp-content\/uploads\/sites\/3\/2022\/05\/image-3-712x420.png 712w, https:\/\/www.asajacyl.com\/palencia\/wp-content\/uploads\/sites\/3\/2022\/05\/image-3.png 1112w\" sizes=\"(max-width: 1024px) 100vw, 1024px\" \/><\/figure>\n\n\n\n<p><\/p>\n\n\n\n<figure class=\"wp-block-image size-full\"><img loading=\"lazy\" decoding=\"async\" width=\"997\" height=\"696\" src=\"https:\/\/www.asajacyl.com\/palencia\/wp-content\/uploads\/sites\/3\/2022\/05\/image-2.png\" alt=\"\" class=\"wp-image-10556\" srcset=\"https:\/\/www.asajacyl.com\/palencia\/wp-content\/uploads\/sites\/3\/2022\/05\/image-2.png 997w, https:\/\/www.asajacyl.com\/palencia\/wp-content\/uploads\/sites\/3\/2022\/05\/image-2-300x209.png 300w, https:\/\/www.asajacyl.com\/palencia\/wp-content\/uploads\/sites\/3\/2022\/05\/image-2-768x536.png 768w, https:\/\/www.asajacyl.com\/palencia\/wp-content\/uploads\/sites\/3\/2022\/05\/image-2-696x486.png 696w, https:\/\/www.asajacyl.com\/palencia\/wp-content\/uploads\/sites\/3\/2022\/05\/image-2-602x420.png 602w\" sizes=\"(max-width: 997px) 100vw, 997px\" \/><\/figure>\n\n\n\n<p><\/p>\n","protected":false},"excerpt":{"rendered":"<p>Esta campa\u00f1a PAC se han reducido ligeramente las solicitudes presentadas. El d\u00eda que termin\u00f3 el plazo oficial -16 de mayo- se contabilizaban 6.045 solicitudes en nuestra provincia, un n\u00famero algo inferior a las 6.178 (-2,15%) solicitudes de la campa\u00f1a pasada y en l\u00ednea con el descenso regional. El dato de este a\u00f1o puede aumentar levemente [&hellip;]<\/p>\n","protected":false},"author":9,"featured_media":10558,"comment_status":"open","ping_status":"open","sticky":false,"template":"","format":"standard","meta":{"footnotes":""},"categories":[9,29,28],"tags":[],"yoast_head":"<!-- This site is optimized with the Yoast SEO plugin v24.5 - https:\/\/yoast.com\/wordpress\/plugins\/seo\/ -->\n<title>Siguen disminuyendo las solicitudes PAC de Palencia - ASAJA Palencia<\/title>\n<meta name=\"description\" content=\"Esta campa\u00f1a PAC se han reducido ligeramente las solicitudes presentadas. El d\u00eda que termin\u00f3 el plazo oficial -16 de mayo- se contabilizaban 6.045\" \/>\n<meta name=\"robots\" content=\"index, follow, max-snippet:-1, max-image-preview:large, max-video-preview:-1\" \/>\n<link rel=\"canonical\" href=\"https:\/\/www.asajacyl.com\/palencia\/asaja-palencia-informa\/siguen-disminuyendo-las-solicitudes-pac-de-palencia\" \/>\n<meta property=\"og:locale\" content=\"es_ES\" \/>\n<meta property=\"og:type\" content=\"article\" \/>\n<meta property=\"og:title\" content=\"Siguen disminuyendo las solicitudes PAC de Palencia - ASAJA Palencia\" \/>\n<meta property=\"og:description\" content=\"Esta campa\u00f1a PAC se han reducido ligeramente las solicitudes presentadas. El d\u00eda que termin\u00f3 el plazo oficial -16 de mayo- se contabilizaban 6.045\" \/>\n<meta property=\"og:url\" content=\"https:\/\/www.asajacyl.com\/palencia\/asaja-palencia-informa\/siguen-disminuyendo-las-solicitudes-pac-de-palencia\" \/>\n<meta property=\"og:site_name\" content=\"ASAJA Palencia\" \/>\n<meta property=\"article:published_time\" content=\"2022-05-27T10:50:40+00:00\" \/>\n<meta property=\"article:modified_time\" content=\"2022-05-28T22:46:02+00:00\" \/>\n<meta property=\"og:image\" content=\"https:\/\/www.asajacyl.com\/palencia\/wp-content\/uploads\/sites\/3\/2022\/05\/ALFALFA-PACAS-PAQUETES.jpg\" \/>\n\t<meta property=\"og:image:width\" content=\"1824\" \/>\n\t<meta property=\"og:image:height\" content=\"1368\" \/>\n\t<meta property=\"og:image:type\" content=\"image\/jpeg\" \/>\n<meta name=\"author\" content=\"Administrador\" \/>\n<meta name=\"twitter:card\" content=\"summary_large_image\" \/>\n<meta name=\"twitter:label1\" content=\"Escrito por\" \/>\n\t<meta name=\"twitter:data1\" content=\"Administrador\" \/>\n\t<meta name=\"twitter:label2\" content=\"Tiempo de lectura\" \/>\n\t<meta name=\"twitter:data2\" content=\"2 minutos\" \/>\n<script type=\"application\/ld+json\" class=\"yoast-schema-graph\">{\"@context\":\"https:\/\/schema.org\",\"@graph\":[{\"@type\":\"WebPage\",\"@id\":\"https:\/\/www.asajacyl.com\/palencia\/asaja-palencia-informa\/siguen-disminuyendo-las-solicitudes-pac-de-palencia\",\"url\":\"https:\/\/www.asajacyl.com\/palencia\/asaja-palencia-informa\/siguen-disminuyendo-las-solicitudes-pac-de-palencia\",\"name\":\"Siguen disminuyendo las solicitudes PAC de Palencia - ASAJA Palencia\",\"isPartOf\":{\"@id\":\"https:\/\/www.asajacyl.com\/palencia\/#website\"},\"primaryImageOfPage\":{\"@id\":\"https:\/\/www.asajacyl.com\/palencia\/asaja-palencia-informa\/siguen-disminuyendo-las-solicitudes-pac-de-palencia#primaryimage\"},\"image\":{\"@id\":\"https:\/\/www.asajacyl.com\/palencia\/asaja-palencia-informa\/siguen-disminuyendo-las-solicitudes-pac-de-palencia#primaryimage\"},\"thumbnailUrl\":\"https:\/\/www.asajacyl.com\/palencia\/wp-content\/uploads\/sites\/3\/2022\/05\/ALFALFA-PACAS-PAQUETES.jpg\",\"datePublished\":\"2022-05-27T10:50:40+00:00\",\"dateModified\":\"2022-05-28T22:46:02+00:00\",\"author\":{\"@id\":\"https:\/\/www.asajacyl.com\/palencia\/#\/schema\/person\/3ab17aeb03527485c317557fae64aab1\"},\"description\":\"Esta campa\u00f1a PAC se han reducido ligeramente las solicitudes presentadas. El d\u00eda que termin\u00f3 el plazo oficial -16 de mayo- se contabilizaban 6.045\",\"breadcrumb\":{\"@id\":\"https:\/\/www.asajacyl.com\/palencia\/asaja-palencia-informa\/siguen-disminuyendo-las-solicitudes-pac-de-palencia#breadcrumb\"},\"inLanguage\":\"es\",\"potentialAction\":[{\"@type\":\"ReadAction\",\"target\":[\"https:\/\/www.asajacyl.com\/palencia\/asaja-palencia-informa\/siguen-disminuyendo-las-solicitudes-pac-de-palencia\"]}]},{\"@type\":\"ImageObject\",\"inLanguage\":\"es\",\"@id\":\"https:\/\/www.asajacyl.com\/palencia\/asaja-palencia-informa\/siguen-disminuyendo-las-solicitudes-pac-de-palencia#primaryimage\",\"url\":\"https:\/\/www.asajacyl.com\/palencia\/wp-content\/uploads\/sites\/3\/2022\/05\/ALFALFA-PACAS-PAQUETES.jpg\",\"contentUrl\":\"https:\/\/www.asajacyl.com\/palencia\/wp-content\/uploads\/sites\/3\/2022\/05\/ALFALFA-PACAS-PAQUETES.jpg\",\"width\":1824,\"height\":1368},{\"@type\":\"BreadcrumbList\",\"@id\":\"https:\/\/www.asajacyl.com\/palencia\/asaja-palencia-informa\/siguen-disminuyendo-las-solicitudes-pac-de-palencia#breadcrumb\",\"itemListElement\":[{\"@type\":\"ListItem\",\"position\":1,\"name\":\"Portada\",\"item\":\"https:\/\/www.asajacyl.com\/palencia\/\"},{\"@type\":\"ListItem\",\"position\":2,\"name\":\"Siguen disminuyendo las solicitudes PAC de Palencia\"}]},{\"@type\":\"WebSite\",\"@id\":\"https:\/\/www.asajacyl.com\/palencia\/#website\",\"url\":\"https:\/\/www.asajacyl.com\/palencia\/\",\"name\":\"ASAJA Palencia\",\"description\":\"Otro sitio m\u00e1s de Provincias ASAJA Castilla y Le\u00f3n\",\"potentialAction\":[{\"@type\":\"SearchAction\",\"target\":{\"@type\":\"EntryPoint\",\"urlTemplate\":\"https:\/\/www.asajacyl.com\/palencia\/?s={search_term_string}\"},\"query-input\":{\"@type\":\"PropertyValueSpecification\",\"valueRequired\":true,\"valueName\":\"search_term_string\"}}],\"inLanguage\":\"es\"},{\"@type\":\"Person\",\"@id\":\"https:\/\/www.asajacyl.com\/palencia\/#\/schema\/person\/3ab17aeb03527485c317557fae64aab1\",\"name\":\"Administrador\",\"image\":{\"@type\":\"ImageObject\",\"inLanguage\":\"es\",\"@id\":\"https:\/\/www.asajacyl.com\/palencia\/#\/schema\/person\/image\/\",\"url\":\"https:\/\/secure.gravatar.com\/avatar\/517384810d242ca9e38c180f3c9fb973?s=96&d=mm&r=g\",\"contentUrl\":\"https:\/\/secure.gravatar.com\/avatar\/517384810d242ca9e38c180f3c9fb973?s=96&d=mm&r=g\",\"caption\":\"Administrador\"},\"url\":\"https:\/\/www.asajacyl.com\/palencia\/author\/carlosrm\"}]}<\/script>\n<!-- \/ Yoast SEO plugin. -->","yoast_head_json":{"title":"Siguen disminuyendo las solicitudes PAC de Palencia - ASAJA Palencia","description":"Esta campa\u00f1a PAC se han reducido ligeramente las solicitudes presentadas. El d\u00eda que termin\u00f3 el plazo oficial -16 de mayo- se contabilizaban 6.045","robots":{"index":"index","follow":"follow","max-snippet":"max-snippet:-1","max-image-preview":"max-image-preview:large","max-video-preview":"max-video-preview:-1"},"canonical":"https:\/\/www.asajacyl.com\/palencia\/asaja-palencia-informa\/siguen-disminuyendo-las-solicitudes-pac-de-palencia","og_locale":"es_ES","og_type":"article","og_title":"Siguen disminuyendo las solicitudes PAC de Palencia - ASAJA Palencia","og_description":"Esta campa\u00f1a PAC se han reducido ligeramente las solicitudes presentadas. El d\u00eda que termin\u00f3 el plazo oficial -16 de mayo- se contabilizaban 6.045","og_url":"https:\/\/www.asajacyl.com\/palencia\/asaja-palencia-informa\/siguen-disminuyendo-las-solicitudes-pac-de-palencia","og_site_name":"ASAJA Palencia","article_published_time":"2022-05-27T10:50:40+00:00","article_modified_time":"2022-05-28T22:46:02+00:00","og_image":[{"width":1824,"height":1368,"url":"https:\/\/www.asajacyl.com\/palencia\/wp-content\/uploads\/sites\/3\/2022\/05\/ALFALFA-PACAS-PAQUETES.jpg","type":"image\/jpeg"}],"author":"Administrador","twitter_card":"summary_large_image","twitter_misc":{"Escrito por":"Administrador","Tiempo de lectura":"2 minutos"},"schema":{"@context":"https:\/\/schema.org","@graph":[{"@type":"WebPage","@id":"https:\/\/www.asajacyl.com\/palencia\/asaja-palencia-informa\/siguen-disminuyendo-las-solicitudes-pac-de-palencia","url":"https:\/\/www.asajacyl.com\/palencia\/asaja-palencia-informa\/siguen-disminuyendo-las-solicitudes-pac-de-palencia","name":"Siguen disminuyendo las solicitudes PAC de Palencia - ASAJA Palencia","isPartOf":{"@id":"https:\/\/www.asajacyl.com\/palencia\/#website"},"primaryImageOfPage":{"@id":"https:\/\/www.asajacyl.com\/palencia\/asaja-palencia-informa\/siguen-disminuyendo-las-solicitudes-pac-de-palencia#primaryimage"},"image":{"@id":"https:\/\/www.asajacyl.com\/palencia\/asaja-palencia-informa\/siguen-disminuyendo-las-solicitudes-pac-de-palencia#primaryimage"},"thumbnailUrl":"https:\/\/www.asajacyl.com\/palencia\/wp-content\/uploads\/sites\/3\/2022\/05\/ALFALFA-PACAS-PAQUETES.jpg","datePublished":"2022-05-27T10:50:40+00:00","dateModified":"2022-05-28T22:46:02+00:00","author":{"@id":"https:\/\/www.asajacyl.com\/palencia\/#\/schema\/person\/3ab17aeb03527485c317557fae64aab1"},"description":"Esta campa\u00f1a PAC se han reducido ligeramente las solicitudes presentadas. El d\u00eda que termin\u00f3 el plazo oficial -16 de mayo- se contabilizaban 6.045","breadcrumb":{"@id":"https:\/\/www.asajacyl.com\/palencia\/asaja-palencia-informa\/siguen-disminuyendo-las-solicitudes-pac-de-palencia#breadcrumb"},"inLanguage":"es","potentialAction":[{"@type":"ReadAction","target":["https:\/\/www.asajacyl.com\/palencia\/asaja-palencia-informa\/siguen-disminuyendo-las-solicitudes-pac-de-palencia"]}]},{"@type":"ImageObject","inLanguage":"es","@id":"https:\/\/www.asajacyl.com\/palencia\/asaja-palencia-informa\/siguen-disminuyendo-las-solicitudes-pac-de-palencia#primaryimage","url":"https:\/\/www.asajacyl.com\/palencia\/wp-content\/uploads\/sites\/3\/2022\/05\/ALFALFA-PACAS-PAQUETES.jpg","contentUrl":"https:\/\/www.asajacyl.com\/palencia\/wp-content\/uploads\/sites\/3\/2022\/05\/ALFALFA-PACAS-PAQUETES.jpg","width":1824,"height":1368},{"@type":"BreadcrumbList","@id":"https:\/\/www.asajacyl.com\/palencia\/asaja-palencia-informa\/siguen-disminuyendo-las-solicitudes-pac-de-palencia#breadcrumb","itemListElement":[{"@type":"ListItem","position":1,"name":"Portada","item":"https:\/\/www.asajacyl.com\/palencia\/"},{"@type":"ListItem","position":2,"name":"Siguen disminuyendo las solicitudes PAC de Palencia"}]},{"@type":"WebSite","@id":"https:\/\/www.asajacyl.com\/palencia\/#website","url":"https:\/\/www.asajacyl.com\/palencia\/","name":"ASAJA Palencia","description":"Otro sitio m\u00e1s de Provincias ASAJA Castilla y Le\u00f3n","potentialAction":[{"@type":"SearchAction","target":{"@type":"EntryPoint","urlTemplate":"https:\/\/www.asajacyl.com\/palencia\/?s={search_term_string}"},"query-input":{"@type":"PropertyValueSpecification","valueRequired":true,"valueName":"search_term_string"}}],"inLanguage":"es"},{"@type":"Person","@id":"https:\/\/www.asajacyl.com\/palencia\/#\/schema\/person\/3ab17aeb03527485c317557fae64aab1","name":"Administrador","image":{"@type":"ImageObject","inLanguage":"es","@id":"https:\/\/www.asajacyl.com\/palencia\/#\/schema\/person\/image\/","url":"https:\/\/secure.gravatar.com\/avatar\/517384810d242ca9e38c180f3c9fb973?s=96&d=mm&r=g","contentUrl":"https:\/\/secure.gravatar.com\/avatar\/517384810d242ca9e38c180f3c9fb973?s=96&d=mm&r=g","caption":"Administrador"},"url":"https:\/\/www.asajacyl.com\/palencia\/author\/carlosrm"}]}},"_links":{"self":[{"href":"https:\/\/www.asajacyl.com\/palencia\/wp-json\/wp\/v2\/posts\/10554"}],"collection":[{"href":"https:\/\/www.asajacyl.com\/palencia\/wp-json\/wp\/v2\/posts"}],"about":[{"href":"https:\/\/www.asajacyl.com\/palencia\/wp-json\/wp\/v2\/types\/post"}],"author":[{"embeddable":true,"href":"https:\/\/www.asajacyl.com\/palencia\/wp-json\/wp\/v2\/users\/9"}],"replies":[{"embeddable":true,"href":"https:\/\/www.asajacyl.com\/palencia\/wp-json\/wp\/v2\/comments?post=10554"}],"version-history":[{"count":3,"href":"https:\/\/www.asajacyl.com\/palencia\/wp-json\/wp\/v2\/posts\/10554\/revisions"}],"predecessor-version":[{"id":10574,"href":"https:\/\/www.asajacyl.com\/palencia\/wp-json\/wp\/v2\/posts\/10554\/revisions\/10574"}],"wp:featuredmedia":[{"embeddable":true,"href":"https:\/\/www.asajacyl.com\/palencia\/wp-json\/wp\/v2\/media\/10558"}],"wp:attachment":[{"href":"https:\/\/www.asajacyl.com\/palencia\/wp-json\/wp\/v2\/media?parent=10554"}],"wp:term":[{"taxonomy":"category","embeddable":true,"href":"https:\/\/www.asajacyl.com\/palencia\/wp-json\/wp\/v2\/categories?post=10554"},{"taxonomy":"post_tag","embeddable":true,"href":"https:\/\/www.asajacyl.com\/palencia\/wp-json\/wp\/v2\/tags?post=10554"}],"curies":[{"name":"wp","href":"https:\/\/api.w.org\/{rel}","templated":true}]}}