{"id":10582,"date":"2022-06-01T09:01:00","date_gmt":"2022-06-01T07:01:00","guid":{"rendered":"https:\/\/www.asajacyl.com\/palencia\/?p=10582"},"modified":"2022-05-30T09:10:22","modified_gmt":"2022-05-30T07:10:22","slug":"psoe-y-podemos-bloquean-la-vuelta-del-lobo-a-la-condicion-de-especie-cinegetica-al-norte-del-duero","status":"publish","type":"post","link":"https:\/\/www.asajacyl.com\/palencia\/asaja-palencia-informa\/psoe-y-podemos-bloquean-la-vuelta-del-lobo-a-la-condicion-de-especie-cinegetica-al-norte-del-duero","title":{"rendered":"PSOE y Podemos bloquean la vuelta del lobo a la condici\u00f3n de especie cineg\u00e9tica al norte del Duero"},"content":{"rendered":"\n<p>El PSOE y Unidas Podemos han rechazado en el pleno del Congreso de los Diputados la proposici\u00f3n de ley presentada por el PP que aspiraba a devolver al lobo ib\u00e9rico a su estatus de especie cineg\u00e9tica para las poblaciones al norte del Duero.<\/p>\n\n\n\n<p>De esta forma el lobo seguir\u00e1 ganando terrero a costa de las ganader\u00edas extensivas, y comprometer\u00e1 seriamente el futuro de muchas de ellas que ven con impotencia, como sufren de manera regular ataques que merman las caba\u00f1as ganaderas.<br>En estos ataques nunca se compensan los da\u00f1os que se provocan, ya que en ocasiones no se encuentran restos de los cad\u00e1veres, se provocan lesiones que comprometen el futuro de los animales, provocan abortos, merma de la capacidad productiva por estr\u00e9s, etc.<\/p>\n\n\n\n<p>Por otra parte, no hay que desde\u00f1ar el da\u00f1o emocional que sufren los ganaderos, al ver como se pierde su trabajo y su futuro, ante la pasividad e incomprensi\u00f3n de los gobernantes de este pa\u00eds, mientras en otros de la Uni\u00f3n Europea se pone l\u00edmite al n\u00famero de lobos para proteger la actividad ganadera, como es el caso de Suecia.<\/p>\n","protected":false},"excerpt":{"rendered":"<p>El PSOE y Unidas Podemos han rechazado en el pleno del Congreso de los Diputados la proposici\u00f3n de ley presentada por el PP que aspiraba a devolver al lobo ib\u00e9rico a su estatus de especie cineg\u00e9tica para las poblaciones al norte del Duero. De esta forma el lobo seguir\u00e1 ganando terrero a costa de las [&hellip;]<\/p>\n","protected":false},"author":9,"featured_media":10267,"comment_status":"open","ping_status":"open","sticky":false,"template":"","format":"standard","meta":{"footnotes":""},"categories":[9,29,28],"tags":[],"yoast_head":"<!-- This site is optimized with the Yoast SEO plugin v24.5 - https:\/\/yoast.com\/wordpress\/plugins\/seo\/ -->\n<title>PSOE y Podemos bloquean la vuelta del lobo a la condici\u00f3n de especie cineg\u00e9tica al norte del Duero - ASAJA Palencia<\/title>\n<meta name=\"description\" content=\"El PSOE y Unidas Podemos han rechazado en el pleno del Congreso de los Diputados la proposici\u00f3n de ley presentada por el PP que aspiraba a devolver al\" \/>\n<meta name=\"robots\" content=\"index, follow, max-snippet:-1, max-image-preview:large, max-video-preview:-1\" \/>\n<link rel=\"canonical\" href=\"https:\/\/www.asajacyl.com\/palencia\/asaja-palencia-informa\/psoe-y-podemos-bloquean-la-vuelta-del-lobo-a-la-condicion-de-especie-cinegetica-al-norte-del-duero\" \/>\n<meta property=\"og:locale\" content=\"es_ES\" \/>\n<meta property=\"og:type\" content=\"article\" \/>\n<meta property=\"og:title\" content=\"PSOE y Podemos bloquean la vuelta del lobo a la condici\u00f3n de especie cineg\u00e9tica al norte del Duero - ASAJA Palencia\" \/>\n<meta property=\"og:description\" content=\"El PSOE y Unidas Podemos han rechazado en el pleno del Congreso de los Diputados la proposici\u00f3n de ley presentada por el PP que aspiraba a devolver al\" \/>\n<meta property=\"og:url\" content=\"https:\/\/www.asajacyl.com\/palencia\/asaja-palencia-informa\/psoe-y-podemos-bloquean-la-vuelta-del-lobo-a-la-condicion-de-especie-cinegetica-al-norte-del-duero\" \/>\n<meta property=\"og:site_name\" content=\"ASAJA Palencia\" \/>\n<meta property=\"article:published_time\" content=\"2022-06-01T07:01:00+00:00\" \/>\n<meta property=\"og:image\" content=\"https:\/\/www.asajacyl.com\/palencia\/wp-content\/uploads\/sites\/3\/2022\/04\/2ab6f5d6-b552-4d5b-b959-4750d972c958.jpg\" \/>\n\t<meta property=\"og:image:width\" content=\"1200\" \/>\n\t<meta property=\"og:image:height\" content=\"1600\" \/>\n\t<meta property=\"og:image:type\" content=\"image\/jpeg\" \/>\n<meta name=\"author\" content=\"Administrador\" \/>\n<meta name=\"twitter:card\" content=\"summary_large_image\" \/>\n<meta name=\"twitter:label1\" content=\"Escrito por\" \/>\n\t<meta name=\"twitter:data1\" content=\"Administrador\" \/>\n\t<meta name=\"twitter:label2\" content=\"Tiempo de lectura\" \/>\n\t<meta name=\"twitter:data2\" content=\"1 minuto\" \/>\n<script type=\"application\/ld+json\" class=\"yoast-schema-graph\">{\"@context\":\"https:\/\/schema.org\",\"@graph\":[{\"@type\":\"WebPage\",\"@id\":\"https:\/\/www.asajacyl.com\/palencia\/asaja-palencia-informa\/psoe-y-podemos-bloquean-la-vuelta-del-lobo-a-la-condicion-de-especie-cinegetica-al-norte-del-duero\",\"url\":\"https:\/\/www.asajacyl.com\/palencia\/asaja-palencia-informa\/psoe-y-podemos-bloquean-la-vuelta-del-lobo-a-la-condicion-de-especie-cinegetica-al-norte-del-duero\",\"name\":\"PSOE y Podemos bloquean la vuelta del lobo a la condici\u00f3n de especie cineg\u00e9tica al norte del Duero - ASAJA Palencia\",\"isPartOf\":{\"@id\":\"https:\/\/www.asajacyl.com\/palencia\/#website\"},\"primaryImageOfPage\":{\"@id\":\"https:\/\/www.asajacyl.com\/palencia\/asaja-palencia-informa\/psoe-y-podemos-bloquean-la-vuelta-del-lobo-a-la-condicion-de-especie-cinegetica-al-norte-del-duero#primaryimage\"},\"image\":{\"@id\":\"https:\/\/www.asajacyl.com\/palencia\/asaja-palencia-informa\/psoe-y-podemos-bloquean-la-vuelta-del-lobo-a-la-condicion-de-especie-cinegetica-al-norte-del-duero#primaryimage\"},\"thumbnailUrl\":\"https:\/\/www.asajacyl.com\/palencia\/wp-content\/uploads\/sites\/3\/2022\/04\/2ab6f5d6-b552-4d5b-b959-4750d972c958.jpg\",\"datePublished\":\"2022-06-01T07:01:00+00:00\",\"author\":{\"@id\":\"https:\/\/www.asajacyl.com\/palencia\/#\/schema\/person\/3ab17aeb03527485c317557fae64aab1\"},\"description\":\"El PSOE y Unidas Podemos han rechazado en el pleno del Congreso de los Diputados la proposici\u00f3n de ley presentada por el PP que aspiraba a devolver al\",\"breadcrumb\":{\"@id\":\"https:\/\/www.asajacyl.com\/palencia\/asaja-palencia-informa\/psoe-y-podemos-bloquean-la-vuelta-del-lobo-a-la-condicion-de-especie-cinegetica-al-norte-del-duero#breadcrumb\"},\"inLanguage\":\"es\",\"potentialAction\":[{\"@type\":\"ReadAction\",\"target\":[\"https:\/\/www.asajacyl.com\/palencia\/asaja-palencia-informa\/psoe-y-podemos-bloquean-la-vuelta-del-lobo-a-la-condicion-de-especie-cinegetica-al-norte-del-duero\"]}]},{\"@type\":\"ImageObject\",\"inLanguage\":\"es\",\"@id\":\"https:\/\/www.asajacyl.com\/palencia\/asaja-palencia-informa\/psoe-y-podemos-bloquean-la-vuelta-del-lobo-a-la-condicion-de-especie-cinegetica-al-norte-del-duero#primaryimage\",\"url\":\"https:\/\/www.asajacyl.com\/palencia\/wp-content\/uploads\/sites\/3\/2022\/04\/2ab6f5d6-b552-4d5b-b959-4750d972c958.jpg\",\"contentUrl\":\"https:\/\/www.asajacyl.com\/palencia\/wp-content\/uploads\/sites\/3\/2022\/04\/2ab6f5d6-b552-4d5b-b959-4750d972c958.jpg\",\"width\":1200,\"height\":1600},{\"@type\":\"BreadcrumbList\",\"@id\":\"https:\/\/www.asajacyl.com\/palencia\/asaja-palencia-informa\/psoe-y-podemos-bloquean-la-vuelta-del-lobo-a-la-condicion-de-especie-cinegetica-al-norte-del-duero#breadcrumb\",\"itemListElement\":[{\"@type\":\"ListItem\",\"position\":1,\"name\":\"Portada\",\"item\":\"https:\/\/www.asajacyl.com\/palencia\/\"},{\"@type\":\"ListItem\",\"position\":2,\"name\":\"PSOE y Podemos bloquean la vuelta del lobo a la condici\u00f3n de especie cineg\u00e9tica al norte del Duero\"}]},{\"@type\":\"WebSite\",\"@id\":\"https:\/\/www.asajacyl.com\/palencia\/#website\",\"url\":\"https:\/\/www.asajacyl.com\/palencia\/\",\"name\":\"ASAJA Palencia\",\"description\":\"Otro sitio m\u00e1s de Provincias ASAJA Castilla y Le\u00f3n\",\"potentialAction\":[{\"@type\":\"SearchAction\",\"target\":{\"@type\":\"EntryPoint\",\"urlTemplate\":\"https:\/\/www.asajacyl.com\/palencia\/?s={search_term_string}\"},\"query-input\":{\"@type\":\"PropertyValueSpecification\",\"valueRequired\":true,\"valueName\":\"search_term_string\"}}],\"inLanguage\":\"es\"},{\"@type\":\"Person\",\"@id\":\"https:\/\/www.asajacyl.com\/palencia\/#\/schema\/person\/3ab17aeb03527485c317557fae64aab1\",\"name\":\"Administrador\",\"image\":{\"@type\":\"ImageObject\",\"inLanguage\":\"es\",\"@id\":\"https:\/\/www.asajacyl.com\/palencia\/#\/schema\/person\/image\/\",\"url\":\"https:\/\/secure.gravatar.com\/avatar\/517384810d242ca9e38c180f3c9fb973?s=96&d=mm&r=g\",\"contentUrl\":\"https:\/\/secure.gravatar.com\/avatar\/517384810d242ca9e38c180f3c9fb973?s=96&d=mm&r=g\",\"caption\":\"Administrador\"},\"url\":\"https:\/\/www.asajacyl.com\/palencia\/author\/carlosrm\"}]}<\/script>\n<!-- \/ Yoast SEO plugin. -->","yoast_head_json":{"title":"PSOE y Podemos bloquean la vuelta del lobo a la condici\u00f3n de especie cineg\u00e9tica al norte del Duero - ASAJA Palencia","description":"El PSOE y Unidas Podemos han rechazado en el pleno del Congreso de los Diputados la proposici\u00f3n de ley presentada por el PP que aspiraba a devolver al","robots":{"index":"index","follow":"follow","max-snippet":"max-snippet:-1","max-image-preview":"max-image-preview:large","max-video-preview":"max-video-preview:-1"},"canonical":"https:\/\/www.asajacyl.com\/palencia\/asaja-palencia-informa\/psoe-y-podemos-bloquean-la-vuelta-del-lobo-a-la-condicion-de-especie-cinegetica-al-norte-del-duero","og_locale":"es_ES","og_type":"article","og_title":"PSOE y Podemos bloquean la vuelta del lobo a la condici\u00f3n de especie cineg\u00e9tica al norte del Duero - ASAJA Palencia","og_description":"El PSOE y Unidas Podemos han rechazado en el pleno del Congreso de los Diputados la proposici\u00f3n de ley presentada por el PP que aspiraba a devolver al","og_url":"https:\/\/www.asajacyl.com\/palencia\/asaja-palencia-informa\/psoe-y-podemos-bloquean-la-vuelta-del-lobo-a-la-condicion-de-especie-cinegetica-al-norte-del-duero","og_site_name":"ASAJA Palencia","article_published_time":"2022-06-01T07:01:00+00:00","og_image":[{"width":1200,"height":1600,"url":"https:\/\/www.asajacyl.com\/palencia\/wp-content\/uploads\/sites\/3\/2022\/04\/2ab6f5d6-b552-4d5b-b959-4750d972c958.jpg","type":"image\/jpeg"}],"author":"Administrador","twitter_card":"summary_large_image","twitter_misc":{"Escrito por":"Administrador","Tiempo de lectura":"1 minuto"},"schema":{"@context":"https:\/\/schema.org","@graph":[{"@type":"WebPage","@id":"https:\/\/www.asajacyl.com\/palencia\/asaja-palencia-informa\/psoe-y-podemos-bloquean-la-vuelta-del-lobo-a-la-condicion-de-especie-cinegetica-al-norte-del-duero","url":"https:\/\/www.asajacyl.com\/palencia\/asaja-palencia-informa\/psoe-y-podemos-bloquean-la-vuelta-del-lobo-a-la-condicion-de-especie-cinegetica-al-norte-del-duero","name":"PSOE y Podemos bloquean la vuelta del lobo a la condici\u00f3n de especie cineg\u00e9tica al norte del Duero - ASAJA Palencia","isPartOf":{"@id":"https:\/\/www.asajacyl.com\/palencia\/#website"},"primaryImageOfPage":{"@id":"https:\/\/www.asajacyl.com\/palencia\/asaja-palencia-informa\/psoe-y-podemos-bloquean-la-vuelta-del-lobo-a-la-condicion-de-especie-cinegetica-al-norte-del-duero#primaryimage"},"image":{"@id":"https:\/\/www.asajacyl.com\/palencia\/asaja-palencia-informa\/psoe-y-podemos-bloquean-la-vuelta-del-lobo-a-la-condicion-de-especie-cinegetica-al-norte-del-duero#primaryimage"},"thumbnailUrl":"https:\/\/www.asajacyl.com\/palencia\/wp-content\/uploads\/sites\/3\/2022\/04\/2ab6f5d6-b552-4d5b-b959-4750d972c958.jpg","datePublished":"2022-06-01T07:01:00+00:00","author":{"@id":"https:\/\/www.asajacyl.com\/palencia\/#\/schema\/person\/3ab17aeb03527485c317557fae64aab1"},"description":"El PSOE y Unidas Podemos han rechazado en el pleno del Congreso de los Diputados la proposici\u00f3n de ley presentada por el PP que aspiraba a devolver al","breadcrumb":{"@id":"https:\/\/www.asajacyl.com\/palencia\/asaja-palencia-informa\/psoe-y-podemos-bloquean-la-vuelta-del-lobo-a-la-condicion-de-especie-cinegetica-al-norte-del-duero#breadcrumb"},"inLanguage":"es","potentialAction":[{"@type":"ReadAction","target":["https:\/\/www.asajacyl.com\/palencia\/asaja-palencia-informa\/psoe-y-podemos-bloquean-la-vuelta-del-lobo-a-la-condicion-de-especie-cinegetica-al-norte-del-duero"]}]},{"@type":"ImageObject","inLanguage":"es","@id":"https:\/\/www.asajacyl.com\/palencia\/asaja-palencia-informa\/psoe-y-podemos-bloquean-la-vuelta-del-lobo-a-la-condicion-de-especie-cinegetica-al-norte-del-duero#primaryimage","url":"https:\/\/www.asajacyl.com\/palencia\/wp-content\/uploads\/sites\/3\/2022\/04\/2ab6f5d6-b552-4d5b-b959-4750d972c958.jpg","contentUrl":"https:\/\/www.asajacyl.com\/palencia\/wp-content\/uploads\/sites\/3\/2022\/04\/2ab6f5d6-b552-4d5b-b959-4750d972c958.jpg","width":1200,"height":1600},{"@type":"BreadcrumbList","@id":"https:\/\/www.asajacyl.com\/palencia\/asaja-palencia-informa\/psoe-y-podemos-bloquean-la-vuelta-del-lobo-a-la-condicion-de-especie-cinegetica-al-norte-del-duero#breadcrumb","itemListElement":[{"@type":"ListItem","position":1,"name":"Portada","item":"https:\/\/www.asajacyl.com\/palencia\/"},{"@type":"ListItem","position":2,"name":"PSOE y Podemos bloquean la vuelta del lobo a la condici\u00f3n de especie cineg\u00e9tica al norte del Duero"}]},{"@type":"WebSite","@id":"https:\/\/www.asajacyl.com\/palencia\/#website","url":"https:\/\/www.asajacyl.com\/palencia\/","name":"ASAJA Palencia","description":"Otro sitio m\u00e1s de Provincias ASAJA Castilla y Le\u00f3n","potentialAction":[{"@type":"SearchAction","target":{"@type":"EntryPoint","urlTemplate":"https:\/\/www.asajacyl.com\/palencia\/?s={search_term_string}"},"query-input":{"@type":"PropertyValueSpecification","valueRequired":true,"valueName":"search_term_string"}}],"inLanguage":"es"},{"@type":"Person","@id":"https:\/\/www.asajacyl.com\/palencia\/#\/schema\/person\/3ab17aeb03527485c317557fae64aab1","name":"Administrador","image":{"@type":"ImageObject","inLanguage":"es","@id":"https:\/\/www.asajacyl.com\/palencia\/#\/schema\/person\/image\/","url":"https:\/\/secure.gravatar.com\/avatar\/517384810d242ca9e38c180f3c9fb973?s=96&d=mm&r=g","contentUrl":"https:\/\/secure.gravatar.com\/avatar\/517384810d242ca9e38c180f3c9fb973?s=96&d=mm&r=g","caption":"Administrador"},"url":"https:\/\/www.asajacyl.com\/palencia\/author\/carlosrm"}]}},"_links":{"self":[{"href":"https:\/\/www.asajacyl.com\/palencia\/wp-json\/wp\/v2\/posts\/10582"}],"collection":[{"href":"https:\/\/www.asajacyl.com\/palencia\/wp-json\/wp\/v2\/posts"}],"about":[{"href":"https:\/\/www.asajacyl.com\/palencia\/wp-json\/wp\/v2\/types\/post"}],"author":[{"embeddable":true,"href":"https:\/\/www.asajacyl.com\/palencia\/wp-json\/wp\/v2\/users\/9"}],"replies":[{"embeddable":true,"href":"https:\/\/www.asajacyl.com\/palencia\/wp-json\/wp\/v2\/comments?post=10582"}],"version-history":[{"count":1,"href":"https:\/\/www.asajacyl.com\/palencia\/wp-json\/wp\/v2\/posts\/10582\/revisions"}],"predecessor-version":[{"id":10583,"href":"https:\/\/www.asajacyl.com\/palencia\/wp-json\/wp\/v2\/posts\/10582\/revisions\/10583"}],"wp:featuredmedia":[{"embeddable":true,"href":"https:\/\/www.asajacyl.com\/palencia\/wp-json\/wp\/v2\/media\/10267"}],"wp:attachment":[{"href":"https:\/\/www.asajacyl.com\/palencia\/wp-json\/wp\/v2\/media?parent=10582"}],"wp:term":[{"taxonomy":"category","embeddable":true,"href":"https:\/\/www.asajacyl.com\/palencia\/wp-json\/wp\/v2\/categories?post=10582"},{"taxonomy":"post_tag","embeddable":true,"href":"https:\/\/www.asajacyl.com\/palencia\/wp-json\/wp\/v2\/tags?post=10582"}],"curies":[{"name":"wp","href":"https:\/\/api.w.org\/{rel}","templated":true}]}}