{"id":10601,"date":"2022-06-02T12:13:10","date_gmt":"2022-06-02T10:13:10","guid":{"rendered":"https:\/\/www.asajacyl.com\/palencia\/?p=10601"},"modified":"2022-06-02T12:13:11","modified_gmt":"2022-06-02T10:13:11","slug":"asaja-nacional-estima-la-proxima-cosecha-en-155-millones-de-toneladas","status":"publish","type":"post","link":"https:\/\/www.asajacyl.com\/palencia\/asaja-palencia-informa\/asaja-nacional-estima-la-proxima-cosecha-en-155-millones-de-toneladas","title":{"rendered":"ASAJA-Nacional estima la pr\u00f3xima cosecha en 15,5 millones de toneladas"},"content":{"rendered":"\n<p>La Sectorial de Cereales de ASAJA, reunida en Madrid, ha analizado los datos de avance de campa\u00f1a y estima que la cosecha de cereales de invierno de este a\u00f1o sufrir\u00e1 una reducci\u00f3n del 21 %, es decir, 4,1 millones de toneladas menos respecto a los datos oficiales del pasado a\u00f1o.<\/p>\n\n\n\n<p>Las altas temperaturas y la ausencia de lluvias durante el mes de mayo han dado al traste con unas expectativas de cosecha que se consideraban muy buenas. Esto resulta especialmente preocupante para un pa\u00eds como el nuestro, deficitario en grano, si tenemos en cuenta el contexto internacional actual de falta de materias primas.<\/p>\n\n\n\n<p>Seg\u00fan los c\u00e1lculos de ASAJA, la cosecha de cereales se ver\u00e1 reducida en un 21% respecto a la cosecha de 2021. Por cultivos, se espera una producci\u00f3n de 5,3 millones de toneladas en trigo blando; 600.000 toneladas en trigo duro; 7,6 millones de toneladas en cebada; 1 mill\u00f3n de toneladas de avena; 300.000 toneladas de centeno y 600.000 toneladas de triticale.<\/p>\n\n\n\n<p>A excepci\u00f3n de la zona sur, los recortes de producci\u00f3n m\u00e1s significativos afectan al resto de zonas productoras y en l\u00edneas generalas se puede hablar de una campa\u00f1a de producci\u00f3n medio-baja, seg\u00fan zonas.<\/p>\n\n\n\n<p>El principal problema que han tenido los productores durante esta campa\u00f1a han sido los altos costes de producci\u00f3n como consecuencia del encarecimiento de los precios de la energ\u00eda, las semillas, los abonos y los productos fitosanitarios. Todo ello, ha elevado considerablemente los costes de producci\u00f3n hasta cotas nunca vistas. Incluso, la posibilidad, que con car\u00e1cter excepcional se ha abierto este a\u00f1o para realizar siembras en tierras de barbecho, no ha tenido la respuesta esperada ya que los costes de los inputs han echado para atr\u00e1s a muchos productores.<\/p>\n\n\n\n<p>A los da\u00f1os provocados por el calor y la falta de lluvias hay que a\u00f1adir cuantiosos da\u00f1os registrados como consecuencia de la fauna silvestre, conejos fundamentalmente aunque tambi\u00e9n corzos, ciervos, jabal\u00edes y palomas que han diezmado la cosecha y que est\u00e1n provocando el abandono del cultivo cerealista en algunas zonas.<\/p>\n\n\n\n<p>Otro problema detectado, un a\u00f1o m\u00e1s, por esta sectorial es el aumento de las plagas y enfermedades de los cultivos de invierno que no se pueden atajar con el uso de productos fitosanitarios, por la paulatina retirada de estas materias activas, y la prohibici\u00f3n de la quema controlada de rastrojos. Por ello, ASAJA reitera la imperiosa necesidad de que se autoricen esta \u00faltima, por parte de la Administraci\u00f3n como \u00fanica medida efectiva de control de plagas.<\/p>\n\n\n\n<p>Desde la sectorial de ASAJA, se advierte tanto a las autoridades nacionales como europeas que Espa\u00f1a necesita anualmente m\u00e1s de 36 millones de toneladas de cereales para atender nuestras necesidades de consumo (humano y animal) y que por tanto es necesaria una apuesta decidida, y con dotaci\u00f3n econ\u00f3mica suficiente, para rebajar nuestra dependencia exterior de grano y evitar posibles desabastecimientos, m\u00e1xime si tenemos en cuenta la situaci\u00f3n internacional de los mercados en estos momentos.<\/p>\n","protected":false},"excerpt":{"rendered":"<p>La Sectorial de Cereales de ASAJA, reunida en Madrid, ha analizado los datos de avance de campa\u00f1a y estima que la cosecha de cereales de invierno de este a\u00f1o sufrir\u00e1 una reducci\u00f3n del 21 %, es decir, 4,1 millones de toneladas menos respecto a los datos oficiales del pasado a\u00f1o. Las altas temperaturas y la [&hellip;]<\/p>\n","protected":false},"author":9,"featured_media":10602,"comment_status":"open","ping_status":"open","sticky":false,"template":"","format":"standard","meta":{"footnotes":""},"categories":[9,29,28],"tags":[],"yoast_head":"<!-- This site is optimized with the Yoast SEO plugin v24.5 - https:\/\/yoast.com\/wordpress\/plugins\/seo\/ -->\n<title>ASAJA-Nacional estima la pr\u00f3xima cosecha en 15,5 millones de toneladas - ASAJA Palencia<\/title>\n<meta name=\"description\" content=\"La Sectorial de Cereales de ASAJA, reunida en Madrid, ha analizado los datos de avance de campa\u00f1a y estima que la cosecha de cereales de invierno de este\" \/>\n<meta name=\"robots\" content=\"index, follow, max-snippet:-1, max-image-preview:large, max-video-preview:-1\" \/>\n<link rel=\"canonical\" href=\"https:\/\/www.asajacyl.com\/palencia\/asaja-palencia-informa\/asaja-nacional-estima-la-proxima-cosecha-en-155-millones-de-toneladas\" \/>\n<meta property=\"og:locale\" content=\"es_ES\" \/>\n<meta property=\"og:type\" content=\"article\" \/>\n<meta property=\"og:title\" content=\"ASAJA-Nacional estima la pr\u00f3xima cosecha en 15,5 millones de toneladas - ASAJA Palencia\" \/>\n<meta property=\"og:description\" content=\"La Sectorial de Cereales de ASAJA, reunida en Madrid, ha analizado los datos de avance de campa\u00f1a y estima que la cosecha de cereales de invierno de este\" \/>\n<meta property=\"og:url\" content=\"https:\/\/www.asajacyl.com\/palencia\/asaja-palencia-informa\/asaja-nacional-estima-la-proxima-cosecha-en-155-millones-de-toneladas\" \/>\n<meta property=\"og:site_name\" content=\"ASAJA Palencia\" \/>\n<meta property=\"article:published_time\" content=\"2022-06-02T10:13:10+00:00\" \/>\n<meta property=\"article:modified_time\" content=\"2022-06-02T10:13:11+00:00\" \/>\n<meta property=\"og:image\" content=\"https:\/\/www.asajacyl.com\/palencia\/wp-content\/uploads\/sites\/3\/2022\/06\/TRIGO.jpeg\" \/>\n\t<meta property=\"og:image:width\" content=\"640\" \/>\n\t<meta property=\"og:image:height\" content=\"480\" \/>\n\t<meta property=\"og:image:type\" content=\"image\/jpeg\" \/>\n<meta name=\"author\" content=\"Administrador\" \/>\n<meta name=\"twitter:card\" content=\"summary_large_image\" \/>\n<meta name=\"twitter:label1\" content=\"Escrito por\" \/>\n\t<meta name=\"twitter:data1\" content=\"Administrador\" \/>\n\t<meta name=\"twitter:label2\" content=\"Tiempo de lectura\" \/>\n\t<meta name=\"twitter:data2\" content=\"3 minutos\" \/>\n<script type=\"application\/ld+json\" class=\"yoast-schema-graph\">{\"@context\":\"https:\/\/schema.org\",\"@graph\":[{\"@type\":\"WebPage\",\"@id\":\"https:\/\/www.asajacyl.com\/palencia\/asaja-palencia-informa\/asaja-nacional-estima-la-proxima-cosecha-en-155-millones-de-toneladas\",\"url\":\"https:\/\/www.asajacyl.com\/palencia\/asaja-palencia-informa\/asaja-nacional-estima-la-proxima-cosecha-en-155-millones-de-toneladas\",\"name\":\"ASAJA-Nacional estima la pr\u00f3xima cosecha en 15,5 millones de toneladas - ASAJA Palencia\",\"isPartOf\":{\"@id\":\"https:\/\/www.asajacyl.com\/palencia\/#website\"},\"primaryImageOfPage\":{\"@id\":\"https:\/\/www.asajacyl.com\/palencia\/asaja-palencia-informa\/asaja-nacional-estima-la-proxima-cosecha-en-155-millones-de-toneladas#primaryimage\"},\"image\":{\"@id\":\"https:\/\/www.asajacyl.com\/palencia\/asaja-palencia-informa\/asaja-nacional-estima-la-proxima-cosecha-en-155-millones-de-toneladas#primaryimage\"},\"thumbnailUrl\":\"https:\/\/www.asajacyl.com\/palencia\/wp-content\/uploads\/sites\/3\/2022\/06\/TRIGO.jpeg\",\"datePublished\":\"2022-06-02T10:13:10+00:00\",\"dateModified\":\"2022-06-02T10:13:11+00:00\",\"author\":{\"@id\":\"https:\/\/www.asajacyl.com\/palencia\/#\/schema\/person\/3ab17aeb03527485c317557fae64aab1\"},\"description\":\"La Sectorial de Cereales de ASAJA, reunida en Madrid, ha analizado los datos de avance de campa\u00f1a y estima que la cosecha de cereales de invierno de este\",\"breadcrumb\":{\"@id\":\"https:\/\/www.asajacyl.com\/palencia\/asaja-palencia-informa\/asaja-nacional-estima-la-proxima-cosecha-en-155-millones-de-toneladas#breadcrumb\"},\"inLanguage\":\"es\",\"potentialAction\":[{\"@type\":\"ReadAction\",\"target\":[\"https:\/\/www.asajacyl.com\/palencia\/asaja-palencia-informa\/asaja-nacional-estima-la-proxima-cosecha-en-155-millones-de-toneladas\"]}]},{\"@type\":\"ImageObject\",\"inLanguage\":\"es\",\"@id\":\"https:\/\/www.asajacyl.com\/palencia\/asaja-palencia-informa\/asaja-nacional-estima-la-proxima-cosecha-en-155-millones-de-toneladas#primaryimage\",\"url\":\"https:\/\/www.asajacyl.com\/palencia\/wp-content\/uploads\/sites\/3\/2022\/06\/TRIGO.jpeg\",\"contentUrl\":\"https:\/\/www.asajacyl.com\/palencia\/wp-content\/uploads\/sites\/3\/2022\/06\/TRIGO.jpeg\",\"width\":640,\"height\":480},{\"@type\":\"BreadcrumbList\",\"@id\":\"https:\/\/www.asajacyl.com\/palencia\/asaja-palencia-informa\/asaja-nacional-estima-la-proxima-cosecha-en-155-millones-de-toneladas#breadcrumb\",\"itemListElement\":[{\"@type\":\"ListItem\",\"position\":1,\"name\":\"Portada\",\"item\":\"https:\/\/www.asajacyl.com\/palencia\/\"},{\"@type\":\"ListItem\",\"position\":2,\"name\":\"ASAJA-Nacional estima la pr\u00f3xima cosecha en 15,5 millones de toneladas\"}]},{\"@type\":\"WebSite\",\"@id\":\"https:\/\/www.asajacyl.com\/palencia\/#website\",\"url\":\"https:\/\/www.asajacyl.com\/palencia\/\",\"name\":\"ASAJA Palencia\",\"description\":\"Otro sitio m\u00e1s de Provincias ASAJA Castilla y Le\u00f3n\",\"potentialAction\":[{\"@type\":\"SearchAction\",\"target\":{\"@type\":\"EntryPoint\",\"urlTemplate\":\"https:\/\/www.asajacyl.com\/palencia\/?s={search_term_string}\"},\"query-input\":{\"@type\":\"PropertyValueSpecification\",\"valueRequired\":true,\"valueName\":\"search_term_string\"}}],\"inLanguage\":\"es\"},{\"@type\":\"Person\",\"@id\":\"https:\/\/www.asajacyl.com\/palencia\/#\/schema\/person\/3ab17aeb03527485c317557fae64aab1\",\"name\":\"Administrador\",\"image\":{\"@type\":\"ImageObject\",\"inLanguage\":\"es\",\"@id\":\"https:\/\/www.asajacyl.com\/palencia\/#\/schema\/person\/image\/\",\"url\":\"https:\/\/secure.gravatar.com\/avatar\/517384810d242ca9e38c180f3c9fb973?s=96&d=mm&r=g\",\"contentUrl\":\"https:\/\/secure.gravatar.com\/avatar\/517384810d242ca9e38c180f3c9fb973?s=96&d=mm&r=g\",\"caption\":\"Administrador\"},\"url\":\"https:\/\/www.asajacyl.com\/palencia\/author\/carlosrm\"}]}<\/script>\n<!-- \/ Yoast SEO plugin. -->","yoast_head_json":{"title":"ASAJA-Nacional estima la pr\u00f3xima cosecha en 15,5 millones de toneladas - ASAJA Palencia","description":"La Sectorial de Cereales de ASAJA, reunida en Madrid, ha analizado los datos de avance de campa\u00f1a y estima que la cosecha de cereales de invierno de este","robots":{"index":"index","follow":"follow","max-snippet":"max-snippet:-1","max-image-preview":"max-image-preview:large","max-video-preview":"max-video-preview:-1"},"canonical":"https:\/\/www.asajacyl.com\/palencia\/asaja-palencia-informa\/asaja-nacional-estima-la-proxima-cosecha-en-155-millones-de-toneladas","og_locale":"es_ES","og_type":"article","og_title":"ASAJA-Nacional estima la pr\u00f3xima cosecha en 15,5 millones de toneladas - ASAJA Palencia","og_description":"La Sectorial de Cereales de ASAJA, reunida en Madrid, ha analizado los datos de avance de campa\u00f1a y estima que la cosecha de cereales de invierno de este","og_url":"https:\/\/www.asajacyl.com\/palencia\/asaja-palencia-informa\/asaja-nacional-estima-la-proxima-cosecha-en-155-millones-de-toneladas","og_site_name":"ASAJA Palencia","article_published_time":"2022-06-02T10:13:10+00:00","article_modified_time":"2022-06-02T10:13:11+00:00","og_image":[{"width":640,"height":480,"url":"https:\/\/www.asajacyl.com\/palencia\/wp-content\/uploads\/sites\/3\/2022\/06\/TRIGO.jpeg","type":"image\/jpeg"}],"author":"Administrador","twitter_card":"summary_large_image","twitter_misc":{"Escrito por":"Administrador","Tiempo de lectura":"3 minutos"},"schema":{"@context":"https:\/\/schema.org","@graph":[{"@type":"WebPage","@id":"https:\/\/www.asajacyl.com\/palencia\/asaja-palencia-informa\/asaja-nacional-estima-la-proxima-cosecha-en-155-millones-de-toneladas","url":"https:\/\/www.asajacyl.com\/palencia\/asaja-palencia-informa\/asaja-nacional-estima-la-proxima-cosecha-en-155-millones-de-toneladas","name":"ASAJA-Nacional estima la pr\u00f3xima cosecha en 15,5 millones de toneladas - ASAJA Palencia","isPartOf":{"@id":"https:\/\/www.asajacyl.com\/palencia\/#website"},"primaryImageOfPage":{"@id":"https:\/\/www.asajacyl.com\/palencia\/asaja-palencia-informa\/asaja-nacional-estima-la-proxima-cosecha-en-155-millones-de-toneladas#primaryimage"},"image":{"@id":"https:\/\/www.asajacyl.com\/palencia\/asaja-palencia-informa\/asaja-nacional-estima-la-proxima-cosecha-en-155-millones-de-toneladas#primaryimage"},"thumbnailUrl":"https:\/\/www.asajacyl.com\/palencia\/wp-content\/uploads\/sites\/3\/2022\/06\/TRIGO.jpeg","datePublished":"2022-06-02T10:13:10+00:00","dateModified":"2022-06-02T10:13:11+00:00","author":{"@id":"https:\/\/www.asajacyl.com\/palencia\/#\/schema\/person\/3ab17aeb03527485c317557fae64aab1"},"description":"La Sectorial de Cereales de ASAJA, reunida en Madrid, ha analizado los datos de avance de campa\u00f1a y estima que la cosecha de cereales de invierno de este","breadcrumb":{"@id":"https:\/\/www.asajacyl.com\/palencia\/asaja-palencia-informa\/asaja-nacional-estima-la-proxima-cosecha-en-155-millones-de-toneladas#breadcrumb"},"inLanguage":"es","potentialAction":[{"@type":"ReadAction","target":["https:\/\/www.asajacyl.com\/palencia\/asaja-palencia-informa\/asaja-nacional-estima-la-proxima-cosecha-en-155-millones-de-toneladas"]}]},{"@type":"ImageObject","inLanguage":"es","@id":"https:\/\/www.asajacyl.com\/palencia\/asaja-palencia-informa\/asaja-nacional-estima-la-proxima-cosecha-en-155-millones-de-toneladas#primaryimage","url":"https:\/\/www.asajacyl.com\/palencia\/wp-content\/uploads\/sites\/3\/2022\/06\/TRIGO.jpeg","contentUrl":"https:\/\/www.asajacyl.com\/palencia\/wp-content\/uploads\/sites\/3\/2022\/06\/TRIGO.jpeg","width":640,"height":480},{"@type":"BreadcrumbList","@id":"https:\/\/www.asajacyl.com\/palencia\/asaja-palencia-informa\/asaja-nacional-estima-la-proxima-cosecha-en-155-millones-de-toneladas#breadcrumb","itemListElement":[{"@type":"ListItem","position":1,"name":"Portada","item":"https:\/\/www.asajacyl.com\/palencia\/"},{"@type":"ListItem","position":2,"name":"ASAJA-Nacional estima la pr\u00f3xima cosecha en 15,5 millones de toneladas"}]},{"@type":"WebSite","@id":"https:\/\/www.asajacyl.com\/palencia\/#website","url":"https:\/\/www.asajacyl.com\/palencia\/","name":"ASAJA Palencia","description":"Otro sitio m\u00e1s de Provincias ASAJA Castilla y Le\u00f3n","potentialAction":[{"@type":"SearchAction","target":{"@type":"EntryPoint","urlTemplate":"https:\/\/www.asajacyl.com\/palencia\/?s={search_term_string}"},"query-input":{"@type":"PropertyValueSpecification","valueRequired":true,"valueName":"search_term_string"}}],"inLanguage":"es"},{"@type":"Person","@id":"https:\/\/www.asajacyl.com\/palencia\/#\/schema\/person\/3ab17aeb03527485c317557fae64aab1","name":"Administrador","image":{"@type":"ImageObject","inLanguage":"es","@id":"https:\/\/www.asajacyl.com\/palencia\/#\/schema\/person\/image\/","url":"https:\/\/secure.gravatar.com\/avatar\/517384810d242ca9e38c180f3c9fb973?s=96&d=mm&r=g","contentUrl":"https:\/\/secure.gravatar.com\/avatar\/517384810d242ca9e38c180f3c9fb973?s=96&d=mm&r=g","caption":"Administrador"},"url":"https:\/\/www.asajacyl.com\/palencia\/author\/carlosrm"}]}},"_links":{"self":[{"href":"https:\/\/www.asajacyl.com\/palencia\/wp-json\/wp\/v2\/posts\/10601"}],"collection":[{"href":"https:\/\/www.asajacyl.com\/palencia\/wp-json\/wp\/v2\/posts"}],"about":[{"href":"https:\/\/www.asajacyl.com\/palencia\/wp-json\/wp\/v2\/types\/post"}],"author":[{"embeddable":true,"href":"https:\/\/www.asajacyl.com\/palencia\/wp-json\/wp\/v2\/users\/9"}],"replies":[{"embeddable":true,"href":"https:\/\/www.asajacyl.com\/palencia\/wp-json\/wp\/v2\/comments?post=10601"}],"version-history":[{"count":1,"href":"https:\/\/www.asajacyl.com\/palencia\/wp-json\/wp\/v2\/posts\/10601\/revisions"}],"predecessor-version":[{"id":10603,"href":"https:\/\/www.asajacyl.com\/palencia\/wp-json\/wp\/v2\/posts\/10601\/revisions\/10603"}],"wp:featuredmedia":[{"embeddable":true,"href":"https:\/\/www.asajacyl.com\/palencia\/wp-json\/wp\/v2\/media\/10602"}],"wp:attachment":[{"href":"https:\/\/www.asajacyl.com\/palencia\/wp-json\/wp\/v2\/media?parent=10601"}],"wp:term":[{"taxonomy":"category","embeddable":true,"href":"https:\/\/www.asajacyl.com\/palencia\/wp-json\/wp\/v2\/categories?post=10601"},{"taxonomy":"post_tag","embeddable":true,"href":"https:\/\/www.asajacyl.com\/palencia\/wp-json\/wp\/v2\/tags?post=10601"}],"curies":[{"name":"wp","href":"https:\/\/api.w.org\/{rel}","templated":true}]}}