{"id":10606,"date":"2022-06-03T07:36:00","date_gmt":"2022-06-03T05:36:00","guid":{"rendered":"https:\/\/www.asajacyl.com\/palencia\/?p=10606"},"modified":"2022-06-03T07:39:54","modified_gmt":"2022-06-03T05:39:54","slug":"se-inicia-el-pago-de-la-ayudas-a-productores-de-leche-por-la-guerra-de-ucrania","status":"publish","type":"post","link":"https:\/\/www.asajacyl.com\/palencia\/asaja-palencia-informa\/se-inicia-el-pago-de-la-ayudas-a-productores-de-leche-por-la-guerra-de-ucrania","title":{"rendered":"Se inicia el pago de la ayudas a productores de leche por la guerra de Ucrania"},"content":{"rendered":"\n<p>Esta semana se ha realizado el pago de 159,3 millones de euros de ayudas a los productores de leche para compensar los efectos negativos de la guerra en Ucrania.<\/p>\n\n\n\n<p>Son beneficiarios de esta ayuda 18.797 productores de leche de vacuno, caprino y ovino. El Ministro Luis Planas ha se\u00f1alado que el abono de estas ayudas \u201ces el cumplimiento de un compromiso que aprob\u00f3 el Gobierno y un apoyo para un sector que lo necesita por su vulnerabilidad e importancia en el sector agroalimentario\u201d. Ha reiterado que se trata de una medida excepcional para una situaci\u00f3n excepcional y que fue adoptada con urgencia.<\/p>\n\n\n\n<p>Adem\u00e1s se ha publicado una nueva resoluci\u00f3n de subsanaci\u00f3n para que aquellos titulares a los que a\u00fan no se les ha realizado el pago por haberse detectado que no est\u00e1n al corriente de sus pagos con la Agencia Tributaria o con la Seguridad Social, debiendo regularizar su situaci\u00f3n con estos organismos como condici\u00f3n necesaria para recibir esta ayuda. Tambi\u00e9n hay casos donde se ha solicitado el cambio de cuenta bancaria y se han paralizado esos pagos hasta contar con el certificado de cuenta.<\/p>\n\n\n\n<p>Aquellos ganaderos que no hayan percibido la ayuda pueden ponerse en contacto con las oficinas de ASAJA para estudiar el caso y ver la posible soluci\u00f3n.<\/p>\n","protected":false},"excerpt":{"rendered":"<p>Esta semana se ha realizado el pago de 159,3 millones de euros de ayudas a los productores de leche para compensar los efectos negativos de la guerra en Ucrania. Son beneficiarios de esta ayuda 18.797 productores de leche de vacuno, caprino y ovino. El Ministro Luis Planas ha se\u00f1alado que el abono de estas ayudas [&hellip;]<\/p>\n","protected":false},"author":9,"featured_media":1060,"comment_status":"open","ping_status":"open","sticky":false,"template":"","format":"standard","meta":{"footnotes":""},"categories":[9,29,28],"tags":[],"yoast_head":"<!-- This site is optimized with the Yoast SEO plugin v24.5 - https:\/\/yoast.com\/wordpress\/plugins\/seo\/ -->\n<title>Se inicia el pago de la ayudas a productores de leche por la guerra de Ucrania - ASAJA Palencia<\/title>\n<meta name=\"description\" content=\"Esta semana se ha realizado el pago de 159,3 millones de euros de ayudas a los productores de leche para compensar los efectos negativos de la guerra en\" \/>\n<meta name=\"robots\" content=\"index, follow, max-snippet:-1, max-image-preview:large, max-video-preview:-1\" \/>\n<link rel=\"canonical\" href=\"https:\/\/www.asajacyl.com\/palencia\/asaja-palencia-informa\/se-inicia-el-pago-de-la-ayudas-a-productores-de-leche-por-la-guerra-de-ucrania\" \/>\n<meta property=\"og:locale\" content=\"es_ES\" \/>\n<meta property=\"og:type\" content=\"article\" \/>\n<meta property=\"og:title\" content=\"Se inicia el pago de la ayudas a productores de leche por la guerra de Ucrania - ASAJA Palencia\" \/>\n<meta property=\"og:description\" content=\"Esta semana se ha realizado el pago de 159,3 millones de euros de ayudas a los productores de leche para compensar los efectos negativos de la guerra en\" \/>\n<meta property=\"og:url\" content=\"https:\/\/www.asajacyl.com\/palencia\/asaja-palencia-informa\/se-inicia-el-pago-de-la-ayudas-a-productores-de-leche-por-la-guerra-de-ucrania\" \/>\n<meta property=\"og:site_name\" content=\"ASAJA Palencia\" \/>\n<meta property=\"article:published_time\" content=\"2022-06-03T05:36:00+00:00\" \/>\n<meta property=\"article:modified_time\" content=\"2022-06-03T05:39:54+00:00\" \/>\n<meta property=\"og:image\" content=\"https:\/\/www.asajacyl.com\/palencia\/wp-content\/uploads\/sites\/3\/2017\/11\/recurso-vacuno-leche.jpg\" \/>\n\t<meta property=\"og:image:width\" content=\"1920\" \/>\n\t<meta property=\"og:image:height\" content=\"1080\" \/>\n\t<meta property=\"og:image:type\" content=\"image\/jpeg\" \/>\n<meta name=\"author\" content=\"Administrador\" \/>\n<meta name=\"twitter:card\" content=\"summary_large_image\" \/>\n<meta name=\"twitter:label1\" content=\"Escrito por\" \/>\n\t<meta name=\"twitter:data1\" content=\"Administrador\" \/>\n\t<meta name=\"twitter:label2\" content=\"Tiempo de lectura\" \/>\n\t<meta name=\"twitter:data2\" content=\"1 minuto\" \/>\n<script type=\"application\/ld+json\" class=\"yoast-schema-graph\">{\"@context\":\"https:\/\/schema.org\",\"@graph\":[{\"@type\":\"WebPage\",\"@id\":\"https:\/\/www.asajacyl.com\/palencia\/asaja-palencia-informa\/se-inicia-el-pago-de-la-ayudas-a-productores-de-leche-por-la-guerra-de-ucrania\",\"url\":\"https:\/\/www.asajacyl.com\/palencia\/asaja-palencia-informa\/se-inicia-el-pago-de-la-ayudas-a-productores-de-leche-por-la-guerra-de-ucrania\",\"name\":\"Se inicia el pago de la ayudas a productores de leche por la guerra de Ucrania - ASAJA Palencia\",\"isPartOf\":{\"@id\":\"https:\/\/www.asajacyl.com\/palencia\/#website\"},\"primaryImageOfPage\":{\"@id\":\"https:\/\/www.asajacyl.com\/palencia\/asaja-palencia-informa\/se-inicia-el-pago-de-la-ayudas-a-productores-de-leche-por-la-guerra-de-ucrania#primaryimage\"},\"image\":{\"@id\":\"https:\/\/www.asajacyl.com\/palencia\/asaja-palencia-informa\/se-inicia-el-pago-de-la-ayudas-a-productores-de-leche-por-la-guerra-de-ucrania#primaryimage\"},\"thumbnailUrl\":\"https:\/\/www.asajacyl.com\/palencia\/wp-content\/uploads\/sites\/3\/2017\/11\/recurso-vacuno-leche.jpg\",\"datePublished\":\"2022-06-03T05:36:00+00:00\",\"dateModified\":\"2022-06-03T05:39:54+00:00\",\"author\":{\"@id\":\"https:\/\/www.asajacyl.com\/palencia\/#\/schema\/person\/3ab17aeb03527485c317557fae64aab1\"},\"description\":\"Esta semana se ha realizado el pago de 159,3 millones de euros de ayudas a los productores de leche para compensar los efectos negativos de la guerra en\",\"breadcrumb\":{\"@id\":\"https:\/\/www.asajacyl.com\/palencia\/asaja-palencia-informa\/se-inicia-el-pago-de-la-ayudas-a-productores-de-leche-por-la-guerra-de-ucrania#breadcrumb\"},\"inLanguage\":\"es\",\"potentialAction\":[{\"@type\":\"ReadAction\",\"target\":[\"https:\/\/www.asajacyl.com\/palencia\/asaja-palencia-informa\/se-inicia-el-pago-de-la-ayudas-a-productores-de-leche-por-la-guerra-de-ucrania\"]}]},{\"@type\":\"ImageObject\",\"inLanguage\":\"es\",\"@id\":\"https:\/\/www.asajacyl.com\/palencia\/asaja-palencia-informa\/se-inicia-el-pago-de-la-ayudas-a-productores-de-leche-por-la-guerra-de-ucrania#primaryimage\",\"url\":\"https:\/\/www.asajacyl.com\/palencia\/wp-content\/uploads\/sites\/3\/2017\/11\/recurso-vacuno-leche.jpg\",\"contentUrl\":\"https:\/\/www.asajacyl.com\/palencia\/wp-content\/uploads\/sites\/3\/2017\/11\/recurso-vacuno-leche.jpg\",\"width\":1920,\"height\":1080,\"caption\":\"Vacuno leche\"},{\"@type\":\"BreadcrumbList\",\"@id\":\"https:\/\/www.asajacyl.com\/palencia\/asaja-palencia-informa\/se-inicia-el-pago-de-la-ayudas-a-productores-de-leche-por-la-guerra-de-ucrania#breadcrumb\",\"itemListElement\":[{\"@type\":\"ListItem\",\"position\":1,\"name\":\"Portada\",\"item\":\"https:\/\/www.asajacyl.com\/palencia\/\"},{\"@type\":\"ListItem\",\"position\":2,\"name\":\"Se inicia el pago de la ayudas a productores de leche por la guerra de Ucrania\"}]},{\"@type\":\"WebSite\",\"@id\":\"https:\/\/www.asajacyl.com\/palencia\/#website\",\"url\":\"https:\/\/www.asajacyl.com\/palencia\/\",\"name\":\"ASAJA Palencia\",\"description\":\"Otro sitio m\u00e1s de Provincias ASAJA Castilla y Le\u00f3n\",\"potentialAction\":[{\"@type\":\"SearchAction\",\"target\":{\"@type\":\"EntryPoint\",\"urlTemplate\":\"https:\/\/www.asajacyl.com\/palencia\/?s={search_term_string}\"},\"query-input\":{\"@type\":\"PropertyValueSpecification\",\"valueRequired\":true,\"valueName\":\"search_term_string\"}}],\"inLanguage\":\"es\"},{\"@type\":\"Person\",\"@id\":\"https:\/\/www.asajacyl.com\/palencia\/#\/schema\/person\/3ab17aeb03527485c317557fae64aab1\",\"name\":\"Administrador\",\"image\":{\"@type\":\"ImageObject\",\"inLanguage\":\"es\",\"@id\":\"https:\/\/www.asajacyl.com\/palencia\/#\/schema\/person\/image\/\",\"url\":\"https:\/\/secure.gravatar.com\/avatar\/517384810d242ca9e38c180f3c9fb973?s=96&d=mm&r=g\",\"contentUrl\":\"https:\/\/secure.gravatar.com\/avatar\/517384810d242ca9e38c180f3c9fb973?s=96&d=mm&r=g\",\"caption\":\"Administrador\"},\"url\":\"https:\/\/www.asajacyl.com\/palencia\/author\/carlosrm\"}]}<\/script>\n<!-- \/ Yoast SEO plugin. -->","yoast_head_json":{"title":"Se inicia el pago de la ayudas a productores de leche por la guerra de Ucrania - ASAJA Palencia","description":"Esta semana se ha realizado el pago de 159,3 millones de euros de ayudas a los productores de leche para compensar los efectos negativos de la guerra en","robots":{"index":"index","follow":"follow","max-snippet":"max-snippet:-1","max-image-preview":"max-image-preview:large","max-video-preview":"max-video-preview:-1"},"canonical":"https:\/\/www.asajacyl.com\/palencia\/asaja-palencia-informa\/se-inicia-el-pago-de-la-ayudas-a-productores-de-leche-por-la-guerra-de-ucrania","og_locale":"es_ES","og_type":"article","og_title":"Se inicia el pago de la ayudas a productores de leche por la guerra de Ucrania - ASAJA Palencia","og_description":"Esta semana se ha realizado el pago de 159,3 millones de euros de ayudas a los productores de leche para compensar los efectos negativos de la guerra en","og_url":"https:\/\/www.asajacyl.com\/palencia\/asaja-palencia-informa\/se-inicia-el-pago-de-la-ayudas-a-productores-de-leche-por-la-guerra-de-ucrania","og_site_name":"ASAJA Palencia","article_published_time":"2022-06-03T05:36:00+00:00","article_modified_time":"2022-06-03T05:39:54+00:00","og_image":[{"width":1920,"height":1080,"url":"https:\/\/www.asajacyl.com\/palencia\/wp-content\/uploads\/sites\/3\/2017\/11\/recurso-vacuno-leche.jpg","type":"image\/jpeg"}],"author":"Administrador","twitter_card":"summary_large_image","twitter_misc":{"Escrito por":"Administrador","Tiempo de lectura":"1 minuto"},"schema":{"@context":"https:\/\/schema.org","@graph":[{"@type":"WebPage","@id":"https:\/\/www.asajacyl.com\/palencia\/asaja-palencia-informa\/se-inicia-el-pago-de-la-ayudas-a-productores-de-leche-por-la-guerra-de-ucrania","url":"https:\/\/www.asajacyl.com\/palencia\/asaja-palencia-informa\/se-inicia-el-pago-de-la-ayudas-a-productores-de-leche-por-la-guerra-de-ucrania","name":"Se inicia el pago de la ayudas a productores de leche por la guerra de Ucrania - ASAJA Palencia","isPartOf":{"@id":"https:\/\/www.asajacyl.com\/palencia\/#website"},"primaryImageOfPage":{"@id":"https:\/\/www.asajacyl.com\/palencia\/asaja-palencia-informa\/se-inicia-el-pago-de-la-ayudas-a-productores-de-leche-por-la-guerra-de-ucrania#primaryimage"},"image":{"@id":"https:\/\/www.asajacyl.com\/palencia\/asaja-palencia-informa\/se-inicia-el-pago-de-la-ayudas-a-productores-de-leche-por-la-guerra-de-ucrania#primaryimage"},"thumbnailUrl":"https:\/\/www.asajacyl.com\/palencia\/wp-content\/uploads\/sites\/3\/2017\/11\/recurso-vacuno-leche.jpg","datePublished":"2022-06-03T05:36:00+00:00","dateModified":"2022-06-03T05:39:54+00:00","author":{"@id":"https:\/\/www.asajacyl.com\/palencia\/#\/schema\/person\/3ab17aeb03527485c317557fae64aab1"},"description":"Esta semana se ha realizado el pago de 159,3 millones de euros de ayudas a los productores de leche para compensar los efectos negativos de la guerra en","breadcrumb":{"@id":"https:\/\/www.asajacyl.com\/palencia\/asaja-palencia-informa\/se-inicia-el-pago-de-la-ayudas-a-productores-de-leche-por-la-guerra-de-ucrania#breadcrumb"},"inLanguage":"es","potentialAction":[{"@type":"ReadAction","target":["https:\/\/www.asajacyl.com\/palencia\/asaja-palencia-informa\/se-inicia-el-pago-de-la-ayudas-a-productores-de-leche-por-la-guerra-de-ucrania"]}]},{"@type":"ImageObject","inLanguage":"es","@id":"https:\/\/www.asajacyl.com\/palencia\/asaja-palencia-informa\/se-inicia-el-pago-de-la-ayudas-a-productores-de-leche-por-la-guerra-de-ucrania#primaryimage","url":"https:\/\/www.asajacyl.com\/palencia\/wp-content\/uploads\/sites\/3\/2017\/11\/recurso-vacuno-leche.jpg","contentUrl":"https:\/\/www.asajacyl.com\/palencia\/wp-content\/uploads\/sites\/3\/2017\/11\/recurso-vacuno-leche.jpg","width":1920,"height":1080,"caption":"Vacuno leche"},{"@type":"BreadcrumbList","@id":"https:\/\/www.asajacyl.com\/palencia\/asaja-palencia-informa\/se-inicia-el-pago-de-la-ayudas-a-productores-de-leche-por-la-guerra-de-ucrania#breadcrumb","itemListElement":[{"@type":"ListItem","position":1,"name":"Portada","item":"https:\/\/www.asajacyl.com\/palencia\/"},{"@type":"ListItem","position":2,"name":"Se inicia el pago de la ayudas a productores de leche por la guerra de Ucrania"}]},{"@type":"WebSite","@id":"https:\/\/www.asajacyl.com\/palencia\/#website","url":"https:\/\/www.asajacyl.com\/palencia\/","name":"ASAJA Palencia","description":"Otro sitio m\u00e1s de Provincias ASAJA Castilla y Le\u00f3n","potentialAction":[{"@type":"SearchAction","target":{"@type":"EntryPoint","urlTemplate":"https:\/\/www.asajacyl.com\/palencia\/?s={search_term_string}"},"query-input":{"@type":"PropertyValueSpecification","valueRequired":true,"valueName":"search_term_string"}}],"inLanguage":"es"},{"@type":"Person","@id":"https:\/\/www.asajacyl.com\/palencia\/#\/schema\/person\/3ab17aeb03527485c317557fae64aab1","name":"Administrador","image":{"@type":"ImageObject","inLanguage":"es","@id":"https:\/\/www.asajacyl.com\/palencia\/#\/schema\/person\/image\/","url":"https:\/\/secure.gravatar.com\/avatar\/517384810d242ca9e38c180f3c9fb973?s=96&d=mm&r=g","contentUrl":"https:\/\/secure.gravatar.com\/avatar\/517384810d242ca9e38c180f3c9fb973?s=96&d=mm&r=g","caption":"Administrador"},"url":"https:\/\/www.asajacyl.com\/palencia\/author\/carlosrm"}]}},"_links":{"self":[{"href":"https:\/\/www.asajacyl.com\/palencia\/wp-json\/wp\/v2\/posts\/10606"}],"collection":[{"href":"https:\/\/www.asajacyl.com\/palencia\/wp-json\/wp\/v2\/posts"}],"about":[{"href":"https:\/\/www.asajacyl.com\/palencia\/wp-json\/wp\/v2\/types\/post"}],"author":[{"embeddable":true,"href":"https:\/\/www.asajacyl.com\/palencia\/wp-json\/wp\/v2\/users\/9"}],"replies":[{"embeddable":true,"href":"https:\/\/www.asajacyl.com\/palencia\/wp-json\/wp\/v2\/comments?post=10606"}],"version-history":[{"count":1,"href":"https:\/\/www.asajacyl.com\/palencia\/wp-json\/wp\/v2\/posts\/10606\/revisions"}],"predecessor-version":[{"id":10607,"href":"https:\/\/www.asajacyl.com\/palencia\/wp-json\/wp\/v2\/posts\/10606\/revisions\/10607"}],"wp:featuredmedia":[{"embeddable":true,"href":"https:\/\/www.asajacyl.com\/palencia\/wp-json\/wp\/v2\/media\/1060"}],"wp:attachment":[{"href":"https:\/\/www.asajacyl.com\/palencia\/wp-json\/wp\/v2\/media?parent=10606"}],"wp:term":[{"taxonomy":"category","embeddable":true,"href":"https:\/\/www.asajacyl.com\/palencia\/wp-json\/wp\/v2\/categories?post=10606"},{"taxonomy":"post_tag","embeddable":true,"href":"https:\/\/www.asajacyl.com\/palencia\/wp-json\/wp\/v2\/tags?post=10606"}],"curies":[{"name":"wp","href":"https:\/\/api.w.org\/{rel}","templated":true}]}}