{"id":10611,"date":"2022-06-07T07:54:00","date_gmt":"2022-06-07T05:54:00","guid":{"rendered":"https:\/\/www.asajacyl.com\/palencia\/?p=10611"},"modified":"2022-06-08T10:32:51","modified_gmt":"2022-06-08T08:32:51","slug":"731-ganaderias-menos-de-vacuno-de-leche-en-el-ultimo-ano","status":"publish","type":"post","link":"https:\/\/www.asajacyl.com\/palencia\/asaja-palencia-informa\/731-ganaderias-menos-de-vacuno-de-leche-en-el-ultimo-ano","title":{"rendered":"731 ganader\u00edas menos de vacuno de leche en Espa\u00f1a en el \u00faltimo a\u00f1o"},"content":{"rendered":"\n<p>En el \u00faltimo a\u00f1o en Espa\u00f1a se han perdido 731 ganader\u00edas de vacuno de leche. Esto es consecuencia de la crisis de precios en que se encuentra sumido este sector, agravado por el aumento de los costes de la alimentaci\u00f3n animal, combustibles, energ\u00eda el\u00e9ctrica y medicamentos. Todo ello se traduce en una bajada importante en la producci\u00f3n en el mes de abril, concretamente un 2,3% menos que en marzo del mismo a\u00f1o, que directamente incide en la subida de precios de la leche.<\/p>\n\n\n\n<p>En el mes de abril la leche se ha pagado de media a 42 c\u00e9ntimos el litro, que supone una subida de 3,7 c\u00e9ntimos. Aun as\u00ed el incremento del precio de la leche no llega a cubrir el aumento de los costes de producci\u00f3n, con lo cual los ganaderos seguir\u00e1n abandonando por el quebranto econ\u00f3mico que supone esta situaci\u00f3n.<\/p>\n","protected":false},"excerpt":{"rendered":"<p>En el \u00faltimo a\u00f1o en Espa\u00f1a se han perdido 731 ganader\u00edas de vacuno de leche. Esto es consecuencia de la crisis de precios en que se encuentra sumido este sector, agravado por el aumento de los costes de la alimentaci\u00f3n animal, combustibles, energ\u00eda el\u00e9ctrica y medicamentos. Todo ello se traduce en una bajada importante en [&hellip;]<\/p>\n","protected":false},"author":9,"featured_media":6101,"comment_status":"open","ping_status":"open","sticky":false,"template":"","format":"standard","meta":{"footnotes":""},"categories":[9,29,28],"tags":[],"yoast_head":"<!-- This site is optimized with the Yoast SEO plugin v24.5 - https:\/\/yoast.com\/wordpress\/plugins\/seo\/ -->\n<title>731 ganader\u00edas menos de vacuno de leche en Espa\u00f1a en el \u00faltimo a\u00f1o - ASAJA Palencia<\/title>\n<meta name=\"description\" content=\"En el \u00faltimo a\u00f1o en Espa\u00f1a se han perdido 731 ganader\u00edas de vacuno de leche. Esto es consecuencia de la crisis de precios en que se encuentra sumido este\" \/>\n<meta name=\"robots\" content=\"index, follow, max-snippet:-1, max-image-preview:large, max-video-preview:-1\" \/>\n<link rel=\"canonical\" href=\"https:\/\/www.asajacyl.com\/palencia\/asaja-palencia-informa\/731-ganaderias-menos-de-vacuno-de-leche-en-el-ultimo-ano\" \/>\n<meta property=\"og:locale\" content=\"es_ES\" \/>\n<meta property=\"og:type\" content=\"article\" \/>\n<meta property=\"og:title\" content=\"731 ganader\u00edas menos de vacuno de leche en Espa\u00f1a en el \u00faltimo a\u00f1o - ASAJA Palencia\" \/>\n<meta property=\"og:description\" content=\"En el \u00faltimo a\u00f1o en Espa\u00f1a se han perdido 731 ganader\u00edas de vacuno de leche. Esto es consecuencia de la crisis de precios en que se encuentra sumido este\" \/>\n<meta property=\"og:url\" content=\"https:\/\/www.asajacyl.com\/palencia\/asaja-palencia-informa\/731-ganaderias-menos-de-vacuno-de-leche-en-el-ultimo-ano\" \/>\n<meta property=\"og:site_name\" content=\"ASAJA Palencia\" \/>\n<meta property=\"article:published_time\" content=\"2022-06-07T05:54:00+00:00\" \/>\n<meta property=\"article:modified_time\" content=\"2022-06-08T08:32:51+00:00\" \/>\n<meta property=\"og:image\" content=\"https:\/\/www.asajacyl.com\/palencia\/wp-content\/uploads\/sites\/3\/2019\/04\/vaca.jpg\" \/>\n\t<meta property=\"og:image:width\" content=\"1220\" \/>\n\t<meta property=\"og:image:height\" content=\"592\" \/>\n\t<meta property=\"og:image:type\" content=\"image\/jpeg\" \/>\n<meta name=\"author\" content=\"Administrador\" \/>\n<meta name=\"twitter:card\" content=\"summary_large_image\" \/>\n<meta name=\"twitter:label1\" content=\"Escrito por\" \/>\n\t<meta name=\"twitter:data1\" content=\"Administrador\" \/>\n\t<meta name=\"twitter:label2\" content=\"Tiempo de lectura\" \/>\n\t<meta name=\"twitter:data2\" content=\"1 minuto\" \/>\n<script type=\"application\/ld+json\" class=\"yoast-schema-graph\">{\"@context\":\"https:\/\/schema.org\",\"@graph\":[{\"@type\":\"WebPage\",\"@id\":\"https:\/\/www.asajacyl.com\/palencia\/asaja-palencia-informa\/731-ganaderias-menos-de-vacuno-de-leche-en-el-ultimo-ano\",\"url\":\"https:\/\/www.asajacyl.com\/palencia\/asaja-palencia-informa\/731-ganaderias-menos-de-vacuno-de-leche-en-el-ultimo-ano\",\"name\":\"731 ganader\u00edas menos de vacuno de leche en Espa\u00f1a en el \u00faltimo a\u00f1o - ASAJA Palencia\",\"isPartOf\":{\"@id\":\"https:\/\/www.asajacyl.com\/palencia\/#website\"},\"primaryImageOfPage\":{\"@id\":\"https:\/\/www.asajacyl.com\/palencia\/asaja-palencia-informa\/731-ganaderias-menos-de-vacuno-de-leche-en-el-ultimo-ano#primaryimage\"},\"image\":{\"@id\":\"https:\/\/www.asajacyl.com\/palencia\/asaja-palencia-informa\/731-ganaderias-menos-de-vacuno-de-leche-en-el-ultimo-ano#primaryimage\"},\"thumbnailUrl\":\"https:\/\/www.asajacyl.com\/palencia\/wp-content\/uploads\/sites\/3\/2019\/04\/vaca.jpg\",\"datePublished\":\"2022-06-07T05:54:00+00:00\",\"dateModified\":\"2022-06-08T08:32:51+00:00\",\"author\":{\"@id\":\"https:\/\/www.asajacyl.com\/palencia\/#\/schema\/person\/3ab17aeb03527485c317557fae64aab1\"},\"description\":\"En el \u00faltimo a\u00f1o en Espa\u00f1a se han perdido 731 ganader\u00edas de vacuno de leche. Esto es consecuencia de la crisis de precios en que se encuentra sumido este\",\"breadcrumb\":{\"@id\":\"https:\/\/www.asajacyl.com\/palencia\/asaja-palencia-informa\/731-ganaderias-menos-de-vacuno-de-leche-en-el-ultimo-ano#breadcrumb\"},\"inLanguage\":\"es\",\"potentialAction\":[{\"@type\":\"ReadAction\",\"target\":[\"https:\/\/www.asajacyl.com\/palencia\/asaja-palencia-informa\/731-ganaderias-menos-de-vacuno-de-leche-en-el-ultimo-ano\"]}]},{\"@type\":\"ImageObject\",\"inLanguage\":\"es\",\"@id\":\"https:\/\/www.asajacyl.com\/palencia\/asaja-palencia-informa\/731-ganaderias-menos-de-vacuno-de-leche-en-el-ultimo-ano#primaryimage\",\"url\":\"https:\/\/www.asajacyl.com\/palencia\/wp-content\/uploads\/sites\/3\/2019\/04\/vaca.jpg\",\"contentUrl\":\"https:\/\/www.asajacyl.com\/palencia\/wp-content\/uploads\/sites\/3\/2019\/04\/vaca.jpg\",\"width\":1220,\"height\":592},{\"@type\":\"BreadcrumbList\",\"@id\":\"https:\/\/www.asajacyl.com\/palencia\/asaja-palencia-informa\/731-ganaderias-menos-de-vacuno-de-leche-en-el-ultimo-ano#breadcrumb\",\"itemListElement\":[{\"@type\":\"ListItem\",\"position\":1,\"name\":\"Portada\",\"item\":\"https:\/\/www.asajacyl.com\/palencia\/\"},{\"@type\":\"ListItem\",\"position\":2,\"name\":\"731 ganader\u00edas menos de vacuno de leche en Espa\u00f1a en el \u00faltimo a\u00f1o\"}]},{\"@type\":\"WebSite\",\"@id\":\"https:\/\/www.asajacyl.com\/palencia\/#website\",\"url\":\"https:\/\/www.asajacyl.com\/palencia\/\",\"name\":\"ASAJA Palencia\",\"description\":\"Otro sitio m\u00e1s de Provincias ASAJA Castilla y Le\u00f3n\",\"potentialAction\":[{\"@type\":\"SearchAction\",\"target\":{\"@type\":\"EntryPoint\",\"urlTemplate\":\"https:\/\/www.asajacyl.com\/palencia\/?s={search_term_string}\"},\"query-input\":{\"@type\":\"PropertyValueSpecification\",\"valueRequired\":true,\"valueName\":\"search_term_string\"}}],\"inLanguage\":\"es\"},{\"@type\":\"Person\",\"@id\":\"https:\/\/www.asajacyl.com\/palencia\/#\/schema\/person\/3ab17aeb03527485c317557fae64aab1\",\"name\":\"Administrador\",\"image\":{\"@type\":\"ImageObject\",\"inLanguage\":\"es\",\"@id\":\"https:\/\/www.asajacyl.com\/palencia\/#\/schema\/person\/image\/\",\"url\":\"https:\/\/secure.gravatar.com\/avatar\/517384810d242ca9e38c180f3c9fb973?s=96&d=mm&r=g\",\"contentUrl\":\"https:\/\/secure.gravatar.com\/avatar\/517384810d242ca9e38c180f3c9fb973?s=96&d=mm&r=g\",\"caption\":\"Administrador\"},\"url\":\"https:\/\/www.asajacyl.com\/palencia\/author\/carlosrm\"}]}<\/script>\n<!-- \/ Yoast SEO plugin. -->","yoast_head_json":{"title":"731 ganader\u00edas menos de vacuno de leche en Espa\u00f1a en el \u00faltimo a\u00f1o - ASAJA Palencia","description":"En el \u00faltimo a\u00f1o en Espa\u00f1a se han perdido 731 ganader\u00edas de vacuno de leche. Esto es consecuencia de la crisis de precios en que se encuentra sumido este","robots":{"index":"index","follow":"follow","max-snippet":"max-snippet:-1","max-image-preview":"max-image-preview:large","max-video-preview":"max-video-preview:-1"},"canonical":"https:\/\/www.asajacyl.com\/palencia\/asaja-palencia-informa\/731-ganaderias-menos-de-vacuno-de-leche-en-el-ultimo-ano","og_locale":"es_ES","og_type":"article","og_title":"731 ganader\u00edas menos de vacuno de leche en Espa\u00f1a en el \u00faltimo a\u00f1o - ASAJA Palencia","og_description":"En el \u00faltimo a\u00f1o en Espa\u00f1a se han perdido 731 ganader\u00edas de vacuno de leche. Esto es consecuencia de la crisis de precios en que se encuentra sumido este","og_url":"https:\/\/www.asajacyl.com\/palencia\/asaja-palencia-informa\/731-ganaderias-menos-de-vacuno-de-leche-en-el-ultimo-ano","og_site_name":"ASAJA Palencia","article_published_time":"2022-06-07T05:54:00+00:00","article_modified_time":"2022-06-08T08:32:51+00:00","og_image":[{"width":1220,"height":592,"url":"https:\/\/www.asajacyl.com\/palencia\/wp-content\/uploads\/sites\/3\/2019\/04\/vaca.jpg","type":"image\/jpeg"}],"author":"Administrador","twitter_card":"summary_large_image","twitter_misc":{"Escrito por":"Administrador","Tiempo de lectura":"1 minuto"},"schema":{"@context":"https:\/\/schema.org","@graph":[{"@type":"WebPage","@id":"https:\/\/www.asajacyl.com\/palencia\/asaja-palencia-informa\/731-ganaderias-menos-de-vacuno-de-leche-en-el-ultimo-ano","url":"https:\/\/www.asajacyl.com\/palencia\/asaja-palencia-informa\/731-ganaderias-menos-de-vacuno-de-leche-en-el-ultimo-ano","name":"731 ganader\u00edas menos de vacuno de leche en Espa\u00f1a en el \u00faltimo a\u00f1o - ASAJA Palencia","isPartOf":{"@id":"https:\/\/www.asajacyl.com\/palencia\/#website"},"primaryImageOfPage":{"@id":"https:\/\/www.asajacyl.com\/palencia\/asaja-palencia-informa\/731-ganaderias-menos-de-vacuno-de-leche-en-el-ultimo-ano#primaryimage"},"image":{"@id":"https:\/\/www.asajacyl.com\/palencia\/asaja-palencia-informa\/731-ganaderias-menos-de-vacuno-de-leche-en-el-ultimo-ano#primaryimage"},"thumbnailUrl":"https:\/\/www.asajacyl.com\/palencia\/wp-content\/uploads\/sites\/3\/2019\/04\/vaca.jpg","datePublished":"2022-06-07T05:54:00+00:00","dateModified":"2022-06-08T08:32:51+00:00","author":{"@id":"https:\/\/www.asajacyl.com\/palencia\/#\/schema\/person\/3ab17aeb03527485c317557fae64aab1"},"description":"En el \u00faltimo a\u00f1o en Espa\u00f1a se han perdido 731 ganader\u00edas de vacuno de leche. Esto es consecuencia de la crisis de precios en que se encuentra sumido este","breadcrumb":{"@id":"https:\/\/www.asajacyl.com\/palencia\/asaja-palencia-informa\/731-ganaderias-menos-de-vacuno-de-leche-en-el-ultimo-ano#breadcrumb"},"inLanguage":"es","potentialAction":[{"@type":"ReadAction","target":["https:\/\/www.asajacyl.com\/palencia\/asaja-palencia-informa\/731-ganaderias-menos-de-vacuno-de-leche-en-el-ultimo-ano"]}]},{"@type":"ImageObject","inLanguage":"es","@id":"https:\/\/www.asajacyl.com\/palencia\/asaja-palencia-informa\/731-ganaderias-menos-de-vacuno-de-leche-en-el-ultimo-ano#primaryimage","url":"https:\/\/www.asajacyl.com\/palencia\/wp-content\/uploads\/sites\/3\/2019\/04\/vaca.jpg","contentUrl":"https:\/\/www.asajacyl.com\/palencia\/wp-content\/uploads\/sites\/3\/2019\/04\/vaca.jpg","width":1220,"height":592},{"@type":"BreadcrumbList","@id":"https:\/\/www.asajacyl.com\/palencia\/asaja-palencia-informa\/731-ganaderias-menos-de-vacuno-de-leche-en-el-ultimo-ano#breadcrumb","itemListElement":[{"@type":"ListItem","position":1,"name":"Portada","item":"https:\/\/www.asajacyl.com\/palencia\/"},{"@type":"ListItem","position":2,"name":"731 ganader\u00edas menos de vacuno de leche en Espa\u00f1a en el \u00faltimo a\u00f1o"}]},{"@type":"WebSite","@id":"https:\/\/www.asajacyl.com\/palencia\/#website","url":"https:\/\/www.asajacyl.com\/palencia\/","name":"ASAJA Palencia","description":"Otro sitio m\u00e1s de Provincias ASAJA Castilla y Le\u00f3n","potentialAction":[{"@type":"SearchAction","target":{"@type":"EntryPoint","urlTemplate":"https:\/\/www.asajacyl.com\/palencia\/?s={search_term_string}"},"query-input":{"@type":"PropertyValueSpecification","valueRequired":true,"valueName":"search_term_string"}}],"inLanguage":"es"},{"@type":"Person","@id":"https:\/\/www.asajacyl.com\/palencia\/#\/schema\/person\/3ab17aeb03527485c317557fae64aab1","name":"Administrador","image":{"@type":"ImageObject","inLanguage":"es","@id":"https:\/\/www.asajacyl.com\/palencia\/#\/schema\/person\/image\/","url":"https:\/\/secure.gravatar.com\/avatar\/517384810d242ca9e38c180f3c9fb973?s=96&d=mm&r=g","contentUrl":"https:\/\/secure.gravatar.com\/avatar\/517384810d242ca9e38c180f3c9fb973?s=96&d=mm&r=g","caption":"Administrador"},"url":"https:\/\/www.asajacyl.com\/palencia\/author\/carlosrm"}]}},"_links":{"self":[{"href":"https:\/\/www.asajacyl.com\/palencia\/wp-json\/wp\/v2\/posts\/10611"}],"collection":[{"href":"https:\/\/www.asajacyl.com\/palencia\/wp-json\/wp\/v2\/posts"}],"about":[{"href":"https:\/\/www.asajacyl.com\/palencia\/wp-json\/wp\/v2\/types\/post"}],"author":[{"embeddable":true,"href":"https:\/\/www.asajacyl.com\/palencia\/wp-json\/wp\/v2\/users\/9"}],"replies":[{"embeddable":true,"href":"https:\/\/www.asajacyl.com\/palencia\/wp-json\/wp\/v2\/comments?post=10611"}],"version-history":[{"count":2,"href":"https:\/\/www.asajacyl.com\/palencia\/wp-json\/wp\/v2\/posts\/10611\/revisions"}],"predecessor-version":[{"id":10655,"href":"https:\/\/www.asajacyl.com\/palencia\/wp-json\/wp\/v2\/posts\/10611\/revisions\/10655"}],"wp:featuredmedia":[{"embeddable":true,"href":"https:\/\/www.asajacyl.com\/palencia\/wp-json\/wp\/v2\/media\/6101"}],"wp:attachment":[{"href":"https:\/\/www.asajacyl.com\/palencia\/wp-json\/wp\/v2\/media?parent=10611"}],"wp:term":[{"taxonomy":"category","embeddable":true,"href":"https:\/\/www.asajacyl.com\/palencia\/wp-json\/wp\/v2\/categories?post=10611"},{"taxonomy":"post_tag","embeddable":true,"href":"https:\/\/www.asajacyl.com\/palencia\/wp-json\/wp\/v2\/tags?post=10611"}],"curies":[{"name":"wp","href":"https:\/\/api.w.org\/{rel}","templated":true}]}}