{"id":10613,"date":"2022-06-08T07:59:00","date_gmt":"2022-06-08T05:59:00","guid":{"rendered":"https:\/\/www.asajacyl.com\/palencia\/?p=10613"},"modified":"2022-06-06T09:23:20","modified_gmt":"2022-06-06T07:23:20","slug":"el-tsjcyl-confirma-que-los-pozos-de-minas-no-han-prescrito","status":"publish","type":"post","link":"https:\/\/www.asajacyl.com\/palencia\/asaja-palencia-informa\/el-tsjcyl-confirma-que-los-pozos-de-minas-no-han-prescrito","title":{"rendered":"El TSJCyL confirma que los \u00abpozos de minas\u00bb no han prescrito"},"content":{"rendered":"\n<p>Un reciente fallo del Tribunal Superior de Justiciia de Castilla y Le\u00f3n confirma que los derechos de aguas subterr\u00e1neas privados obtenidos antes de 1986, comunmente conocidos como \u201cpozos de minas, no han prescrito, en contra del recurso de la Confederaci\u00f3n Hidrogr\u00e1fica del Duero.<\/p>\n\n\n\n<p>Esta sentencia no implica la legalizaci\u00f3n general para todos los sondeos pero s\u00ed mantiene abierta la v\u00eda judicial a los titulares para poder reclamar la inscripci\u00f3n en el Cat\u00e1logo de Aguas Privadas, tras lo que podr\u00edan ejercer su derecho sobre el uso de esas aguas sin el temor a ser sancionados.<\/p>\n\n\n\n<p>El fallo del Supremo sigue as\u00ed la tesis de la Audiencia de Valladolid, que en 2018 resolvi\u00f3 la pol\u00e9mica en contra de los planteamientos de la CHD, en sentencias a partir de las acciones iniciadas por parte de los afectados.<\/p>\n","protected":false},"excerpt":{"rendered":"<p>Un reciente fallo del Tribunal Superior de Justiciia de Castilla y Le\u00f3n confirma que los derechos de aguas subterr\u00e1neas privados obtenidos antes de 1986, comunmente conocidos como \u201cpozos de minas, no han prescrito, en contra del recurso de la Confederaci\u00f3n Hidrogr\u00e1fica del Duero. Esta sentencia no implica la legalizaci\u00f3n general para todos los sondeos pero [&hellip;]<\/p>\n","protected":false},"author":9,"featured_media":10614,"comment_status":"open","ping_status":"open","sticky":false,"template":"","format":"standard","meta":{"footnotes":""},"categories":[9,29,28],"tags":[],"yoast_head":"<!-- This site is optimized with the Yoast SEO plugin v24.5 - https:\/\/yoast.com\/wordpress\/plugins\/seo\/ -->\n<title>El TSJCyL confirma que los &quot;pozos de minas&quot; no han prescrito - ASAJA Palencia<\/title>\n<meta name=\"description\" content=\"Un reciente fallo del Tribunal Superior de Justiciia de Castilla y Le\u00f3n confirma que los derechos de aguas subterr\u00e1neas privados obtenidos antes de 1986,\" \/>\n<meta name=\"robots\" content=\"index, follow, max-snippet:-1, max-image-preview:large, max-video-preview:-1\" \/>\n<link rel=\"canonical\" href=\"https:\/\/www.asajacyl.com\/palencia\/asaja-palencia-informa\/el-tsjcyl-confirma-que-los-pozos-de-minas-no-han-prescrito\" \/>\n<meta property=\"og:locale\" content=\"es_ES\" \/>\n<meta property=\"og:type\" content=\"article\" \/>\n<meta property=\"og:title\" content=\"El TSJCyL confirma que los &quot;pozos de minas&quot; no han prescrito - ASAJA Palencia\" \/>\n<meta property=\"og:description\" content=\"Un reciente fallo del Tribunal Superior de Justiciia de Castilla y Le\u00f3n confirma que los derechos de aguas subterr\u00e1neas privados obtenidos antes de 1986,\" \/>\n<meta property=\"og:url\" content=\"https:\/\/www.asajacyl.com\/palencia\/asaja-palencia-informa\/el-tsjcyl-confirma-que-los-pozos-de-minas-no-han-prescrito\" \/>\n<meta property=\"og:site_name\" content=\"ASAJA Palencia\" \/>\n<meta property=\"article:published_time\" content=\"2022-06-08T05:59:00+00:00\" \/>\n<meta property=\"og:image\" content=\"https:\/\/www.asajacyl.com\/palencia\/wp-content\/uploads\/sites\/3\/2022\/06\/PIVOT-REGADIO.jpeg\" \/>\n\t<meta property=\"og:image:width\" content=\"2500\" \/>\n\t<meta property=\"og:image:height\" content=\"1875\" \/>\n\t<meta property=\"og:image:type\" content=\"image\/jpeg\" \/>\n<meta name=\"author\" content=\"Administrador\" \/>\n<meta name=\"twitter:card\" content=\"summary_large_image\" \/>\n<meta name=\"twitter:label1\" content=\"Escrito por\" \/>\n\t<meta name=\"twitter:data1\" content=\"Administrador\" \/>\n\t<meta name=\"twitter:label2\" content=\"Tiempo de lectura\" \/>\n\t<meta name=\"twitter:data2\" content=\"1 minuto\" \/>\n<script type=\"application\/ld+json\" class=\"yoast-schema-graph\">{\"@context\":\"https:\/\/schema.org\",\"@graph\":[{\"@type\":\"WebPage\",\"@id\":\"https:\/\/www.asajacyl.com\/palencia\/asaja-palencia-informa\/el-tsjcyl-confirma-que-los-pozos-de-minas-no-han-prescrito\",\"url\":\"https:\/\/www.asajacyl.com\/palencia\/asaja-palencia-informa\/el-tsjcyl-confirma-que-los-pozos-de-minas-no-han-prescrito\",\"name\":\"El TSJCyL confirma que los \\\"pozos de minas\\\" no han prescrito - ASAJA Palencia\",\"isPartOf\":{\"@id\":\"https:\/\/www.asajacyl.com\/palencia\/#website\"},\"primaryImageOfPage\":{\"@id\":\"https:\/\/www.asajacyl.com\/palencia\/asaja-palencia-informa\/el-tsjcyl-confirma-que-los-pozos-de-minas-no-han-prescrito#primaryimage\"},\"image\":{\"@id\":\"https:\/\/www.asajacyl.com\/palencia\/asaja-palencia-informa\/el-tsjcyl-confirma-que-los-pozos-de-minas-no-han-prescrito#primaryimage\"},\"thumbnailUrl\":\"https:\/\/www.asajacyl.com\/palencia\/wp-content\/uploads\/sites\/3\/2022\/06\/PIVOT-REGADIO.jpeg\",\"datePublished\":\"2022-06-08T05:59:00+00:00\",\"author\":{\"@id\":\"https:\/\/www.asajacyl.com\/palencia\/#\/schema\/person\/3ab17aeb03527485c317557fae64aab1\"},\"description\":\"Un reciente fallo del Tribunal Superior de Justiciia de Castilla y Le\u00f3n confirma que los derechos de aguas subterr\u00e1neas privados obtenidos antes de 1986,\",\"breadcrumb\":{\"@id\":\"https:\/\/www.asajacyl.com\/palencia\/asaja-palencia-informa\/el-tsjcyl-confirma-que-los-pozos-de-minas-no-han-prescrito#breadcrumb\"},\"inLanguage\":\"es\",\"potentialAction\":[{\"@type\":\"ReadAction\",\"target\":[\"https:\/\/www.asajacyl.com\/palencia\/asaja-palencia-informa\/el-tsjcyl-confirma-que-los-pozos-de-minas-no-han-prescrito\"]}]},{\"@type\":\"ImageObject\",\"inLanguage\":\"es\",\"@id\":\"https:\/\/www.asajacyl.com\/palencia\/asaja-palencia-informa\/el-tsjcyl-confirma-que-los-pozos-de-minas-no-han-prescrito#primaryimage\",\"url\":\"https:\/\/www.asajacyl.com\/palencia\/wp-content\/uploads\/sites\/3\/2022\/06\/PIVOT-REGADIO.jpeg\",\"contentUrl\":\"https:\/\/www.asajacyl.com\/palencia\/wp-content\/uploads\/sites\/3\/2022\/06\/PIVOT-REGADIO.jpeg\",\"width\":2500,\"height\":1875},{\"@type\":\"BreadcrumbList\",\"@id\":\"https:\/\/www.asajacyl.com\/palencia\/asaja-palencia-informa\/el-tsjcyl-confirma-que-los-pozos-de-minas-no-han-prescrito#breadcrumb\",\"itemListElement\":[{\"@type\":\"ListItem\",\"position\":1,\"name\":\"Portada\",\"item\":\"https:\/\/www.asajacyl.com\/palencia\/\"},{\"@type\":\"ListItem\",\"position\":2,\"name\":\"El TSJCyL confirma que los \u00abpozos de minas\u00bb no han prescrito\"}]},{\"@type\":\"WebSite\",\"@id\":\"https:\/\/www.asajacyl.com\/palencia\/#website\",\"url\":\"https:\/\/www.asajacyl.com\/palencia\/\",\"name\":\"ASAJA Palencia\",\"description\":\"Otro sitio m\u00e1s de Provincias ASAJA Castilla y Le\u00f3n\",\"potentialAction\":[{\"@type\":\"SearchAction\",\"target\":{\"@type\":\"EntryPoint\",\"urlTemplate\":\"https:\/\/www.asajacyl.com\/palencia\/?s={search_term_string}\"},\"query-input\":{\"@type\":\"PropertyValueSpecification\",\"valueRequired\":true,\"valueName\":\"search_term_string\"}}],\"inLanguage\":\"es\"},{\"@type\":\"Person\",\"@id\":\"https:\/\/www.asajacyl.com\/palencia\/#\/schema\/person\/3ab17aeb03527485c317557fae64aab1\",\"name\":\"Administrador\",\"image\":{\"@type\":\"ImageObject\",\"inLanguage\":\"es\",\"@id\":\"https:\/\/www.asajacyl.com\/palencia\/#\/schema\/person\/image\/\",\"url\":\"https:\/\/secure.gravatar.com\/avatar\/517384810d242ca9e38c180f3c9fb973?s=96&d=mm&r=g\",\"contentUrl\":\"https:\/\/secure.gravatar.com\/avatar\/517384810d242ca9e38c180f3c9fb973?s=96&d=mm&r=g\",\"caption\":\"Administrador\"},\"url\":\"https:\/\/www.asajacyl.com\/palencia\/author\/carlosrm\"}]}<\/script>\n<!-- \/ Yoast SEO plugin. -->","yoast_head_json":{"title":"El TSJCyL confirma que los \"pozos de minas\" no han prescrito - ASAJA Palencia","description":"Un reciente fallo del Tribunal Superior de Justiciia de Castilla y Le\u00f3n confirma que los derechos de aguas subterr\u00e1neas privados obtenidos antes de 1986,","robots":{"index":"index","follow":"follow","max-snippet":"max-snippet:-1","max-image-preview":"max-image-preview:large","max-video-preview":"max-video-preview:-1"},"canonical":"https:\/\/www.asajacyl.com\/palencia\/asaja-palencia-informa\/el-tsjcyl-confirma-que-los-pozos-de-minas-no-han-prescrito","og_locale":"es_ES","og_type":"article","og_title":"El TSJCyL confirma que los \"pozos de minas\" no han prescrito - ASAJA Palencia","og_description":"Un reciente fallo del Tribunal Superior de Justiciia de Castilla y Le\u00f3n confirma que los derechos de aguas subterr\u00e1neas privados obtenidos antes de 1986,","og_url":"https:\/\/www.asajacyl.com\/palencia\/asaja-palencia-informa\/el-tsjcyl-confirma-que-los-pozos-de-minas-no-han-prescrito","og_site_name":"ASAJA Palencia","article_published_time":"2022-06-08T05:59:00+00:00","og_image":[{"width":2500,"height":1875,"url":"https:\/\/www.asajacyl.com\/palencia\/wp-content\/uploads\/sites\/3\/2022\/06\/PIVOT-REGADIO.jpeg","type":"image\/jpeg"}],"author":"Administrador","twitter_card":"summary_large_image","twitter_misc":{"Escrito por":"Administrador","Tiempo de lectura":"1 minuto"},"schema":{"@context":"https:\/\/schema.org","@graph":[{"@type":"WebPage","@id":"https:\/\/www.asajacyl.com\/palencia\/asaja-palencia-informa\/el-tsjcyl-confirma-que-los-pozos-de-minas-no-han-prescrito","url":"https:\/\/www.asajacyl.com\/palencia\/asaja-palencia-informa\/el-tsjcyl-confirma-que-los-pozos-de-minas-no-han-prescrito","name":"El TSJCyL confirma que los \"pozos de minas\" no han prescrito - ASAJA Palencia","isPartOf":{"@id":"https:\/\/www.asajacyl.com\/palencia\/#website"},"primaryImageOfPage":{"@id":"https:\/\/www.asajacyl.com\/palencia\/asaja-palencia-informa\/el-tsjcyl-confirma-que-los-pozos-de-minas-no-han-prescrito#primaryimage"},"image":{"@id":"https:\/\/www.asajacyl.com\/palencia\/asaja-palencia-informa\/el-tsjcyl-confirma-que-los-pozos-de-minas-no-han-prescrito#primaryimage"},"thumbnailUrl":"https:\/\/www.asajacyl.com\/palencia\/wp-content\/uploads\/sites\/3\/2022\/06\/PIVOT-REGADIO.jpeg","datePublished":"2022-06-08T05:59:00+00:00","author":{"@id":"https:\/\/www.asajacyl.com\/palencia\/#\/schema\/person\/3ab17aeb03527485c317557fae64aab1"},"description":"Un reciente fallo del Tribunal Superior de Justiciia de Castilla y Le\u00f3n confirma que los derechos de aguas subterr\u00e1neas privados obtenidos antes de 1986,","breadcrumb":{"@id":"https:\/\/www.asajacyl.com\/palencia\/asaja-palencia-informa\/el-tsjcyl-confirma-que-los-pozos-de-minas-no-han-prescrito#breadcrumb"},"inLanguage":"es","potentialAction":[{"@type":"ReadAction","target":["https:\/\/www.asajacyl.com\/palencia\/asaja-palencia-informa\/el-tsjcyl-confirma-que-los-pozos-de-minas-no-han-prescrito"]}]},{"@type":"ImageObject","inLanguage":"es","@id":"https:\/\/www.asajacyl.com\/palencia\/asaja-palencia-informa\/el-tsjcyl-confirma-que-los-pozos-de-minas-no-han-prescrito#primaryimage","url":"https:\/\/www.asajacyl.com\/palencia\/wp-content\/uploads\/sites\/3\/2022\/06\/PIVOT-REGADIO.jpeg","contentUrl":"https:\/\/www.asajacyl.com\/palencia\/wp-content\/uploads\/sites\/3\/2022\/06\/PIVOT-REGADIO.jpeg","width":2500,"height":1875},{"@type":"BreadcrumbList","@id":"https:\/\/www.asajacyl.com\/palencia\/asaja-palencia-informa\/el-tsjcyl-confirma-que-los-pozos-de-minas-no-han-prescrito#breadcrumb","itemListElement":[{"@type":"ListItem","position":1,"name":"Portada","item":"https:\/\/www.asajacyl.com\/palencia\/"},{"@type":"ListItem","position":2,"name":"El TSJCyL confirma que los \u00abpozos de minas\u00bb no han prescrito"}]},{"@type":"WebSite","@id":"https:\/\/www.asajacyl.com\/palencia\/#website","url":"https:\/\/www.asajacyl.com\/palencia\/","name":"ASAJA Palencia","description":"Otro sitio m\u00e1s de Provincias ASAJA Castilla y Le\u00f3n","potentialAction":[{"@type":"SearchAction","target":{"@type":"EntryPoint","urlTemplate":"https:\/\/www.asajacyl.com\/palencia\/?s={search_term_string}"},"query-input":{"@type":"PropertyValueSpecification","valueRequired":true,"valueName":"search_term_string"}}],"inLanguage":"es"},{"@type":"Person","@id":"https:\/\/www.asajacyl.com\/palencia\/#\/schema\/person\/3ab17aeb03527485c317557fae64aab1","name":"Administrador","image":{"@type":"ImageObject","inLanguage":"es","@id":"https:\/\/www.asajacyl.com\/palencia\/#\/schema\/person\/image\/","url":"https:\/\/secure.gravatar.com\/avatar\/517384810d242ca9e38c180f3c9fb973?s=96&d=mm&r=g","contentUrl":"https:\/\/secure.gravatar.com\/avatar\/517384810d242ca9e38c180f3c9fb973?s=96&d=mm&r=g","caption":"Administrador"},"url":"https:\/\/www.asajacyl.com\/palencia\/author\/carlosrm"}]}},"_links":{"self":[{"href":"https:\/\/www.asajacyl.com\/palencia\/wp-json\/wp\/v2\/posts\/10613"}],"collection":[{"href":"https:\/\/www.asajacyl.com\/palencia\/wp-json\/wp\/v2\/posts"}],"about":[{"href":"https:\/\/www.asajacyl.com\/palencia\/wp-json\/wp\/v2\/types\/post"}],"author":[{"embeddable":true,"href":"https:\/\/www.asajacyl.com\/palencia\/wp-json\/wp\/v2\/users\/9"}],"replies":[{"embeddable":true,"href":"https:\/\/www.asajacyl.com\/palencia\/wp-json\/wp\/v2\/comments?post=10613"}],"version-history":[{"count":1,"href":"https:\/\/www.asajacyl.com\/palencia\/wp-json\/wp\/v2\/posts\/10613\/revisions"}],"predecessor-version":[{"id":10615,"href":"https:\/\/www.asajacyl.com\/palencia\/wp-json\/wp\/v2\/posts\/10613\/revisions\/10615"}],"wp:featuredmedia":[{"embeddable":true,"href":"https:\/\/www.asajacyl.com\/palencia\/wp-json\/wp\/v2\/media\/10614"}],"wp:attachment":[{"href":"https:\/\/www.asajacyl.com\/palencia\/wp-json\/wp\/v2\/media?parent=10613"}],"wp:term":[{"taxonomy":"category","embeddable":true,"href":"https:\/\/www.asajacyl.com\/palencia\/wp-json\/wp\/v2\/categories?post=10613"},{"taxonomy":"post_tag","embeddable":true,"href":"https:\/\/www.asajacyl.com\/palencia\/wp-json\/wp\/v2\/tags?post=10613"}],"curies":[{"name":"wp","href":"https:\/\/api.w.org\/{rel}","templated":true}]}}