{"id":10623,"date":"2022-06-09T11:24:00","date_gmt":"2022-06-09T09:24:00","guid":{"rendered":"https:\/\/www.asajacyl.com\/palencia\/?p=10623"},"modified":"2022-06-07T09:51:12","modified_gmt":"2022-06-07T07:51:12","slug":"un-bioproducto-reduce-las-emisiones-en-el-vacuno-de-leche","status":"publish","type":"post","link":"https:\/\/www.asajacyl.com\/palencia\/asaja-palencia-informa\/un-bioproducto-reduce-las-emisiones-en-el-vacuno-de-leche","title":{"rendered":"Un nuevo bioproducto reduce las emisiones en el vacuno de leche"},"content":{"rendered":"\n<p>Un grupo de investigadores con origen en Alemania y Costa Rica, y con la participaci\u00f3n de la empresa Biopranaworld, con sede en Lugo, ha publicado un art\u00edculo en la revista cient\u00edfica Atmosphere, donde las publicaciones son revisadas por pares y se realizan publicaciones cient\u00edficas mensuales relacionadas con la atm\u00f3sfera.<\/p>\n\n\n\n<p>Los purines son principalmente fuente de amoniaco y de dos gases de efecto invernadero: metano y \u00f3xido nitroso. En este estudio se demuestra la efectividad del bioproducto Bioprana en las ganader\u00edas de vacuno de leche, lo que ayudar\u00e1 en un futuro a limitar las emisiones del sector, seguramente en mayor medida de lo que se reducir\u00e1n las emisiones en otros sectores que ahora viven a rebufo de los continuos ataques medi\u00e1ticos al sector ganadero.<\/p>\n\n\n\n<p>La investigaci\u00f3n que se ha desarrollado en varias granjas muestra que Bioprana es capaz de reducir las emisiones de metano entre un 42% y un 84% y el \u00f3xido nitroso entre un 50% y un 90%. En el caso del amoniaco se observan incrementos del 50% al 100% ya que los microorganismos tienen una acci\u00f3n degradadora que incrementa la cantidad de amonio en el pur\u00edn. Tambi\u00e9n se ha observado una reducci\u00f3n de los microorganismos generadores de metano, los cuales se han reducido entre un 37% a un 63%.<\/p>\n\n\n\n<p>Este innovador producto ya se est\u00e1 utilizando en alguna explotaci\u00f3n de vacuno de leche situada en la provincia de Palencia, lo que demuestra el inter\u00e9s de los ganaderos por mejorar en lo que la tecnolog\u00eda lo permite.<\/p>\n","protected":false},"excerpt":{"rendered":"<p>Un grupo de investigadores con origen en Alemania y Costa Rica, y con la participaci\u00f3n de la empresa Biopranaworld, con sede en Lugo, ha publicado un art\u00edculo en la revista cient\u00edfica Atmosphere, donde las publicaciones son revisadas por pares y se realizan publicaciones cient\u00edficas mensuales relacionadas con la atm\u00f3sfera. Los purines son principalmente fuente de [&hellip;]<\/p>\n","protected":false},"author":9,"featured_media":10624,"comment_status":"open","ping_status":"open","sticky":false,"template":"","format":"standard","meta":{"footnotes":""},"categories":[9,29,28],"tags":[],"yoast_head":"<!-- This site is optimized with the Yoast SEO plugin v24.5 - https:\/\/yoast.com\/wordpress\/plugins\/seo\/ -->\n<title>Un nuevo bioproducto reduce las emisiones en el vacuno de leche - ASAJA Palencia<\/title>\n<meta name=\"description\" content=\"Un grupo de investigadores con origen en Alemania y Costa Rica, y con la participaci\u00f3n de la empresa Biopranaworld, con sede en Lugo, ha publicado un\" \/>\n<meta name=\"robots\" content=\"index, follow, max-snippet:-1, max-image-preview:large, max-video-preview:-1\" \/>\n<link rel=\"canonical\" href=\"https:\/\/www.asajacyl.com\/palencia\/asaja-palencia-informa\/un-bioproducto-reduce-las-emisiones-en-el-vacuno-de-leche\" \/>\n<meta property=\"og:locale\" content=\"es_ES\" \/>\n<meta property=\"og:type\" content=\"article\" \/>\n<meta property=\"og:title\" content=\"Un nuevo bioproducto reduce las emisiones en el vacuno de leche - ASAJA Palencia\" \/>\n<meta property=\"og:description\" content=\"Un grupo de investigadores con origen en Alemania y Costa Rica, y con la participaci\u00f3n de la empresa Biopranaworld, con sede en Lugo, ha publicado un\" \/>\n<meta property=\"og:url\" content=\"https:\/\/www.asajacyl.com\/palencia\/asaja-palencia-informa\/un-bioproducto-reduce-las-emisiones-en-el-vacuno-de-leche\" \/>\n<meta property=\"og:site_name\" content=\"ASAJA Palencia\" \/>\n<meta property=\"article:published_time\" content=\"2022-06-09T09:24:00+00:00\" \/>\n<meta property=\"og:image\" content=\"https:\/\/www.asajacyl.com\/palencia\/wp-content\/uploads\/sites\/3\/2022\/06\/TERNEROS.jpg\" \/>\n\t<meta property=\"og:image:width\" content=\"1280\" \/>\n\t<meta property=\"og:image:height\" content=\"960\" \/>\n\t<meta property=\"og:image:type\" content=\"image\/jpeg\" \/>\n<meta name=\"author\" content=\"Administrador\" \/>\n<meta name=\"twitter:card\" content=\"summary_large_image\" \/>\n<meta name=\"twitter:label1\" content=\"Escrito por\" \/>\n\t<meta name=\"twitter:data1\" content=\"Administrador\" \/>\n\t<meta name=\"twitter:label2\" content=\"Tiempo de lectura\" \/>\n\t<meta name=\"twitter:data2\" content=\"2 minutos\" \/>\n<script type=\"application\/ld+json\" class=\"yoast-schema-graph\">{\"@context\":\"https:\/\/schema.org\",\"@graph\":[{\"@type\":\"WebPage\",\"@id\":\"https:\/\/www.asajacyl.com\/palencia\/asaja-palencia-informa\/un-bioproducto-reduce-las-emisiones-en-el-vacuno-de-leche\",\"url\":\"https:\/\/www.asajacyl.com\/palencia\/asaja-palencia-informa\/un-bioproducto-reduce-las-emisiones-en-el-vacuno-de-leche\",\"name\":\"Un nuevo bioproducto reduce las emisiones en el vacuno de leche - ASAJA Palencia\",\"isPartOf\":{\"@id\":\"https:\/\/www.asajacyl.com\/palencia\/#website\"},\"primaryImageOfPage\":{\"@id\":\"https:\/\/www.asajacyl.com\/palencia\/asaja-palencia-informa\/un-bioproducto-reduce-las-emisiones-en-el-vacuno-de-leche#primaryimage\"},\"image\":{\"@id\":\"https:\/\/www.asajacyl.com\/palencia\/asaja-palencia-informa\/un-bioproducto-reduce-las-emisiones-en-el-vacuno-de-leche#primaryimage\"},\"thumbnailUrl\":\"https:\/\/www.asajacyl.com\/palencia\/wp-content\/uploads\/sites\/3\/2022\/06\/TERNEROS.jpg\",\"datePublished\":\"2022-06-09T09:24:00+00:00\",\"author\":{\"@id\":\"https:\/\/www.asajacyl.com\/palencia\/#\/schema\/person\/3ab17aeb03527485c317557fae64aab1\"},\"description\":\"Un grupo de investigadores con origen en Alemania y Costa Rica, y con la participaci\u00f3n de la empresa Biopranaworld, con sede en Lugo, ha publicado un\",\"breadcrumb\":{\"@id\":\"https:\/\/www.asajacyl.com\/palencia\/asaja-palencia-informa\/un-bioproducto-reduce-las-emisiones-en-el-vacuno-de-leche#breadcrumb\"},\"inLanguage\":\"es\",\"potentialAction\":[{\"@type\":\"ReadAction\",\"target\":[\"https:\/\/www.asajacyl.com\/palencia\/asaja-palencia-informa\/un-bioproducto-reduce-las-emisiones-en-el-vacuno-de-leche\"]}]},{\"@type\":\"ImageObject\",\"inLanguage\":\"es\",\"@id\":\"https:\/\/www.asajacyl.com\/palencia\/asaja-palencia-informa\/un-bioproducto-reduce-las-emisiones-en-el-vacuno-de-leche#primaryimage\",\"url\":\"https:\/\/www.asajacyl.com\/palencia\/wp-content\/uploads\/sites\/3\/2022\/06\/TERNEROS.jpg\",\"contentUrl\":\"https:\/\/www.asajacyl.com\/palencia\/wp-content\/uploads\/sites\/3\/2022\/06\/TERNEROS.jpg\",\"width\":1280,\"height\":960},{\"@type\":\"BreadcrumbList\",\"@id\":\"https:\/\/www.asajacyl.com\/palencia\/asaja-palencia-informa\/un-bioproducto-reduce-las-emisiones-en-el-vacuno-de-leche#breadcrumb\",\"itemListElement\":[{\"@type\":\"ListItem\",\"position\":1,\"name\":\"Portada\",\"item\":\"https:\/\/www.asajacyl.com\/palencia\/\"},{\"@type\":\"ListItem\",\"position\":2,\"name\":\"Un nuevo bioproducto reduce las emisiones en el vacuno de leche\"}]},{\"@type\":\"WebSite\",\"@id\":\"https:\/\/www.asajacyl.com\/palencia\/#website\",\"url\":\"https:\/\/www.asajacyl.com\/palencia\/\",\"name\":\"ASAJA Palencia\",\"description\":\"Otro sitio m\u00e1s de Provincias ASAJA Castilla y Le\u00f3n\",\"potentialAction\":[{\"@type\":\"SearchAction\",\"target\":{\"@type\":\"EntryPoint\",\"urlTemplate\":\"https:\/\/www.asajacyl.com\/palencia\/?s={search_term_string}\"},\"query-input\":{\"@type\":\"PropertyValueSpecification\",\"valueRequired\":true,\"valueName\":\"search_term_string\"}}],\"inLanguage\":\"es\"},{\"@type\":\"Person\",\"@id\":\"https:\/\/www.asajacyl.com\/palencia\/#\/schema\/person\/3ab17aeb03527485c317557fae64aab1\",\"name\":\"Administrador\",\"image\":{\"@type\":\"ImageObject\",\"inLanguage\":\"es\",\"@id\":\"https:\/\/www.asajacyl.com\/palencia\/#\/schema\/person\/image\/\",\"url\":\"https:\/\/secure.gravatar.com\/avatar\/517384810d242ca9e38c180f3c9fb973?s=96&d=mm&r=g\",\"contentUrl\":\"https:\/\/secure.gravatar.com\/avatar\/517384810d242ca9e38c180f3c9fb973?s=96&d=mm&r=g\",\"caption\":\"Administrador\"},\"url\":\"https:\/\/www.asajacyl.com\/palencia\/author\/carlosrm\"}]}<\/script>\n<!-- \/ Yoast SEO plugin. -->","yoast_head_json":{"title":"Un nuevo bioproducto reduce las emisiones en el vacuno de leche - ASAJA Palencia","description":"Un grupo de investigadores con origen en Alemania y Costa Rica, y con la participaci\u00f3n de la empresa Biopranaworld, con sede en Lugo, ha publicado un","robots":{"index":"index","follow":"follow","max-snippet":"max-snippet:-1","max-image-preview":"max-image-preview:large","max-video-preview":"max-video-preview:-1"},"canonical":"https:\/\/www.asajacyl.com\/palencia\/asaja-palencia-informa\/un-bioproducto-reduce-las-emisiones-en-el-vacuno-de-leche","og_locale":"es_ES","og_type":"article","og_title":"Un nuevo bioproducto reduce las emisiones en el vacuno de leche - ASAJA Palencia","og_description":"Un grupo de investigadores con origen en Alemania y Costa Rica, y con la participaci\u00f3n de la empresa Biopranaworld, con sede en Lugo, ha publicado un","og_url":"https:\/\/www.asajacyl.com\/palencia\/asaja-palencia-informa\/un-bioproducto-reduce-las-emisiones-en-el-vacuno-de-leche","og_site_name":"ASAJA Palencia","article_published_time":"2022-06-09T09:24:00+00:00","og_image":[{"width":1280,"height":960,"url":"https:\/\/www.asajacyl.com\/palencia\/wp-content\/uploads\/sites\/3\/2022\/06\/TERNEROS.jpg","type":"image\/jpeg"}],"author":"Administrador","twitter_card":"summary_large_image","twitter_misc":{"Escrito por":"Administrador","Tiempo de lectura":"2 minutos"},"schema":{"@context":"https:\/\/schema.org","@graph":[{"@type":"WebPage","@id":"https:\/\/www.asajacyl.com\/palencia\/asaja-palencia-informa\/un-bioproducto-reduce-las-emisiones-en-el-vacuno-de-leche","url":"https:\/\/www.asajacyl.com\/palencia\/asaja-palencia-informa\/un-bioproducto-reduce-las-emisiones-en-el-vacuno-de-leche","name":"Un nuevo bioproducto reduce las emisiones en el vacuno de leche - ASAJA Palencia","isPartOf":{"@id":"https:\/\/www.asajacyl.com\/palencia\/#website"},"primaryImageOfPage":{"@id":"https:\/\/www.asajacyl.com\/palencia\/asaja-palencia-informa\/un-bioproducto-reduce-las-emisiones-en-el-vacuno-de-leche#primaryimage"},"image":{"@id":"https:\/\/www.asajacyl.com\/palencia\/asaja-palencia-informa\/un-bioproducto-reduce-las-emisiones-en-el-vacuno-de-leche#primaryimage"},"thumbnailUrl":"https:\/\/www.asajacyl.com\/palencia\/wp-content\/uploads\/sites\/3\/2022\/06\/TERNEROS.jpg","datePublished":"2022-06-09T09:24:00+00:00","author":{"@id":"https:\/\/www.asajacyl.com\/palencia\/#\/schema\/person\/3ab17aeb03527485c317557fae64aab1"},"description":"Un grupo de investigadores con origen en Alemania y Costa Rica, y con la participaci\u00f3n de la empresa Biopranaworld, con sede en Lugo, ha publicado un","breadcrumb":{"@id":"https:\/\/www.asajacyl.com\/palencia\/asaja-palencia-informa\/un-bioproducto-reduce-las-emisiones-en-el-vacuno-de-leche#breadcrumb"},"inLanguage":"es","potentialAction":[{"@type":"ReadAction","target":["https:\/\/www.asajacyl.com\/palencia\/asaja-palencia-informa\/un-bioproducto-reduce-las-emisiones-en-el-vacuno-de-leche"]}]},{"@type":"ImageObject","inLanguage":"es","@id":"https:\/\/www.asajacyl.com\/palencia\/asaja-palencia-informa\/un-bioproducto-reduce-las-emisiones-en-el-vacuno-de-leche#primaryimage","url":"https:\/\/www.asajacyl.com\/palencia\/wp-content\/uploads\/sites\/3\/2022\/06\/TERNEROS.jpg","contentUrl":"https:\/\/www.asajacyl.com\/palencia\/wp-content\/uploads\/sites\/3\/2022\/06\/TERNEROS.jpg","width":1280,"height":960},{"@type":"BreadcrumbList","@id":"https:\/\/www.asajacyl.com\/palencia\/asaja-palencia-informa\/un-bioproducto-reduce-las-emisiones-en-el-vacuno-de-leche#breadcrumb","itemListElement":[{"@type":"ListItem","position":1,"name":"Portada","item":"https:\/\/www.asajacyl.com\/palencia\/"},{"@type":"ListItem","position":2,"name":"Un nuevo bioproducto reduce las emisiones en el vacuno de leche"}]},{"@type":"WebSite","@id":"https:\/\/www.asajacyl.com\/palencia\/#website","url":"https:\/\/www.asajacyl.com\/palencia\/","name":"ASAJA Palencia","description":"Otro sitio m\u00e1s de Provincias ASAJA Castilla y Le\u00f3n","potentialAction":[{"@type":"SearchAction","target":{"@type":"EntryPoint","urlTemplate":"https:\/\/www.asajacyl.com\/palencia\/?s={search_term_string}"},"query-input":{"@type":"PropertyValueSpecification","valueRequired":true,"valueName":"search_term_string"}}],"inLanguage":"es"},{"@type":"Person","@id":"https:\/\/www.asajacyl.com\/palencia\/#\/schema\/person\/3ab17aeb03527485c317557fae64aab1","name":"Administrador","image":{"@type":"ImageObject","inLanguage":"es","@id":"https:\/\/www.asajacyl.com\/palencia\/#\/schema\/person\/image\/","url":"https:\/\/secure.gravatar.com\/avatar\/517384810d242ca9e38c180f3c9fb973?s=96&d=mm&r=g","contentUrl":"https:\/\/secure.gravatar.com\/avatar\/517384810d242ca9e38c180f3c9fb973?s=96&d=mm&r=g","caption":"Administrador"},"url":"https:\/\/www.asajacyl.com\/palencia\/author\/carlosrm"}]}},"_links":{"self":[{"href":"https:\/\/www.asajacyl.com\/palencia\/wp-json\/wp\/v2\/posts\/10623"}],"collection":[{"href":"https:\/\/www.asajacyl.com\/palencia\/wp-json\/wp\/v2\/posts"}],"about":[{"href":"https:\/\/www.asajacyl.com\/palencia\/wp-json\/wp\/v2\/types\/post"}],"author":[{"embeddable":true,"href":"https:\/\/www.asajacyl.com\/palencia\/wp-json\/wp\/v2\/users\/9"}],"replies":[{"embeddable":true,"href":"https:\/\/www.asajacyl.com\/palencia\/wp-json\/wp\/v2\/comments?post=10623"}],"version-history":[{"count":3,"href":"https:\/\/www.asajacyl.com\/palencia\/wp-json\/wp\/v2\/posts\/10623\/revisions"}],"predecessor-version":[{"id":10644,"href":"https:\/\/www.asajacyl.com\/palencia\/wp-json\/wp\/v2\/posts\/10623\/revisions\/10644"}],"wp:featuredmedia":[{"embeddable":true,"href":"https:\/\/www.asajacyl.com\/palencia\/wp-json\/wp\/v2\/media\/10624"}],"wp:attachment":[{"href":"https:\/\/www.asajacyl.com\/palencia\/wp-json\/wp\/v2\/media?parent=10623"}],"wp:term":[{"taxonomy":"category","embeddable":true,"href":"https:\/\/www.asajacyl.com\/palencia\/wp-json\/wp\/v2\/categories?post=10623"},{"taxonomy":"post_tag","embeddable":true,"href":"https:\/\/www.asajacyl.com\/palencia\/wp-json\/wp\/v2\/tags?post=10623"}],"curies":[{"name":"wp","href":"https:\/\/api.w.org\/{rel}","templated":true}]}}