{"id":10636,"date":"2022-06-11T07:34:00","date_gmt":"2022-06-11T05:34:00","guid":{"rendered":"https:\/\/www.asajacyl.com\/palencia\/?p=10636"},"modified":"2022-06-07T09:51:08","modified_gmt":"2022-06-07T07:51:08","slug":"castilla-y-leon-solicita-la-convocatoria-de-la-mesa-de-la-sequia","status":"publish","type":"post","link":"https:\/\/www.asajacyl.com\/palencia\/asaja-palencia-informa\/castilla-y-leon-solicita-la-convocatoria-de-la-mesa-de-la-sequia","title":{"rendered":"Castilla y Le\u00f3n solicita la convocatoria de la Mesa de la Sequ\u00eda"},"content":{"rendered":"\n<p>Gerardo Due\u00f1as, consejero de Agricultura, Ganader\u00eda y Desarrollo Rural, ha solicitado al Ministerio de Agricultura, Pesca y Alimentaci\u00f3n la convocatoria de la Mesa de la Sequ\u00eda con el fin de estudiar las ayudas que se pueden dar al sector ante la m\u00e1s que previsible falta de cosecha en amplias zonas de nuestra regi\u00f3n.<\/p>\n\n\n\n<p>El consejero ha indicado que est\u00e1n realizando estudios de forma provincializada y que tienen claro que habr\u00e1 una reducci\u00f3n significativa de los rendimientos de las cosechas existentes en Castilla y Le\u00f3n. El mes de mayo ha sido seco en Palencia y se ha unido a varios d\u00edas de temperaturas muy elevadas que han reducido en gran medida la gran previsi\u00f3n de cosecha existente hasta entonces.<\/p>\n\n\n\n<div class=\"wp-block-image\"><figure class=\"aligncenter\"><img decoding=\"async\" src=\"http:\/\/www.aemet.es\/imagenes_d\/serviciosclimaticos\/vigilancia_clima\/vigilancia_sequia\/vcspi1m.jpg\" alt=\"1 mes\" \/><figcaption>\u00cdndice de Precipitaci\u00f3n Estandarizado. El color amarillo representa unas precipitaciones medias para una distribuci\u00f3n normal. A Palencia le afecta el color naranja oscuro, de 1,5 a 2 desviaciones t\u00edpicas por debajo de la media, lo que refleja un mayo muy seco.<\/figcaption><\/figure><\/div>\n\n\n\n<div class=\"wp-block-image\"><figure class=\"aligncenter size-full\"><img loading=\"lazy\" decoding=\"async\" width=\"508\" height=\"388\" src=\"https:\/\/www.asajacyl.com\/palencia\/wp-content\/uploads\/sites\/3\/2022\/06\/LLUVIA-30-DIAS-MAYO.png\" alt=\"\" class=\"wp-image-10646\" srcset=\"https:\/\/www.asajacyl.com\/palencia\/wp-content\/uploads\/sites\/3\/2022\/06\/LLUVIA-30-DIAS-MAYO.png 508w, https:\/\/www.asajacyl.com\/palencia\/wp-content\/uploads\/sites\/3\/2022\/06\/LLUVIA-30-DIAS-MAYO-300x229.png 300w, https:\/\/www.asajacyl.com\/palencia\/wp-content\/uploads\/sites\/3\/2022\/06\/LLUVIA-30-DIAS-MAYO-80x60.png 80w\" sizes=\"(max-width: 508px) 100vw, 508px\" \/><figcaption>El Bolet\u00edn de Predicci\u00f3n de Cosechas del ITACyL muestra que en los \u00faltimos treinta d\u00edas ha llovido menos del 50% de la media a 30 a\u00f1os.<\/figcaption><\/figure><\/div>\n\n\n\n<div class=\"wp-block-image\"><figure class=\"aligncenter size-full\"><img loading=\"lazy\" decoding=\"async\" width=\"780\" height=\"380\" src=\"https:\/\/www.asajacyl.com\/palencia\/wp-content\/uploads\/sites\/3\/2022\/06\/CEBADA-20220607.png\" alt=\"\" class=\"wp-image-10647\" srcset=\"https:\/\/www.asajacyl.com\/palencia\/wp-content\/uploads\/sites\/3\/2022\/06\/CEBADA-20220607.png 780w, https:\/\/www.asajacyl.com\/palencia\/wp-content\/uploads\/sites\/3\/2022\/06\/CEBADA-20220607-300x146.png 300w, https:\/\/www.asajacyl.com\/palencia\/wp-content\/uploads\/sites\/3\/2022\/06\/CEBADA-20220607-768x374.png 768w, https:\/\/www.asajacyl.com\/palencia\/wp-content\/uploads\/sites\/3\/2022\/06\/CEBADA-20220607-696x339.png 696w\" sizes=\"(max-width: 780px) 100vw, 780px\" \/><figcaption>Seg\u00fan las predicciones del ITACyL se cosechar\u00e1 en Palencia un 83% de la media de los \u00faltimos 30 a\u00f1os.<\/figcaption><\/figure><\/div>\n\n\n\n<div class=\"wp-block-image\"><figure class=\"aligncenter size-full\"><img loading=\"lazy\" decoding=\"async\" width=\"780\" height=\"380\" src=\"https:\/\/www.asajacyl.com\/palencia\/wp-content\/uploads\/sites\/3\/2022\/06\/TRIGO-20220607.png\" alt=\"\" class=\"wp-image-10648\" srcset=\"https:\/\/www.asajacyl.com\/palencia\/wp-content\/uploads\/sites\/3\/2022\/06\/TRIGO-20220607.png 780w, https:\/\/www.asajacyl.com\/palencia\/wp-content\/uploads\/sites\/3\/2022\/06\/TRIGO-20220607-300x146.png 300w, https:\/\/www.asajacyl.com\/palencia\/wp-content\/uploads\/sites\/3\/2022\/06\/TRIGO-20220607-768x374.png 768w, https:\/\/www.asajacyl.com\/palencia\/wp-content\/uploads\/sites\/3\/2022\/06\/TRIGO-20220607-696x339.png 696w\" sizes=\"(max-width: 780px) 100vw, 780px\" \/><figcaption>En cuanto al trigo, la predicci\u00f3n de cosecha alcanza el 88% sobre la media de los \u00faltimos 30 a\u00f1os.<\/figcaption><\/figure><\/div>\n","protected":false},"excerpt":{"rendered":"<p>Gerardo Due\u00f1as, consejero de Agricultura, Ganader\u00eda y Desarrollo Rural, ha solicitado al Ministerio de Agricultura, Pesca y Alimentaci\u00f3n la convocatoria de la Mesa de la Sequ\u00eda con el fin de estudiar las ayudas que se pueden dar al sector ante la m\u00e1s que previsible falta de cosecha en amplias zonas de nuestra regi\u00f3n. El consejero [&hellip;]<\/p>\n","protected":false},"author":9,"featured_media":10639,"comment_status":"open","ping_status":"open","sticky":false,"template":"","format":"standard","meta":{"footnotes":""},"categories":[9,29,28],"tags":[],"yoast_head":"<!-- This site is optimized with the Yoast SEO plugin v24.5 - https:\/\/yoast.com\/wordpress\/plugins\/seo\/ -->\n<title>Castilla y Le\u00f3n solicita la convocatoria de la Mesa de la Sequ\u00eda - ASAJA Palencia<\/title>\n<meta name=\"description\" content=\"Gerardo Due\u00f1as, consejero de Agricultura, Ganader\u00eda y Desarrollo Rural, ha solicitado al Ministerio de Agricultura, Pesca y Alimentaci\u00f3n la convocatoria\" \/>\n<meta name=\"robots\" content=\"index, follow, max-snippet:-1, max-image-preview:large, max-video-preview:-1\" \/>\n<link rel=\"canonical\" href=\"https:\/\/www.asajacyl.com\/palencia\/asaja-palencia-informa\/castilla-y-leon-solicita-la-convocatoria-de-la-mesa-de-la-sequia\" \/>\n<meta property=\"og:locale\" content=\"es_ES\" \/>\n<meta property=\"og:type\" content=\"article\" \/>\n<meta property=\"og:title\" content=\"Castilla y Le\u00f3n solicita la convocatoria de la Mesa de la Sequ\u00eda - ASAJA Palencia\" \/>\n<meta property=\"og:description\" content=\"Gerardo Due\u00f1as, consejero de Agricultura, Ganader\u00eda y Desarrollo Rural, ha solicitado al Ministerio de Agricultura, Pesca y Alimentaci\u00f3n la convocatoria\" \/>\n<meta property=\"og:url\" content=\"https:\/\/www.asajacyl.com\/palencia\/asaja-palencia-informa\/castilla-y-leon-solicita-la-convocatoria-de-la-mesa-de-la-sequia\" \/>\n<meta property=\"og:site_name\" content=\"ASAJA Palencia\" \/>\n<meta property=\"article:published_time\" content=\"2022-06-11T05:34:00+00:00\" \/>\n<meta property=\"og:image\" content=\"https:\/\/www.asajacyl.com\/palencia\/wp-content\/uploads\/sites\/3\/2022\/06\/SPI-MAYO-2022.jpg\" \/>\n\t<meta property=\"og:image:width\" content=\"640\" \/>\n\t<meta property=\"og:image:height\" content=\"438\" \/>\n\t<meta property=\"og:image:type\" content=\"image\/jpeg\" \/>\n<meta name=\"author\" content=\"Administrador\" \/>\n<meta name=\"twitter:card\" content=\"summary_large_image\" \/>\n<meta name=\"twitter:label1\" content=\"Escrito por\" \/>\n\t<meta name=\"twitter:data1\" content=\"Administrador\" \/>\n\t<meta name=\"twitter:label2\" content=\"Tiempo de lectura\" \/>\n\t<meta name=\"twitter:data2\" content=\"2 minutos\" \/>\n<script type=\"application\/ld+json\" class=\"yoast-schema-graph\">{\"@context\":\"https:\/\/schema.org\",\"@graph\":[{\"@type\":\"WebPage\",\"@id\":\"https:\/\/www.asajacyl.com\/palencia\/asaja-palencia-informa\/castilla-y-leon-solicita-la-convocatoria-de-la-mesa-de-la-sequia\",\"url\":\"https:\/\/www.asajacyl.com\/palencia\/asaja-palencia-informa\/castilla-y-leon-solicita-la-convocatoria-de-la-mesa-de-la-sequia\",\"name\":\"Castilla y Le\u00f3n solicita la convocatoria de la Mesa de la Sequ\u00eda - ASAJA Palencia\",\"isPartOf\":{\"@id\":\"https:\/\/www.asajacyl.com\/palencia\/#website\"},\"primaryImageOfPage\":{\"@id\":\"https:\/\/www.asajacyl.com\/palencia\/asaja-palencia-informa\/castilla-y-leon-solicita-la-convocatoria-de-la-mesa-de-la-sequia#primaryimage\"},\"image\":{\"@id\":\"https:\/\/www.asajacyl.com\/palencia\/asaja-palencia-informa\/castilla-y-leon-solicita-la-convocatoria-de-la-mesa-de-la-sequia#primaryimage\"},\"thumbnailUrl\":\"https:\/\/www.asajacyl.com\/palencia\/wp-content\/uploads\/sites\/3\/2022\/06\/SPI-MAYO-2022.jpg\",\"datePublished\":\"2022-06-11T05:34:00+00:00\",\"author\":{\"@id\":\"https:\/\/www.asajacyl.com\/palencia\/#\/schema\/person\/3ab17aeb03527485c317557fae64aab1\"},\"description\":\"Gerardo Due\u00f1as, consejero de Agricultura, Ganader\u00eda y Desarrollo Rural, ha solicitado al Ministerio de Agricultura, Pesca y Alimentaci\u00f3n la convocatoria\",\"breadcrumb\":{\"@id\":\"https:\/\/www.asajacyl.com\/palencia\/asaja-palencia-informa\/castilla-y-leon-solicita-la-convocatoria-de-la-mesa-de-la-sequia#breadcrumb\"},\"inLanguage\":\"es\",\"potentialAction\":[{\"@type\":\"ReadAction\",\"target\":[\"https:\/\/www.asajacyl.com\/palencia\/asaja-palencia-informa\/castilla-y-leon-solicita-la-convocatoria-de-la-mesa-de-la-sequia\"]}]},{\"@type\":\"ImageObject\",\"inLanguage\":\"es\",\"@id\":\"https:\/\/www.asajacyl.com\/palencia\/asaja-palencia-informa\/castilla-y-leon-solicita-la-convocatoria-de-la-mesa-de-la-sequia#primaryimage\",\"url\":\"https:\/\/www.asajacyl.com\/palencia\/wp-content\/uploads\/sites\/3\/2022\/06\/SPI-MAYO-2022.jpg\",\"contentUrl\":\"https:\/\/www.asajacyl.com\/palencia\/wp-content\/uploads\/sites\/3\/2022\/06\/SPI-MAYO-2022.jpg\",\"width\":640,\"height\":438},{\"@type\":\"BreadcrumbList\",\"@id\":\"https:\/\/www.asajacyl.com\/palencia\/asaja-palencia-informa\/castilla-y-leon-solicita-la-convocatoria-de-la-mesa-de-la-sequia#breadcrumb\",\"itemListElement\":[{\"@type\":\"ListItem\",\"position\":1,\"name\":\"Portada\",\"item\":\"https:\/\/www.asajacyl.com\/palencia\/\"},{\"@type\":\"ListItem\",\"position\":2,\"name\":\"Castilla y Le\u00f3n solicita la convocatoria de la Mesa de la Sequ\u00eda\"}]},{\"@type\":\"WebSite\",\"@id\":\"https:\/\/www.asajacyl.com\/palencia\/#website\",\"url\":\"https:\/\/www.asajacyl.com\/palencia\/\",\"name\":\"ASAJA Palencia\",\"description\":\"Otro sitio m\u00e1s de Provincias ASAJA Castilla y Le\u00f3n\",\"potentialAction\":[{\"@type\":\"SearchAction\",\"target\":{\"@type\":\"EntryPoint\",\"urlTemplate\":\"https:\/\/www.asajacyl.com\/palencia\/?s={search_term_string}\"},\"query-input\":{\"@type\":\"PropertyValueSpecification\",\"valueRequired\":true,\"valueName\":\"search_term_string\"}}],\"inLanguage\":\"es\"},{\"@type\":\"Person\",\"@id\":\"https:\/\/www.asajacyl.com\/palencia\/#\/schema\/person\/3ab17aeb03527485c317557fae64aab1\",\"name\":\"Administrador\",\"image\":{\"@type\":\"ImageObject\",\"inLanguage\":\"es\",\"@id\":\"https:\/\/www.asajacyl.com\/palencia\/#\/schema\/person\/image\/\",\"url\":\"https:\/\/secure.gravatar.com\/avatar\/517384810d242ca9e38c180f3c9fb973?s=96&d=mm&r=g\",\"contentUrl\":\"https:\/\/secure.gravatar.com\/avatar\/517384810d242ca9e38c180f3c9fb973?s=96&d=mm&r=g\",\"caption\":\"Administrador\"},\"url\":\"https:\/\/www.asajacyl.com\/palencia\/author\/carlosrm\"}]}<\/script>\n<!-- \/ Yoast SEO plugin. -->","yoast_head_json":{"title":"Castilla y Le\u00f3n solicita la convocatoria de la Mesa de la Sequ\u00eda - ASAJA Palencia","description":"Gerardo Due\u00f1as, consejero de Agricultura, Ganader\u00eda y Desarrollo Rural, ha solicitado al Ministerio de Agricultura, Pesca y Alimentaci\u00f3n la convocatoria","robots":{"index":"index","follow":"follow","max-snippet":"max-snippet:-1","max-image-preview":"max-image-preview:large","max-video-preview":"max-video-preview:-1"},"canonical":"https:\/\/www.asajacyl.com\/palencia\/asaja-palencia-informa\/castilla-y-leon-solicita-la-convocatoria-de-la-mesa-de-la-sequia","og_locale":"es_ES","og_type":"article","og_title":"Castilla y Le\u00f3n solicita la convocatoria de la Mesa de la Sequ\u00eda - ASAJA Palencia","og_description":"Gerardo Due\u00f1as, consejero de Agricultura, Ganader\u00eda y Desarrollo Rural, ha solicitado al Ministerio de Agricultura, Pesca y Alimentaci\u00f3n la convocatoria","og_url":"https:\/\/www.asajacyl.com\/palencia\/asaja-palencia-informa\/castilla-y-leon-solicita-la-convocatoria-de-la-mesa-de-la-sequia","og_site_name":"ASAJA Palencia","article_published_time":"2022-06-11T05:34:00+00:00","og_image":[{"width":640,"height":438,"url":"https:\/\/www.asajacyl.com\/palencia\/wp-content\/uploads\/sites\/3\/2022\/06\/SPI-MAYO-2022.jpg","type":"image\/jpeg"}],"author":"Administrador","twitter_card":"summary_large_image","twitter_misc":{"Escrito por":"Administrador","Tiempo de lectura":"2 minutos"},"schema":{"@context":"https:\/\/schema.org","@graph":[{"@type":"WebPage","@id":"https:\/\/www.asajacyl.com\/palencia\/asaja-palencia-informa\/castilla-y-leon-solicita-la-convocatoria-de-la-mesa-de-la-sequia","url":"https:\/\/www.asajacyl.com\/palencia\/asaja-palencia-informa\/castilla-y-leon-solicita-la-convocatoria-de-la-mesa-de-la-sequia","name":"Castilla y Le\u00f3n solicita la convocatoria de la Mesa de la Sequ\u00eda - ASAJA Palencia","isPartOf":{"@id":"https:\/\/www.asajacyl.com\/palencia\/#website"},"primaryImageOfPage":{"@id":"https:\/\/www.asajacyl.com\/palencia\/asaja-palencia-informa\/castilla-y-leon-solicita-la-convocatoria-de-la-mesa-de-la-sequia#primaryimage"},"image":{"@id":"https:\/\/www.asajacyl.com\/palencia\/asaja-palencia-informa\/castilla-y-leon-solicita-la-convocatoria-de-la-mesa-de-la-sequia#primaryimage"},"thumbnailUrl":"https:\/\/www.asajacyl.com\/palencia\/wp-content\/uploads\/sites\/3\/2022\/06\/SPI-MAYO-2022.jpg","datePublished":"2022-06-11T05:34:00+00:00","author":{"@id":"https:\/\/www.asajacyl.com\/palencia\/#\/schema\/person\/3ab17aeb03527485c317557fae64aab1"},"description":"Gerardo Due\u00f1as, consejero de Agricultura, Ganader\u00eda y Desarrollo Rural, ha solicitado al Ministerio de Agricultura, Pesca y Alimentaci\u00f3n la convocatoria","breadcrumb":{"@id":"https:\/\/www.asajacyl.com\/palencia\/asaja-palencia-informa\/castilla-y-leon-solicita-la-convocatoria-de-la-mesa-de-la-sequia#breadcrumb"},"inLanguage":"es","potentialAction":[{"@type":"ReadAction","target":["https:\/\/www.asajacyl.com\/palencia\/asaja-palencia-informa\/castilla-y-leon-solicita-la-convocatoria-de-la-mesa-de-la-sequia"]}]},{"@type":"ImageObject","inLanguage":"es","@id":"https:\/\/www.asajacyl.com\/palencia\/asaja-palencia-informa\/castilla-y-leon-solicita-la-convocatoria-de-la-mesa-de-la-sequia#primaryimage","url":"https:\/\/www.asajacyl.com\/palencia\/wp-content\/uploads\/sites\/3\/2022\/06\/SPI-MAYO-2022.jpg","contentUrl":"https:\/\/www.asajacyl.com\/palencia\/wp-content\/uploads\/sites\/3\/2022\/06\/SPI-MAYO-2022.jpg","width":640,"height":438},{"@type":"BreadcrumbList","@id":"https:\/\/www.asajacyl.com\/palencia\/asaja-palencia-informa\/castilla-y-leon-solicita-la-convocatoria-de-la-mesa-de-la-sequia#breadcrumb","itemListElement":[{"@type":"ListItem","position":1,"name":"Portada","item":"https:\/\/www.asajacyl.com\/palencia\/"},{"@type":"ListItem","position":2,"name":"Castilla y Le\u00f3n solicita la convocatoria de la Mesa de la Sequ\u00eda"}]},{"@type":"WebSite","@id":"https:\/\/www.asajacyl.com\/palencia\/#website","url":"https:\/\/www.asajacyl.com\/palencia\/","name":"ASAJA Palencia","description":"Otro sitio m\u00e1s de Provincias ASAJA Castilla y Le\u00f3n","potentialAction":[{"@type":"SearchAction","target":{"@type":"EntryPoint","urlTemplate":"https:\/\/www.asajacyl.com\/palencia\/?s={search_term_string}"},"query-input":{"@type":"PropertyValueSpecification","valueRequired":true,"valueName":"search_term_string"}}],"inLanguage":"es"},{"@type":"Person","@id":"https:\/\/www.asajacyl.com\/palencia\/#\/schema\/person\/3ab17aeb03527485c317557fae64aab1","name":"Administrador","image":{"@type":"ImageObject","inLanguage":"es","@id":"https:\/\/www.asajacyl.com\/palencia\/#\/schema\/person\/image\/","url":"https:\/\/secure.gravatar.com\/avatar\/517384810d242ca9e38c180f3c9fb973?s=96&d=mm&r=g","contentUrl":"https:\/\/secure.gravatar.com\/avatar\/517384810d242ca9e38c180f3c9fb973?s=96&d=mm&r=g","caption":"Administrador"},"url":"https:\/\/www.asajacyl.com\/palencia\/author\/carlosrm"}]}},"_links":{"self":[{"href":"https:\/\/www.asajacyl.com\/palencia\/wp-json\/wp\/v2\/posts\/10636"}],"collection":[{"href":"https:\/\/www.asajacyl.com\/palencia\/wp-json\/wp\/v2\/posts"}],"about":[{"href":"https:\/\/www.asajacyl.com\/palencia\/wp-json\/wp\/v2\/types\/post"}],"author":[{"embeddable":true,"href":"https:\/\/www.asajacyl.com\/palencia\/wp-json\/wp\/v2\/users\/9"}],"replies":[{"embeddable":true,"href":"https:\/\/www.asajacyl.com\/palencia\/wp-json\/wp\/v2\/comments?post=10636"}],"version-history":[{"count":4,"href":"https:\/\/www.asajacyl.com\/palencia\/wp-json\/wp\/v2\/posts\/10636\/revisions"}],"predecessor-version":[{"id":10649,"href":"https:\/\/www.asajacyl.com\/palencia\/wp-json\/wp\/v2\/posts\/10636\/revisions\/10649"}],"wp:featuredmedia":[{"embeddable":true,"href":"https:\/\/www.asajacyl.com\/palencia\/wp-json\/wp\/v2\/media\/10639"}],"wp:attachment":[{"href":"https:\/\/www.asajacyl.com\/palencia\/wp-json\/wp\/v2\/media?parent=10636"}],"wp:term":[{"taxonomy":"category","embeddable":true,"href":"https:\/\/www.asajacyl.com\/palencia\/wp-json\/wp\/v2\/categories?post=10636"},{"taxonomy":"post_tag","embeddable":true,"href":"https:\/\/www.asajacyl.com\/palencia\/wp-json\/wp\/v2\/tags?post=10636"}],"curies":[{"name":"wp","href":"https:\/\/api.w.org\/{rel}","templated":true}]}}