{"id":10661,"date":"2022-06-12T11:53:00","date_gmt":"2022-06-12T09:53:00","guid":{"rendered":"https:\/\/www.asajacyl.com\/palencia\/?p=10661"},"modified":"2022-06-10T09:30:06","modified_gmt":"2022-06-10T07:30:06","slug":"segar-la-alfalfa-en-invierno-ayuda-a-reducir-el-ataque-primaveral-del-gusano-verde","status":"publish","type":"post","link":"https:\/\/www.asajacyl.com\/palencia\/asaja-palencia-informa\/segar-la-alfalfa-en-invierno-ayuda-a-reducir-el-ataque-primaveral-del-gusano-verde","title":{"rendered":"Un estudio afirma que segar la alfalfa en invierno ayuda a reducir el ataque primaveral del gusano verde"},"content":{"rendered":"\n<p>La prestigiosa revista cient\u00edfica <em>Crop Protection<\/em> ha publicado un art\u00edculo realizado por investigadores de la Universidad de L\u00e9rida y del Centro de Investigaci\u00f3n y Tecnolog\u00eda Agroalimentaria de Arag\u00f3n (CITA). Este art\u00edculo demuestra la efectividad, al menos en la zona estudiada, que es la cuenca del Ebro, de realizar un corte durante la parada vegetativa invernal en la alfalfa para luchar contra el gusano verde (<em>Hypera postica<\/em>).<\/p>\n\n\n\n<p>El estudio se ha realizado sobre cuarenta y dos parcelas y se ha conseguido llegar a la conclusi\u00f3n de que el corte invernal de la alfalfa, utilizando una segadora de disco, reduce m\u00e1s del 50% el n\u00famero de larvas que aparecen en primavera y adem\u00e1s se incrementa la acci\u00f3n de los parasitoides del g\u00e9nero <em>Bathyplectes<\/em> que favorecen el control del gusano verde. Aunque el estudio se ha limitado a la zona del Ebro parece que los resultados podr\u00edan extrapolarse a nuestra zona.<\/p>\n\n\n\n<p>En el Registro de Productos Fitosanitarios del Ministerio de Agricultura, Pesca y Alimentaci\u00f3n figuran los productos facultados para el tratamiento de esta plaga tan da\u00f1ina para la alfalfa (lambda cihalotrin, deltametrin y cipermetrin). Estos productos no est\u00e1n consiguiendo dar soluci\u00f3n a los ataques de gusano verde ya que, al ser de contacto y no tener una alta persistencia, se ven incapaces de frenar esta plaga debido a sus limitaciones.<\/p>\n\n\n\n<p>La provincia de Palencia cuenta con la mayor superficie de secano destinada a alfalfa (24.570 hect\u00e1reas), que se complementa con otras 10.326 hect\u00e1reas de regad\u00edo. Estas casi 35.000 hect\u00e1reas hacen que nuestra provincia sea la segunda mayor productora de alfalfa de Castilla y Le\u00f3n, tras Valladolid. En los \u00faltimos a\u00f1os las explotaciones palentinas est\u00e1n incrementando cada vez m\u00e1s la parte de su hoja de cultivos destinada a forrajes, lo que hace que la investigaci\u00f3n y la mejora en estas producciones sea muy importante para Palencia.<\/p>\n","protected":false},"excerpt":{"rendered":"<p>La prestigiosa revista cient\u00edfica Crop Protection ha publicado un art\u00edculo realizado por investigadores de la Universidad de L\u00e9rida y del Centro de Investigaci\u00f3n y Tecnolog\u00eda Agroalimentaria de Arag\u00f3n (CITA). Este art\u00edculo demuestra la efectividad, al menos en la zona estudiada, que es la cuenca del Ebro, de realizar un corte durante la parada vegetativa invernal [&hellip;]<\/p>\n","protected":false},"author":9,"featured_media":10567,"comment_status":"open","ping_status":"open","sticky":false,"template":"","format":"standard","meta":{"footnotes":""},"categories":[9,29,28],"tags":[],"yoast_head":"<!-- This site is optimized with the Yoast SEO plugin v24.5 - https:\/\/yoast.com\/wordpress\/plugins\/seo\/ -->\n<title>Un estudio afirma que segar la alfalfa en invierno ayuda a reducir el ataque primaveral del gusano verde - ASAJA Palencia<\/title>\n<meta name=\"description\" content=\"La prestigiosa revista cient\u00edfica Crop Protection ha publicado un art\u00edculo realizado por investigadores de la Universidad de L\u00e9rida y del Centro de\" \/>\n<meta name=\"robots\" content=\"index, follow, max-snippet:-1, max-image-preview:large, max-video-preview:-1\" \/>\n<link rel=\"canonical\" href=\"https:\/\/www.asajacyl.com\/palencia\/asaja-palencia-informa\/segar-la-alfalfa-en-invierno-ayuda-a-reducir-el-ataque-primaveral-del-gusano-verde\" \/>\n<meta property=\"og:locale\" content=\"es_ES\" \/>\n<meta property=\"og:type\" content=\"article\" \/>\n<meta property=\"og:title\" content=\"Un estudio afirma que segar la alfalfa en invierno ayuda a reducir el ataque primaveral del gusano verde - ASAJA Palencia\" \/>\n<meta property=\"og:description\" content=\"La prestigiosa revista cient\u00edfica Crop Protection ha publicado un art\u00edculo realizado por investigadores de la Universidad de L\u00e9rida y del Centro de\" \/>\n<meta property=\"og:url\" content=\"https:\/\/www.asajacyl.com\/palencia\/asaja-palencia-informa\/segar-la-alfalfa-en-invierno-ayuda-a-reducir-el-ataque-primaveral-del-gusano-verde\" \/>\n<meta property=\"og:site_name\" content=\"ASAJA Palencia\" \/>\n<meta property=\"article:published_time\" content=\"2022-06-12T09:53:00+00:00\" \/>\n<meta property=\"og:image\" content=\"https:\/\/www.asajacyl.com\/palencia\/wp-content\/uploads\/sites\/3\/2022\/05\/ALFALFA-REGADIO.jpg\" \/>\n\t<meta property=\"og:image:width\" content=\"2500\" \/>\n\t<meta property=\"og:image:height\" content=\"1875\" \/>\n\t<meta property=\"og:image:type\" content=\"image\/jpeg\" \/>\n<meta name=\"author\" content=\"Administrador\" \/>\n<meta name=\"twitter:card\" content=\"summary_large_image\" \/>\n<meta name=\"twitter:label1\" content=\"Escrito por\" \/>\n\t<meta name=\"twitter:data1\" content=\"Administrador\" \/>\n\t<meta name=\"twitter:label2\" content=\"Tiempo de lectura\" \/>\n\t<meta name=\"twitter:data2\" content=\"2 minutos\" \/>\n<script type=\"application\/ld+json\" class=\"yoast-schema-graph\">{\"@context\":\"https:\/\/schema.org\",\"@graph\":[{\"@type\":\"WebPage\",\"@id\":\"https:\/\/www.asajacyl.com\/palencia\/asaja-palencia-informa\/segar-la-alfalfa-en-invierno-ayuda-a-reducir-el-ataque-primaveral-del-gusano-verde\",\"url\":\"https:\/\/www.asajacyl.com\/palencia\/asaja-palencia-informa\/segar-la-alfalfa-en-invierno-ayuda-a-reducir-el-ataque-primaveral-del-gusano-verde\",\"name\":\"Un estudio afirma que segar la alfalfa en invierno ayuda a reducir el ataque primaveral del gusano verde - ASAJA Palencia\",\"isPartOf\":{\"@id\":\"https:\/\/www.asajacyl.com\/palencia\/#website\"},\"primaryImageOfPage\":{\"@id\":\"https:\/\/www.asajacyl.com\/palencia\/asaja-palencia-informa\/segar-la-alfalfa-en-invierno-ayuda-a-reducir-el-ataque-primaveral-del-gusano-verde#primaryimage\"},\"image\":{\"@id\":\"https:\/\/www.asajacyl.com\/palencia\/asaja-palencia-informa\/segar-la-alfalfa-en-invierno-ayuda-a-reducir-el-ataque-primaveral-del-gusano-verde#primaryimage\"},\"thumbnailUrl\":\"https:\/\/www.asajacyl.com\/palencia\/wp-content\/uploads\/sites\/3\/2022\/05\/ALFALFA-REGADIO.jpg\",\"datePublished\":\"2022-06-12T09:53:00+00:00\",\"author\":{\"@id\":\"https:\/\/www.asajacyl.com\/palencia\/#\/schema\/person\/3ab17aeb03527485c317557fae64aab1\"},\"description\":\"La prestigiosa revista cient\u00edfica Crop Protection ha publicado un art\u00edculo realizado por investigadores de la Universidad de L\u00e9rida y del Centro de\",\"breadcrumb\":{\"@id\":\"https:\/\/www.asajacyl.com\/palencia\/asaja-palencia-informa\/segar-la-alfalfa-en-invierno-ayuda-a-reducir-el-ataque-primaveral-del-gusano-verde#breadcrumb\"},\"inLanguage\":\"es\",\"potentialAction\":[{\"@type\":\"ReadAction\",\"target\":[\"https:\/\/www.asajacyl.com\/palencia\/asaja-palencia-informa\/segar-la-alfalfa-en-invierno-ayuda-a-reducir-el-ataque-primaveral-del-gusano-verde\"]}]},{\"@type\":\"ImageObject\",\"inLanguage\":\"es\",\"@id\":\"https:\/\/www.asajacyl.com\/palencia\/asaja-palencia-informa\/segar-la-alfalfa-en-invierno-ayuda-a-reducir-el-ataque-primaveral-del-gusano-verde#primaryimage\",\"url\":\"https:\/\/www.asajacyl.com\/palencia\/wp-content\/uploads\/sites\/3\/2022\/05\/ALFALFA-REGADIO.jpg\",\"contentUrl\":\"https:\/\/www.asajacyl.com\/palencia\/wp-content\/uploads\/sites\/3\/2022\/05\/ALFALFA-REGADIO.jpg\",\"width\":2500,\"height\":1875,\"caption\":\"sdr\"},{\"@type\":\"BreadcrumbList\",\"@id\":\"https:\/\/www.asajacyl.com\/palencia\/asaja-palencia-informa\/segar-la-alfalfa-en-invierno-ayuda-a-reducir-el-ataque-primaveral-del-gusano-verde#breadcrumb\",\"itemListElement\":[{\"@type\":\"ListItem\",\"position\":1,\"name\":\"Portada\",\"item\":\"https:\/\/www.asajacyl.com\/palencia\/\"},{\"@type\":\"ListItem\",\"position\":2,\"name\":\"Un estudio afirma que segar la alfalfa en invierno ayuda a reducir el ataque primaveral del gusano verde\"}]},{\"@type\":\"WebSite\",\"@id\":\"https:\/\/www.asajacyl.com\/palencia\/#website\",\"url\":\"https:\/\/www.asajacyl.com\/palencia\/\",\"name\":\"ASAJA Palencia\",\"description\":\"Otro sitio m\u00e1s de Provincias ASAJA Castilla y Le\u00f3n\",\"potentialAction\":[{\"@type\":\"SearchAction\",\"target\":{\"@type\":\"EntryPoint\",\"urlTemplate\":\"https:\/\/www.asajacyl.com\/palencia\/?s={search_term_string}\"},\"query-input\":{\"@type\":\"PropertyValueSpecification\",\"valueRequired\":true,\"valueName\":\"search_term_string\"}}],\"inLanguage\":\"es\"},{\"@type\":\"Person\",\"@id\":\"https:\/\/www.asajacyl.com\/palencia\/#\/schema\/person\/3ab17aeb03527485c317557fae64aab1\",\"name\":\"Administrador\",\"image\":{\"@type\":\"ImageObject\",\"inLanguage\":\"es\",\"@id\":\"https:\/\/www.asajacyl.com\/palencia\/#\/schema\/person\/image\/\",\"url\":\"https:\/\/secure.gravatar.com\/avatar\/517384810d242ca9e38c180f3c9fb973?s=96&d=mm&r=g\",\"contentUrl\":\"https:\/\/secure.gravatar.com\/avatar\/517384810d242ca9e38c180f3c9fb973?s=96&d=mm&r=g\",\"caption\":\"Administrador\"},\"url\":\"https:\/\/www.asajacyl.com\/palencia\/author\/carlosrm\"}]}<\/script>\n<!-- \/ Yoast SEO plugin. -->","yoast_head_json":{"title":"Un estudio afirma que segar la alfalfa en invierno ayuda a reducir el ataque primaveral del gusano verde - ASAJA Palencia","description":"La prestigiosa revista cient\u00edfica Crop Protection ha publicado un art\u00edculo realizado por investigadores de la Universidad de L\u00e9rida y del Centro de","robots":{"index":"index","follow":"follow","max-snippet":"max-snippet:-1","max-image-preview":"max-image-preview:large","max-video-preview":"max-video-preview:-1"},"canonical":"https:\/\/www.asajacyl.com\/palencia\/asaja-palencia-informa\/segar-la-alfalfa-en-invierno-ayuda-a-reducir-el-ataque-primaveral-del-gusano-verde","og_locale":"es_ES","og_type":"article","og_title":"Un estudio afirma que segar la alfalfa en invierno ayuda a reducir el ataque primaveral del gusano verde - ASAJA Palencia","og_description":"La prestigiosa revista cient\u00edfica Crop Protection ha publicado un art\u00edculo realizado por investigadores de la Universidad de L\u00e9rida y del Centro de","og_url":"https:\/\/www.asajacyl.com\/palencia\/asaja-palencia-informa\/segar-la-alfalfa-en-invierno-ayuda-a-reducir-el-ataque-primaveral-del-gusano-verde","og_site_name":"ASAJA Palencia","article_published_time":"2022-06-12T09:53:00+00:00","og_image":[{"width":2500,"height":1875,"url":"https:\/\/www.asajacyl.com\/palencia\/wp-content\/uploads\/sites\/3\/2022\/05\/ALFALFA-REGADIO.jpg","type":"image\/jpeg"}],"author":"Administrador","twitter_card":"summary_large_image","twitter_misc":{"Escrito por":"Administrador","Tiempo de lectura":"2 minutos"},"schema":{"@context":"https:\/\/schema.org","@graph":[{"@type":"WebPage","@id":"https:\/\/www.asajacyl.com\/palencia\/asaja-palencia-informa\/segar-la-alfalfa-en-invierno-ayuda-a-reducir-el-ataque-primaveral-del-gusano-verde","url":"https:\/\/www.asajacyl.com\/palencia\/asaja-palencia-informa\/segar-la-alfalfa-en-invierno-ayuda-a-reducir-el-ataque-primaveral-del-gusano-verde","name":"Un estudio afirma que segar la alfalfa en invierno ayuda a reducir el ataque primaveral del gusano verde - ASAJA Palencia","isPartOf":{"@id":"https:\/\/www.asajacyl.com\/palencia\/#website"},"primaryImageOfPage":{"@id":"https:\/\/www.asajacyl.com\/palencia\/asaja-palencia-informa\/segar-la-alfalfa-en-invierno-ayuda-a-reducir-el-ataque-primaveral-del-gusano-verde#primaryimage"},"image":{"@id":"https:\/\/www.asajacyl.com\/palencia\/asaja-palencia-informa\/segar-la-alfalfa-en-invierno-ayuda-a-reducir-el-ataque-primaveral-del-gusano-verde#primaryimage"},"thumbnailUrl":"https:\/\/www.asajacyl.com\/palencia\/wp-content\/uploads\/sites\/3\/2022\/05\/ALFALFA-REGADIO.jpg","datePublished":"2022-06-12T09:53:00+00:00","author":{"@id":"https:\/\/www.asajacyl.com\/palencia\/#\/schema\/person\/3ab17aeb03527485c317557fae64aab1"},"description":"La prestigiosa revista cient\u00edfica Crop Protection ha publicado un art\u00edculo realizado por investigadores de la Universidad de L\u00e9rida y del Centro de","breadcrumb":{"@id":"https:\/\/www.asajacyl.com\/palencia\/asaja-palencia-informa\/segar-la-alfalfa-en-invierno-ayuda-a-reducir-el-ataque-primaveral-del-gusano-verde#breadcrumb"},"inLanguage":"es","potentialAction":[{"@type":"ReadAction","target":["https:\/\/www.asajacyl.com\/palencia\/asaja-palencia-informa\/segar-la-alfalfa-en-invierno-ayuda-a-reducir-el-ataque-primaveral-del-gusano-verde"]}]},{"@type":"ImageObject","inLanguage":"es","@id":"https:\/\/www.asajacyl.com\/palencia\/asaja-palencia-informa\/segar-la-alfalfa-en-invierno-ayuda-a-reducir-el-ataque-primaveral-del-gusano-verde#primaryimage","url":"https:\/\/www.asajacyl.com\/palencia\/wp-content\/uploads\/sites\/3\/2022\/05\/ALFALFA-REGADIO.jpg","contentUrl":"https:\/\/www.asajacyl.com\/palencia\/wp-content\/uploads\/sites\/3\/2022\/05\/ALFALFA-REGADIO.jpg","width":2500,"height":1875,"caption":"sdr"},{"@type":"BreadcrumbList","@id":"https:\/\/www.asajacyl.com\/palencia\/asaja-palencia-informa\/segar-la-alfalfa-en-invierno-ayuda-a-reducir-el-ataque-primaveral-del-gusano-verde#breadcrumb","itemListElement":[{"@type":"ListItem","position":1,"name":"Portada","item":"https:\/\/www.asajacyl.com\/palencia\/"},{"@type":"ListItem","position":2,"name":"Un estudio afirma que segar la alfalfa en invierno ayuda a reducir el ataque primaveral del gusano verde"}]},{"@type":"WebSite","@id":"https:\/\/www.asajacyl.com\/palencia\/#website","url":"https:\/\/www.asajacyl.com\/palencia\/","name":"ASAJA Palencia","description":"Otro sitio m\u00e1s de Provincias ASAJA Castilla y Le\u00f3n","potentialAction":[{"@type":"SearchAction","target":{"@type":"EntryPoint","urlTemplate":"https:\/\/www.asajacyl.com\/palencia\/?s={search_term_string}"},"query-input":{"@type":"PropertyValueSpecification","valueRequired":true,"valueName":"search_term_string"}}],"inLanguage":"es"},{"@type":"Person","@id":"https:\/\/www.asajacyl.com\/palencia\/#\/schema\/person\/3ab17aeb03527485c317557fae64aab1","name":"Administrador","image":{"@type":"ImageObject","inLanguage":"es","@id":"https:\/\/www.asajacyl.com\/palencia\/#\/schema\/person\/image\/","url":"https:\/\/secure.gravatar.com\/avatar\/517384810d242ca9e38c180f3c9fb973?s=96&d=mm&r=g","contentUrl":"https:\/\/secure.gravatar.com\/avatar\/517384810d242ca9e38c180f3c9fb973?s=96&d=mm&r=g","caption":"Administrador"},"url":"https:\/\/www.asajacyl.com\/palencia\/author\/carlosrm"}]}},"_links":{"self":[{"href":"https:\/\/www.asajacyl.com\/palencia\/wp-json\/wp\/v2\/posts\/10661"}],"collection":[{"href":"https:\/\/www.asajacyl.com\/palencia\/wp-json\/wp\/v2\/posts"}],"about":[{"href":"https:\/\/www.asajacyl.com\/palencia\/wp-json\/wp\/v2\/types\/post"}],"author":[{"embeddable":true,"href":"https:\/\/www.asajacyl.com\/palencia\/wp-json\/wp\/v2\/users\/9"}],"replies":[{"embeddable":true,"href":"https:\/\/www.asajacyl.com\/palencia\/wp-json\/wp\/v2\/comments?post=10661"}],"version-history":[{"count":4,"href":"https:\/\/www.asajacyl.com\/palencia\/wp-json\/wp\/v2\/posts\/10661\/revisions"}],"predecessor-version":[{"id":10667,"href":"https:\/\/www.asajacyl.com\/palencia\/wp-json\/wp\/v2\/posts\/10661\/revisions\/10667"}],"wp:featuredmedia":[{"embeddable":true,"href":"https:\/\/www.asajacyl.com\/palencia\/wp-json\/wp\/v2\/media\/10567"}],"wp:attachment":[{"href":"https:\/\/www.asajacyl.com\/palencia\/wp-json\/wp\/v2\/media?parent=10661"}],"wp:term":[{"taxonomy":"category","embeddable":true,"href":"https:\/\/www.asajacyl.com\/palencia\/wp-json\/wp\/v2\/categories?post=10661"},{"taxonomy":"post_tag","embeddable":true,"href":"https:\/\/www.asajacyl.com\/palencia\/wp-json\/wp\/v2\/tags?post=10661"}],"curies":[{"name":"wp","href":"https:\/\/api.w.org\/{rel}","templated":true}]}}