{"id":10668,"date":"2022-06-10T09:29:17","date_gmt":"2022-06-10T07:29:17","guid":{"rendered":"https:\/\/www.asajacyl.com\/palencia\/?p=10668"},"modified":"2022-06-10T09:29:19","modified_gmt":"2022-06-10T07:29:19","slug":"carrion-y-pisuerga-entran-en-alerta","status":"publish","type":"post","link":"https:\/\/www.asajacyl.com\/palencia\/asaja-palencia-informa\/carrion-y-pisuerga-entran-en-alerta","title":{"rendered":"Carri\u00f3n y Pisuerga entran en \u00abalerta\u00bb"},"content":{"rendered":"\n<p>En el \u00abInforme Mensual de Seguimiento del Plan Especial de Sequ\u00eda\u00bb la Confederaci\u00f3n Hidrogr\u00e1fica del Duero marca la situaci\u00f3n de cada sistema en lo referente a la sequ\u00eda prolongada, teniendo en cuenta las aportaciones recibidas por cada sistema en el per\u00edodo de un mes, y la escasez, verificando el volumen de agua embalsada.<\/p>\n\n\n\n<p>Al t\u00e9rmino de mayo, la situaci\u00f3n muestra un empeoramiento de nuestros sistemas, Carri\u00f3n y Pisuerga. Respecto a la sequ\u00eda prolongada el sistema Carri\u00f3n ha entrado en la situaci\u00f3n de \u00absequ\u00eda prolongada\u00bb, mientras que en abril estaba en \u00abnormalidad\u00bb y, por su parte, el sistema Pisuerga contin\u00faa en \u00absequ\u00eda prolongada\u00bb, donde lleva desde hace meses. En el caso de la escasez, ambos sistemas han empeorado su situaci\u00f3n ya que part\u00edan de una \u00abprealerta\u00bb que tras el paso de mayo se ha convertido en \u00abalerta\u00bb -aqu\u00ed cabe recordar que los estados de escasez posibles son: normalidad, prealerta, alerta y emergencia-.<\/p>\n\n\n\n<p>A d\u00eda 10 de junio, el agua embalsada en el sistema Carri\u00f3n asciende a 94,0 hm<sup>3<\/sup> cuando los embalses tienen un volumen total de 165 hm<sup>3<\/sup>, por tanto el volumen embalsado es del 57,0%. El agua embalsada en la media de diez a\u00f1os en esta fecha es de 128,2 hm<sup>3<\/sup> -77,7% del total de capacidad- lo que hace ver el mal estado de la situaci\u00f3n. Adem\u00e1s, hay que tener en cuenta que la Comisi\u00f3n de Desembalse aprob\u00f3 un volumen m\u00ednimo de reserva de 20 hm<sup>3<\/sup> para este sistema.<\/p>\n\n\n\n<p>El caso del sistema Pisuerga es a\u00fan peor. Los embalses contienen 142,5 hm<sup>3<\/sup> de los 322 hm<sup>3<\/sup> que tienen de capacidad por lo que se encuentran al 44,3%. Su media a diez a\u00f1os es de 238,0 hm<sup>3<\/sup>, cifra much\u00edsimo m\u00e1s elevada que el contenido actual, y el volumen m\u00ednimo de reserva asciende a 40 hm<sup>3<\/sup>.<\/p>\n\n\n\n<p>Cuando nos las promet\u00edamos muy felices, tras un final de abril lluvioso, unido a temperaturas suaves, que retras\u00f3 el inicio de la campa\u00f1a, mayo ha aportado muy poco agua a nuestra provincia, con temperaturas muy altas diversos d\u00edas, y en este mes, en el que hist\u00f3ricamente entra en los embalses un poco m\u00e1s de agua de lo que sale, los embalses han tenido que desembalsar bastante m\u00e1s agua del que han recibido.<\/p>\n\n\n\n<p>La campa\u00f1a de cereales de invierno de forma general se cerrar\u00e1 sin escasez de agua para regar pero los cultivos de primavera deber\u00e1n seguir mirando las cifras semana a semana con la confianza de que no se corte la campa\u00f1a de forma anticipada. Las dotaciones existentes en el sistema Carri\u00f3n ascienden a 3.700 hm<sup>3<\/sup>\/ha y las del sistema Pisuerga a 3.500 hm<sup>3<\/sup>\/ha y los regantes han hecho un gran esfuerzo reduciendo mucho este a\u00f1o las hect\u00e1reas utilizadas para cultivos de primavera.<\/p>\n\n\n\n<p>Nuestra provincia necesita mayor rapidez en la modernizaci\u00f3n de aquellas comunidades de regantes que la han aprobado y mayor regulaci\u00f3n para aumentar la disponibilidad de agua. Si las administraciones son capaces de conseguir estos hitos, la agricultura palentina mejorar\u00e1 mucho y, con ella, la ansiada fijaci\u00f3n de poblaci\u00f3n en el medio rural y el abastecimiento de alimentos, algo totalmente necesario pero que en las \u00faltimas d\u00e9cadas se ha dado por hecho, hasta que la guerra en Ucrania nos ha hecho ver que la carest\u00eda de alimentos y materias primas es algo posible y que hay que luchar para evitar. Resignarnos a ser un pa\u00eds de secano, o con poco agua para los regad\u00edos, es tener falta de altura de miras y nuestros pol\u00edticos no deben estar en esa tesitura.<\/p>\n\n\n\n<figure class=\"wp-block-table aligncenter is-style-stripes\"><table><tbody><tr><td class=\"has-text-align-center\" data-align=\"center\"><strong>ESTACI\u00d3N METEOROL\u00d3GICA<\/strong><\/td><td class=\"has-text-align-center\" data-align=\"center\"><strong>PLUVIOMETR\u00cdA EN MAYO (l\/m<sup>2<\/sup>)<\/strong><\/td><\/tr><tr><td class=\"has-text-align-center\" data-align=\"center\">Herrera de Pisuerga<\/td><td class=\"has-text-align-center\" data-align=\"center\">25<\/td><\/tr><tr><td class=\"has-text-align-center\" data-align=\"center\">Lantadilla<\/td><td class=\"has-text-align-center\" data-align=\"center\">23<\/td><\/tr><tr><td class=\"has-text-align-center\" data-align=\"center\">Villoldo<\/td><td class=\"has-text-align-center\" data-align=\"center\">23<\/td><\/tr><tr><td class=\"has-text-align-center\" data-align=\"center\">Villaluenga de la Vega<\/td><td class=\"has-text-align-center\" data-align=\"center\">22<\/td><\/tr><tr><td class=\"has-text-align-center\" data-align=\"center\">Villaeles<\/td><td class=\"has-text-align-center\" data-align=\"center\">19<\/td><\/tr><tr><td class=\"has-text-align-center\" data-align=\"center\">Torquemada<\/td><td class=\"has-text-align-center\" data-align=\"center\">17<\/td><\/tr><tr><td class=\"has-text-align-center\" data-align=\"center\">Villamuriel de Cerrato<\/td><td class=\"has-text-align-center\" data-align=\"center\">15<\/td><\/tr><tr><td class=\"has-text-align-center\" data-align=\"center\">Fuentes de Nava<\/td><td class=\"has-text-align-center\" data-align=\"center\">14<\/td><\/tr><\/tbody><\/table><figcaption>Fuente: ITACyL<\/figcaption><\/figure>\n\n\n\n<div class=\"wp-block-image\"><figure class=\"aligncenter size-large is-resized\"><img loading=\"lazy\" decoding=\"async\" src=\"https:\/\/www.asajacyl.com\/palencia\/wp-content\/uploads\/sites\/3\/2022\/06\/2022-MAYO-ESCASEZ-1024x725.jpg\" alt=\"\" class=\"wp-image-10670\" width=\"956\" height=\"677\" srcset=\"https:\/\/www.asajacyl.com\/palencia\/wp-content\/uploads\/sites\/3\/2022\/06\/2022-MAYO-ESCASEZ-1024x725.jpg 1024w, https:\/\/www.asajacyl.com\/palencia\/wp-content\/uploads\/sites\/3\/2022\/06\/2022-MAYO-ESCASEZ-300x212.jpg 300w, https:\/\/www.asajacyl.com\/palencia\/wp-content\/uploads\/sites\/3\/2022\/06\/2022-MAYO-ESCASEZ-768x544.jpg 768w, https:\/\/www.asajacyl.com\/palencia\/wp-content\/uploads\/sites\/3\/2022\/06\/2022-MAYO-ESCASEZ-1536x1087.jpg 1536w, https:\/\/www.asajacyl.com\/palencia\/wp-content\/uploads\/sites\/3\/2022\/06\/2022-MAYO-ESCASEZ-696x493.jpg 696w, https:\/\/www.asajacyl.com\/palencia\/wp-content\/uploads\/sites\/3\/2022\/06\/2022-MAYO-ESCASEZ-1068x756.jpg 1068w, https:\/\/www.asajacyl.com\/palencia\/wp-content\/uploads\/sites\/3\/2022\/06\/2022-MAYO-ESCASEZ-593x420.jpg 593w, https:\/\/www.asajacyl.com\/palencia\/wp-content\/uploads\/sites\/3\/2022\/06\/2022-MAYO-ESCASEZ.jpg 1753w\" sizes=\"(max-width: 956px) 100vw, 956px\" \/><figcaption>Fuente: Confederaci\u00f3n Hidrogr\u00e1fica del Duero<\/figcaption><\/figure><\/div>\n\n\n\n<div class=\"wp-block-image\"><figure class=\"aligncenter size-large is-resized\"><img loading=\"lazy\" decoding=\"async\" src=\"https:\/\/www.asajacyl.com\/palencia\/wp-content\/uploads\/sites\/3\/2022\/06\/2022-MAYO-SEQUIA-PROLONGADA-1024x725.jpg\" alt=\"\" class=\"wp-image-10671\" width=\"973\" height=\"688\" srcset=\"https:\/\/www.asajacyl.com\/palencia\/wp-content\/uploads\/sites\/3\/2022\/06\/2022-MAYO-SEQUIA-PROLONGADA-1024x725.jpg 1024w, https:\/\/www.asajacyl.com\/palencia\/wp-content\/uploads\/sites\/3\/2022\/06\/2022-MAYO-SEQUIA-PROLONGADA-300x212.jpg 300w, https:\/\/www.asajacyl.com\/palencia\/wp-content\/uploads\/sites\/3\/2022\/06\/2022-MAYO-SEQUIA-PROLONGADA-768x544.jpg 768w, https:\/\/www.asajacyl.com\/palencia\/wp-content\/uploads\/sites\/3\/2022\/06\/2022-MAYO-SEQUIA-PROLONGADA-1536x1087.jpg 1536w, https:\/\/www.asajacyl.com\/palencia\/wp-content\/uploads\/sites\/3\/2022\/06\/2022-MAYO-SEQUIA-PROLONGADA-696x493.jpg 696w, https:\/\/www.asajacyl.com\/palencia\/wp-content\/uploads\/sites\/3\/2022\/06\/2022-MAYO-SEQUIA-PROLONGADA-1068x756.jpg 1068w, https:\/\/www.asajacyl.com\/palencia\/wp-content\/uploads\/sites\/3\/2022\/06\/2022-MAYO-SEQUIA-PROLONGADA-593x420.jpg 593w, https:\/\/www.asajacyl.com\/palencia\/wp-content\/uploads\/sites\/3\/2022\/06\/2022-MAYO-SEQUIA-PROLONGADA.jpg 1753w\" sizes=\"(max-width: 973px) 100vw, 973px\" \/><figcaption>Fuente: Confederaci\u00f3n Hidrogr\u00e1fica del Duero<\/figcaption><\/figure><\/div>\n","protected":false},"excerpt":{"rendered":"<p>En el \u00abInforme Mensual de Seguimiento del Plan Especial de Sequ\u00eda\u00bb la Confederaci\u00f3n Hidrogr\u00e1fica del Duero marca la situaci\u00f3n de cada sistema en lo referente a la sequ\u00eda prolongada, teniendo en cuenta las aportaciones recibidas por cada sistema en el per\u00edodo de un mes, y la escasez, verificando el volumen de agua embalsada. Al t\u00e9rmino [&hellip;]<\/p>\n","protected":false},"author":9,"featured_media":10673,"comment_status":"open","ping_status":"open","sticky":false,"template":"","format":"standard","meta":{"footnotes":""},"categories":[9,29,28],"tags":[],"yoast_head":"<!-- This site is optimized with the Yoast SEO plugin v24.5 - https:\/\/yoast.com\/wordpress\/plugins\/seo\/ -->\n<title>Carri\u00f3n y Pisuerga entran en &quot;alerta&quot; - ASAJA Palencia<\/title>\n<meta name=\"description\" content=\"En el &quot;Informe Mensual de Seguimiento del Plan Especial de Sequ\u00eda&quot; la Confederaci\u00f3n Hidrogr\u00e1fica del Duero marca la situaci\u00f3n de cada sistema en lo\" \/>\n<meta name=\"robots\" content=\"index, follow, max-snippet:-1, max-image-preview:large, max-video-preview:-1\" \/>\n<link rel=\"canonical\" href=\"https:\/\/www.asajacyl.com\/palencia\/asaja-palencia-informa\/carrion-y-pisuerga-entran-en-alerta\" \/>\n<meta property=\"og:locale\" content=\"es_ES\" \/>\n<meta property=\"og:type\" content=\"article\" \/>\n<meta property=\"og:title\" content=\"Carri\u00f3n y Pisuerga entran en &quot;alerta&quot; - ASAJA Palencia\" \/>\n<meta property=\"og:description\" content=\"En el &quot;Informe Mensual de Seguimiento del Plan Especial de Sequ\u00eda&quot; la Confederaci\u00f3n Hidrogr\u00e1fica del Duero marca la situaci\u00f3n de cada sistema en lo\" \/>\n<meta property=\"og:url\" content=\"https:\/\/www.asajacyl.com\/palencia\/asaja-palencia-informa\/carrion-y-pisuerga-entran-en-alerta\" \/>\n<meta property=\"og:site_name\" content=\"ASAJA Palencia\" \/>\n<meta property=\"article:published_time\" content=\"2022-06-10T07:29:17+00:00\" \/>\n<meta property=\"article:modified_time\" content=\"2022-06-10T07:29:19+00:00\" \/>\n<meta property=\"og:image\" content=\"https:\/\/www.asajacyl.com\/palencia\/wp-content\/uploads\/sites\/3\/2022\/06\/PIVOT.jpg\" \/>\n\t<meta property=\"og:image:width\" content=\"640\" \/>\n\t<meta property=\"og:image:height\" content=\"480\" \/>\n\t<meta property=\"og:image:type\" content=\"image\/jpeg\" \/>\n<meta name=\"author\" content=\"Administrador\" \/>\n<meta name=\"twitter:card\" content=\"summary_large_image\" \/>\n<meta name=\"twitter:label1\" content=\"Escrito por\" \/>\n\t<meta name=\"twitter:data1\" content=\"Administrador\" \/>\n\t<meta name=\"twitter:label2\" content=\"Tiempo de lectura\" \/>\n\t<meta name=\"twitter:data2\" content=\"4 minutos\" \/>\n<script type=\"application\/ld+json\" class=\"yoast-schema-graph\">{\"@context\":\"https:\/\/schema.org\",\"@graph\":[{\"@type\":\"WebPage\",\"@id\":\"https:\/\/www.asajacyl.com\/palencia\/asaja-palencia-informa\/carrion-y-pisuerga-entran-en-alerta\",\"url\":\"https:\/\/www.asajacyl.com\/palencia\/asaja-palencia-informa\/carrion-y-pisuerga-entran-en-alerta\",\"name\":\"Carri\u00f3n y Pisuerga entran en \\\"alerta\\\" - ASAJA Palencia\",\"isPartOf\":{\"@id\":\"https:\/\/www.asajacyl.com\/palencia\/#website\"},\"primaryImageOfPage\":{\"@id\":\"https:\/\/www.asajacyl.com\/palencia\/asaja-palencia-informa\/carrion-y-pisuerga-entran-en-alerta#primaryimage\"},\"image\":{\"@id\":\"https:\/\/www.asajacyl.com\/palencia\/asaja-palencia-informa\/carrion-y-pisuerga-entran-en-alerta#primaryimage\"},\"thumbnailUrl\":\"https:\/\/www.asajacyl.com\/palencia\/wp-content\/uploads\/sites\/3\/2022\/06\/PIVOT.jpg\",\"datePublished\":\"2022-06-10T07:29:17+00:00\",\"dateModified\":\"2022-06-10T07:29:19+00:00\",\"author\":{\"@id\":\"https:\/\/www.asajacyl.com\/palencia\/#\/schema\/person\/3ab17aeb03527485c317557fae64aab1\"},\"description\":\"En el \\\"Informe Mensual de Seguimiento del Plan Especial de Sequ\u00eda\\\" la Confederaci\u00f3n Hidrogr\u00e1fica del Duero marca la situaci\u00f3n de cada sistema en lo\",\"breadcrumb\":{\"@id\":\"https:\/\/www.asajacyl.com\/palencia\/asaja-palencia-informa\/carrion-y-pisuerga-entran-en-alerta#breadcrumb\"},\"inLanguage\":\"es\",\"potentialAction\":[{\"@type\":\"ReadAction\",\"target\":[\"https:\/\/www.asajacyl.com\/palencia\/asaja-palencia-informa\/carrion-y-pisuerga-entran-en-alerta\"]}]},{\"@type\":\"ImageObject\",\"inLanguage\":\"es\",\"@id\":\"https:\/\/www.asajacyl.com\/palencia\/asaja-palencia-informa\/carrion-y-pisuerga-entran-en-alerta#primaryimage\",\"url\":\"https:\/\/www.asajacyl.com\/palencia\/wp-content\/uploads\/sites\/3\/2022\/06\/PIVOT.jpg\",\"contentUrl\":\"https:\/\/www.asajacyl.com\/palencia\/wp-content\/uploads\/sites\/3\/2022\/06\/PIVOT.jpg\",\"width\":640,\"height\":480},{\"@type\":\"BreadcrumbList\",\"@id\":\"https:\/\/www.asajacyl.com\/palencia\/asaja-palencia-informa\/carrion-y-pisuerga-entran-en-alerta#breadcrumb\",\"itemListElement\":[{\"@type\":\"ListItem\",\"position\":1,\"name\":\"Portada\",\"item\":\"https:\/\/www.asajacyl.com\/palencia\/\"},{\"@type\":\"ListItem\",\"position\":2,\"name\":\"Carri\u00f3n y Pisuerga entran en \u00abalerta\u00bb\"}]},{\"@type\":\"WebSite\",\"@id\":\"https:\/\/www.asajacyl.com\/palencia\/#website\",\"url\":\"https:\/\/www.asajacyl.com\/palencia\/\",\"name\":\"ASAJA Palencia\",\"description\":\"Otro sitio m\u00e1s de Provincias ASAJA Castilla y Le\u00f3n\",\"potentialAction\":[{\"@type\":\"SearchAction\",\"target\":{\"@type\":\"EntryPoint\",\"urlTemplate\":\"https:\/\/www.asajacyl.com\/palencia\/?s={search_term_string}\"},\"query-input\":{\"@type\":\"PropertyValueSpecification\",\"valueRequired\":true,\"valueName\":\"search_term_string\"}}],\"inLanguage\":\"es\"},{\"@type\":\"Person\",\"@id\":\"https:\/\/www.asajacyl.com\/palencia\/#\/schema\/person\/3ab17aeb03527485c317557fae64aab1\",\"name\":\"Administrador\",\"image\":{\"@type\":\"ImageObject\",\"inLanguage\":\"es\",\"@id\":\"https:\/\/www.asajacyl.com\/palencia\/#\/schema\/person\/image\/\",\"url\":\"https:\/\/secure.gravatar.com\/avatar\/517384810d242ca9e38c180f3c9fb973?s=96&d=mm&r=g\",\"contentUrl\":\"https:\/\/secure.gravatar.com\/avatar\/517384810d242ca9e38c180f3c9fb973?s=96&d=mm&r=g\",\"caption\":\"Administrador\"},\"url\":\"https:\/\/www.asajacyl.com\/palencia\/author\/carlosrm\"}]}<\/script>\n<!-- \/ Yoast SEO plugin. -->","yoast_head_json":{"title":"Carri\u00f3n y Pisuerga entran en \"alerta\" - ASAJA Palencia","description":"En el \"Informe Mensual de Seguimiento del Plan Especial de Sequ\u00eda\" la Confederaci\u00f3n Hidrogr\u00e1fica del Duero marca la situaci\u00f3n de cada sistema en lo","robots":{"index":"index","follow":"follow","max-snippet":"max-snippet:-1","max-image-preview":"max-image-preview:large","max-video-preview":"max-video-preview:-1"},"canonical":"https:\/\/www.asajacyl.com\/palencia\/asaja-palencia-informa\/carrion-y-pisuerga-entran-en-alerta","og_locale":"es_ES","og_type":"article","og_title":"Carri\u00f3n y Pisuerga entran en \"alerta\" - ASAJA Palencia","og_description":"En el \"Informe Mensual de Seguimiento del Plan Especial de Sequ\u00eda\" la Confederaci\u00f3n Hidrogr\u00e1fica del Duero marca la situaci\u00f3n de cada sistema en lo","og_url":"https:\/\/www.asajacyl.com\/palencia\/asaja-palencia-informa\/carrion-y-pisuerga-entran-en-alerta","og_site_name":"ASAJA Palencia","article_published_time":"2022-06-10T07:29:17+00:00","article_modified_time":"2022-06-10T07:29:19+00:00","og_image":[{"width":640,"height":480,"url":"https:\/\/www.asajacyl.com\/palencia\/wp-content\/uploads\/sites\/3\/2022\/06\/PIVOT.jpg","type":"image\/jpeg"}],"author":"Administrador","twitter_card":"summary_large_image","twitter_misc":{"Escrito por":"Administrador","Tiempo de lectura":"4 minutos"},"schema":{"@context":"https:\/\/schema.org","@graph":[{"@type":"WebPage","@id":"https:\/\/www.asajacyl.com\/palencia\/asaja-palencia-informa\/carrion-y-pisuerga-entran-en-alerta","url":"https:\/\/www.asajacyl.com\/palencia\/asaja-palencia-informa\/carrion-y-pisuerga-entran-en-alerta","name":"Carri\u00f3n y Pisuerga entran en \"alerta\" - ASAJA Palencia","isPartOf":{"@id":"https:\/\/www.asajacyl.com\/palencia\/#website"},"primaryImageOfPage":{"@id":"https:\/\/www.asajacyl.com\/palencia\/asaja-palencia-informa\/carrion-y-pisuerga-entran-en-alerta#primaryimage"},"image":{"@id":"https:\/\/www.asajacyl.com\/palencia\/asaja-palencia-informa\/carrion-y-pisuerga-entran-en-alerta#primaryimage"},"thumbnailUrl":"https:\/\/www.asajacyl.com\/palencia\/wp-content\/uploads\/sites\/3\/2022\/06\/PIVOT.jpg","datePublished":"2022-06-10T07:29:17+00:00","dateModified":"2022-06-10T07:29:19+00:00","author":{"@id":"https:\/\/www.asajacyl.com\/palencia\/#\/schema\/person\/3ab17aeb03527485c317557fae64aab1"},"description":"En el \"Informe Mensual de Seguimiento del Plan Especial de Sequ\u00eda\" la Confederaci\u00f3n Hidrogr\u00e1fica del Duero marca la situaci\u00f3n de cada sistema en lo","breadcrumb":{"@id":"https:\/\/www.asajacyl.com\/palencia\/asaja-palencia-informa\/carrion-y-pisuerga-entran-en-alerta#breadcrumb"},"inLanguage":"es","potentialAction":[{"@type":"ReadAction","target":["https:\/\/www.asajacyl.com\/palencia\/asaja-palencia-informa\/carrion-y-pisuerga-entran-en-alerta"]}]},{"@type":"ImageObject","inLanguage":"es","@id":"https:\/\/www.asajacyl.com\/palencia\/asaja-palencia-informa\/carrion-y-pisuerga-entran-en-alerta#primaryimage","url":"https:\/\/www.asajacyl.com\/palencia\/wp-content\/uploads\/sites\/3\/2022\/06\/PIVOT.jpg","contentUrl":"https:\/\/www.asajacyl.com\/palencia\/wp-content\/uploads\/sites\/3\/2022\/06\/PIVOT.jpg","width":640,"height":480},{"@type":"BreadcrumbList","@id":"https:\/\/www.asajacyl.com\/palencia\/asaja-palencia-informa\/carrion-y-pisuerga-entran-en-alerta#breadcrumb","itemListElement":[{"@type":"ListItem","position":1,"name":"Portada","item":"https:\/\/www.asajacyl.com\/palencia\/"},{"@type":"ListItem","position":2,"name":"Carri\u00f3n y Pisuerga entran en \u00abalerta\u00bb"}]},{"@type":"WebSite","@id":"https:\/\/www.asajacyl.com\/palencia\/#website","url":"https:\/\/www.asajacyl.com\/palencia\/","name":"ASAJA Palencia","description":"Otro sitio m\u00e1s de Provincias ASAJA Castilla y Le\u00f3n","potentialAction":[{"@type":"SearchAction","target":{"@type":"EntryPoint","urlTemplate":"https:\/\/www.asajacyl.com\/palencia\/?s={search_term_string}"},"query-input":{"@type":"PropertyValueSpecification","valueRequired":true,"valueName":"search_term_string"}}],"inLanguage":"es"},{"@type":"Person","@id":"https:\/\/www.asajacyl.com\/palencia\/#\/schema\/person\/3ab17aeb03527485c317557fae64aab1","name":"Administrador","image":{"@type":"ImageObject","inLanguage":"es","@id":"https:\/\/www.asajacyl.com\/palencia\/#\/schema\/person\/image\/","url":"https:\/\/secure.gravatar.com\/avatar\/517384810d242ca9e38c180f3c9fb973?s=96&d=mm&r=g","contentUrl":"https:\/\/secure.gravatar.com\/avatar\/517384810d242ca9e38c180f3c9fb973?s=96&d=mm&r=g","caption":"Administrador"},"url":"https:\/\/www.asajacyl.com\/palencia\/author\/carlosrm"}]}},"_links":{"self":[{"href":"https:\/\/www.asajacyl.com\/palencia\/wp-json\/wp\/v2\/posts\/10668"}],"collection":[{"href":"https:\/\/www.asajacyl.com\/palencia\/wp-json\/wp\/v2\/posts"}],"about":[{"href":"https:\/\/www.asajacyl.com\/palencia\/wp-json\/wp\/v2\/types\/post"}],"author":[{"embeddable":true,"href":"https:\/\/www.asajacyl.com\/palencia\/wp-json\/wp\/v2\/users\/9"}],"replies":[{"embeddable":true,"href":"https:\/\/www.asajacyl.com\/palencia\/wp-json\/wp\/v2\/comments?post=10668"}],"version-history":[{"count":2,"href":"https:\/\/www.asajacyl.com\/palencia\/wp-json\/wp\/v2\/posts\/10668\/revisions"}],"predecessor-version":[{"id":10672,"href":"https:\/\/www.asajacyl.com\/palencia\/wp-json\/wp\/v2\/posts\/10668\/revisions\/10672"}],"wp:featuredmedia":[{"embeddable":true,"href":"https:\/\/www.asajacyl.com\/palencia\/wp-json\/wp\/v2\/media\/10673"}],"wp:attachment":[{"href":"https:\/\/www.asajacyl.com\/palencia\/wp-json\/wp\/v2\/media?parent=10668"}],"wp:term":[{"taxonomy":"category","embeddable":true,"href":"https:\/\/www.asajacyl.com\/palencia\/wp-json\/wp\/v2\/categories?post=10668"},{"taxonomy":"post_tag","embeddable":true,"href":"https:\/\/www.asajacyl.com\/palencia\/wp-json\/wp\/v2\/tags?post=10668"}],"curies":[{"name":"wp","href":"https:\/\/api.w.org\/{rel}","templated":true}]}}