{"id":10679,"date":"2022-06-13T07:46:00","date_gmt":"2022-06-13T05:46:00","guid":{"rendered":"https:\/\/www.asajacyl.com\/palencia\/?p=10679"},"modified":"2022-06-13T07:49:09","modified_gmt":"2022-06-13T05:49:09","slug":"pedro-barato-reelegido-presidente-nacional-de-asaja","status":"publish","type":"post","link":"https:\/\/www.asajacyl.com\/palencia\/asaja-palencia-informa\/pedro-barato-reelegido-presidente-nacional-de-asaja","title":{"rendered":"Pedro Barato, reelegido presidente nacional de ASAJA"},"content":{"rendered":"\n<p>El presidente de ASAJA, Pedro Barato Triguero, fue reelegido en Asamblea General Extraordinaria, celebrada en Madrid, presidente para un periodo de cuatro a\u00f1os. Ocupar\u00e1 una de las vicepresidencias Juan Luis Delgado, de ASAJA-Salamanca, y una vocal\u00eda Ana Pastor, de ASAJA- Soria. Donaciano Dujo sigue en el Comit\u00e9 Ejecutivo por designaci\u00f3n de Pedro Barato.<\/p>\n\n\n\n<p>La candidatura presentada por el presidente electo est\u00e1 formada por representantes de todas las regiones espa\u00f1olas (pen\u00ednsula e islas) y todos los sectores agropecuarios.<\/p>\n\n\n\n<p>Presidente: Pedro Barato Triguero \u2013 ASAJA CIUDAD REAL<\/p>\n\n\n\n<p>Vicepresidente: Ricardo Serra Arias \u2013 ASAJA SEVILLA<\/p>\n\n\n\n<p>Vicepresidente: Crist\u00f3bal Aguado Laza \u2013AVA ASAJA VALENCIA<\/p>\n\n\n\n<p>Vicepresidente: F\u00e9lix Bariain Zarategui \u2013 UAGN ASAJA NAVARRA<\/p>\n\n\n\n<p>Vicepresidente: Jos\u00e9 Manuel Cebollada Sebasti\u00e1n \u2013 ASAJA TERUEL<\/p>\n\n\n\n<p>Vicepresidente: Juan Luis Delgado Egido \u2013 ASAJA SALAMANCA<\/p>\n\n\n\n<p>Vicepresidente: Eduardo P\u00e9rez Hoces- ASAJA LA RIOJA<\/p>\n\n\n\n<p>Tesorera: Blanca Corroto Gonz\u00e1lez \u2013 ASAJA TOLEDO<\/p>\n\n\n\n<p>Vocal: Pedro Gallardo Barrena \u2013 ASAJA CADIZ<\/p>\n\n\n\n<p>Vocal: Angela Delgado D\u00edaz \u2013 ASAJA TENERIFE<\/p>\n\n\n\n<p>Vocal: Angel Garc\u00eda Blanco \u2013 ASAJA CACERES<\/p>\n\n\n\n<p>Vocal: Jos\u00e9 Vicente Andreu Marcos \u2013 ASAJA ALICANTE<\/p>\n\n\n\n<p>Vocal: Juan Company Bauz\u00e1 \u2013 ASAJA BALEARES<\/p>\n\n\n\n<p>Vocal: M\u00aa \u00c1ngeles Gonz\u00e1lez Garc\u00eda \u2013 ASAJA ASTURIAS<\/p>\n\n\n\n<p>Vocal: Ana Pastor Soria \u2013 ASAJA SORIA<\/p>\n\n\n\n<p>Completan el Comit\u00e9 dos miembros de designaci\u00f3n directa del presidente: Adoraci\u00f3n Blanque P\u00e9rez, presidenta de ASAJA Almer\u00eda y Donaciano Dujo Caminero, presidente de ASAJA Castilla y Le\u00f3n.<\/p>\n","protected":false},"excerpt":{"rendered":"<p>El presidente de ASAJA, Pedro Barato Triguero, fue reelegido en Asamblea General Extraordinaria, celebrada en Madrid, presidente para un periodo de cuatro a\u00f1os. Ocupar\u00e1 una de las vicepresidencias Juan Luis Delgado, de ASAJA-Salamanca, y una vocal\u00eda Ana Pastor, de ASAJA- Soria. Donaciano Dujo sigue en el Comit\u00e9 Ejecutivo por designaci\u00f3n de Pedro Barato. La candidatura [&hellip;]<\/p>\n","protected":false},"author":9,"featured_media":10680,"comment_status":"open","ping_status":"open","sticky":false,"template":"","format":"standard","meta":{"footnotes":""},"categories":[9,29,28],"tags":[],"yoast_head":"<!-- This site is optimized with the Yoast SEO plugin v24.5 - https:\/\/yoast.com\/wordpress\/plugins\/seo\/ -->\n<title>Pedro Barato, reelegido presidente nacional de ASAJA - ASAJA Palencia<\/title>\n<meta name=\"description\" content=\"El presidente de ASAJA, Pedro Barato Triguero, fue reelegido en Asamblea General Extraordinaria, celebrada en Madrid, presidente para un periodo de cuatro\" \/>\n<meta name=\"robots\" content=\"index, follow, max-snippet:-1, max-image-preview:large, max-video-preview:-1\" \/>\n<link rel=\"canonical\" href=\"https:\/\/www.asajacyl.com\/palencia\/asaja-palencia-informa\/pedro-barato-reelegido-presidente-nacional-de-asaja\" \/>\n<meta property=\"og:locale\" content=\"es_ES\" \/>\n<meta property=\"og:type\" content=\"article\" \/>\n<meta property=\"og:title\" content=\"Pedro Barato, reelegido presidente nacional de ASAJA - ASAJA Palencia\" \/>\n<meta property=\"og:description\" content=\"El presidente de ASAJA, Pedro Barato Triguero, fue reelegido en Asamblea General Extraordinaria, celebrada en Madrid, presidente para un periodo de cuatro\" \/>\n<meta property=\"og:url\" content=\"https:\/\/www.asajacyl.com\/palencia\/asaja-palencia-informa\/pedro-barato-reelegido-presidente-nacional-de-asaja\" \/>\n<meta property=\"og:site_name\" content=\"ASAJA Palencia\" \/>\n<meta property=\"article:published_time\" content=\"2022-06-13T05:46:00+00:00\" \/>\n<meta property=\"article:modified_time\" content=\"2022-06-13T05:49:09+00:00\" \/>\n<meta property=\"og:image\" content=\"https:\/\/www.asajacyl.com\/palencia\/wp-content\/uploads\/sites\/3\/2022\/06\/barato-con-castilla-y-leon.jpeg\" \/>\n\t<meta property=\"og:image:width\" content=\"536\" \/>\n\t<meta property=\"og:image:height\" content=\"480\" \/>\n\t<meta property=\"og:image:type\" content=\"image\/jpeg\" \/>\n<meta name=\"author\" content=\"Administrador\" \/>\n<meta name=\"twitter:card\" content=\"summary_large_image\" \/>\n<meta name=\"twitter:label1\" content=\"Escrito por\" \/>\n\t<meta name=\"twitter:data1\" content=\"Administrador\" \/>\n\t<meta name=\"twitter:label2\" content=\"Tiempo de lectura\" \/>\n\t<meta name=\"twitter:data2\" content=\"1 minuto\" \/>\n<script type=\"application\/ld+json\" class=\"yoast-schema-graph\">{\"@context\":\"https:\/\/schema.org\",\"@graph\":[{\"@type\":\"WebPage\",\"@id\":\"https:\/\/www.asajacyl.com\/palencia\/asaja-palencia-informa\/pedro-barato-reelegido-presidente-nacional-de-asaja\",\"url\":\"https:\/\/www.asajacyl.com\/palencia\/asaja-palencia-informa\/pedro-barato-reelegido-presidente-nacional-de-asaja\",\"name\":\"Pedro Barato, reelegido presidente nacional de ASAJA - ASAJA Palencia\",\"isPartOf\":{\"@id\":\"https:\/\/www.asajacyl.com\/palencia\/#website\"},\"primaryImageOfPage\":{\"@id\":\"https:\/\/www.asajacyl.com\/palencia\/asaja-palencia-informa\/pedro-barato-reelegido-presidente-nacional-de-asaja#primaryimage\"},\"image\":{\"@id\":\"https:\/\/www.asajacyl.com\/palencia\/asaja-palencia-informa\/pedro-barato-reelegido-presidente-nacional-de-asaja#primaryimage\"},\"thumbnailUrl\":\"https:\/\/www.asajacyl.com\/palencia\/wp-content\/uploads\/sites\/3\/2022\/06\/barato-con-castilla-y-leon.jpeg\",\"datePublished\":\"2022-06-13T05:46:00+00:00\",\"dateModified\":\"2022-06-13T05:49:09+00:00\",\"author\":{\"@id\":\"https:\/\/www.asajacyl.com\/palencia\/#\/schema\/person\/3ab17aeb03527485c317557fae64aab1\"},\"description\":\"El presidente de ASAJA, Pedro Barato Triguero, fue reelegido en Asamblea General Extraordinaria, celebrada en Madrid, presidente para un periodo de cuatro\",\"breadcrumb\":{\"@id\":\"https:\/\/www.asajacyl.com\/palencia\/asaja-palencia-informa\/pedro-barato-reelegido-presidente-nacional-de-asaja#breadcrumb\"},\"inLanguage\":\"es\",\"potentialAction\":[{\"@type\":\"ReadAction\",\"target\":[\"https:\/\/www.asajacyl.com\/palencia\/asaja-palencia-informa\/pedro-barato-reelegido-presidente-nacional-de-asaja\"]}]},{\"@type\":\"ImageObject\",\"inLanguage\":\"es\",\"@id\":\"https:\/\/www.asajacyl.com\/palencia\/asaja-palencia-informa\/pedro-barato-reelegido-presidente-nacional-de-asaja#primaryimage\",\"url\":\"https:\/\/www.asajacyl.com\/palencia\/wp-content\/uploads\/sites\/3\/2022\/06\/barato-con-castilla-y-leon.jpeg\",\"contentUrl\":\"https:\/\/www.asajacyl.com\/palencia\/wp-content\/uploads\/sites\/3\/2022\/06\/barato-con-castilla-y-leon.jpeg\",\"width\":536,\"height\":480},{\"@type\":\"BreadcrumbList\",\"@id\":\"https:\/\/www.asajacyl.com\/palencia\/asaja-palencia-informa\/pedro-barato-reelegido-presidente-nacional-de-asaja#breadcrumb\",\"itemListElement\":[{\"@type\":\"ListItem\",\"position\":1,\"name\":\"Portada\",\"item\":\"https:\/\/www.asajacyl.com\/palencia\/\"},{\"@type\":\"ListItem\",\"position\":2,\"name\":\"Pedro Barato, reelegido presidente nacional de ASAJA\"}]},{\"@type\":\"WebSite\",\"@id\":\"https:\/\/www.asajacyl.com\/palencia\/#website\",\"url\":\"https:\/\/www.asajacyl.com\/palencia\/\",\"name\":\"ASAJA Palencia\",\"description\":\"Otro sitio m\u00e1s de Provincias ASAJA Castilla y Le\u00f3n\",\"potentialAction\":[{\"@type\":\"SearchAction\",\"target\":{\"@type\":\"EntryPoint\",\"urlTemplate\":\"https:\/\/www.asajacyl.com\/palencia\/?s={search_term_string}\"},\"query-input\":{\"@type\":\"PropertyValueSpecification\",\"valueRequired\":true,\"valueName\":\"search_term_string\"}}],\"inLanguage\":\"es\"},{\"@type\":\"Person\",\"@id\":\"https:\/\/www.asajacyl.com\/palencia\/#\/schema\/person\/3ab17aeb03527485c317557fae64aab1\",\"name\":\"Administrador\",\"image\":{\"@type\":\"ImageObject\",\"inLanguage\":\"es\",\"@id\":\"https:\/\/www.asajacyl.com\/palencia\/#\/schema\/person\/image\/\",\"url\":\"https:\/\/secure.gravatar.com\/avatar\/517384810d242ca9e38c180f3c9fb973?s=96&d=mm&r=g\",\"contentUrl\":\"https:\/\/secure.gravatar.com\/avatar\/517384810d242ca9e38c180f3c9fb973?s=96&d=mm&r=g\",\"caption\":\"Administrador\"},\"url\":\"https:\/\/www.asajacyl.com\/palencia\/author\/carlosrm\"}]}<\/script>\n<!-- \/ Yoast SEO plugin. -->","yoast_head_json":{"title":"Pedro Barato, reelegido presidente nacional de ASAJA - ASAJA Palencia","description":"El presidente de ASAJA, Pedro Barato Triguero, fue reelegido en Asamblea General Extraordinaria, celebrada en Madrid, presidente para un periodo de cuatro","robots":{"index":"index","follow":"follow","max-snippet":"max-snippet:-1","max-image-preview":"max-image-preview:large","max-video-preview":"max-video-preview:-1"},"canonical":"https:\/\/www.asajacyl.com\/palencia\/asaja-palencia-informa\/pedro-barato-reelegido-presidente-nacional-de-asaja","og_locale":"es_ES","og_type":"article","og_title":"Pedro Barato, reelegido presidente nacional de ASAJA - ASAJA Palencia","og_description":"El presidente de ASAJA, Pedro Barato Triguero, fue reelegido en Asamblea General Extraordinaria, celebrada en Madrid, presidente para un periodo de cuatro","og_url":"https:\/\/www.asajacyl.com\/palencia\/asaja-palencia-informa\/pedro-barato-reelegido-presidente-nacional-de-asaja","og_site_name":"ASAJA Palencia","article_published_time":"2022-06-13T05:46:00+00:00","article_modified_time":"2022-06-13T05:49:09+00:00","og_image":[{"width":536,"height":480,"url":"https:\/\/www.asajacyl.com\/palencia\/wp-content\/uploads\/sites\/3\/2022\/06\/barato-con-castilla-y-leon.jpeg","type":"image\/jpeg"}],"author":"Administrador","twitter_card":"summary_large_image","twitter_misc":{"Escrito por":"Administrador","Tiempo de lectura":"1 minuto"},"schema":{"@context":"https:\/\/schema.org","@graph":[{"@type":"WebPage","@id":"https:\/\/www.asajacyl.com\/palencia\/asaja-palencia-informa\/pedro-barato-reelegido-presidente-nacional-de-asaja","url":"https:\/\/www.asajacyl.com\/palencia\/asaja-palencia-informa\/pedro-barato-reelegido-presidente-nacional-de-asaja","name":"Pedro Barato, reelegido presidente nacional de ASAJA - ASAJA Palencia","isPartOf":{"@id":"https:\/\/www.asajacyl.com\/palencia\/#website"},"primaryImageOfPage":{"@id":"https:\/\/www.asajacyl.com\/palencia\/asaja-palencia-informa\/pedro-barato-reelegido-presidente-nacional-de-asaja#primaryimage"},"image":{"@id":"https:\/\/www.asajacyl.com\/palencia\/asaja-palencia-informa\/pedro-barato-reelegido-presidente-nacional-de-asaja#primaryimage"},"thumbnailUrl":"https:\/\/www.asajacyl.com\/palencia\/wp-content\/uploads\/sites\/3\/2022\/06\/barato-con-castilla-y-leon.jpeg","datePublished":"2022-06-13T05:46:00+00:00","dateModified":"2022-06-13T05:49:09+00:00","author":{"@id":"https:\/\/www.asajacyl.com\/palencia\/#\/schema\/person\/3ab17aeb03527485c317557fae64aab1"},"description":"El presidente de ASAJA, Pedro Barato Triguero, fue reelegido en Asamblea General Extraordinaria, celebrada en Madrid, presidente para un periodo de cuatro","breadcrumb":{"@id":"https:\/\/www.asajacyl.com\/palencia\/asaja-palencia-informa\/pedro-barato-reelegido-presidente-nacional-de-asaja#breadcrumb"},"inLanguage":"es","potentialAction":[{"@type":"ReadAction","target":["https:\/\/www.asajacyl.com\/palencia\/asaja-palencia-informa\/pedro-barato-reelegido-presidente-nacional-de-asaja"]}]},{"@type":"ImageObject","inLanguage":"es","@id":"https:\/\/www.asajacyl.com\/palencia\/asaja-palencia-informa\/pedro-barato-reelegido-presidente-nacional-de-asaja#primaryimage","url":"https:\/\/www.asajacyl.com\/palencia\/wp-content\/uploads\/sites\/3\/2022\/06\/barato-con-castilla-y-leon.jpeg","contentUrl":"https:\/\/www.asajacyl.com\/palencia\/wp-content\/uploads\/sites\/3\/2022\/06\/barato-con-castilla-y-leon.jpeg","width":536,"height":480},{"@type":"BreadcrumbList","@id":"https:\/\/www.asajacyl.com\/palencia\/asaja-palencia-informa\/pedro-barato-reelegido-presidente-nacional-de-asaja#breadcrumb","itemListElement":[{"@type":"ListItem","position":1,"name":"Portada","item":"https:\/\/www.asajacyl.com\/palencia\/"},{"@type":"ListItem","position":2,"name":"Pedro Barato, reelegido presidente nacional de ASAJA"}]},{"@type":"WebSite","@id":"https:\/\/www.asajacyl.com\/palencia\/#website","url":"https:\/\/www.asajacyl.com\/palencia\/","name":"ASAJA Palencia","description":"Otro sitio m\u00e1s de Provincias ASAJA Castilla y Le\u00f3n","potentialAction":[{"@type":"SearchAction","target":{"@type":"EntryPoint","urlTemplate":"https:\/\/www.asajacyl.com\/palencia\/?s={search_term_string}"},"query-input":{"@type":"PropertyValueSpecification","valueRequired":true,"valueName":"search_term_string"}}],"inLanguage":"es"},{"@type":"Person","@id":"https:\/\/www.asajacyl.com\/palencia\/#\/schema\/person\/3ab17aeb03527485c317557fae64aab1","name":"Administrador","image":{"@type":"ImageObject","inLanguage":"es","@id":"https:\/\/www.asajacyl.com\/palencia\/#\/schema\/person\/image\/","url":"https:\/\/secure.gravatar.com\/avatar\/517384810d242ca9e38c180f3c9fb973?s=96&d=mm&r=g","contentUrl":"https:\/\/secure.gravatar.com\/avatar\/517384810d242ca9e38c180f3c9fb973?s=96&d=mm&r=g","caption":"Administrador"},"url":"https:\/\/www.asajacyl.com\/palencia\/author\/carlosrm"}]}},"_links":{"self":[{"href":"https:\/\/www.asajacyl.com\/palencia\/wp-json\/wp\/v2\/posts\/10679"}],"collection":[{"href":"https:\/\/www.asajacyl.com\/palencia\/wp-json\/wp\/v2\/posts"}],"about":[{"href":"https:\/\/www.asajacyl.com\/palencia\/wp-json\/wp\/v2\/types\/post"}],"author":[{"embeddable":true,"href":"https:\/\/www.asajacyl.com\/palencia\/wp-json\/wp\/v2\/users\/9"}],"replies":[{"embeddable":true,"href":"https:\/\/www.asajacyl.com\/palencia\/wp-json\/wp\/v2\/comments?post=10679"}],"version-history":[{"count":1,"href":"https:\/\/www.asajacyl.com\/palencia\/wp-json\/wp\/v2\/posts\/10679\/revisions"}],"predecessor-version":[{"id":10681,"href":"https:\/\/www.asajacyl.com\/palencia\/wp-json\/wp\/v2\/posts\/10679\/revisions\/10681"}],"wp:featuredmedia":[{"embeddable":true,"href":"https:\/\/www.asajacyl.com\/palencia\/wp-json\/wp\/v2\/media\/10680"}],"wp:attachment":[{"href":"https:\/\/www.asajacyl.com\/palencia\/wp-json\/wp\/v2\/media?parent=10679"}],"wp:term":[{"taxonomy":"category","embeddable":true,"href":"https:\/\/www.asajacyl.com\/palencia\/wp-json\/wp\/v2\/categories?post=10679"},{"taxonomy":"post_tag","embeddable":true,"href":"https:\/\/www.asajacyl.com\/palencia\/wp-json\/wp\/v2\/tags?post=10679"}],"curies":[{"name":"wp","href":"https:\/\/api.w.org\/{rel}","templated":true}]}}