{"id":10684,"date":"2022-06-14T08:03:22","date_gmt":"2022-06-14T06:03:22","guid":{"rendered":"https:\/\/www.asajacyl.com\/palencia\/?p=10684"},"modified":"2022-06-14T14:53:57","modified_gmt":"2022-06-14T12:53:57","slug":"comienza-la-recoleccion-de-cereales-de-invierno-en-palencia","status":"publish","type":"post","link":"https:\/\/www.asajacyl.com\/palencia\/asaja-palencia-informa\/comienza-la-recoleccion-de-cereales-de-invierno-en-palencia","title":{"rendered":"Comienza la recolecci\u00f3n de cereales de invierno en Palencia"},"content":{"rendered":"\n<p>Como es costumbre las primeras parcelas que han recibido la visita de las cosechadoras se encuentran en la comarca de Campos, aunque en pocos d\u00edas tambi\u00e9n dar\u00e1 inicio la siega en El Cerrato, para ir subiendo de forma progresiva hasta las localidades del norte de la provincia, donde finalizar\u00e1 la cosecha.<\/p>\n\n\n\n<p>Este a\u00f1o los fuertes calores han provocado que se inicie la recolecci\u00f3n unos d\u00edas antes de lo habitual. Este mayo hemos tenido falta de agua y sobre todo altas temperaturas, algo que va a mermar las previsiones iniciales de forma considerable.<\/p>\n\n\n\n<p>Son 290.000 las hect\u00e1reas que los agricultores palentinos han destinado al cultivo de cereales de invierno: 137.200 de trigo, 113.200 de Cebada, 15.200 de Centeno, 18.300 de Avena, y 6.000 de Triticale.<\/p>\n\n\n\n<p>En el hist\u00f3rico desde hace veinte a\u00f1os se puede apreciar un descenso paulatino de la cebada en favor del trigo. Este a\u00f1o, con los datos provisionales que manejamos, se ha producido una reducci\u00f3n aproximada de 10.000 hect\u00e1reas en la superficie de cereales de invierno y todas ellas corresponden a la bajada de la cebada, ya que el resto de cultivos mantiene su superficie respecto de la cosecha pasada. Este a\u00f1o tambi\u00e9n es muy destacable el avance de girasol y colza, de la que daremos cuenta en pr\u00f3ximas informaciones.<\/p>\n\n\n\n<div class=\"wp-block-image\"><figure class=\"aligncenter size-large\"><img loading=\"lazy\" decoding=\"async\" width=\"1024\" height=\"504\" src=\"https:\/\/www.asajacyl.com\/palencia\/wp-content\/uploads\/sites\/3\/2022\/06\/image-1-1024x504.png\" alt=\"\" class=\"wp-image-10686\" srcset=\"https:\/\/www.asajacyl.com\/palencia\/wp-content\/uploads\/sites\/3\/2022\/06\/image-1-1024x504.png 1024w, https:\/\/www.asajacyl.com\/palencia\/wp-content\/uploads\/sites\/3\/2022\/06\/image-1-300x148.png 300w, https:\/\/www.asajacyl.com\/palencia\/wp-content\/uploads\/sites\/3\/2022\/06\/image-1-768x378.png 768w, https:\/\/www.asajacyl.com\/palencia\/wp-content\/uploads\/sites\/3\/2022\/06\/image-1-1536x756.png 1536w, https:\/\/www.asajacyl.com\/palencia\/wp-content\/uploads\/sites\/3\/2022\/06\/image-1-696x343.png 696w, https:\/\/www.asajacyl.com\/palencia\/wp-content\/uploads\/sites\/3\/2022\/06\/image-1-1068x526.png 1068w, https:\/\/www.asajacyl.com\/palencia\/wp-content\/uploads\/sites\/3\/2022\/06\/image-1-853x420.png 853w, https:\/\/www.asajacyl.com\/palencia\/wp-content\/uploads\/sites\/3\/2022\/06\/image-1-324x160.png 324w, https:\/\/www.asajacyl.com\/palencia\/wp-content\/uploads\/sites\/3\/2022\/06\/image-1.png 1670w\" sizes=\"(max-width: 1024px) 100vw, 1024px\" \/><figcaption>Fuente: Comisi\u00f3n de Estad\u00edstica &#8211; SS. TT. de la Delegaci\u00f3n Territorial de Palencia<\/figcaption><\/figure><\/div>\n","protected":false},"excerpt":{"rendered":"<p>Como es costumbre las primeras parcelas que han recibido la visita de las cosechadoras se encuentran en la comarca de Campos, aunque en pocos d\u00edas tambi\u00e9n dar\u00e1 inicio la siega en El Cerrato, para ir subiendo de forma progresiva hasta las localidades del norte de la provincia, donde finalizar\u00e1 la cosecha. Este a\u00f1o los fuertes [&hellip;]<\/p>\n","protected":false},"author":9,"featured_media":10694,"comment_status":"open","ping_status":"open","sticky":false,"template":"","format":"standard","meta":{"footnotes":""},"categories":[9,29,28],"tags":[],"yoast_head":"<!-- This site is optimized with the Yoast SEO plugin v24.5 - https:\/\/yoast.com\/wordpress\/plugins\/seo\/ -->\n<title>Comienza la recolecci\u00f3n de cereales de invierno en Palencia - ASAJA Palencia<\/title>\n<meta name=\"description\" content=\"Como es costumbre las primeras parcelas que han recibido la visita de las cosechadoras se encuentran en la comarca de Campos, aunque en pocos d\u00edas tambi\u00e9n\" \/>\n<meta name=\"robots\" content=\"index, follow, max-snippet:-1, max-image-preview:large, max-video-preview:-1\" \/>\n<link rel=\"canonical\" href=\"https:\/\/www.asajacyl.com\/palencia\/asaja-palencia-informa\/comienza-la-recoleccion-de-cereales-de-invierno-en-palencia\" \/>\n<meta property=\"og:locale\" content=\"es_ES\" \/>\n<meta property=\"og:type\" content=\"article\" \/>\n<meta property=\"og:title\" content=\"Comienza la recolecci\u00f3n de cereales de invierno en Palencia - ASAJA Palencia\" \/>\n<meta property=\"og:description\" content=\"Como es costumbre las primeras parcelas que han recibido la visita de las cosechadoras se encuentran en la comarca de Campos, aunque en pocos d\u00edas tambi\u00e9n\" \/>\n<meta property=\"og:url\" content=\"https:\/\/www.asajacyl.com\/palencia\/asaja-palencia-informa\/comienza-la-recoleccion-de-cereales-de-invierno-en-palencia\" \/>\n<meta property=\"og:site_name\" content=\"ASAJA Palencia\" \/>\n<meta property=\"article:published_time\" content=\"2022-06-14T06:03:22+00:00\" \/>\n<meta property=\"article:modified_time\" content=\"2022-06-14T12:53:57+00:00\" \/>\n<meta property=\"og:image\" content=\"https:\/\/www.asajacyl.com\/palencia\/wp-content\/uploads\/sites\/3\/2022\/06\/COSECHA-2020-2.jpg\" \/>\n\t<meta property=\"og:image:width\" content=\"1600\" \/>\n\t<meta property=\"og:image:height\" content=\"1200\" \/>\n\t<meta property=\"og:image:type\" content=\"image\/jpeg\" \/>\n<meta name=\"author\" content=\"Administrador\" \/>\n<meta name=\"twitter:card\" content=\"summary_large_image\" \/>\n<meta name=\"twitter:label1\" content=\"Escrito por\" \/>\n\t<meta name=\"twitter:data1\" content=\"Administrador\" \/>\n\t<meta name=\"twitter:label2\" content=\"Tiempo de lectura\" \/>\n\t<meta name=\"twitter:data2\" content=\"2 minutos\" \/>\n<script type=\"application\/ld+json\" class=\"yoast-schema-graph\">{\"@context\":\"https:\/\/schema.org\",\"@graph\":[{\"@type\":\"WebPage\",\"@id\":\"https:\/\/www.asajacyl.com\/palencia\/asaja-palencia-informa\/comienza-la-recoleccion-de-cereales-de-invierno-en-palencia\",\"url\":\"https:\/\/www.asajacyl.com\/palencia\/asaja-palencia-informa\/comienza-la-recoleccion-de-cereales-de-invierno-en-palencia\",\"name\":\"Comienza la recolecci\u00f3n de cereales de invierno en Palencia - ASAJA Palencia\",\"isPartOf\":{\"@id\":\"https:\/\/www.asajacyl.com\/palencia\/#website\"},\"primaryImageOfPage\":{\"@id\":\"https:\/\/www.asajacyl.com\/palencia\/asaja-palencia-informa\/comienza-la-recoleccion-de-cereales-de-invierno-en-palencia#primaryimage\"},\"image\":{\"@id\":\"https:\/\/www.asajacyl.com\/palencia\/asaja-palencia-informa\/comienza-la-recoleccion-de-cereales-de-invierno-en-palencia#primaryimage\"},\"thumbnailUrl\":\"https:\/\/www.asajacyl.com\/palencia\/wp-content\/uploads\/sites\/3\/2022\/06\/COSECHA-2020-2.jpg\",\"datePublished\":\"2022-06-14T06:03:22+00:00\",\"dateModified\":\"2022-06-14T12:53:57+00:00\",\"author\":{\"@id\":\"https:\/\/www.asajacyl.com\/palencia\/#\/schema\/person\/3ab17aeb03527485c317557fae64aab1\"},\"description\":\"Como es costumbre las primeras parcelas que han recibido la visita de las cosechadoras se encuentran en la comarca de Campos, aunque en pocos d\u00edas tambi\u00e9n\",\"breadcrumb\":{\"@id\":\"https:\/\/www.asajacyl.com\/palencia\/asaja-palencia-informa\/comienza-la-recoleccion-de-cereales-de-invierno-en-palencia#breadcrumb\"},\"inLanguage\":\"es\",\"potentialAction\":[{\"@type\":\"ReadAction\",\"target\":[\"https:\/\/www.asajacyl.com\/palencia\/asaja-palencia-informa\/comienza-la-recoleccion-de-cereales-de-invierno-en-palencia\"]}]},{\"@type\":\"ImageObject\",\"inLanguage\":\"es\",\"@id\":\"https:\/\/www.asajacyl.com\/palencia\/asaja-palencia-informa\/comienza-la-recoleccion-de-cereales-de-invierno-en-palencia#primaryimage\",\"url\":\"https:\/\/www.asajacyl.com\/palencia\/wp-content\/uploads\/sites\/3\/2022\/06\/COSECHA-2020-2.jpg\",\"contentUrl\":\"https:\/\/www.asajacyl.com\/palencia\/wp-content\/uploads\/sites\/3\/2022\/06\/COSECHA-2020-2.jpg\",\"width\":1600,\"height\":1200},{\"@type\":\"BreadcrumbList\",\"@id\":\"https:\/\/www.asajacyl.com\/palencia\/asaja-palencia-informa\/comienza-la-recoleccion-de-cereales-de-invierno-en-palencia#breadcrumb\",\"itemListElement\":[{\"@type\":\"ListItem\",\"position\":1,\"name\":\"Portada\",\"item\":\"https:\/\/www.asajacyl.com\/palencia\/\"},{\"@type\":\"ListItem\",\"position\":2,\"name\":\"Comienza la recolecci\u00f3n de cereales de invierno en Palencia\"}]},{\"@type\":\"WebSite\",\"@id\":\"https:\/\/www.asajacyl.com\/palencia\/#website\",\"url\":\"https:\/\/www.asajacyl.com\/palencia\/\",\"name\":\"ASAJA Palencia\",\"description\":\"Otro sitio m\u00e1s de Provincias ASAJA Castilla y Le\u00f3n\",\"potentialAction\":[{\"@type\":\"SearchAction\",\"target\":{\"@type\":\"EntryPoint\",\"urlTemplate\":\"https:\/\/www.asajacyl.com\/palencia\/?s={search_term_string}\"},\"query-input\":{\"@type\":\"PropertyValueSpecification\",\"valueRequired\":true,\"valueName\":\"search_term_string\"}}],\"inLanguage\":\"es\"},{\"@type\":\"Person\",\"@id\":\"https:\/\/www.asajacyl.com\/palencia\/#\/schema\/person\/3ab17aeb03527485c317557fae64aab1\",\"name\":\"Administrador\",\"image\":{\"@type\":\"ImageObject\",\"inLanguage\":\"es\",\"@id\":\"https:\/\/www.asajacyl.com\/palencia\/#\/schema\/person\/image\/\",\"url\":\"https:\/\/secure.gravatar.com\/avatar\/517384810d242ca9e38c180f3c9fb973?s=96&d=mm&r=g\",\"contentUrl\":\"https:\/\/secure.gravatar.com\/avatar\/517384810d242ca9e38c180f3c9fb973?s=96&d=mm&r=g\",\"caption\":\"Administrador\"},\"url\":\"https:\/\/www.asajacyl.com\/palencia\/author\/carlosrm\"}]}<\/script>\n<!-- \/ Yoast SEO plugin. -->","yoast_head_json":{"title":"Comienza la recolecci\u00f3n de cereales de invierno en Palencia - ASAJA Palencia","description":"Como es costumbre las primeras parcelas que han recibido la visita de las cosechadoras se encuentran en la comarca de Campos, aunque en pocos d\u00edas tambi\u00e9n","robots":{"index":"index","follow":"follow","max-snippet":"max-snippet:-1","max-image-preview":"max-image-preview:large","max-video-preview":"max-video-preview:-1"},"canonical":"https:\/\/www.asajacyl.com\/palencia\/asaja-palencia-informa\/comienza-la-recoleccion-de-cereales-de-invierno-en-palencia","og_locale":"es_ES","og_type":"article","og_title":"Comienza la recolecci\u00f3n de cereales de invierno en Palencia - ASAJA Palencia","og_description":"Como es costumbre las primeras parcelas que han recibido la visita de las cosechadoras se encuentran en la comarca de Campos, aunque en pocos d\u00edas tambi\u00e9n","og_url":"https:\/\/www.asajacyl.com\/palencia\/asaja-palencia-informa\/comienza-la-recoleccion-de-cereales-de-invierno-en-palencia","og_site_name":"ASAJA Palencia","article_published_time":"2022-06-14T06:03:22+00:00","article_modified_time":"2022-06-14T12:53:57+00:00","og_image":[{"width":1600,"height":1200,"url":"https:\/\/www.asajacyl.com\/palencia\/wp-content\/uploads\/sites\/3\/2022\/06\/COSECHA-2020-2.jpg","type":"image\/jpeg"}],"author":"Administrador","twitter_card":"summary_large_image","twitter_misc":{"Escrito por":"Administrador","Tiempo de lectura":"2 minutos"},"schema":{"@context":"https:\/\/schema.org","@graph":[{"@type":"WebPage","@id":"https:\/\/www.asajacyl.com\/palencia\/asaja-palencia-informa\/comienza-la-recoleccion-de-cereales-de-invierno-en-palencia","url":"https:\/\/www.asajacyl.com\/palencia\/asaja-palencia-informa\/comienza-la-recoleccion-de-cereales-de-invierno-en-palencia","name":"Comienza la recolecci\u00f3n de cereales de invierno en Palencia - ASAJA Palencia","isPartOf":{"@id":"https:\/\/www.asajacyl.com\/palencia\/#website"},"primaryImageOfPage":{"@id":"https:\/\/www.asajacyl.com\/palencia\/asaja-palencia-informa\/comienza-la-recoleccion-de-cereales-de-invierno-en-palencia#primaryimage"},"image":{"@id":"https:\/\/www.asajacyl.com\/palencia\/asaja-palencia-informa\/comienza-la-recoleccion-de-cereales-de-invierno-en-palencia#primaryimage"},"thumbnailUrl":"https:\/\/www.asajacyl.com\/palencia\/wp-content\/uploads\/sites\/3\/2022\/06\/COSECHA-2020-2.jpg","datePublished":"2022-06-14T06:03:22+00:00","dateModified":"2022-06-14T12:53:57+00:00","author":{"@id":"https:\/\/www.asajacyl.com\/palencia\/#\/schema\/person\/3ab17aeb03527485c317557fae64aab1"},"description":"Como es costumbre las primeras parcelas que han recibido la visita de las cosechadoras se encuentran en la comarca de Campos, aunque en pocos d\u00edas tambi\u00e9n","breadcrumb":{"@id":"https:\/\/www.asajacyl.com\/palencia\/asaja-palencia-informa\/comienza-la-recoleccion-de-cereales-de-invierno-en-palencia#breadcrumb"},"inLanguage":"es","potentialAction":[{"@type":"ReadAction","target":["https:\/\/www.asajacyl.com\/palencia\/asaja-palencia-informa\/comienza-la-recoleccion-de-cereales-de-invierno-en-palencia"]}]},{"@type":"ImageObject","inLanguage":"es","@id":"https:\/\/www.asajacyl.com\/palencia\/asaja-palencia-informa\/comienza-la-recoleccion-de-cereales-de-invierno-en-palencia#primaryimage","url":"https:\/\/www.asajacyl.com\/palencia\/wp-content\/uploads\/sites\/3\/2022\/06\/COSECHA-2020-2.jpg","contentUrl":"https:\/\/www.asajacyl.com\/palencia\/wp-content\/uploads\/sites\/3\/2022\/06\/COSECHA-2020-2.jpg","width":1600,"height":1200},{"@type":"BreadcrumbList","@id":"https:\/\/www.asajacyl.com\/palencia\/asaja-palencia-informa\/comienza-la-recoleccion-de-cereales-de-invierno-en-palencia#breadcrumb","itemListElement":[{"@type":"ListItem","position":1,"name":"Portada","item":"https:\/\/www.asajacyl.com\/palencia\/"},{"@type":"ListItem","position":2,"name":"Comienza la recolecci\u00f3n de cereales de invierno en Palencia"}]},{"@type":"WebSite","@id":"https:\/\/www.asajacyl.com\/palencia\/#website","url":"https:\/\/www.asajacyl.com\/palencia\/","name":"ASAJA Palencia","description":"Otro sitio m\u00e1s de Provincias ASAJA Castilla y Le\u00f3n","potentialAction":[{"@type":"SearchAction","target":{"@type":"EntryPoint","urlTemplate":"https:\/\/www.asajacyl.com\/palencia\/?s={search_term_string}"},"query-input":{"@type":"PropertyValueSpecification","valueRequired":true,"valueName":"search_term_string"}}],"inLanguage":"es"},{"@type":"Person","@id":"https:\/\/www.asajacyl.com\/palencia\/#\/schema\/person\/3ab17aeb03527485c317557fae64aab1","name":"Administrador","image":{"@type":"ImageObject","inLanguage":"es","@id":"https:\/\/www.asajacyl.com\/palencia\/#\/schema\/person\/image\/","url":"https:\/\/secure.gravatar.com\/avatar\/517384810d242ca9e38c180f3c9fb973?s=96&d=mm&r=g","contentUrl":"https:\/\/secure.gravatar.com\/avatar\/517384810d242ca9e38c180f3c9fb973?s=96&d=mm&r=g","caption":"Administrador"},"url":"https:\/\/www.asajacyl.com\/palencia\/author\/carlosrm"}]}},"_links":{"self":[{"href":"https:\/\/www.asajacyl.com\/palencia\/wp-json\/wp\/v2\/posts\/10684"}],"collection":[{"href":"https:\/\/www.asajacyl.com\/palencia\/wp-json\/wp\/v2\/posts"}],"about":[{"href":"https:\/\/www.asajacyl.com\/palencia\/wp-json\/wp\/v2\/types\/post"}],"author":[{"embeddable":true,"href":"https:\/\/www.asajacyl.com\/palencia\/wp-json\/wp\/v2\/users\/9"}],"replies":[{"embeddable":true,"href":"https:\/\/www.asajacyl.com\/palencia\/wp-json\/wp\/v2\/comments?post=10684"}],"version-history":[{"count":3,"href":"https:\/\/www.asajacyl.com\/palencia\/wp-json\/wp\/v2\/posts\/10684\/revisions"}],"predecessor-version":[{"id":10690,"href":"https:\/\/www.asajacyl.com\/palencia\/wp-json\/wp\/v2\/posts\/10684\/revisions\/10690"}],"wp:featuredmedia":[{"embeddable":true,"href":"https:\/\/www.asajacyl.com\/palencia\/wp-json\/wp\/v2\/media\/10694"}],"wp:attachment":[{"href":"https:\/\/www.asajacyl.com\/palencia\/wp-json\/wp\/v2\/media?parent=10684"}],"wp:term":[{"taxonomy":"category","embeddable":true,"href":"https:\/\/www.asajacyl.com\/palencia\/wp-json\/wp\/v2\/categories?post=10684"},{"taxonomy":"post_tag","embeddable":true,"href":"https:\/\/www.asajacyl.com\/palencia\/wp-json\/wp\/v2\/tags?post=10684"}],"curies":[{"name":"wp","href":"https:\/\/api.w.org\/{rel}","templated":true}]}}